{"id":4994,"date":"2026-01-30T10:58:22","date_gmt":"2026-01-30T10:58:22","guid":{"rendered":"https:\/\/www.aridane.org\/city\/?p=4994"},"modified":"2026-02-09T10:58:58","modified_gmt":"2026-02-09T10:58:58","slug":"los-llanos-de-aridane-destina-400-000-euros-para-la-construccion-de-vivienda","status":"publish","type":"post","link":"https:\/\/www.aridane.org\/city\/2026\/01\/30\/los-llanos-de-aridane-destina-400-000-euros-para-la-construccion-de-vivienda\/","title":{"rendered":"Los Llanos de Aridane destina 400.000 euros para la construcci\u00f3n de vivienda\u00a0"},"content":{"rendered":"<p><em>Se concede una l\u00ednea de ayudas para sufragar los gastos de redacci\u00f3n de proyectos de personas afectadas por la erupci\u00f3n volc\u00e1nica<\/em><!--more--><\/p>\n<p>El Ayuntamiento de Los Llanos de Aridane abre una nueva l\u00ednea de ayudas con un presupuesto de 400.000 euros para la construcci\u00f3n de vivienda en el municipio. Esta subvenci\u00f3n se dar\u00e1 a aquellas personas afectadas por la erupci\u00f3n del volc\u00e1n Tajogaite, con el objetivo de sufragar los gastos de redacci\u00f3n de proyectos para la construcci\u00f3n de nuevos inmuebles.<\/p>\n<p>El alcalde, Javier Llamas, valora esta iniciativa como \u201cel impulso definitivo para solucionar el problema de vivienda en Los Llanos de Aridane\u201d. \u201cHan pasado varios a\u00f1os desde el fen\u00f3meno eruptivo y el problema de vivienda es uno de los principales ahora mismo. Con esta nueva subvenci\u00f3n, damos al colectivo afectado la posibilidad de emprender un nuevo proyecto de lo que ser\u00edan sus nuevas residencias\u201d explica.<\/p>\n<p>En este sentido, la concejala de Urbanismo, Tamara Acosta, agradece al Cabildo Insular de La Palma su aportaci\u00f3n econ\u00f3mica para el impulso de esta subvenci\u00f3n.<\/p>\n<p>\u201cRecordamos a la ciudadan\u00eda que el importe otorgado a cada licencia solo se podr\u00e1 emplear en sufragar el coste del proyecto y direcci\u00f3n de obra\u201d, a\u00f1adi\u00f3.<\/p>\n<p>La finalidad de esta subvenci\u00f3n pasa por impulsar la construcci\u00f3n de nuevas viviendas, reducir el coste inicial que supone la redacci\u00f3n y elaboraci\u00f3n de los proyectos y, de esta forma, contribuir directamente a mitigar la situaci\u00f3n de necesidad habitacional del municipio.<\/p>\n<p>El plazo de presentaci\u00f3n de solicitudes se abrir\u00e1 desde el jueves, 22 de enero, existiendo un plazo m\u00e1ximo de veinte d\u00edas h\u00e1biles para efectuar el tr\u00e1mite. Las bases de la convocatoria y documentaci\u00f3n necesaria se encuentran en la sede electr\u00f3nica del Consistorio, a la que se puede acceder a trav\u00e9s del siguiente enlace:\u00a0<a href=\"https:\/\/eadmin.aridane.org\/\" target=\"_blank\" rel=\"noopener noreferrer\">https:\/\/eadmin.aridane.org\/<\/a>.<\/p>\n","protected":false},"excerpt":{"rendered":"<p>Se concede una l\u00ednea de ayudas para sufragar los gastos de redacci\u00f3n de proyectos de personas afectadas por la erupci\u00f3n volc\u00e1nica<\/p>\n","protected":false},"author":4,"featured_media":4995,"comment_status":"open","ping_status":"open","sticky":false,"template":"","format":"standard","meta":{"footnotes":""},"categories":[1],"tags":[],"class_list":["post-4994","post","type-post","status-publish","format-standard","has-post-thumbnail","hentry","category-sin-categoria"],"yoast_head":"<!-- This site is optimized with the Yoast SEO plugin v22.7 - https:\/\/yoast.com\/wordpress\/plugins\/seo\/ -->\n<title>Los Llanos de Aridane destina 400.000 euros para la construcci\u00f3n de vivienda\u00a0 - Ayuntamiento de Los Llanos de Aridane<\/title>\n<meta name=\"robots\" content=\"index, follow, max-snippet:-1, max-image-preview:large, max-video-preview:-1\" \/>\n<link rel=\"canonical\" href=\"https:\/\/www.aridane.org\/city\/2026\/01\/30\/los-llanos-de-aridane-destina-400-000-euros-para-la-construccion-de-vivienda\/\" \/>\n<meta property=\"og:locale\" content=\"es_ES\" \/>\n<meta property=\"og:type\" content=\"article\" \/>\n<meta property=\"og:title\" content=\"Los Llanos de Aridane destina 400.000 euros para la construcci\u00f3n de vivienda\u00a0 - Ayuntamiento de Los Llanos de Aridane\" \/>\n<meta property=\"og:description\" content=\"Se concede una l\u00ednea de ayudas para sufragar los gastos de redacci\u00f3n de proyectos de personas afectadas por la erupci\u00f3n volc\u00e1nica\" \/>\n<meta property=\"og:url\" content=\"https:\/\/www.aridane.org\/city\/2026\/01\/30\/los-llanos-de-aridane-destina-400-000-euros-para-la-construccion-de-vivienda\/\" \/>\n<meta property=\"og:site_name\" content=\"Ayuntamiento de Los Llanos de Aridane\" \/>\n<meta property=\"article:published_time\" content=\"2026-01-30T10:58:22+00:00\" \/>\n<meta property=\"article:modified_time\" content=\"2026-02-09T10:58:58+00:00\" \/>\n<meta property=\"og:image\" content=\"https:\/\/www.aridane.org\/city\/wp-content\/uploads\/2026\/02\/NP-Ayuda-proyectos-vivienda.jpeg\" \/>\n\t<meta property=\"og:image:width\" content=\"1600\" \/>\n\t<meta property=\"og:image:height\" content=\"1200\" \/>\n\t<meta property=\"og:image:type\" content=\"image\/jpeg\" \/>\n<meta name=\"author\" content=\"Corresponsal\" \/>\n<meta name=\"twitter:card\" content=\"summary_large_image\" \/>\n<meta name=\"twitter:label1\" content=\"Escrito por\" \/>\n\t<meta name=\"twitter:data1\" content=\"Corresponsal\" \/>\n\t<meta name=\"twitter:label2\" content=\"Tiempo de lectura\" \/>\n\t<meta name=\"twitter:data2\" content=\"2 minutos\" \/>\n<script type=\"application\/ld+json\" class=\"yoast-schema-graph\">{\"@context\":\"https:\/\/schema.org\",\"@graph\":[{\"@type\":\"WebPage\",\"@id\":\"https:\/\/www.aridane.org\/city\/2026\/01\/30\/los-llanos-de-aridane-destina-400-000-euros-para-la-construccion-de-vivienda\/\",\"url\":\"https:\/\/www.aridane.org\/city\/2026\/01\/30\/los-llanos-de-aridane-destina-400-000-euros-para-la-construccion-de-vivienda\/\",\"name\":\"Los Llanos de Aridane destina 400.000 euros para la construcci\u00f3n de vivienda\u00a0 - Ayuntamiento de Los Llanos de Aridane\",\"isPartOf\":{\"@id\":\"https:\/\/www.aridane.org\/city\/#website\"},\"primaryImageOfPage\":{\"@id\":\"https:\/\/www.aridane.org\/city\/2026\/01\/30\/los-llanos-de-aridane-destina-400-000-euros-para-la-construccion-de-vivienda\/#primaryimage\"},\"image\":{\"@id\":\"https:\/\/www.aridane.org\/city\/2026\/01\/30\/los-llanos-de-aridane-destina-400-000-euros-para-la-construccion-de-vivienda\/#primaryimage\"},\"thumbnailUrl\":\"https:\/\/www.aridane.org\/city\/wp-content\/uploads\/2026\/02\/NP-Ayuda-proyectos-vivienda.jpeg\",\"datePublished\":\"2026-01-30T10:58:22+00:00\",\"dateModified\":\"2026-02-09T10:58:58+00:00\",\"author\":{\"@id\":\"https:\/\/www.aridane.org\/city\/#\/schema\/person\/89ebd376b223dc94cc1dbcf200c8e6da\"},\"breadcrumb\":{\"@id\":\"https:\/\/www.aridane.org\/city\/2026\/01\/30\/los-llanos-de-aridane-destina-400-000-euros-para-la-construccion-de-vivienda\/#breadcrumb\"},\"inLanguage\":\"es\",\"potentialAction\":[{\"@type\":\"ReadAction\",\"target\":[\"https:\/\/www.aridane.org\/city\/2026\/01\/30\/los-llanos-de-aridane-destina-400-000-euros-para-la-construccion-de-vivienda\/\"]}]},{\"@type\":\"ImageObject\",\"inLanguage\":\"es\",\"@id\":\"https:\/\/www.aridane.org\/city\/2026\/01\/30\/los-llanos-de-aridane-destina-400-000-euros-para-la-construccion-de-vivienda\/#primaryimage\",\"url\":\"https:\/\/www.aridane.org\/city\/wp-content\/uploads\/2026\/02\/NP-Ayuda-proyectos-vivienda.jpeg\",\"contentUrl\":\"https:\/\/www.aridane.org\/city\/wp-content\/uploads\/2026\/02\/NP-Ayuda-proyectos-vivienda.jpeg\",\"width\":1600,\"height\":1200},{\"@type\":\"BreadcrumbList\",\"@id\":\"https:\/\/www.aridane.org\/city\/2026\/01\/30\/los-llanos-de-aridane-destina-400-000-euros-para-la-construccion-de-vivienda\/#breadcrumb\",\"itemListElement\":[{\"@type\":\"ListItem\",\"position\":1,\"name\":\"Portada\",\"item\":\"https:\/\/www.aridane.org\/city\/\"},{\"@type\":\"ListItem\",\"position\":2,\"name\":\"Los Llanos de Aridane destina 400.000 euros para la construcci\u00f3n de vivienda\u00a0\"}]},{\"@type\":\"WebSite\",\"@id\":\"https:\/\/www.aridane.org\/city\/#website\",\"url\":\"https:\/\/www.aridane.org\/city\/\",\"name\":\"Ayuntamiento de Los Llanos de Aridane\",\"description\":\"\",\"potentialAction\":[{\"@type\":\"SearchAction\",\"target\":{\"@type\":\"EntryPoint\",\"urlTemplate\":\"https:\/\/www.aridane.org\/city\/?s={search_term_string}\"},\"query-input\":\"required name=search_term_string\"}],\"inLanguage\":\"es\"},{\"@type\":\"Person\",\"@id\":\"https:\/\/www.aridane.org\/city\/#\/schema\/person\/89ebd376b223dc94cc1dbcf200c8e6da\",\"name\":\"Corresponsal\",\"image\":{\"@type\":\"ImageObject\",\"inLanguage\":\"es\",\"@id\":\"https:\/\/www.aridane.org\/city\/#\/schema\/person\/image\/\",\"url\":\"https:\/\/secure.gravatar.com\/avatar\/1c476992411e4ccf153da63b2b2f5ea0bb4cb1c85f3ceab8512f04325ad5579c?s=96&d=mm&r=g\",\"contentUrl\":\"https:\/\/secure.gravatar.com\/avatar\/1c476992411e4ccf153da63b2b2f5ea0bb4cb1c85f3ceab8512f04325ad5579c?s=96&d=mm&r=g\",\"caption\":\"Corresponsal\"},\"url\":\"https:\/\/www.aridane.org\/city\/author\/corresponsal\/\"}]}<\/script>\n<!-- \/ Yoast SEO plugin. -->","yoast_head_json":{"title":"Los Llanos de Aridane destina 400.000 euros para la construcci\u00f3n de vivienda\u00a0 - Ayuntamiento de Los Llanos de Aridane","robots":{"index":"index","follow":"follow","max-snippet":"max-snippet:-1","max-image-preview":"max-image-preview:large","max-video-preview":"max-video-preview:-1"},"canonical":"https:\/\/www.aridane.org\/city\/2026\/01\/30\/los-llanos-de-aridane-destina-400-000-euros-para-la-construccion-de-vivienda\/","og_locale":"es_ES","og_type":"article","og_title":"Los Llanos de Aridane destina 400.000 euros para la construcci\u00f3n de vivienda\u00a0 - Ayuntamiento de Los Llanos de Aridane","og_description":"Se concede una l\u00ednea de ayudas para sufragar los gastos de redacci\u00f3n de proyectos de personas afectadas por la erupci\u00f3n volc\u00e1nica","og_url":"https:\/\/www.aridane.org\/city\/2026\/01\/30\/los-llanos-de-aridane-destina-400-000-euros-para-la-construccion-de-vivienda\/","og_site_name":"Ayuntamiento de Los Llanos de Aridane","article_published_time":"2026-01-30T10:58:22+00:00","article_modified_time":"2026-02-09T10:58:58+00:00","og_image":[{"width":1600,"height":1200,"url":"https:\/\/www.aridane.org\/city\/wp-content\/uploads\/2026\/02\/NP-Ayuda-proyectos-vivienda.jpeg","type":"image\/jpeg"}],"author":"Corresponsal","twitter_card":"summary_large_image","twitter_misc":{"Escrito por":"Corresponsal","Tiempo de lectura":"2 minutos"},"schema":{"@context":"https:\/\/schema.org","@graph":[{"@type":"WebPage","@id":"https:\/\/www.aridane.org\/city\/2026\/01\/30\/los-llanos-de-aridane-destina-400-000-euros-para-la-construccion-de-vivienda\/","url":"https:\/\/www.aridane.org\/city\/2026\/01\/30\/los-llanos-de-aridane-destina-400-000-euros-para-la-construccion-de-vivienda\/","name":"Los Llanos de Aridane destina 400.000 euros para la construcci\u00f3n de vivienda\u00a0 - Ayuntamiento de Los Llanos de Aridane","isPartOf":{"@id":"https:\/\/www.aridane.org\/city\/#website"},"primaryImageOfPage":{"@id":"https:\/\/www.aridane.org\/city\/2026\/01\/30\/los-llanos-de-aridane-destina-400-000-euros-para-la-construccion-de-vivienda\/#primaryimage"},"image":{"@id":"https:\/\/www.aridane.org\/city\/2026\/01\/30\/los-llanos-de-aridane-destina-400-000-euros-para-la-construccion-de-vivienda\/#primaryimage"},"thumbnailUrl":"https:\/\/www.aridane.org\/city\/wp-content\/uploads\/2026\/02\/NP-Ayuda-proyectos-vivienda.jpeg","datePublished":"2026-01-30T10:58:22+00:00","dateModified":"2026-02-09T10:58:58+00:00","author":{"@id":"https:\/\/www.aridane.org\/city\/#\/schema\/person\/89ebd376b223dc94cc1dbcf200c8e6da"},"breadcrumb":{"@id":"https:\/\/www.aridane.org\/city\/2026\/01\/30\/los-llanos-de-aridane-destina-400-000-euros-para-la-construccion-de-vivienda\/#breadcrumb"},"inLanguage":"es","potentialAction":[{"@type":"ReadAction","target":["https:\/\/www.aridane.org\/city\/2026\/01\/30\/los-llanos-de-aridane-destina-400-000-euros-para-la-construccion-de-vivienda\/"]}]},{"@type":"ImageObject","inLanguage":"es","@id":"https:\/\/www.aridane.org\/city\/2026\/01\/30\/los-llanos-de-aridane-destina-400-000-euros-para-la-construccion-de-vivienda\/#primaryimage","url":"https:\/\/www.aridane.org\/city\/wp-content\/uploads\/2026\/02\/NP-Ayuda-proyectos-vivienda.jpeg","contentUrl":"https:\/\/www.aridane.org\/city\/wp-content\/uploads\/2026\/02\/NP-Ayuda-proyectos-vivienda.jpeg","width":1600,"height":1200},{"@type":"BreadcrumbList","@id":"https:\/\/www.aridane.org\/city\/2026\/01\/30\/los-llanos-de-aridane-destina-400-000-euros-para-la-construccion-de-vivienda\/#breadcrumb","itemListElement":[{"@type":"ListItem","position":1,"name":"Portada","item":"https:\/\/www.aridane.org\/city\/"},{"@type":"ListItem","position":2,"name":"Los Llanos de Aridane destina 400.000 euros para la construcci\u00f3n de vivienda\u00a0"}]},{"@type":"WebSite","@id":"https:\/\/www.aridane.org\/city\/#website","url":"https:\/\/www.aridane.org\/city\/","name":"Ayuntamiento de Los Llanos de Aridane","description":"","potentialAction":[{"@type":"SearchAction","target":{"@type":"EntryPoint","urlTemplate":"https:\/\/www.aridane.org\/city\/?s={search_term_string}"},"query-input":"required name=search_term_string"}],"inLanguage":"es"},{"@type":"Person","@id":"https:\/\/www.aridane.org\/city\/#\/schema\/person\/89ebd376b223dc94cc1dbcf200c8e6da","name":"Corresponsal","image":{"@type":"ImageObject","inLanguage":"es","@id":"https:\/\/www.aridane.org\/city\/#\/schema\/person\/image\/","url":"https:\/\/secure.gravatar.com\/avatar\/1c476992411e4ccf153da63b2b2f5ea0bb4cb1c85f3ceab8512f04325ad5579c?s=96&d=mm&r=g","contentUrl":"https:\/\/secure.gravatar.com\/avatar\/1c476992411e4ccf153da63b2b2f5ea0bb4cb1c85f3ceab8512f04325ad5579c?s=96&d=mm&r=g","caption":"Corresponsal"},"url":"https:\/\/www.aridane.org\/city\/author\/corresponsal\/"}]}},"_links":{"self":[{"href":"https:\/\/www.aridane.org\/city\/wp-json\/wp\/v2\/posts\/4994","targetHints":{"allow":["GET"]}}],"collection":[{"href":"https:\/\/www.aridane.org\/city\/wp-json\/wp\/v2\/posts"}],"about":[{"href":"https:\/\/www.aridane.org\/city\/wp-json\/wp\/v2\/types\/post"}],"author":[{"embeddable":true,"href":"https:\/\/www.aridane.org\/city\/wp-json\/wp\/v2\/users\/4"}],"replies":[{"embeddable":true,"href":"https:\/\/www.aridane.org\/city\/wp-json\/wp\/v2\/comments?post=4994"}],"version-history":[{"count":1,"href":"https:\/\/www.aridane.org\/city\/wp-json\/wp\/v2\/posts\/4994\/revisions"}],"predecessor-version":[{"id":4996,"href":"https:\/\/www.aridane.org\/city\/wp-json\/wp\/v2\/posts\/4994\/revisions\/4996"}],"wp:featuredmedia":[{"embeddable":true,"href":"https:\/\/www.aridane.org\/city\/wp-json\/wp\/v2\/media\/4995"}],"wp:attachment":[{"href":"https:\/\/www.aridane.org\/city\/wp-json\/wp\/v2\/media?parent=4994"}],"wp:term":[{"taxonomy":"category","embeddable":true,"href":"https:\/\/www.aridane.org\/city\/wp-json\/wp\/v2\/categories?post=4994"},{"taxonomy":"post_tag","embeddable":true,"href":"https:\/\/www.aridane.org\/city\/wp-json\/wp\/v2\/tags?post=4994"}],"curies":[{"name":"wp","href":"https:\/\/api.w.org\/{rel}","templated":true}]}}