{"id":4997,"date":"2026-01-26T10:59:22","date_gmt":"2026-01-26T10:59:22","guid":{"rendered":"https:\/\/www.aridane.org\/city\/?p=4997"},"modified":"2026-02-09T11:03:29","modified_gmt":"2026-02-09T11:03:29","slug":"los-llanos-presenta-su-estrategia-turistica-en-fitur","status":"publish","type":"post","link":"https:\/\/www.aridane.org\/city\/2026\/01\/26\/los-llanos-presenta-su-estrategia-turistica-en-fitur\/","title":{"rendered":"Los Llanos presenta su estrategia tur\u00edstica en Fitur"},"content":{"rendered":"<p><em>El Ayuntamiento pone en valor elementos diferenciales como el museo en la calle CEMFAC<\/em><!--more--><\/p>\n<p>El Ayuntamiento de Los Llanos de Aridane, de la mano con el CIT Insular La Palma, presenta en la Feria Internacional de Turismo de Madrid (FITUR) su marca ciudad, \u2018Los Llanos, La Palma viva\u2019. Una propuesta estrat\u00e9gica que refuerza el posicionamiento del municipio como destino sostenible, creativo y con identidad propia. La presentaci\u00f3n tuvo lugar este viernes, 23 de enero, en el stand de la Asociaci\u00f3n de Municipios Tur\u00edsticos de Canarias (AMTC).<\/p>\n<p>La acci\u00f3n se enmarca en la agenda profesional que el Ayuntamiento desarrolla en FITUR con el objetivo de proyectar la imagen del municipio, estrechar alianzas y abrir nuevas oportunidades de promoci\u00f3n tur\u00edstica, inversi\u00f3n y desarrollo econ\u00f3mico.<\/p>\n<p>El alcalde, Javier Llamas, se\u00f1ala que la marca refleja el momento que vive Los Llanos de Aridane y su forma de ser. \u201cSomos el municipio m\u00e1s grande de la isla y su motor econ\u00f3mico. Esta marca nos ayuda a mostrar qui\u00e9nes somos, a poner en valor nuestros valores y a proyectarnos como un lugar sostenible, con oportunidades y con alma, pero sobre todo, la marca muestra ese sentimiento tan nuestro de querer volver y de seguir construyendo juntos el municipio que queremos\u201d, indica.<\/p>\n<p><iframe loading=\"lazy\" title=\"YouTube video player\" src=\"https:\/\/www.youtube.com\/embed\/nMmLf0EXRAM?si=GcsX5VIDK-osSdmE\" width=\"560\" height=\"315\" frameborder=\"0\" allowfullscreen=\"allowfullscreen\"><\/iframe><\/p>\n<p>&nbsp;<\/p>\n<h2><strong>Los Llanos, La Palma viva<\/strong><\/h2>\n<p>La marca \u2018Los Llanos, La Palma viva\u2019 nace dentro del Plan de Sostenibilidad Tur\u00edstica en Destino (PSTD) y responde a la voluntad municipal de renovar la imagen del municipio, aline\u00e1ndola con un modelo tur\u00edstico m\u00e1s verde, experiencial y vinculado a la calidad de vida. La identidad recoge valores como dinamismo, resiliencia, crecimiento y orgullo de pertenencia, proyectando a Los Llanos de Aridane como motor econ\u00f3mico de la isla y puerta de entrada a La Palma.<\/p>\n<p>Durante la presentaci\u00f3n en FITUR, liderada por el CIT Insular bajo la direcci\u00f3n de Alfredo Capote, el Ayuntamiento puso en valor elementos diferenciales que refuerzan el relato de la marca, como el CEMFAC, Ciudad en el Museo \u2013 Foro de Arte Contempor\u00e1neo, un museo de arte contempor\u00e1neo al aire libre integrado en el espacio urbano y convertido en una de las se\u00f1as de identidad cultural del municipio. Esta apuesta cultural se suma a otros proyectos estrat\u00e9gicos que refuerzan el modelo de ciudad y su atractivo tur\u00edstico.<\/p>\n<p>La presentaci\u00f3n en FITUR se desarrolla en colaboraci\u00f3n con el CIT Insular La Palma, al que el Ayuntamiento agradece su papel clave en la generaci\u00f3n de sinergias y en el acompa\u00f1amiento a los municipios en espacios estrat\u00e9gicos de promoci\u00f3n tur\u00edstica como la feria de Madrid.<\/p>\n<p>Con \u2018Los Llanos, La Palma viva\u2019, el Ayuntamiento contin\u00faa avanzando en la consolidaci\u00f3n de un proyecto de ciudad coherente, reconocible y con vocaci\u00f3n de futuro, capaz de atraer visitantes, inversi\u00f3n y talento, al tiempo que refuerza el orgullo y la identificaci\u00f3n de la ciudadan\u00eda con su municipio.<\/p>\n","protected":false},"excerpt":{"rendered":"<p>El Ayuntamiento pone en valor elementos diferenciales como el museo en la calle CEMFAC<\/p>\n","protected":false},"author":4,"featured_media":4998,"comment_status":"open","ping_status":"open","sticky":false,"template":"","format":"standard","meta":{"footnotes":""},"categories":[1],"tags":[],"class_list":["post-4997","post","type-post","status-publish","format-standard","has-post-thumbnail","hentry","category-sin-categoria"],"yoast_head":"<!-- This site is optimized with the Yoast SEO plugin v22.7 - https:\/\/yoast.com\/wordpress\/plugins\/seo\/ -->\n<title>Los Llanos presenta su estrategia tur\u00edstica en Fitur - Ayuntamiento de Los Llanos de Aridane<\/title>\n<meta name=\"robots\" content=\"index, follow, max-snippet:-1, max-image-preview:large, max-video-preview:-1\" \/>\n<link rel=\"canonical\" href=\"https:\/\/www.aridane.org\/city\/2026\/01\/26\/los-llanos-presenta-su-estrategia-turistica-en-fitur\/\" \/>\n<meta property=\"og:locale\" content=\"es_ES\" \/>\n<meta property=\"og:type\" content=\"article\" \/>\n<meta property=\"og:title\" content=\"Los Llanos presenta su estrategia tur\u00edstica en Fitur - Ayuntamiento de Los Llanos de Aridane\" \/>\n<meta property=\"og:description\" content=\"El Ayuntamiento pone en valor elementos diferenciales como el museo en la calle CEMFAC\" \/>\n<meta property=\"og:url\" content=\"https:\/\/www.aridane.org\/city\/2026\/01\/26\/los-llanos-presenta-su-estrategia-turistica-en-fitur\/\" \/>\n<meta property=\"og:site_name\" content=\"Ayuntamiento de Los Llanos de Aridane\" \/>\n<meta property=\"article:published_time\" content=\"2026-01-26T10:59:22+00:00\" \/>\n<meta property=\"article:modified_time\" content=\"2026-02-09T11:03:29+00:00\" \/>\n<meta property=\"og:image\" content=\"https:\/\/www.aridane.org\/city\/wp-content\/uploads\/2026\/02\/NP-Los-Llanos-La-Palma-Viva-Fitur.jpeg\" \/>\n\t<meta property=\"og:image:width\" content=\"2048\" \/>\n\t<meta property=\"og:image:height\" content=\"1536\" \/>\n\t<meta property=\"og:image:type\" content=\"image\/jpeg\" \/>\n<meta name=\"author\" content=\"Corresponsal\" \/>\n<meta name=\"twitter:card\" content=\"summary_large_image\" \/>\n<meta name=\"twitter:label1\" content=\"Escrito por\" \/>\n\t<meta name=\"twitter:data1\" content=\"Corresponsal\" \/>\n\t<meta name=\"twitter:label2\" content=\"Tiempo de lectura\" \/>\n\t<meta name=\"twitter:data2\" content=\"3 minutos\" \/>\n<script type=\"application\/ld+json\" class=\"yoast-schema-graph\">{\"@context\":\"https:\/\/schema.org\",\"@graph\":[{\"@type\":\"WebPage\",\"@id\":\"https:\/\/www.aridane.org\/city\/2026\/01\/26\/los-llanos-presenta-su-estrategia-turistica-en-fitur\/\",\"url\":\"https:\/\/www.aridane.org\/city\/2026\/01\/26\/los-llanos-presenta-su-estrategia-turistica-en-fitur\/\",\"name\":\"Los Llanos presenta su estrategia tur\u00edstica en Fitur - Ayuntamiento de Los Llanos de Aridane\",\"isPartOf\":{\"@id\":\"https:\/\/www.aridane.org\/city\/#website\"},\"primaryImageOfPage\":{\"@id\":\"https:\/\/www.aridane.org\/city\/2026\/01\/26\/los-llanos-presenta-su-estrategia-turistica-en-fitur\/#primaryimage\"},\"image\":{\"@id\":\"https:\/\/www.aridane.org\/city\/2026\/01\/26\/los-llanos-presenta-su-estrategia-turistica-en-fitur\/#primaryimage\"},\"thumbnailUrl\":\"https:\/\/www.aridane.org\/city\/wp-content\/uploads\/2026\/02\/NP-Los-Llanos-La-Palma-Viva-Fitur.jpeg\",\"datePublished\":\"2026-01-26T10:59:22+00:00\",\"dateModified\":\"2026-02-09T11:03:29+00:00\",\"author\":{\"@id\":\"https:\/\/www.aridane.org\/city\/#\/schema\/person\/89ebd376b223dc94cc1dbcf200c8e6da\"},\"breadcrumb\":{\"@id\":\"https:\/\/www.aridane.org\/city\/2026\/01\/26\/los-llanos-presenta-su-estrategia-turistica-en-fitur\/#breadcrumb\"},\"inLanguage\":\"es\",\"potentialAction\":[{\"@type\":\"ReadAction\",\"target\":[\"https:\/\/www.aridane.org\/city\/2026\/01\/26\/los-llanos-presenta-su-estrategia-turistica-en-fitur\/\"]}]},{\"@type\":\"ImageObject\",\"inLanguage\":\"es\",\"@id\":\"https:\/\/www.aridane.org\/city\/2026\/01\/26\/los-llanos-presenta-su-estrategia-turistica-en-fitur\/#primaryimage\",\"url\":\"https:\/\/www.aridane.org\/city\/wp-content\/uploads\/2026\/02\/NP-Los-Llanos-La-Palma-Viva-Fitur.jpeg\",\"contentUrl\":\"https:\/\/www.aridane.org\/city\/wp-content\/uploads\/2026\/02\/NP-Los-Llanos-La-Palma-Viva-Fitur.jpeg\",\"width\":2048,\"height\":1536},{\"@type\":\"BreadcrumbList\",\"@id\":\"https:\/\/www.aridane.org\/city\/2026\/01\/26\/los-llanos-presenta-su-estrategia-turistica-en-fitur\/#breadcrumb\",\"itemListElement\":[{\"@type\":\"ListItem\",\"position\":1,\"name\":\"Portada\",\"item\":\"https:\/\/www.aridane.org\/city\/\"},{\"@type\":\"ListItem\",\"position\":2,\"name\":\"Los Llanos presenta su estrategia tur\u00edstica en Fitur\"}]},{\"@type\":\"WebSite\",\"@id\":\"https:\/\/www.aridane.org\/city\/#website\",\"url\":\"https:\/\/www.aridane.org\/city\/\",\"name\":\"Ayuntamiento de Los Llanos de Aridane\",\"description\":\"\",\"potentialAction\":[{\"@type\":\"SearchAction\",\"target\":{\"@type\":\"EntryPoint\",\"urlTemplate\":\"https:\/\/www.aridane.org\/city\/?s={search_term_string}\"},\"query-input\":\"required name=search_term_string\"}],\"inLanguage\":\"es\"},{\"@type\":\"Person\",\"@id\":\"https:\/\/www.aridane.org\/city\/#\/schema\/person\/89ebd376b223dc94cc1dbcf200c8e6da\",\"name\":\"Corresponsal\",\"image\":{\"@type\":\"ImageObject\",\"inLanguage\":\"es\",\"@id\":\"https:\/\/www.aridane.org\/city\/#\/schema\/person\/image\/\",\"url\":\"https:\/\/secure.gravatar.com\/avatar\/1c476992411e4ccf153da63b2b2f5ea0bb4cb1c85f3ceab8512f04325ad5579c?s=96&d=mm&r=g\",\"contentUrl\":\"https:\/\/secure.gravatar.com\/avatar\/1c476992411e4ccf153da63b2b2f5ea0bb4cb1c85f3ceab8512f04325ad5579c?s=96&d=mm&r=g\",\"caption\":\"Corresponsal\"},\"url\":\"https:\/\/www.aridane.org\/city\/author\/corresponsal\/\"}]}<\/script>\n<!-- \/ Yoast SEO plugin. -->","yoast_head_json":{"title":"Los Llanos presenta su estrategia tur\u00edstica en Fitur - Ayuntamiento de Los Llanos de Aridane","robots":{"index":"index","follow":"follow","max-snippet":"max-snippet:-1","max-image-preview":"max-image-preview:large","max-video-preview":"max-video-preview:-1"},"canonical":"https:\/\/www.aridane.org\/city\/2026\/01\/26\/los-llanos-presenta-su-estrategia-turistica-en-fitur\/","og_locale":"es_ES","og_type":"article","og_title":"Los Llanos presenta su estrategia tur\u00edstica en Fitur - Ayuntamiento de Los Llanos de Aridane","og_description":"El Ayuntamiento pone en valor elementos diferenciales como el museo en la calle CEMFAC","og_url":"https:\/\/www.aridane.org\/city\/2026\/01\/26\/los-llanos-presenta-su-estrategia-turistica-en-fitur\/","og_site_name":"Ayuntamiento de Los Llanos de Aridane","article_published_time":"2026-01-26T10:59:22+00:00","article_modified_time":"2026-02-09T11:03:29+00:00","og_image":[{"width":2048,"height":1536,"url":"https:\/\/www.aridane.org\/city\/wp-content\/uploads\/2026\/02\/NP-Los-Llanos-La-Palma-Viva-Fitur.jpeg","type":"image\/jpeg"}],"author":"Corresponsal","twitter_card":"summary_large_image","twitter_misc":{"Escrito por":"Corresponsal","Tiempo de lectura":"3 minutos"},"schema":{"@context":"https:\/\/schema.org","@graph":[{"@type":"WebPage","@id":"https:\/\/www.aridane.org\/city\/2026\/01\/26\/los-llanos-presenta-su-estrategia-turistica-en-fitur\/","url":"https:\/\/www.aridane.org\/city\/2026\/01\/26\/los-llanos-presenta-su-estrategia-turistica-en-fitur\/","name":"Los Llanos presenta su estrategia tur\u00edstica en Fitur - Ayuntamiento de Los Llanos de Aridane","isPartOf":{"@id":"https:\/\/www.aridane.org\/city\/#website"},"primaryImageOfPage":{"@id":"https:\/\/www.aridane.org\/city\/2026\/01\/26\/los-llanos-presenta-su-estrategia-turistica-en-fitur\/#primaryimage"},"image":{"@id":"https:\/\/www.aridane.org\/city\/2026\/01\/26\/los-llanos-presenta-su-estrategia-turistica-en-fitur\/#primaryimage"},"thumbnailUrl":"https:\/\/www.aridane.org\/city\/wp-content\/uploads\/2026\/02\/NP-Los-Llanos-La-Palma-Viva-Fitur.jpeg","datePublished":"2026-01-26T10:59:22+00:00","dateModified":"2026-02-09T11:03:29+00:00","author":{"@id":"https:\/\/www.aridane.org\/city\/#\/schema\/person\/89ebd376b223dc94cc1dbcf200c8e6da"},"breadcrumb":{"@id":"https:\/\/www.aridane.org\/city\/2026\/01\/26\/los-llanos-presenta-su-estrategia-turistica-en-fitur\/#breadcrumb"},"inLanguage":"es","potentialAction":[{"@type":"ReadAction","target":["https:\/\/www.aridane.org\/city\/2026\/01\/26\/los-llanos-presenta-su-estrategia-turistica-en-fitur\/"]}]},{"@type":"ImageObject","inLanguage":"es","@id":"https:\/\/www.aridane.org\/city\/2026\/01\/26\/los-llanos-presenta-su-estrategia-turistica-en-fitur\/#primaryimage","url":"https:\/\/www.aridane.org\/city\/wp-content\/uploads\/2026\/02\/NP-Los-Llanos-La-Palma-Viva-Fitur.jpeg","contentUrl":"https:\/\/www.aridane.org\/city\/wp-content\/uploads\/2026\/02\/NP-Los-Llanos-La-Palma-Viva-Fitur.jpeg","width":2048,"height":1536},{"@type":"BreadcrumbList","@id":"https:\/\/www.aridane.org\/city\/2026\/01\/26\/los-llanos-presenta-su-estrategia-turistica-en-fitur\/#breadcrumb","itemListElement":[{"@type":"ListItem","position":1,"name":"Portada","item":"https:\/\/www.aridane.org\/city\/"},{"@type":"ListItem","position":2,"name":"Los Llanos presenta su estrategia tur\u00edstica en Fitur"}]},{"@type":"WebSite","@id":"https:\/\/www.aridane.org\/city\/#website","url":"https:\/\/www.aridane.org\/city\/","name":"Ayuntamiento de Los Llanos de Aridane","description":"","potentialAction":[{"@type":"SearchAction","target":{"@type":"EntryPoint","urlTemplate":"https:\/\/www.aridane.org\/city\/?s={search_term_string}"},"query-input":"required name=search_term_string"}],"inLanguage":"es"},{"@type":"Person","@id":"https:\/\/www.aridane.org\/city\/#\/schema\/person\/89ebd376b223dc94cc1dbcf200c8e6da","name":"Corresponsal","image":{"@type":"ImageObject","inLanguage":"es","@id":"https:\/\/www.aridane.org\/city\/#\/schema\/person\/image\/","url":"https:\/\/secure.gravatar.com\/avatar\/1c476992411e4ccf153da63b2b2f5ea0bb4cb1c85f3ceab8512f04325ad5579c?s=96&d=mm&r=g","contentUrl":"https:\/\/secure.gravatar.com\/avatar\/1c476992411e4ccf153da63b2b2f5ea0bb4cb1c85f3ceab8512f04325ad5579c?s=96&d=mm&r=g","caption":"Corresponsal"},"url":"https:\/\/www.aridane.org\/city\/author\/corresponsal\/"}]}},"_links":{"self":[{"href":"https:\/\/www.aridane.org\/city\/wp-json\/wp\/v2\/posts\/4997","targetHints":{"allow":["GET"]}}],"collection":[{"href":"https:\/\/www.aridane.org\/city\/wp-json\/wp\/v2\/posts"}],"about":[{"href":"https:\/\/www.aridane.org\/city\/wp-json\/wp\/v2\/types\/post"}],"author":[{"embeddable":true,"href":"https:\/\/www.aridane.org\/city\/wp-json\/wp\/v2\/users\/4"}],"replies":[{"embeddable":true,"href":"https:\/\/www.aridane.org\/city\/wp-json\/wp\/v2\/comments?post=4997"}],"version-history":[{"count":1,"href":"https:\/\/www.aridane.org\/city\/wp-json\/wp\/v2\/posts\/4997\/revisions"}],"predecessor-version":[{"id":4999,"href":"https:\/\/www.aridane.org\/city\/wp-json\/wp\/v2\/posts\/4997\/revisions\/4999"}],"wp:featuredmedia":[{"embeddable":true,"href":"https:\/\/www.aridane.org\/city\/wp-json\/wp\/v2\/media\/4998"}],"wp:attachment":[{"href":"https:\/\/www.aridane.org\/city\/wp-json\/wp\/v2\/media?parent=4997"}],"wp:term":[{"taxonomy":"category","embeddable":true,"href":"https:\/\/www.aridane.org\/city\/wp-json\/wp\/v2\/categories?post=4997"},{"taxonomy":"post_tag","embeddable":true,"href":"https:\/\/www.aridane.org\/city\/wp-json\/wp\/v2\/tags?post=4997"}],"curies":[{"name":"wp","href":"https:\/\/api.w.org\/{rel}","templated":true}]}}