{"id":5000,"date":"2026-01-25T11:03:57","date_gmt":"2026-01-25T11:03:57","guid":{"rendered":"https:\/\/www.aridane.org\/city\/?p=5000"},"modified":"2026-02-09T11:04:43","modified_gmt":"2026-02-09T11:04:43","slug":"los-llanos-estrecha-contactos-estrategicos-en-fitur-para-impulsar-inversion-y-comercializacion-turistica","status":"publish","type":"post","link":"https:\/\/www.aridane.org\/city\/2026\/01\/25\/los-llanos-estrecha-contactos-estrategicos-en-fitur-para-impulsar-inversion-y-comercializacion-turistica\/","title":{"rendered":"Los Llanos estrecha contactos estrat\u00e9gicos en FITUR para impulsar inversi\u00f3n y comercializaci\u00f3n tur\u00edstica"},"content":{"rendered":"<p><em>El Ayuntamiento ha mantenido reuniones con Civitatis y Booking, dos de los principales operadores internacionales en la venta de experiencias, actividades y alojamiento<\/em><!--more--><\/p>\n<p>El Ayuntamiento de Los Llanos de Aridane, de la mano con el CIT Insular La Palma, avanza en FITUR en una l\u00ednea de trabajo orientada a la captaci\u00f3n de inversi\u00f3n, la generaci\u00f3n de oportunidades y la incorporaci\u00f3n del municipio a los principales circuitos de comercializaci\u00f3n tur\u00edstica.<\/p>\n<p>La agenda profesional en Madrid permite mantener contactos directos con empresas y grupos de referencia, con el objetivo de posicionar a Los Llanos de Aridane como un espacio activo, con capacidad para acoger proyectos, experiencias y productos tur\u00edsticos vinculados a la cultura, el ocio y la ciudad.<\/p>\n<p>El alcalde, Javier Llamas, explica que uno de los ejes centrales de esta estrategia es el acercamiento a grandes plataformas de comercializaci\u00f3n tur\u00edstica en las que, a d\u00eda de hoy, Los Llanos de Aridane no cuenta con presencia propia estructurada. En este contexto, el Ayuntamiento ha mantenido reuniones con Civitatis y Booking, dos de los principales operadores internacionales en la venta de experiencias, actividades y alojamiento.<\/p>\n<p>\u201cEl objetivo -explica el alcalde- es trabajar para que el municipio forme parte de las rutas, propuestas y experiencias que se ofertan en la isla de La Palma y en Canarias a trav\u00e9s de estas plataformas, facilitando que las personas que visitan la isla puedan descubrir y reservar actividades vinculadas a la oferta cultural urbana, al museo en la calle, a la vida local, al comercio y al litoral\u201d, sostiene Llams.<\/p>\n<p>El presidente del CIT Insular, \u00d3scar Le\u00f3n, se\u00f1ala que \u201cla coordinaci\u00f3n entre instituciones y el sector tur\u00edstico es fundamental para que municipios como Los Llanos de Aridane ganen visibilidad y se integren en los principales canales de comercializaci\u00f3n, reforzando as\u00ed el conjunto del destino La Palma\u201d.<\/p>\n<p>Le\u00f3n destaca que \u201cla apuesta por una oferta diferenciada, sostenible, basada en la cultura urbana y en experiencias singulares como el museo en la calle CEMFAC, aporta valor a\u00f1adido y ampl\u00eda las posibilidades de atraer nuevos perfiles de visitantes\u201d.<\/p>\n<h2><strong>Grupo Loro Parque y otras empresas del sector<\/strong><\/h2>\n<p>Dentro de esta agenda, el Ayuntamiento tambi\u00e9n establece contacto con Grupo Loro Parque, una compa\u00f1\u00eda de referencia en el \u00e1mbito del ocio y el turismo, con el fin de explorar posibles l\u00edneas de colaboraci\u00f3n y sinergias que refuercen la oferta tur\u00edstica de Los Llanos de Aridane.<\/p>\n<p>La agenda profesional se completa con reuniones con empresas vinculadas a la innovaci\u00f3n, el dise\u00f1o y el desarrollo de proyectos, como Innovaris, Arkikus y Coco, que permiten presentar el modelo de ciudad que impulsa el Ayuntamiento: un municipio con identidad cultural propia, con un museo de arte contempor\u00e1neo integrado en el espacio p\u00fablico, con actividad social y comercial durante todo el a\u00f1o y con capacidad para desarrollar iniciativas ligadas al turismo urbano y experiencial.<\/p>\n<p>El Ayuntamiento de Los Llanos de Aridane agradece de forma expresa la colaboraci\u00f3n del Centro de Iniciativas Tur\u00edsticas Insular, cuya implicaci\u00f3n resulta clave para articular esta agenda de reuniones y facilitar el contacto directo con operadores y empresas estrat\u00e9gicas del sector tur\u00edstico.<\/p>\n<p>Con esta agenda de contactos y reuniones, el Ayuntamiento de Los Llanos de Aridane refuerza en FITUR una estrategia orientada no solo a la promoci\u00f3n, sino tambi\u00e9n a la captaci\u00f3n de inversi\u00f3n, la generaci\u00f3n de alianzas y la apertura de nuevas oportunidades que contribuyan a dinamizar la econom\u00eda local y a consolidar el posicionamiento del municipio dentro del destino La Palma.<\/p>\n","protected":false},"excerpt":{"rendered":"<p>El Ayuntamiento ha mantenido reuniones con Civitatis y Booking, dos de los principales operadores internacionales en la venta de experiencias, actividades y alojamiento<\/p>\n","protected":false},"author":4,"featured_media":5001,"comment_status":"open","ping_status":"open","sticky":false,"template":"","format":"standard","meta":{"footnotes":""},"categories":[1],"tags":[],"class_list":["post-5000","post","type-post","status-publish","format-standard","has-post-thumbnail","hentry","category-sin-categoria"],"yoast_head":"<!-- This site is optimized with the Yoast SEO plugin v22.7 - https:\/\/yoast.com\/wordpress\/plugins\/seo\/ -->\n<title>Los Llanos estrecha contactos estrat\u00e9gicos en FITUR para impulsar inversi\u00f3n y comercializaci\u00f3n tur\u00edstica - Ayuntamiento de Los Llanos de Aridane<\/title>\n<meta name=\"robots\" content=\"index, follow, max-snippet:-1, max-image-preview:large, max-video-preview:-1\" \/>\n<link rel=\"canonical\" href=\"https:\/\/www.aridane.org\/city\/2026\/01\/25\/los-llanos-estrecha-contactos-estrategicos-en-fitur-para-impulsar-inversion-y-comercializacion-turistica\/\" \/>\n<meta property=\"og:locale\" content=\"es_ES\" \/>\n<meta property=\"og:type\" content=\"article\" \/>\n<meta property=\"og:title\" content=\"Los Llanos estrecha contactos estrat\u00e9gicos en FITUR para impulsar inversi\u00f3n y comercializaci\u00f3n tur\u00edstica - Ayuntamiento de Los Llanos de Aridane\" \/>\n<meta property=\"og:description\" content=\"El Ayuntamiento ha mantenido reuniones con Civitatis y Booking, dos de los principales operadores internacionales en la venta de experiencias, actividades y alojamiento\" \/>\n<meta property=\"og:url\" content=\"https:\/\/www.aridane.org\/city\/2026\/01\/25\/los-llanos-estrecha-contactos-estrategicos-en-fitur-para-impulsar-inversion-y-comercializacion-turistica\/\" \/>\n<meta property=\"og:site_name\" content=\"Ayuntamiento de Los Llanos de Aridane\" \/>\n<meta property=\"article:published_time\" content=\"2026-01-25T11:03:57+00:00\" \/>\n<meta property=\"article:modified_time\" content=\"2026-02-09T11:04:43+00:00\" \/>\n<meta property=\"og:image\" content=\"https:\/\/www.aridane.org\/city\/wp-content\/uploads\/2026\/02\/NP-Los-Llanos-inversiones-3.jpeg\" \/>\n\t<meta property=\"og:image:width\" content=\"1600\" \/>\n\t<meta property=\"og:image:height\" content=\"1200\" \/>\n\t<meta property=\"og:image:type\" content=\"image\/jpeg\" \/>\n<meta name=\"author\" content=\"Corresponsal\" \/>\n<meta name=\"twitter:card\" content=\"summary_large_image\" \/>\n<meta name=\"twitter:label1\" content=\"Escrito por\" \/>\n\t<meta name=\"twitter:data1\" content=\"Corresponsal\" \/>\n\t<meta name=\"twitter:label2\" content=\"Tiempo de lectura\" \/>\n\t<meta name=\"twitter:data2\" content=\"3 minutos\" \/>\n<script type=\"application\/ld+json\" class=\"yoast-schema-graph\">{\"@context\":\"https:\/\/schema.org\",\"@graph\":[{\"@type\":\"WebPage\",\"@id\":\"https:\/\/www.aridane.org\/city\/2026\/01\/25\/los-llanos-estrecha-contactos-estrategicos-en-fitur-para-impulsar-inversion-y-comercializacion-turistica\/\",\"url\":\"https:\/\/www.aridane.org\/city\/2026\/01\/25\/los-llanos-estrecha-contactos-estrategicos-en-fitur-para-impulsar-inversion-y-comercializacion-turistica\/\",\"name\":\"Los Llanos estrecha contactos estrat\u00e9gicos en FITUR para impulsar inversi\u00f3n y comercializaci\u00f3n tur\u00edstica - Ayuntamiento de Los Llanos de Aridane\",\"isPartOf\":{\"@id\":\"https:\/\/www.aridane.org\/city\/#website\"},\"primaryImageOfPage\":{\"@id\":\"https:\/\/www.aridane.org\/city\/2026\/01\/25\/los-llanos-estrecha-contactos-estrategicos-en-fitur-para-impulsar-inversion-y-comercializacion-turistica\/#primaryimage\"},\"image\":{\"@id\":\"https:\/\/www.aridane.org\/city\/2026\/01\/25\/los-llanos-estrecha-contactos-estrategicos-en-fitur-para-impulsar-inversion-y-comercializacion-turistica\/#primaryimage\"},\"thumbnailUrl\":\"https:\/\/www.aridane.org\/city\/wp-content\/uploads\/2026\/02\/NP-Los-Llanos-inversiones-3.jpeg\",\"datePublished\":\"2026-01-25T11:03:57+00:00\",\"dateModified\":\"2026-02-09T11:04:43+00:00\",\"author\":{\"@id\":\"https:\/\/www.aridane.org\/city\/#\/schema\/person\/89ebd376b223dc94cc1dbcf200c8e6da\"},\"breadcrumb\":{\"@id\":\"https:\/\/www.aridane.org\/city\/2026\/01\/25\/los-llanos-estrecha-contactos-estrategicos-en-fitur-para-impulsar-inversion-y-comercializacion-turistica\/#breadcrumb\"},\"inLanguage\":\"es\",\"potentialAction\":[{\"@type\":\"ReadAction\",\"target\":[\"https:\/\/www.aridane.org\/city\/2026\/01\/25\/los-llanos-estrecha-contactos-estrategicos-en-fitur-para-impulsar-inversion-y-comercializacion-turistica\/\"]}]},{\"@type\":\"ImageObject\",\"inLanguage\":\"es\",\"@id\":\"https:\/\/www.aridane.org\/city\/2026\/01\/25\/los-llanos-estrecha-contactos-estrategicos-en-fitur-para-impulsar-inversion-y-comercializacion-turistica\/#primaryimage\",\"url\":\"https:\/\/www.aridane.org\/city\/wp-content\/uploads\/2026\/02\/NP-Los-Llanos-inversiones-3.jpeg\",\"contentUrl\":\"https:\/\/www.aridane.org\/city\/wp-content\/uploads\/2026\/02\/NP-Los-Llanos-inversiones-3.jpeg\",\"width\":1600,\"height\":1200},{\"@type\":\"BreadcrumbList\",\"@id\":\"https:\/\/www.aridane.org\/city\/2026\/01\/25\/los-llanos-estrecha-contactos-estrategicos-en-fitur-para-impulsar-inversion-y-comercializacion-turistica\/#breadcrumb\",\"itemListElement\":[{\"@type\":\"ListItem\",\"position\":1,\"name\":\"Portada\",\"item\":\"https:\/\/www.aridane.org\/city\/\"},{\"@type\":\"ListItem\",\"position\":2,\"name\":\"Los Llanos estrecha contactos estrat\u00e9gicos en FITUR para impulsar inversi\u00f3n y comercializaci\u00f3n tur\u00edstica\"}]},{\"@type\":\"WebSite\",\"@id\":\"https:\/\/www.aridane.org\/city\/#website\",\"url\":\"https:\/\/www.aridane.org\/city\/\",\"name\":\"Ayuntamiento de Los Llanos de Aridane\",\"description\":\"\",\"potentialAction\":[{\"@type\":\"SearchAction\",\"target\":{\"@type\":\"EntryPoint\",\"urlTemplate\":\"https:\/\/www.aridane.org\/city\/?s={search_term_string}\"},\"query-input\":\"required name=search_term_string\"}],\"inLanguage\":\"es\"},{\"@type\":\"Person\",\"@id\":\"https:\/\/www.aridane.org\/city\/#\/schema\/person\/89ebd376b223dc94cc1dbcf200c8e6da\",\"name\":\"Corresponsal\",\"image\":{\"@type\":\"ImageObject\",\"inLanguage\":\"es\",\"@id\":\"https:\/\/www.aridane.org\/city\/#\/schema\/person\/image\/\",\"url\":\"https:\/\/secure.gravatar.com\/avatar\/1c476992411e4ccf153da63b2b2f5ea0bb4cb1c85f3ceab8512f04325ad5579c?s=96&d=mm&r=g\",\"contentUrl\":\"https:\/\/secure.gravatar.com\/avatar\/1c476992411e4ccf153da63b2b2f5ea0bb4cb1c85f3ceab8512f04325ad5579c?s=96&d=mm&r=g\",\"caption\":\"Corresponsal\"},\"url\":\"https:\/\/www.aridane.org\/city\/author\/corresponsal\/\"}]}<\/script>\n<!-- \/ Yoast SEO plugin. -->","yoast_head_json":{"title":"Los Llanos estrecha contactos estrat\u00e9gicos en FITUR para impulsar inversi\u00f3n y comercializaci\u00f3n tur\u00edstica - Ayuntamiento de Los Llanos de Aridane","robots":{"index":"index","follow":"follow","max-snippet":"max-snippet:-1","max-image-preview":"max-image-preview:large","max-video-preview":"max-video-preview:-1"},"canonical":"https:\/\/www.aridane.org\/city\/2026\/01\/25\/los-llanos-estrecha-contactos-estrategicos-en-fitur-para-impulsar-inversion-y-comercializacion-turistica\/","og_locale":"es_ES","og_type":"article","og_title":"Los Llanos estrecha contactos estrat\u00e9gicos en FITUR para impulsar inversi\u00f3n y comercializaci\u00f3n tur\u00edstica - Ayuntamiento de Los Llanos de Aridane","og_description":"El Ayuntamiento ha mantenido reuniones con Civitatis y Booking, dos de los principales operadores internacionales en la venta de experiencias, actividades y alojamiento","og_url":"https:\/\/www.aridane.org\/city\/2026\/01\/25\/los-llanos-estrecha-contactos-estrategicos-en-fitur-para-impulsar-inversion-y-comercializacion-turistica\/","og_site_name":"Ayuntamiento de Los Llanos de Aridane","article_published_time":"2026-01-25T11:03:57+00:00","article_modified_time":"2026-02-09T11:04:43+00:00","og_image":[{"width":1600,"height":1200,"url":"https:\/\/www.aridane.org\/city\/wp-content\/uploads\/2026\/02\/NP-Los-Llanos-inversiones-3.jpeg","type":"image\/jpeg"}],"author":"Corresponsal","twitter_card":"summary_large_image","twitter_misc":{"Escrito por":"Corresponsal","Tiempo de lectura":"3 minutos"},"schema":{"@context":"https:\/\/schema.org","@graph":[{"@type":"WebPage","@id":"https:\/\/www.aridane.org\/city\/2026\/01\/25\/los-llanos-estrecha-contactos-estrategicos-en-fitur-para-impulsar-inversion-y-comercializacion-turistica\/","url":"https:\/\/www.aridane.org\/city\/2026\/01\/25\/los-llanos-estrecha-contactos-estrategicos-en-fitur-para-impulsar-inversion-y-comercializacion-turistica\/","name":"Los Llanos estrecha contactos estrat\u00e9gicos en FITUR para impulsar inversi\u00f3n y comercializaci\u00f3n tur\u00edstica - Ayuntamiento de Los Llanos de Aridane","isPartOf":{"@id":"https:\/\/www.aridane.org\/city\/#website"},"primaryImageOfPage":{"@id":"https:\/\/www.aridane.org\/city\/2026\/01\/25\/los-llanos-estrecha-contactos-estrategicos-en-fitur-para-impulsar-inversion-y-comercializacion-turistica\/#primaryimage"},"image":{"@id":"https:\/\/www.aridane.org\/city\/2026\/01\/25\/los-llanos-estrecha-contactos-estrategicos-en-fitur-para-impulsar-inversion-y-comercializacion-turistica\/#primaryimage"},"thumbnailUrl":"https:\/\/www.aridane.org\/city\/wp-content\/uploads\/2026\/02\/NP-Los-Llanos-inversiones-3.jpeg","datePublished":"2026-01-25T11:03:57+00:00","dateModified":"2026-02-09T11:04:43+00:00","author":{"@id":"https:\/\/www.aridane.org\/city\/#\/schema\/person\/89ebd376b223dc94cc1dbcf200c8e6da"},"breadcrumb":{"@id":"https:\/\/www.aridane.org\/city\/2026\/01\/25\/los-llanos-estrecha-contactos-estrategicos-en-fitur-para-impulsar-inversion-y-comercializacion-turistica\/#breadcrumb"},"inLanguage":"es","potentialAction":[{"@type":"ReadAction","target":["https:\/\/www.aridane.org\/city\/2026\/01\/25\/los-llanos-estrecha-contactos-estrategicos-en-fitur-para-impulsar-inversion-y-comercializacion-turistica\/"]}]},{"@type":"ImageObject","inLanguage":"es","@id":"https:\/\/www.aridane.org\/city\/2026\/01\/25\/los-llanos-estrecha-contactos-estrategicos-en-fitur-para-impulsar-inversion-y-comercializacion-turistica\/#primaryimage","url":"https:\/\/www.aridane.org\/city\/wp-content\/uploads\/2026\/02\/NP-Los-Llanos-inversiones-3.jpeg","contentUrl":"https:\/\/www.aridane.org\/city\/wp-content\/uploads\/2026\/02\/NP-Los-Llanos-inversiones-3.jpeg","width":1600,"height":1200},{"@type":"BreadcrumbList","@id":"https:\/\/www.aridane.org\/city\/2026\/01\/25\/los-llanos-estrecha-contactos-estrategicos-en-fitur-para-impulsar-inversion-y-comercializacion-turistica\/#breadcrumb","itemListElement":[{"@type":"ListItem","position":1,"name":"Portada","item":"https:\/\/www.aridane.org\/city\/"},{"@type":"ListItem","position":2,"name":"Los Llanos estrecha contactos estrat\u00e9gicos en FITUR para impulsar inversi\u00f3n y comercializaci\u00f3n tur\u00edstica"}]},{"@type":"WebSite","@id":"https:\/\/www.aridane.org\/city\/#website","url":"https:\/\/www.aridane.org\/city\/","name":"Ayuntamiento de Los Llanos de Aridane","description":"","potentialAction":[{"@type":"SearchAction","target":{"@type":"EntryPoint","urlTemplate":"https:\/\/www.aridane.org\/city\/?s={search_term_string}"},"query-input":"required name=search_term_string"}],"inLanguage":"es"},{"@type":"Person","@id":"https:\/\/www.aridane.org\/city\/#\/schema\/person\/89ebd376b223dc94cc1dbcf200c8e6da","name":"Corresponsal","image":{"@type":"ImageObject","inLanguage":"es","@id":"https:\/\/www.aridane.org\/city\/#\/schema\/person\/image\/","url":"https:\/\/secure.gravatar.com\/avatar\/1c476992411e4ccf153da63b2b2f5ea0bb4cb1c85f3ceab8512f04325ad5579c?s=96&d=mm&r=g","contentUrl":"https:\/\/secure.gravatar.com\/avatar\/1c476992411e4ccf153da63b2b2f5ea0bb4cb1c85f3ceab8512f04325ad5579c?s=96&d=mm&r=g","caption":"Corresponsal"},"url":"https:\/\/www.aridane.org\/city\/author\/corresponsal\/"}]}},"_links":{"self":[{"href":"https:\/\/www.aridane.org\/city\/wp-json\/wp\/v2\/posts\/5000","targetHints":{"allow":["GET"]}}],"collection":[{"href":"https:\/\/www.aridane.org\/city\/wp-json\/wp\/v2\/posts"}],"about":[{"href":"https:\/\/www.aridane.org\/city\/wp-json\/wp\/v2\/types\/post"}],"author":[{"embeddable":true,"href":"https:\/\/www.aridane.org\/city\/wp-json\/wp\/v2\/users\/4"}],"replies":[{"embeddable":true,"href":"https:\/\/www.aridane.org\/city\/wp-json\/wp\/v2\/comments?post=5000"}],"version-history":[{"count":1,"href":"https:\/\/www.aridane.org\/city\/wp-json\/wp\/v2\/posts\/5000\/revisions"}],"predecessor-version":[{"id":5002,"href":"https:\/\/www.aridane.org\/city\/wp-json\/wp\/v2\/posts\/5000\/revisions\/5002"}],"wp:featuredmedia":[{"embeddable":true,"href":"https:\/\/www.aridane.org\/city\/wp-json\/wp\/v2\/media\/5001"}],"wp:attachment":[{"href":"https:\/\/www.aridane.org\/city\/wp-json\/wp\/v2\/media?parent=5000"}],"wp:term":[{"taxonomy":"category","embeddable":true,"href":"https:\/\/www.aridane.org\/city\/wp-json\/wp\/v2\/categories?post=5000"},{"taxonomy":"post_tag","embeddable":true,"href":"https:\/\/www.aridane.org\/city\/wp-json\/wp\/v2\/tags?post=5000"}],"curies":[{"name":"wp","href":"https:\/\/api.w.org\/{rel}","templated":true}]}}