{"id":5003,"date":"2026-01-24T11:04:49","date_gmt":"2026-01-24T11:04:49","guid":{"rendered":"https:\/\/www.aridane.org\/city\/?p=5003"},"modified":"2026-02-09T11:06:30","modified_gmt":"2026-02-09T11:06:30","slug":"los-llanos-proyecta-en-fitur-su-oferta-turistica-poniendo-su-museo-en-la-calle-como-sena-de-identidad-cultural","status":"publish","type":"post","link":"https:\/\/www.aridane.org\/city\/2026\/01\/24\/los-llanos-proyecta-en-fitur-su-oferta-turistica-poniendo-su-museo-en-la-calle-como-sena-de-identidad-cultural\/","title":{"rendered":"Los Llanos proyecta en FITUR su oferta tur\u00edstica poniendo su museo en la calle como se\u00f1a de identidad cultural"},"content":{"rendered":"<p><em>La presencia del Ayuntamiento en FITUR se enmarca en una agenda profesional dise\u00f1ada para consolidar alianzas y abrir nuevas oportunidades<\/em><!--more--><\/p>\n<p>El Ayuntamiento de Los Llanos de Aridane presenta en la Feria Internacional de Turismo de Madrid (FITUR) su oferta tur\u00edstica con una apuesta decidida por la promoci\u00f3n y el posicionamiento de la ciudad como un destino con identidad propia, basada en la cultura, la experiencia urbana y la conexi\u00f3n con su entorno natural. El municipio acude con una estrategia orientada a reforzar la marca ciudad Los Llanos, La Palma viva, que define a la capital econ\u00f3mica de la isla como un espacio din\u00e1mico, creativo y activo durante todo el a\u00f1o.<\/p>\n<p>La presencia del Ayuntamiento en FITUR se enmarca en una agenda profesional dise\u00f1ada para consolidar alianzas y abrir nuevas oportunidades de comercializaci\u00f3n tur\u00edstica. En este contexto, el municipio refuerza su colaboraci\u00f3n con el Centro de Iniciativas Tur\u00edsticas Insular (CIT Insular), una alianza clave que permite mantener reuniones con operadores de referencia del sector como Booking y Civitatis, con el objetivo de incorporar a Los Llanos de Aridane dentro de cat\u00e1logos de rutas, experiencias y actividades que se desarrollan en la isla de La Palma. Esta l\u00ednea de trabajo busca situar al municipio en los principales circuitos de comercializaci\u00f3n tur\u00edstica, poniendo en valor su oferta cultural al aire libre, la actividad social y comercial del casco urbano, los valores naturales del entorno y enclaves como Puerto Naos y el litoral, as\u00ed como la tradici\u00f3n vinculada al mar y al remo.<\/p>\n<p>&nbsp;<\/p>\n<p><iframe loading=\"lazy\" width=\"560\" height=\"315\" src=\"https:\/\/www.youtube.com\/embed\/S7INSkkc0Cs?si=V1ZCxJgvfnn1u0V5\" title=\"YouTube video player\" frameborder=\"0\" allow=\"accelerometer; autoplay; clipboard-write; encrypted-media; gyroscope; picture-in-picture; web-share\" referrerpolicy=\"strict-origin-when-cross-origin\" allowfullscreen><\/iframe><\/p>\n<p>Dentro de esta estrategia de promoci\u00f3n, el Ayuntamiento de Los Llanos de Aridane aprovecha su presencia en Madrid para presentar el nuevo libro de La Ciudad en el Museo. Foro de Arte Contempor\u00e1neo-CEMFAC, una publicaci\u00f3n que documenta y pone en valor uno de los proyectos culturales m\u00e1s singulares y consolidados del municipio y de la isla.<\/p>\n<p>Bajo el t\u00edtulo Los Llanos de Aridane abandera en Madrid el CEMFAC, su museo de arte contempor\u00e1neo al aire libre, la presentaci\u00f3n del libro se desarrolla en el marco del encuentro Destino Isla de La Palma, organizado por el Cabildo de La Palma y dirigido a profesionales del sector tur\u00edstico, celebrado en Comet Meetings, en el entorno del Parque del Retiro.<\/p>\n<p>El alcalde de Los Llanos de Aridane, Javier Llamas, destaca la apuesta decidida del municipio por dar a conocer su propuesta tur\u00edstica en espacios estrat\u00e9gicos como Madrid, poniendo el acento en elementos diferenciales de la ciudad. En este sentido, se\u00f1ala el CEMFAC como un recurso cultural singular que refuerza la identidad urbana de Los Llanos de Aridane y ampl\u00eda su atractivo tur\u00edstico a trav\u00e9s del arte contempor\u00e1neo integrado en el espacio p\u00fablico.<\/p>\n<p>Con esta combinaci\u00f3n de promoci\u00f3n tur\u00edstica, marca ciudad y cultura urbana, Los Llanos de Aridane refuerza en FITUR su posicionamiento como un destino con identidad propia, capaz de ofrecer experiencias diferenciadas que conectan arte, ciudad y territorio bajo el sello de Los Llanos, La Palma viva.<\/p>\n","protected":false},"excerpt":{"rendered":"<p>La presencia del Ayuntamiento en FITUR se enmarca en una agenda profesional dise\u00f1ada para consolidar alianzas y abrir nuevas oportunidades<\/p>\n","protected":false},"author":4,"featured_media":5004,"comment_status":"open","ping_status":"open","sticky":false,"template":"","format":"standard","meta":{"footnotes":""},"categories":[1],"tags":[],"class_list":["post-5003","post","type-post","status-publish","format-standard","has-post-thumbnail","hentry","category-sin-categoria"],"yoast_head":"<!-- This site is optimized with the Yoast SEO plugin v22.7 - https:\/\/yoast.com\/wordpress\/plugins\/seo\/ -->\n<title>Los Llanos proyecta en FITUR su oferta tur\u00edstica poniendo su museo en la calle como se\u00f1a de identidad cultural - Ayuntamiento de Los Llanos de Aridane<\/title>\n<meta name=\"robots\" content=\"index, follow, max-snippet:-1, max-image-preview:large, max-video-preview:-1\" \/>\n<link rel=\"canonical\" href=\"https:\/\/www.aridane.org\/city\/2026\/01\/24\/los-llanos-proyecta-en-fitur-su-oferta-turistica-poniendo-su-museo-en-la-calle-como-sena-de-identidad-cultural\/\" \/>\n<meta property=\"og:locale\" content=\"es_ES\" \/>\n<meta property=\"og:type\" content=\"article\" \/>\n<meta property=\"og:title\" content=\"Los Llanos proyecta en FITUR su oferta tur\u00edstica poniendo su museo en la calle como se\u00f1a de identidad cultural - Ayuntamiento de Los Llanos de Aridane\" \/>\n<meta property=\"og:description\" content=\"La presencia del Ayuntamiento en FITUR se enmarca en una agenda profesional dise\u00f1ada para consolidar alianzas y abrir nuevas oportunidades\" \/>\n<meta property=\"og:url\" content=\"https:\/\/www.aridane.org\/city\/2026\/01\/24\/los-llanos-proyecta-en-fitur-su-oferta-turistica-poniendo-su-museo-en-la-calle-como-sena-de-identidad-cultural\/\" \/>\n<meta property=\"og:site_name\" content=\"Ayuntamiento de Los Llanos de Aridane\" \/>\n<meta property=\"article:published_time\" content=\"2026-01-24T11:04:49+00:00\" \/>\n<meta property=\"article:modified_time\" content=\"2026-02-09T11:06:30+00:00\" \/>\n<meta property=\"og:image\" content=\"https:\/\/www.aridane.org\/city\/wp-content\/uploads\/2026\/02\/Los-Llanos-Fitur.jpeg\" \/>\n\t<meta property=\"og:image:width\" content=\"1600\" \/>\n\t<meta property=\"og:image:height\" content=\"1224\" \/>\n\t<meta property=\"og:image:type\" content=\"image\/jpeg\" \/>\n<meta name=\"author\" content=\"Corresponsal\" \/>\n<meta name=\"twitter:card\" content=\"summary_large_image\" \/>\n<meta name=\"twitter:label1\" content=\"Escrito por\" \/>\n\t<meta name=\"twitter:data1\" content=\"Corresponsal\" \/>\n\t<meta name=\"twitter:label2\" content=\"Tiempo de lectura\" \/>\n\t<meta name=\"twitter:data2\" content=\"3 minutos\" \/>\n<script type=\"application\/ld+json\" class=\"yoast-schema-graph\">{\"@context\":\"https:\/\/schema.org\",\"@graph\":[{\"@type\":\"WebPage\",\"@id\":\"https:\/\/www.aridane.org\/city\/2026\/01\/24\/los-llanos-proyecta-en-fitur-su-oferta-turistica-poniendo-su-museo-en-la-calle-como-sena-de-identidad-cultural\/\",\"url\":\"https:\/\/www.aridane.org\/city\/2026\/01\/24\/los-llanos-proyecta-en-fitur-su-oferta-turistica-poniendo-su-museo-en-la-calle-como-sena-de-identidad-cultural\/\",\"name\":\"Los Llanos proyecta en FITUR su oferta tur\u00edstica poniendo su museo en la calle como se\u00f1a de identidad cultural - Ayuntamiento de Los Llanos de Aridane\",\"isPartOf\":{\"@id\":\"https:\/\/www.aridane.org\/city\/#website\"},\"primaryImageOfPage\":{\"@id\":\"https:\/\/www.aridane.org\/city\/2026\/01\/24\/los-llanos-proyecta-en-fitur-su-oferta-turistica-poniendo-su-museo-en-la-calle-como-sena-de-identidad-cultural\/#primaryimage\"},\"image\":{\"@id\":\"https:\/\/www.aridane.org\/city\/2026\/01\/24\/los-llanos-proyecta-en-fitur-su-oferta-turistica-poniendo-su-museo-en-la-calle-como-sena-de-identidad-cultural\/#primaryimage\"},\"thumbnailUrl\":\"https:\/\/www.aridane.org\/city\/wp-content\/uploads\/2026\/02\/Los-Llanos-Fitur.jpeg\",\"datePublished\":\"2026-01-24T11:04:49+00:00\",\"dateModified\":\"2026-02-09T11:06:30+00:00\",\"author\":{\"@id\":\"https:\/\/www.aridane.org\/city\/#\/schema\/person\/89ebd376b223dc94cc1dbcf200c8e6da\"},\"breadcrumb\":{\"@id\":\"https:\/\/www.aridane.org\/city\/2026\/01\/24\/los-llanos-proyecta-en-fitur-su-oferta-turistica-poniendo-su-museo-en-la-calle-como-sena-de-identidad-cultural\/#breadcrumb\"},\"inLanguage\":\"es\",\"potentialAction\":[{\"@type\":\"ReadAction\",\"target\":[\"https:\/\/www.aridane.org\/city\/2026\/01\/24\/los-llanos-proyecta-en-fitur-su-oferta-turistica-poniendo-su-museo-en-la-calle-como-sena-de-identidad-cultural\/\"]}]},{\"@type\":\"ImageObject\",\"inLanguage\":\"es\",\"@id\":\"https:\/\/www.aridane.org\/city\/2026\/01\/24\/los-llanos-proyecta-en-fitur-su-oferta-turistica-poniendo-su-museo-en-la-calle-como-sena-de-identidad-cultural\/#primaryimage\",\"url\":\"https:\/\/www.aridane.org\/city\/wp-content\/uploads\/2026\/02\/Los-Llanos-Fitur.jpeg\",\"contentUrl\":\"https:\/\/www.aridane.org\/city\/wp-content\/uploads\/2026\/02\/Los-Llanos-Fitur.jpeg\",\"width\":1600,\"height\":1224},{\"@type\":\"BreadcrumbList\",\"@id\":\"https:\/\/www.aridane.org\/city\/2026\/01\/24\/los-llanos-proyecta-en-fitur-su-oferta-turistica-poniendo-su-museo-en-la-calle-como-sena-de-identidad-cultural\/#breadcrumb\",\"itemListElement\":[{\"@type\":\"ListItem\",\"position\":1,\"name\":\"Portada\",\"item\":\"https:\/\/www.aridane.org\/city\/\"},{\"@type\":\"ListItem\",\"position\":2,\"name\":\"Los Llanos proyecta en FITUR su oferta tur\u00edstica poniendo su museo en la calle como se\u00f1a de identidad cultural\"}]},{\"@type\":\"WebSite\",\"@id\":\"https:\/\/www.aridane.org\/city\/#website\",\"url\":\"https:\/\/www.aridane.org\/city\/\",\"name\":\"Ayuntamiento de Los Llanos de Aridane\",\"description\":\"\",\"potentialAction\":[{\"@type\":\"SearchAction\",\"target\":{\"@type\":\"EntryPoint\",\"urlTemplate\":\"https:\/\/www.aridane.org\/city\/?s={search_term_string}\"},\"query-input\":\"required name=search_term_string\"}],\"inLanguage\":\"es\"},{\"@type\":\"Person\",\"@id\":\"https:\/\/www.aridane.org\/city\/#\/schema\/person\/89ebd376b223dc94cc1dbcf200c8e6da\",\"name\":\"Corresponsal\",\"image\":{\"@type\":\"ImageObject\",\"inLanguage\":\"es\",\"@id\":\"https:\/\/www.aridane.org\/city\/#\/schema\/person\/image\/\",\"url\":\"https:\/\/secure.gravatar.com\/avatar\/1c476992411e4ccf153da63b2b2f5ea0bb4cb1c85f3ceab8512f04325ad5579c?s=96&d=mm&r=g\",\"contentUrl\":\"https:\/\/secure.gravatar.com\/avatar\/1c476992411e4ccf153da63b2b2f5ea0bb4cb1c85f3ceab8512f04325ad5579c?s=96&d=mm&r=g\",\"caption\":\"Corresponsal\"},\"url\":\"https:\/\/www.aridane.org\/city\/author\/corresponsal\/\"}]}<\/script>\n<!-- \/ Yoast SEO plugin. -->","yoast_head_json":{"title":"Los Llanos proyecta en FITUR su oferta tur\u00edstica poniendo su museo en la calle como se\u00f1a de identidad cultural - Ayuntamiento de Los Llanos de Aridane","robots":{"index":"index","follow":"follow","max-snippet":"max-snippet:-1","max-image-preview":"max-image-preview:large","max-video-preview":"max-video-preview:-1"},"canonical":"https:\/\/www.aridane.org\/city\/2026\/01\/24\/los-llanos-proyecta-en-fitur-su-oferta-turistica-poniendo-su-museo-en-la-calle-como-sena-de-identidad-cultural\/","og_locale":"es_ES","og_type":"article","og_title":"Los Llanos proyecta en FITUR su oferta tur\u00edstica poniendo su museo en la calle como se\u00f1a de identidad cultural - Ayuntamiento de Los Llanos de Aridane","og_description":"La presencia del Ayuntamiento en FITUR se enmarca en una agenda profesional dise\u00f1ada para consolidar alianzas y abrir nuevas oportunidades","og_url":"https:\/\/www.aridane.org\/city\/2026\/01\/24\/los-llanos-proyecta-en-fitur-su-oferta-turistica-poniendo-su-museo-en-la-calle-como-sena-de-identidad-cultural\/","og_site_name":"Ayuntamiento de Los Llanos de Aridane","article_published_time":"2026-01-24T11:04:49+00:00","article_modified_time":"2026-02-09T11:06:30+00:00","og_image":[{"width":1600,"height":1224,"url":"https:\/\/www.aridane.org\/city\/wp-content\/uploads\/2026\/02\/Los-Llanos-Fitur.jpeg","type":"image\/jpeg"}],"author":"Corresponsal","twitter_card":"summary_large_image","twitter_misc":{"Escrito por":"Corresponsal","Tiempo de lectura":"3 minutos"},"schema":{"@context":"https:\/\/schema.org","@graph":[{"@type":"WebPage","@id":"https:\/\/www.aridane.org\/city\/2026\/01\/24\/los-llanos-proyecta-en-fitur-su-oferta-turistica-poniendo-su-museo-en-la-calle-como-sena-de-identidad-cultural\/","url":"https:\/\/www.aridane.org\/city\/2026\/01\/24\/los-llanos-proyecta-en-fitur-su-oferta-turistica-poniendo-su-museo-en-la-calle-como-sena-de-identidad-cultural\/","name":"Los Llanos proyecta en FITUR su oferta tur\u00edstica poniendo su museo en la calle como se\u00f1a de identidad cultural - Ayuntamiento de Los Llanos de Aridane","isPartOf":{"@id":"https:\/\/www.aridane.org\/city\/#website"},"primaryImageOfPage":{"@id":"https:\/\/www.aridane.org\/city\/2026\/01\/24\/los-llanos-proyecta-en-fitur-su-oferta-turistica-poniendo-su-museo-en-la-calle-como-sena-de-identidad-cultural\/#primaryimage"},"image":{"@id":"https:\/\/www.aridane.org\/city\/2026\/01\/24\/los-llanos-proyecta-en-fitur-su-oferta-turistica-poniendo-su-museo-en-la-calle-como-sena-de-identidad-cultural\/#primaryimage"},"thumbnailUrl":"https:\/\/www.aridane.org\/city\/wp-content\/uploads\/2026\/02\/Los-Llanos-Fitur.jpeg","datePublished":"2026-01-24T11:04:49+00:00","dateModified":"2026-02-09T11:06:30+00:00","author":{"@id":"https:\/\/www.aridane.org\/city\/#\/schema\/person\/89ebd376b223dc94cc1dbcf200c8e6da"},"breadcrumb":{"@id":"https:\/\/www.aridane.org\/city\/2026\/01\/24\/los-llanos-proyecta-en-fitur-su-oferta-turistica-poniendo-su-museo-en-la-calle-como-sena-de-identidad-cultural\/#breadcrumb"},"inLanguage":"es","potentialAction":[{"@type":"ReadAction","target":["https:\/\/www.aridane.org\/city\/2026\/01\/24\/los-llanos-proyecta-en-fitur-su-oferta-turistica-poniendo-su-museo-en-la-calle-como-sena-de-identidad-cultural\/"]}]},{"@type":"ImageObject","inLanguage":"es","@id":"https:\/\/www.aridane.org\/city\/2026\/01\/24\/los-llanos-proyecta-en-fitur-su-oferta-turistica-poniendo-su-museo-en-la-calle-como-sena-de-identidad-cultural\/#primaryimage","url":"https:\/\/www.aridane.org\/city\/wp-content\/uploads\/2026\/02\/Los-Llanos-Fitur.jpeg","contentUrl":"https:\/\/www.aridane.org\/city\/wp-content\/uploads\/2026\/02\/Los-Llanos-Fitur.jpeg","width":1600,"height":1224},{"@type":"BreadcrumbList","@id":"https:\/\/www.aridane.org\/city\/2026\/01\/24\/los-llanos-proyecta-en-fitur-su-oferta-turistica-poniendo-su-museo-en-la-calle-como-sena-de-identidad-cultural\/#breadcrumb","itemListElement":[{"@type":"ListItem","position":1,"name":"Portada","item":"https:\/\/www.aridane.org\/city\/"},{"@type":"ListItem","position":2,"name":"Los Llanos proyecta en FITUR su oferta tur\u00edstica poniendo su museo en la calle como se\u00f1a de identidad cultural"}]},{"@type":"WebSite","@id":"https:\/\/www.aridane.org\/city\/#website","url":"https:\/\/www.aridane.org\/city\/","name":"Ayuntamiento de Los Llanos de Aridane","description":"","potentialAction":[{"@type":"SearchAction","target":{"@type":"EntryPoint","urlTemplate":"https:\/\/www.aridane.org\/city\/?s={search_term_string}"},"query-input":"required name=search_term_string"}],"inLanguage":"es"},{"@type":"Person","@id":"https:\/\/www.aridane.org\/city\/#\/schema\/person\/89ebd376b223dc94cc1dbcf200c8e6da","name":"Corresponsal","image":{"@type":"ImageObject","inLanguage":"es","@id":"https:\/\/www.aridane.org\/city\/#\/schema\/person\/image\/","url":"https:\/\/secure.gravatar.com\/avatar\/1c476992411e4ccf153da63b2b2f5ea0bb4cb1c85f3ceab8512f04325ad5579c?s=96&d=mm&r=g","contentUrl":"https:\/\/secure.gravatar.com\/avatar\/1c476992411e4ccf153da63b2b2f5ea0bb4cb1c85f3ceab8512f04325ad5579c?s=96&d=mm&r=g","caption":"Corresponsal"},"url":"https:\/\/www.aridane.org\/city\/author\/corresponsal\/"}]}},"_links":{"self":[{"href":"https:\/\/www.aridane.org\/city\/wp-json\/wp\/v2\/posts\/5003","targetHints":{"allow":["GET"]}}],"collection":[{"href":"https:\/\/www.aridane.org\/city\/wp-json\/wp\/v2\/posts"}],"about":[{"href":"https:\/\/www.aridane.org\/city\/wp-json\/wp\/v2\/types\/post"}],"author":[{"embeddable":true,"href":"https:\/\/www.aridane.org\/city\/wp-json\/wp\/v2\/users\/4"}],"replies":[{"embeddable":true,"href":"https:\/\/www.aridane.org\/city\/wp-json\/wp\/v2\/comments?post=5003"}],"version-history":[{"count":1,"href":"https:\/\/www.aridane.org\/city\/wp-json\/wp\/v2\/posts\/5003\/revisions"}],"predecessor-version":[{"id":5005,"href":"https:\/\/www.aridane.org\/city\/wp-json\/wp\/v2\/posts\/5003\/revisions\/5005"}],"wp:featuredmedia":[{"embeddable":true,"href":"https:\/\/www.aridane.org\/city\/wp-json\/wp\/v2\/media\/5004"}],"wp:attachment":[{"href":"https:\/\/www.aridane.org\/city\/wp-json\/wp\/v2\/media?parent=5003"}],"wp:term":[{"taxonomy":"category","embeddable":true,"href":"https:\/\/www.aridane.org\/city\/wp-json\/wp\/v2\/categories?post=5003"},{"taxonomy":"post_tag","embeddable":true,"href":"https:\/\/www.aridane.org\/city\/wp-json\/wp\/v2\/tags?post=5003"}],"curies":[{"name":"wp","href":"https:\/\/api.w.org\/{rel}","templated":true}]}}