{"id":5053,"date":"2026-03-19T09:41:41","date_gmt":"2026-03-19T09:41:41","guid":{"rendered":"https:\/\/www.aridane.org\/city\/?p=5053"},"modified":"2026-03-19T09:41:41","modified_gmt":"2026-03-19T09:41:41","slug":"el-ayuntamiento-de-los-llanos-de-aridane-cierra-sus-instalaciones-y-activa-el-teletrabajo-ante-la-alerta-por-fenomenos-meteorologicos-adversos","status":"publish","type":"post","link":"https:\/\/www.aridane.org\/city\/2026\/03\/19\/el-ayuntamiento-de-los-llanos-de-aridane-cierra-sus-instalaciones-y-activa-el-teletrabajo-ante-la-alerta-por-fenomenos-meteorologicos-adversos\/","title":{"rendered":"El Ayuntamiento de Los Llanos de Aridane cierra sus instalaciones y activa el teletrabajo ante la alerta por fen\u00f3menos meteorol\u00f3gicos adversos"},"content":{"rendered":"<p><i><span style=\"font-weight: 400;\">La situaci\u00f3n incluye alerta por fen\u00f3menos costeros, lluvias y vientos, as\u00ed como prealerta por riesgo de inundaciones y tormentas<\/span><\/i><!--more--><\/p>\n<p><span style=\"font-weight: 400;\">El Ayuntamiento de Los Llanos de Aridane mantiene activo el Plan de Emergencias Municipal (PEMU) desde las 12:00 horas de este mi\u00e9rcoles, 18 de marzo, ante la alerta declarada por el Gobierno de Canarias por fen\u00f3menos meteorol\u00f3gicos adversos que afectan a todo el archipi\u00e9lago.<\/span><\/p>\n<p><span style=\"font-weight: 400;\">La situaci\u00f3n incluye alerta por fen\u00f3menos costeros, lluvias y vientos, as\u00ed como prealerta por riesgo de inundaciones y tormentas, seg\u00fan la informaci\u00f3n facilitada por la Direcci\u00f3n General de Seguridad y Emergencias en base a los datos de la Agencia Estatal de Meteorolog\u00eda.<\/span><\/p>\n<p><span style=\"font-weight: 400;\">En este contexto, el Consistorio refuerza las medidas preventivas para garantizar la seguridad de la poblaci\u00f3n y del personal municipal, procediendo al cierre de las instalaciones municipales mientras se mantenga la situaci\u00f3n de alerta. La actividad administrativa contin\u00faa mediante la modalidad de teletrabajo, con el objetivo de asegurar la prestaci\u00f3n de los servicios p\u00fablicos.<\/span><\/p>\n<p><span style=\"font-weight: 400;\">Asimismo, se mantiene la suspensi\u00f3n desde las 00:00 horas del jueves, 19 de marzo, de toda la actividad municipal deportiva, cultural, extraescolar y cualquier otra que pueda resultar incompatible con la situaci\u00f3n de alerta.<\/span><\/p>\n<p><span style=\"font-weight: 400;\">El Ayuntamiento recomienda a la ciudadan\u00eda seguir en todo momento las indicaciones de las autoridades, evitar desplazamientos innecesarios y extremar la precauci\u00f3n, especialmente en zonas susceptibles de inundaci\u00f3n o en condiciones de viento y lluvia intensa.<\/span><\/p>\n<p><span style=\"font-weight: 400;\">El PEMU permanecer\u00e1 activo mientras contin\u00faen vigentes las alertas declaradas por el Gobierno de Canarias, garantizando una respuesta coordinada ante cualquier empeoramiento de las condiciones meteorol\u00f3gicas.<\/span><\/p>\n<p><span style=\"font-weight: 400;\">En caso de emergencia, se debe contactar con el 112, mientras que para informaci\u00f3n general se mantiene disponible el 012.<\/span><\/p>\n","protected":false},"excerpt":{"rendered":"<p>La situaci\u00f3n incluye alerta por fen\u00f3menos costeros, lluvias y vientos, as\u00ed como prealerta por riesgo de inundaciones y tormentas<\/p>\n","protected":false},"author":4,"featured_media":4117,"comment_status":"open","ping_status":"open","sticky":false,"template":"","format":"standard","meta":{"footnotes":""},"categories":[1],"tags":[],"class_list":["post-5053","post","type-post","status-publish","format-standard","has-post-thumbnail","hentry","category-sin-categoria"],"yoast_head":"<!-- This site is optimized with the Yoast SEO plugin v22.7 - https:\/\/yoast.com\/wordpress\/plugins\/seo\/ -->\n<title>El Ayuntamiento de Los Llanos de Aridane cierra sus instalaciones y activa el teletrabajo ante la alerta por fen\u00f3menos meteorol\u00f3gicos adversos - Ayuntamiento de Los Llanos de Aridane<\/title>\n<meta name=\"robots\" content=\"index, follow, max-snippet:-1, max-image-preview:large, max-video-preview:-1\" \/>\n<link rel=\"canonical\" href=\"https:\/\/www.aridane.org\/city\/2026\/03\/19\/el-ayuntamiento-de-los-llanos-de-aridane-cierra-sus-instalaciones-y-activa-el-teletrabajo-ante-la-alerta-por-fenomenos-meteorologicos-adversos\/\" \/>\n<meta property=\"og:locale\" content=\"es_ES\" \/>\n<meta property=\"og:type\" content=\"article\" \/>\n<meta property=\"og:title\" content=\"El Ayuntamiento de Los Llanos de Aridane cierra sus instalaciones y activa el teletrabajo ante la alerta por fen\u00f3menos meteorol\u00f3gicos adversos - Ayuntamiento de Los Llanos de Aridane\" \/>\n<meta property=\"og:description\" content=\"La situaci\u00f3n incluye alerta por fen\u00f3menos costeros, lluvias y vientos, as\u00ed como prealerta por riesgo de inundaciones y tormentas\" \/>\n<meta property=\"og:url\" content=\"https:\/\/www.aridane.org\/city\/2026\/03\/19\/el-ayuntamiento-de-los-llanos-de-aridane-cierra-sus-instalaciones-y-activa-el-teletrabajo-ante-la-alerta-por-fenomenos-meteorologicos-adversos\/\" \/>\n<meta property=\"og:site_name\" content=\"Ayuntamiento de Los Llanos de Aridane\" \/>\n<meta property=\"article:published_time\" content=\"2026-03-19T09:41:41+00:00\" \/>\n<meta property=\"og:image\" content=\"https:\/\/www.aridane.org\/city\/wp-content\/uploads\/2024\/10\/Ayuntamiento-de-Los-Llanos-de-Aridane.png\" \/>\n\t<meta property=\"og:image:width\" content=\"1200\" \/>\n\t<meta property=\"og:image:height\" content=\"675\" \/>\n\t<meta property=\"og:image:type\" content=\"image\/png\" \/>\n<meta name=\"author\" content=\"Corresponsal\" \/>\n<meta name=\"twitter:card\" content=\"summary_large_image\" \/>\n<meta name=\"twitter:label1\" content=\"Escrito por\" \/>\n\t<meta name=\"twitter:data1\" content=\"Corresponsal\" \/>\n\t<meta name=\"twitter:label2\" content=\"Tiempo de lectura\" \/>\n\t<meta name=\"twitter:data2\" content=\"2 minutos\" \/>\n<script type=\"application\/ld+json\" class=\"yoast-schema-graph\">{\"@context\":\"https:\/\/schema.org\",\"@graph\":[{\"@type\":\"WebPage\",\"@id\":\"https:\/\/www.aridane.org\/city\/2026\/03\/19\/el-ayuntamiento-de-los-llanos-de-aridane-cierra-sus-instalaciones-y-activa-el-teletrabajo-ante-la-alerta-por-fenomenos-meteorologicos-adversos\/\",\"url\":\"https:\/\/www.aridane.org\/city\/2026\/03\/19\/el-ayuntamiento-de-los-llanos-de-aridane-cierra-sus-instalaciones-y-activa-el-teletrabajo-ante-la-alerta-por-fenomenos-meteorologicos-adversos\/\",\"name\":\"El Ayuntamiento de Los Llanos de Aridane cierra sus instalaciones y activa el teletrabajo ante la alerta por fen\u00f3menos meteorol\u00f3gicos adversos - Ayuntamiento de Los Llanos de Aridane\",\"isPartOf\":{\"@id\":\"https:\/\/www.aridane.org\/city\/#website\"},\"primaryImageOfPage\":{\"@id\":\"https:\/\/www.aridane.org\/city\/2026\/03\/19\/el-ayuntamiento-de-los-llanos-de-aridane-cierra-sus-instalaciones-y-activa-el-teletrabajo-ante-la-alerta-por-fenomenos-meteorologicos-adversos\/#primaryimage\"},\"image\":{\"@id\":\"https:\/\/www.aridane.org\/city\/2026\/03\/19\/el-ayuntamiento-de-los-llanos-de-aridane-cierra-sus-instalaciones-y-activa-el-teletrabajo-ante-la-alerta-por-fenomenos-meteorologicos-adversos\/#primaryimage\"},\"thumbnailUrl\":\"https:\/\/www.aridane.org\/city\/wp-content\/uploads\/2024\/10\/Ayuntamiento-de-Los-Llanos-de-Aridane.png\",\"datePublished\":\"2026-03-19T09:41:41+00:00\",\"dateModified\":\"2026-03-19T09:41:41+00:00\",\"author\":{\"@id\":\"https:\/\/www.aridane.org\/city\/#\/schema\/person\/89ebd376b223dc94cc1dbcf200c8e6da\"},\"breadcrumb\":{\"@id\":\"https:\/\/www.aridane.org\/city\/2026\/03\/19\/el-ayuntamiento-de-los-llanos-de-aridane-cierra-sus-instalaciones-y-activa-el-teletrabajo-ante-la-alerta-por-fenomenos-meteorologicos-adversos\/#breadcrumb\"},\"inLanguage\":\"es\",\"potentialAction\":[{\"@type\":\"ReadAction\",\"target\":[\"https:\/\/www.aridane.org\/city\/2026\/03\/19\/el-ayuntamiento-de-los-llanos-de-aridane-cierra-sus-instalaciones-y-activa-el-teletrabajo-ante-la-alerta-por-fenomenos-meteorologicos-adversos\/\"]}]},{\"@type\":\"ImageObject\",\"inLanguage\":\"es\",\"@id\":\"https:\/\/www.aridane.org\/city\/2026\/03\/19\/el-ayuntamiento-de-los-llanos-de-aridane-cierra-sus-instalaciones-y-activa-el-teletrabajo-ante-la-alerta-por-fenomenos-meteorologicos-adversos\/#primaryimage\",\"url\":\"https:\/\/www.aridane.org\/city\/wp-content\/uploads\/2024\/10\/Ayuntamiento-de-Los-Llanos-de-Aridane.png\",\"contentUrl\":\"https:\/\/www.aridane.org\/city\/wp-content\/uploads\/2024\/10\/Ayuntamiento-de-Los-Llanos-de-Aridane.png\",\"width\":1200,\"height\":675},{\"@type\":\"BreadcrumbList\",\"@id\":\"https:\/\/www.aridane.org\/city\/2026\/03\/19\/el-ayuntamiento-de-los-llanos-de-aridane-cierra-sus-instalaciones-y-activa-el-teletrabajo-ante-la-alerta-por-fenomenos-meteorologicos-adversos\/#breadcrumb\",\"itemListElement\":[{\"@type\":\"ListItem\",\"position\":1,\"name\":\"Portada\",\"item\":\"https:\/\/www.aridane.org\/city\/\"},{\"@type\":\"ListItem\",\"position\":2,\"name\":\"El Ayuntamiento de Los Llanos de Aridane cierra sus instalaciones y activa el teletrabajo ante la alerta por fen\u00f3menos meteorol\u00f3gicos adversos\"}]},{\"@type\":\"WebSite\",\"@id\":\"https:\/\/www.aridane.org\/city\/#website\",\"url\":\"https:\/\/www.aridane.org\/city\/\",\"name\":\"Ayuntamiento de Los Llanos de Aridane\",\"description\":\"\",\"potentialAction\":[{\"@type\":\"SearchAction\",\"target\":{\"@type\":\"EntryPoint\",\"urlTemplate\":\"https:\/\/www.aridane.org\/city\/?s={search_term_string}\"},\"query-input\":\"required name=search_term_string\"}],\"inLanguage\":\"es\"},{\"@type\":\"Person\",\"@id\":\"https:\/\/www.aridane.org\/city\/#\/schema\/person\/89ebd376b223dc94cc1dbcf200c8e6da\",\"name\":\"Corresponsal\",\"image\":{\"@type\":\"ImageObject\",\"inLanguage\":\"es\",\"@id\":\"https:\/\/www.aridane.org\/city\/#\/schema\/person\/image\/\",\"url\":\"https:\/\/secure.gravatar.com\/avatar\/1c476992411e4ccf153da63b2b2f5ea0bb4cb1c85f3ceab8512f04325ad5579c?s=96&d=mm&r=g\",\"contentUrl\":\"https:\/\/secure.gravatar.com\/avatar\/1c476992411e4ccf153da63b2b2f5ea0bb4cb1c85f3ceab8512f04325ad5579c?s=96&d=mm&r=g\",\"caption\":\"Corresponsal\"},\"url\":\"https:\/\/www.aridane.org\/city\/author\/corresponsal\/\"}]}<\/script>\n<!-- \/ Yoast SEO plugin. -->","yoast_head_json":{"title":"El Ayuntamiento de Los Llanos de Aridane cierra sus instalaciones y activa el teletrabajo ante la alerta por fen\u00f3menos meteorol\u00f3gicos adversos - Ayuntamiento de Los Llanos de Aridane","robots":{"index":"index","follow":"follow","max-snippet":"max-snippet:-1","max-image-preview":"max-image-preview:large","max-video-preview":"max-video-preview:-1"},"canonical":"https:\/\/www.aridane.org\/city\/2026\/03\/19\/el-ayuntamiento-de-los-llanos-de-aridane-cierra-sus-instalaciones-y-activa-el-teletrabajo-ante-la-alerta-por-fenomenos-meteorologicos-adversos\/","og_locale":"es_ES","og_type":"article","og_title":"El Ayuntamiento de Los Llanos de Aridane cierra sus instalaciones y activa el teletrabajo ante la alerta por fen\u00f3menos meteorol\u00f3gicos adversos - Ayuntamiento de Los Llanos de Aridane","og_description":"La situaci\u00f3n incluye alerta por fen\u00f3menos costeros, lluvias y vientos, as\u00ed como prealerta por riesgo de inundaciones y tormentas","og_url":"https:\/\/www.aridane.org\/city\/2026\/03\/19\/el-ayuntamiento-de-los-llanos-de-aridane-cierra-sus-instalaciones-y-activa-el-teletrabajo-ante-la-alerta-por-fenomenos-meteorologicos-adversos\/","og_site_name":"Ayuntamiento de Los Llanos de Aridane","article_published_time":"2026-03-19T09:41:41+00:00","og_image":[{"width":1200,"height":675,"url":"https:\/\/www.aridane.org\/city\/wp-content\/uploads\/2024\/10\/Ayuntamiento-de-Los-Llanos-de-Aridane.png","type":"image\/png"}],"author":"Corresponsal","twitter_card":"summary_large_image","twitter_misc":{"Escrito por":"Corresponsal","Tiempo de lectura":"2 minutos"},"schema":{"@context":"https:\/\/schema.org","@graph":[{"@type":"WebPage","@id":"https:\/\/www.aridane.org\/city\/2026\/03\/19\/el-ayuntamiento-de-los-llanos-de-aridane-cierra-sus-instalaciones-y-activa-el-teletrabajo-ante-la-alerta-por-fenomenos-meteorologicos-adversos\/","url":"https:\/\/www.aridane.org\/city\/2026\/03\/19\/el-ayuntamiento-de-los-llanos-de-aridane-cierra-sus-instalaciones-y-activa-el-teletrabajo-ante-la-alerta-por-fenomenos-meteorologicos-adversos\/","name":"El Ayuntamiento de Los Llanos de Aridane cierra sus instalaciones y activa el teletrabajo ante la alerta por fen\u00f3menos meteorol\u00f3gicos adversos - Ayuntamiento de Los Llanos de Aridane","isPartOf":{"@id":"https:\/\/www.aridane.org\/city\/#website"},"primaryImageOfPage":{"@id":"https:\/\/www.aridane.org\/city\/2026\/03\/19\/el-ayuntamiento-de-los-llanos-de-aridane-cierra-sus-instalaciones-y-activa-el-teletrabajo-ante-la-alerta-por-fenomenos-meteorologicos-adversos\/#primaryimage"},"image":{"@id":"https:\/\/www.aridane.org\/city\/2026\/03\/19\/el-ayuntamiento-de-los-llanos-de-aridane-cierra-sus-instalaciones-y-activa-el-teletrabajo-ante-la-alerta-por-fenomenos-meteorologicos-adversos\/#primaryimage"},"thumbnailUrl":"https:\/\/www.aridane.org\/city\/wp-content\/uploads\/2024\/10\/Ayuntamiento-de-Los-Llanos-de-Aridane.png","datePublished":"2026-03-19T09:41:41+00:00","dateModified":"2026-03-19T09:41:41+00:00","author":{"@id":"https:\/\/www.aridane.org\/city\/#\/schema\/person\/89ebd376b223dc94cc1dbcf200c8e6da"},"breadcrumb":{"@id":"https:\/\/www.aridane.org\/city\/2026\/03\/19\/el-ayuntamiento-de-los-llanos-de-aridane-cierra-sus-instalaciones-y-activa-el-teletrabajo-ante-la-alerta-por-fenomenos-meteorologicos-adversos\/#breadcrumb"},"inLanguage":"es","potentialAction":[{"@type":"ReadAction","target":["https:\/\/www.aridane.org\/city\/2026\/03\/19\/el-ayuntamiento-de-los-llanos-de-aridane-cierra-sus-instalaciones-y-activa-el-teletrabajo-ante-la-alerta-por-fenomenos-meteorologicos-adversos\/"]}]},{"@type":"ImageObject","inLanguage":"es","@id":"https:\/\/www.aridane.org\/city\/2026\/03\/19\/el-ayuntamiento-de-los-llanos-de-aridane-cierra-sus-instalaciones-y-activa-el-teletrabajo-ante-la-alerta-por-fenomenos-meteorologicos-adversos\/#primaryimage","url":"https:\/\/www.aridane.org\/city\/wp-content\/uploads\/2024\/10\/Ayuntamiento-de-Los-Llanos-de-Aridane.png","contentUrl":"https:\/\/www.aridane.org\/city\/wp-content\/uploads\/2024\/10\/Ayuntamiento-de-Los-Llanos-de-Aridane.png","width":1200,"height":675},{"@type":"BreadcrumbList","@id":"https:\/\/www.aridane.org\/city\/2026\/03\/19\/el-ayuntamiento-de-los-llanos-de-aridane-cierra-sus-instalaciones-y-activa-el-teletrabajo-ante-la-alerta-por-fenomenos-meteorologicos-adversos\/#breadcrumb","itemListElement":[{"@type":"ListItem","position":1,"name":"Portada","item":"https:\/\/www.aridane.org\/city\/"},{"@type":"ListItem","position":2,"name":"El Ayuntamiento de Los Llanos de Aridane cierra sus instalaciones y activa el teletrabajo ante la alerta por fen\u00f3menos meteorol\u00f3gicos adversos"}]},{"@type":"WebSite","@id":"https:\/\/www.aridane.org\/city\/#website","url":"https:\/\/www.aridane.org\/city\/","name":"Ayuntamiento de Los Llanos de Aridane","description":"","potentialAction":[{"@type":"SearchAction","target":{"@type":"EntryPoint","urlTemplate":"https:\/\/www.aridane.org\/city\/?s={search_term_string}"},"query-input":"required name=search_term_string"}],"inLanguage":"es"},{"@type":"Person","@id":"https:\/\/www.aridane.org\/city\/#\/schema\/person\/89ebd376b223dc94cc1dbcf200c8e6da","name":"Corresponsal","image":{"@type":"ImageObject","inLanguage":"es","@id":"https:\/\/www.aridane.org\/city\/#\/schema\/person\/image\/","url":"https:\/\/secure.gravatar.com\/avatar\/1c476992411e4ccf153da63b2b2f5ea0bb4cb1c85f3ceab8512f04325ad5579c?s=96&d=mm&r=g","contentUrl":"https:\/\/secure.gravatar.com\/avatar\/1c476992411e4ccf153da63b2b2f5ea0bb4cb1c85f3ceab8512f04325ad5579c?s=96&d=mm&r=g","caption":"Corresponsal"},"url":"https:\/\/www.aridane.org\/city\/author\/corresponsal\/"}]}},"_links":{"self":[{"href":"https:\/\/www.aridane.org\/city\/wp-json\/wp\/v2\/posts\/5053","targetHints":{"allow":["GET"]}}],"collection":[{"href":"https:\/\/www.aridane.org\/city\/wp-json\/wp\/v2\/posts"}],"about":[{"href":"https:\/\/www.aridane.org\/city\/wp-json\/wp\/v2\/types\/post"}],"author":[{"embeddable":true,"href":"https:\/\/www.aridane.org\/city\/wp-json\/wp\/v2\/users\/4"}],"replies":[{"embeddable":true,"href":"https:\/\/www.aridane.org\/city\/wp-json\/wp\/v2\/comments?post=5053"}],"version-history":[{"count":1,"href":"https:\/\/www.aridane.org\/city\/wp-json\/wp\/v2\/posts\/5053\/revisions"}],"predecessor-version":[{"id":5054,"href":"https:\/\/www.aridane.org\/city\/wp-json\/wp\/v2\/posts\/5053\/revisions\/5054"}],"wp:featuredmedia":[{"embeddable":true,"href":"https:\/\/www.aridane.org\/city\/wp-json\/wp\/v2\/media\/4117"}],"wp:attachment":[{"href":"https:\/\/www.aridane.org\/city\/wp-json\/wp\/v2\/media?parent=5053"}],"wp:term":[{"taxonomy":"category","embeddable":true,"href":"https:\/\/www.aridane.org\/city\/wp-json\/wp\/v2\/categories?post=5053"},{"taxonomy":"post_tag","embeddable":true,"href":"https:\/\/www.aridane.org\/city\/wp-json\/wp\/v2\/tags?post=5053"}],"curies":[{"name":"wp","href":"https:\/\/api.w.org\/{rel}","templated":true}]}}