{"id":5055,"date":"2026-03-27T16:14:36","date_gmt":"2026-03-27T16:14:36","guid":{"rendered":"https:\/\/www.aridane.org\/city\/?p=5055"},"modified":"2026-03-29T11:15:50","modified_gmt":"2026-03-29T11:15:50","slug":"el-ayuntamiento-impulsa-el-adoquinado-de-la-calle-velazquez-en-argual","status":"publish","type":"post","link":"https:\/\/www.aridane.org\/city\/2026\/03\/27\/el-ayuntamiento-impulsa-el-adoquinado-de-la-calle-velazquez-en-argual\/","title":{"rendered":"El Ayuntamiento impulsa el adoquinado de la calle Vel\u00e1zquez en Argual"},"content":{"rendered":"<p><em>La actuaci\u00f3n tambi\u00e9n contempla el soterramiento de las redes de saneamiento y de nuevas tecnolog\u00edas, as\u00ed como la renovaci\u00f3n del alumbrado p\u00fablico<\/em><!--more--><\/p>\n<div id=\"v1forwardbody1\">\n<p>El Ayuntamiento de Los Llanos de Aridane firma el acta de replanteo para la ejecuci\u00f3n del adoquinado de la calle Vel\u00e1zquez, en el tramo comprendido entre las calles Murillo y Salvador Dal\u00ed. Se trata de una actuaci\u00f3n de 150.000 euros surgida de los presupuestos participativos que da respuesta a una demanda directa de los vecinos y vecinas de Argual.<\/p>\n<p>El alcalde, Javier Llamas, se\u00f1ala que \u201ceste proyecto nace de la escucha activa a los vecinos y vecinas y demuestra que la participaci\u00f3n ciudadana tiene una traducci\u00f3n real en la mejora del municipio\u201d. Adem\u00e1s, explica que \u201cno se trata solo de renovar el pavimento, sino de actuar en infraestructuras b\u00e1sicas que ordenan el espacio, mejoran la accesibilidad y preparan el entorno para el futuro\u201d.<\/p>\n<p>La actuaci\u00f3n, coordinada entre las \u00e1reas de Participaci\u00f3n Ciudadana, liderada por Ar\u00f3n Le\u00f3n, y Urbanismo, dirigida por Tamara Acosta, aborda la urbanizaci\u00f3n completa de la v\u00eda. Incluye el soterramiento de las redes de saneamiento y de nuevas tecnolog\u00edas, as\u00ed como la renovaci\u00f3n del alumbrado p\u00fablico, siguiendo el mismo sistema implantado en la primera fase de la calle.<\/p>\n<p>El concejal de Participaci\u00f3n Ciudadana, Ar\u00f3n Le\u00f3n, destaca que \u201cla firma del acta de replanteo supone el inicio de una intervenci\u00f3n necesaria para completar esta calle, dando continuidad al trabajo ya realizado\u201d.<\/p>\n<p>Por su parte, la concejala de Urbanismo, Tamara Acosta, se\u00f1ala que \u201ceste tipo de actuaciones permiten mejorar los espacios p\u00fablicos con criterio, atendiendo a necesidades reales y con efectos directos en el d\u00eda a d\u00eda de la ciudadan\u00eda\u201d.<\/p>\n<p>Desde el Ayuntamiento se pone en valor la coordinaci\u00f3n entre \u00e1reas municipales y la implicaci\u00f3n de los vecinos y vecinas de Argual, que permite convertir propuestas ciudadanas en actuaciones concretas que mejoran el entorno.<\/p>\n<\/div>\n","protected":false},"excerpt":{"rendered":"<p>La actuaci\u00f3n tambi\u00e9n contempla el soterramiento de las redes de saneamiento y de nuevas tecnolog\u00edas, as\u00ed como la renovaci\u00f3n del alumbrado p\u00fablico<\/p>\n","protected":false},"author":4,"featured_media":5056,"comment_status":"open","ping_status":"open","sticky":false,"template":"","format":"standard","meta":{"footnotes":""},"categories":[1],"tags":[],"class_list":["post-5055","post","type-post","status-publish","format-standard","has-post-thumbnail","hentry","category-sin-categoria"],"yoast_head":"<!-- This site is optimized with the Yoast SEO plugin v22.7 - https:\/\/yoast.com\/wordpress\/plugins\/seo\/ -->\n<title>El Ayuntamiento impulsa el adoquinado de la calle Vel\u00e1zquez en Argual - Ayuntamiento de Los Llanos de Aridane<\/title>\n<meta name=\"robots\" content=\"index, follow, max-snippet:-1, max-image-preview:large, max-video-preview:-1\" \/>\n<link rel=\"canonical\" href=\"https:\/\/www.aridane.org\/city\/2026\/03\/27\/el-ayuntamiento-impulsa-el-adoquinado-de-la-calle-velazquez-en-argual\/\" \/>\n<meta property=\"og:locale\" content=\"es_ES\" \/>\n<meta property=\"og:type\" content=\"article\" \/>\n<meta property=\"og:title\" content=\"El Ayuntamiento impulsa el adoquinado de la calle Vel\u00e1zquez en Argual - Ayuntamiento de Los Llanos de Aridane\" \/>\n<meta property=\"og:description\" content=\"La actuaci\u00f3n tambi\u00e9n contempla el soterramiento de las redes de saneamiento y de nuevas tecnolog\u00edas, as\u00ed como la renovaci\u00f3n del alumbrado p\u00fablico\" \/>\n<meta property=\"og:url\" content=\"https:\/\/www.aridane.org\/city\/2026\/03\/27\/el-ayuntamiento-impulsa-el-adoquinado-de-la-calle-velazquez-en-argual\/\" \/>\n<meta property=\"og:site_name\" content=\"Ayuntamiento de Los Llanos de Aridane\" \/>\n<meta property=\"article:published_time\" content=\"2026-03-27T16:14:36+00:00\" \/>\n<meta property=\"article:modified_time\" content=\"2026-03-29T11:15:50+00:00\" \/>\n<meta property=\"og:image\" content=\"https:\/\/www.aridane.org\/city\/wp-content\/uploads\/2026\/03\/Adoquinado-calle-Velazquez.jpeg\" \/>\n\t<meta property=\"og:image:width\" content=\"1600\" \/>\n\t<meta property=\"og:image:height\" content=\"1200\" \/>\n\t<meta property=\"og:image:type\" content=\"image\/jpeg\" \/>\n<meta name=\"author\" content=\"Corresponsal\" \/>\n<meta name=\"twitter:card\" content=\"summary_large_image\" \/>\n<meta name=\"twitter:label1\" content=\"Escrito por\" \/>\n\t<meta name=\"twitter:data1\" content=\"Corresponsal\" \/>\n\t<meta name=\"twitter:label2\" content=\"Tiempo de lectura\" \/>\n\t<meta name=\"twitter:data2\" content=\"2 minutos\" \/>\n<script type=\"application\/ld+json\" class=\"yoast-schema-graph\">{\"@context\":\"https:\/\/schema.org\",\"@graph\":[{\"@type\":\"WebPage\",\"@id\":\"https:\/\/www.aridane.org\/city\/2026\/03\/27\/el-ayuntamiento-impulsa-el-adoquinado-de-la-calle-velazquez-en-argual\/\",\"url\":\"https:\/\/www.aridane.org\/city\/2026\/03\/27\/el-ayuntamiento-impulsa-el-adoquinado-de-la-calle-velazquez-en-argual\/\",\"name\":\"El Ayuntamiento impulsa el adoquinado de la calle Vel\u00e1zquez en Argual - Ayuntamiento de Los Llanos de Aridane\",\"isPartOf\":{\"@id\":\"https:\/\/www.aridane.org\/city\/#website\"},\"primaryImageOfPage\":{\"@id\":\"https:\/\/www.aridane.org\/city\/2026\/03\/27\/el-ayuntamiento-impulsa-el-adoquinado-de-la-calle-velazquez-en-argual\/#primaryimage\"},\"image\":{\"@id\":\"https:\/\/www.aridane.org\/city\/2026\/03\/27\/el-ayuntamiento-impulsa-el-adoquinado-de-la-calle-velazquez-en-argual\/#primaryimage\"},\"thumbnailUrl\":\"https:\/\/www.aridane.org\/city\/wp-content\/uploads\/2026\/03\/Adoquinado-calle-Velazquez.jpeg\",\"datePublished\":\"2026-03-27T16:14:36+00:00\",\"dateModified\":\"2026-03-29T11:15:50+00:00\",\"author\":{\"@id\":\"https:\/\/www.aridane.org\/city\/#\/schema\/person\/89ebd376b223dc94cc1dbcf200c8e6da\"},\"breadcrumb\":{\"@id\":\"https:\/\/www.aridane.org\/city\/2026\/03\/27\/el-ayuntamiento-impulsa-el-adoquinado-de-la-calle-velazquez-en-argual\/#breadcrumb\"},\"inLanguage\":\"es\",\"potentialAction\":[{\"@type\":\"ReadAction\",\"target\":[\"https:\/\/www.aridane.org\/city\/2026\/03\/27\/el-ayuntamiento-impulsa-el-adoquinado-de-la-calle-velazquez-en-argual\/\"]}]},{\"@type\":\"ImageObject\",\"inLanguage\":\"es\",\"@id\":\"https:\/\/www.aridane.org\/city\/2026\/03\/27\/el-ayuntamiento-impulsa-el-adoquinado-de-la-calle-velazquez-en-argual\/#primaryimage\",\"url\":\"https:\/\/www.aridane.org\/city\/wp-content\/uploads\/2026\/03\/Adoquinado-calle-Velazquez.jpeg\",\"contentUrl\":\"https:\/\/www.aridane.org\/city\/wp-content\/uploads\/2026\/03\/Adoquinado-calle-Velazquez.jpeg\",\"width\":1600,\"height\":1200},{\"@type\":\"BreadcrumbList\",\"@id\":\"https:\/\/www.aridane.org\/city\/2026\/03\/27\/el-ayuntamiento-impulsa-el-adoquinado-de-la-calle-velazquez-en-argual\/#breadcrumb\",\"itemListElement\":[{\"@type\":\"ListItem\",\"position\":1,\"name\":\"Portada\",\"item\":\"https:\/\/www.aridane.org\/city\/\"},{\"@type\":\"ListItem\",\"position\":2,\"name\":\"El Ayuntamiento impulsa el adoquinado de la calle Vel\u00e1zquez en Argual\"}]},{\"@type\":\"WebSite\",\"@id\":\"https:\/\/www.aridane.org\/city\/#website\",\"url\":\"https:\/\/www.aridane.org\/city\/\",\"name\":\"Ayuntamiento de Los Llanos de Aridane\",\"description\":\"\",\"potentialAction\":[{\"@type\":\"SearchAction\",\"target\":{\"@type\":\"EntryPoint\",\"urlTemplate\":\"https:\/\/www.aridane.org\/city\/?s={search_term_string}\"},\"query-input\":\"required name=search_term_string\"}],\"inLanguage\":\"es\"},{\"@type\":\"Person\",\"@id\":\"https:\/\/www.aridane.org\/city\/#\/schema\/person\/89ebd376b223dc94cc1dbcf200c8e6da\",\"name\":\"Corresponsal\",\"image\":{\"@type\":\"ImageObject\",\"inLanguage\":\"es\",\"@id\":\"https:\/\/www.aridane.org\/city\/#\/schema\/person\/image\/\",\"url\":\"https:\/\/secure.gravatar.com\/avatar\/1c476992411e4ccf153da63b2b2f5ea0bb4cb1c85f3ceab8512f04325ad5579c?s=96&d=mm&r=g\",\"contentUrl\":\"https:\/\/secure.gravatar.com\/avatar\/1c476992411e4ccf153da63b2b2f5ea0bb4cb1c85f3ceab8512f04325ad5579c?s=96&d=mm&r=g\",\"caption\":\"Corresponsal\"},\"url\":\"https:\/\/www.aridane.org\/city\/author\/corresponsal\/\"}]}<\/script>\n<!-- \/ Yoast SEO plugin. -->","yoast_head_json":{"title":"El Ayuntamiento impulsa el adoquinado de la calle Vel\u00e1zquez en Argual - Ayuntamiento de Los Llanos de Aridane","robots":{"index":"index","follow":"follow","max-snippet":"max-snippet:-1","max-image-preview":"max-image-preview:large","max-video-preview":"max-video-preview:-1"},"canonical":"https:\/\/www.aridane.org\/city\/2026\/03\/27\/el-ayuntamiento-impulsa-el-adoquinado-de-la-calle-velazquez-en-argual\/","og_locale":"es_ES","og_type":"article","og_title":"El Ayuntamiento impulsa el adoquinado de la calle Vel\u00e1zquez en Argual - Ayuntamiento de Los Llanos de Aridane","og_description":"La actuaci\u00f3n tambi\u00e9n contempla el soterramiento de las redes de saneamiento y de nuevas tecnolog\u00edas, as\u00ed como la renovaci\u00f3n del alumbrado p\u00fablico","og_url":"https:\/\/www.aridane.org\/city\/2026\/03\/27\/el-ayuntamiento-impulsa-el-adoquinado-de-la-calle-velazquez-en-argual\/","og_site_name":"Ayuntamiento de Los Llanos de Aridane","article_published_time":"2026-03-27T16:14:36+00:00","article_modified_time":"2026-03-29T11:15:50+00:00","og_image":[{"width":1600,"height":1200,"url":"https:\/\/www.aridane.org\/city\/wp-content\/uploads\/2026\/03\/Adoquinado-calle-Velazquez.jpeg","type":"image\/jpeg"}],"author":"Corresponsal","twitter_card":"summary_large_image","twitter_misc":{"Escrito por":"Corresponsal","Tiempo de lectura":"2 minutos"},"schema":{"@context":"https:\/\/schema.org","@graph":[{"@type":"WebPage","@id":"https:\/\/www.aridane.org\/city\/2026\/03\/27\/el-ayuntamiento-impulsa-el-adoquinado-de-la-calle-velazquez-en-argual\/","url":"https:\/\/www.aridane.org\/city\/2026\/03\/27\/el-ayuntamiento-impulsa-el-adoquinado-de-la-calle-velazquez-en-argual\/","name":"El Ayuntamiento impulsa el adoquinado de la calle Vel\u00e1zquez en Argual - Ayuntamiento de Los Llanos de Aridane","isPartOf":{"@id":"https:\/\/www.aridane.org\/city\/#website"},"primaryImageOfPage":{"@id":"https:\/\/www.aridane.org\/city\/2026\/03\/27\/el-ayuntamiento-impulsa-el-adoquinado-de-la-calle-velazquez-en-argual\/#primaryimage"},"image":{"@id":"https:\/\/www.aridane.org\/city\/2026\/03\/27\/el-ayuntamiento-impulsa-el-adoquinado-de-la-calle-velazquez-en-argual\/#primaryimage"},"thumbnailUrl":"https:\/\/www.aridane.org\/city\/wp-content\/uploads\/2026\/03\/Adoquinado-calle-Velazquez.jpeg","datePublished":"2026-03-27T16:14:36+00:00","dateModified":"2026-03-29T11:15:50+00:00","author":{"@id":"https:\/\/www.aridane.org\/city\/#\/schema\/person\/89ebd376b223dc94cc1dbcf200c8e6da"},"breadcrumb":{"@id":"https:\/\/www.aridane.org\/city\/2026\/03\/27\/el-ayuntamiento-impulsa-el-adoquinado-de-la-calle-velazquez-en-argual\/#breadcrumb"},"inLanguage":"es","potentialAction":[{"@type":"ReadAction","target":["https:\/\/www.aridane.org\/city\/2026\/03\/27\/el-ayuntamiento-impulsa-el-adoquinado-de-la-calle-velazquez-en-argual\/"]}]},{"@type":"ImageObject","inLanguage":"es","@id":"https:\/\/www.aridane.org\/city\/2026\/03\/27\/el-ayuntamiento-impulsa-el-adoquinado-de-la-calle-velazquez-en-argual\/#primaryimage","url":"https:\/\/www.aridane.org\/city\/wp-content\/uploads\/2026\/03\/Adoquinado-calle-Velazquez.jpeg","contentUrl":"https:\/\/www.aridane.org\/city\/wp-content\/uploads\/2026\/03\/Adoquinado-calle-Velazquez.jpeg","width":1600,"height":1200},{"@type":"BreadcrumbList","@id":"https:\/\/www.aridane.org\/city\/2026\/03\/27\/el-ayuntamiento-impulsa-el-adoquinado-de-la-calle-velazquez-en-argual\/#breadcrumb","itemListElement":[{"@type":"ListItem","position":1,"name":"Portada","item":"https:\/\/www.aridane.org\/city\/"},{"@type":"ListItem","position":2,"name":"El Ayuntamiento impulsa el adoquinado de la calle Vel\u00e1zquez en Argual"}]},{"@type":"WebSite","@id":"https:\/\/www.aridane.org\/city\/#website","url":"https:\/\/www.aridane.org\/city\/","name":"Ayuntamiento de Los Llanos de Aridane","description":"","potentialAction":[{"@type":"SearchAction","target":{"@type":"EntryPoint","urlTemplate":"https:\/\/www.aridane.org\/city\/?s={search_term_string}"},"query-input":"required name=search_term_string"}],"inLanguage":"es"},{"@type":"Person","@id":"https:\/\/www.aridane.org\/city\/#\/schema\/person\/89ebd376b223dc94cc1dbcf200c8e6da","name":"Corresponsal","image":{"@type":"ImageObject","inLanguage":"es","@id":"https:\/\/www.aridane.org\/city\/#\/schema\/person\/image\/","url":"https:\/\/secure.gravatar.com\/avatar\/1c476992411e4ccf153da63b2b2f5ea0bb4cb1c85f3ceab8512f04325ad5579c?s=96&d=mm&r=g","contentUrl":"https:\/\/secure.gravatar.com\/avatar\/1c476992411e4ccf153da63b2b2f5ea0bb4cb1c85f3ceab8512f04325ad5579c?s=96&d=mm&r=g","caption":"Corresponsal"},"url":"https:\/\/www.aridane.org\/city\/author\/corresponsal\/"}]}},"_links":{"self":[{"href":"https:\/\/www.aridane.org\/city\/wp-json\/wp\/v2\/posts\/5055","targetHints":{"allow":["GET"]}}],"collection":[{"href":"https:\/\/www.aridane.org\/city\/wp-json\/wp\/v2\/posts"}],"about":[{"href":"https:\/\/www.aridane.org\/city\/wp-json\/wp\/v2\/types\/post"}],"author":[{"embeddable":true,"href":"https:\/\/www.aridane.org\/city\/wp-json\/wp\/v2\/users\/4"}],"replies":[{"embeddable":true,"href":"https:\/\/www.aridane.org\/city\/wp-json\/wp\/v2\/comments?post=5055"}],"version-history":[{"count":1,"href":"https:\/\/www.aridane.org\/city\/wp-json\/wp\/v2\/posts\/5055\/revisions"}],"predecessor-version":[{"id":5057,"href":"https:\/\/www.aridane.org\/city\/wp-json\/wp\/v2\/posts\/5055\/revisions\/5057"}],"wp:featuredmedia":[{"embeddable":true,"href":"https:\/\/www.aridane.org\/city\/wp-json\/wp\/v2\/media\/5056"}],"wp:attachment":[{"href":"https:\/\/www.aridane.org\/city\/wp-json\/wp\/v2\/media?parent=5055"}],"wp:term":[{"taxonomy":"category","embeddable":true,"href":"https:\/\/www.aridane.org\/city\/wp-json\/wp\/v2\/categories?post=5055"},{"taxonomy":"post_tag","embeddable":true,"href":"https:\/\/www.aridane.org\/city\/wp-json\/wp\/v2\/tags?post=5055"}],"curies":[{"name":"wp","href":"https:\/\/api.w.org\/{rel}","templated":true}]}}