{"id":5058,"date":"2026-03-26T22:16:00","date_gmt":"2026-03-26T22:16:00","guid":{"rendered":"https:\/\/www.aridane.org\/city\/?p=5058"},"modified":"2026-03-29T11:17:10","modified_gmt":"2026-03-29T11:17:10","slug":"el-ayuntamiento-de-los-llanos-de-aridane-respalda-la-semana-santa-como-expresion-cultural-y-sena-de-identidad","status":"publish","type":"post","link":"https:\/\/www.aridane.org\/city\/2026\/03\/26\/el-ayuntamiento-de-los-llanos-de-aridane-respalda-la-semana-santa-como-expresion-cultural-y-sena-de-identidad\/","title":{"rendered":"El Ayuntamiento de Los Llanos de Aridane respalda la Semana Santa como expresi\u00f3n cultural y se\u00f1a de identidad"},"content":{"rendered":"<p><em>La instituci\u00f3n consolida su compromiso con una tradici\u00f3n que forma parte del legado hist\u00f3rico, cultural y social del municipio<\/em><!--more--><\/p>\n<p>El pleno del Ayuntamiento de Los Llanos de Aridane aprueba por unanimidad, este jueves, 26 de marzo, una moci\u00f3n institucional que refuerza el apoyo de la corporaci\u00f3n a la celebraci\u00f3n de la Semana Santa, reconoci\u00e9ndola como una manifestaci\u00f3n cultural y art\u00edstica de primer orden, estrechamente vinculada a la identidad del municipio.<\/p>\n<p>La moci\u00f3n pone el acento en la importancia de cuidar, preservar y acompa\u00f1ar una tradici\u00f3n que, m\u00e1s all\u00e1 de su dimensi\u00f3n religiosa, se consolida como una expresi\u00f3n colectiva que moviliza a cofrad\u00edas, voluntariado, colectivos y vecinos y vecinas, y que convierte el espacio p\u00fablico en un punto de encuentro para la ciudadan\u00eda.<\/p>\n<p>El alcalde, Javier Llamas, se\u00f1ala que \u201cla Semana Santa forma parte de lo que somos como municipio. Adem\u00e1s de una celebraci\u00f3n religiosa, tambi\u00e9n es una tradici\u00f3n que se vive en la calle, en las familias y en el trabajo de mucha gente\u201d. Asimismo, a\u00f1ade que \u201chablamos de una manifestaci\u00f3n que une generaciones, que tiene una enorme capacidad de emocionar y que debemos seguir cuidando entre todos, facilitando tambi\u00e9n la implicaci\u00f3n de la gente joven para garantizar su continuidad\u201d.<\/p>\n<p>En este sentido, el alcalde destaca que la Semana Santa \u201cno es solo un calendario de actos, sino una forma de encuentro y de convivencia, en la que el municipio cambia su ritmo y se reconoce a s\u00ed mismo\u201d, subrayando su valor como patrimonio vivo que combina historia, arte y participaci\u00f3n ciudadana.<\/p>\n<p>Entre los elementos que refuerzan ese valor patrimonial se encuentra la riqueza de la imaginer\u00eda presente en las procesiones. Ejemplo de ello es el Cristo de la Salud, una imagen del siglo XVI elaborada con t\u00e9cnica ind\u00edgena americana en pasta de ma\u00edz, considerada una de las piezas m\u00e1s antiguas de este tipo que se conservan en Canarias. M\u00e1s all\u00e1 de su relevancia art\u00edstica e hist\u00f3rica, se trata de una imagen profundamente vinculada a la memoria colectiva del municipio y que contin\u00faa despertando una notable devoci\u00f3n.<\/p>\n<p>En esta l\u00ednea, el Ayuntamiento pone en valor la coordinaci\u00f3n con la parroquia de Nuestra Se\u00f1ora de los Remedios, especialmente con el p\u00e1rroco don Rub\u00e9n Fagundo Garc\u00eda, as\u00ed como con todos los colectivos implicados, cuyo trabajo conjunto hace posible el desarrollo de los actos previstos durante estas fechas.<\/p>\n<p>La moci\u00f3n tambi\u00e9n realza el car\u00e1cter cultural y social de la Semana Santa, que trasciende lo estrictamente religioso y se configura como un atractivo para residentes y visitantes, contribuyendo a dinamizar el municipio y a reforzar su posicionamiento como un lugar con identidad y vida propia.<\/p>\n<p>El Ayuntamiento de Los Llanos de Aridane contin\u00faa impulsando iniciativas que contribuyen a la protecci\u00f3n, promoci\u00f3n y proyecci\u00f3n de esta tradici\u00f3n, en l\u00ednea con una estrategia que sit\u00faa en el centro el valor de lo propio como elemento de cohesi\u00f3n social y dinamizaci\u00f3n del territorio.<\/p>\n","protected":false},"excerpt":{"rendered":"<p>La instituci\u00f3n consolida su compromiso con una tradici\u00f3n que forma parte del legado hist\u00f3rico, cultural y social del municipio<\/p>\n","protected":false},"author":4,"featured_media":5059,"comment_status":"open","ping_status":"open","sticky":false,"template":"","format":"standard","meta":{"footnotes":""},"categories":[1],"tags":[],"class_list":["post-5058","post","type-post","status-publish","format-standard","has-post-thumbnail","hentry","category-sin-categoria"],"yoast_head":"<!-- This site is optimized with the Yoast SEO plugin v22.7 - https:\/\/yoast.com\/wordpress\/plugins\/seo\/ -->\n<title>El Ayuntamiento de Los Llanos de Aridane respalda la Semana Santa como expresi\u00f3n cultural y se\u00f1a de identidad - Ayuntamiento de Los Llanos de Aridane<\/title>\n<meta name=\"robots\" content=\"index, follow, max-snippet:-1, max-image-preview:large, max-video-preview:-1\" \/>\n<link rel=\"canonical\" href=\"https:\/\/www.aridane.org\/city\/2026\/03\/26\/el-ayuntamiento-de-los-llanos-de-aridane-respalda-la-semana-santa-como-expresion-cultural-y-sena-de-identidad\/\" \/>\n<meta property=\"og:locale\" content=\"es_ES\" \/>\n<meta property=\"og:type\" content=\"article\" \/>\n<meta property=\"og:title\" content=\"El Ayuntamiento de Los Llanos de Aridane respalda la Semana Santa como expresi\u00f3n cultural y se\u00f1a de identidad - Ayuntamiento de Los Llanos de Aridane\" \/>\n<meta property=\"og:description\" content=\"La instituci\u00f3n consolida su compromiso con una tradici\u00f3n que forma parte del legado hist\u00f3rico, cultural y social del municipio\" \/>\n<meta property=\"og:url\" content=\"https:\/\/www.aridane.org\/city\/2026\/03\/26\/el-ayuntamiento-de-los-llanos-de-aridane-respalda-la-semana-santa-como-expresion-cultural-y-sena-de-identidad\/\" \/>\n<meta property=\"og:site_name\" content=\"Ayuntamiento de Los Llanos de Aridane\" \/>\n<meta property=\"article:published_time\" content=\"2026-03-26T22:16:00+00:00\" \/>\n<meta property=\"article:modified_time\" content=\"2026-03-29T11:17:10+00:00\" \/>\n<meta property=\"og:image\" content=\"https:\/\/www.aridane.org\/city\/wp-content\/uploads\/2026\/03\/Semana-Santa-Mocion-Institucional-scaled.jpeg\" \/>\n\t<meta property=\"og:image:width\" content=\"2560\" \/>\n\t<meta property=\"og:image:height\" content=\"1920\" \/>\n\t<meta property=\"og:image:type\" content=\"image\/jpeg\" \/>\n<meta name=\"author\" content=\"Corresponsal\" \/>\n<meta name=\"twitter:card\" content=\"summary_large_image\" \/>\n<meta name=\"twitter:label1\" content=\"Escrito por\" \/>\n\t<meta name=\"twitter:data1\" content=\"Corresponsal\" \/>\n\t<meta name=\"twitter:label2\" content=\"Tiempo de lectura\" \/>\n\t<meta name=\"twitter:data2\" content=\"3 minutos\" \/>\n<script type=\"application\/ld+json\" class=\"yoast-schema-graph\">{\"@context\":\"https:\/\/schema.org\",\"@graph\":[{\"@type\":\"WebPage\",\"@id\":\"https:\/\/www.aridane.org\/city\/2026\/03\/26\/el-ayuntamiento-de-los-llanos-de-aridane-respalda-la-semana-santa-como-expresion-cultural-y-sena-de-identidad\/\",\"url\":\"https:\/\/www.aridane.org\/city\/2026\/03\/26\/el-ayuntamiento-de-los-llanos-de-aridane-respalda-la-semana-santa-como-expresion-cultural-y-sena-de-identidad\/\",\"name\":\"El Ayuntamiento de Los Llanos de Aridane respalda la Semana Santa como expresi\u00f3n cultural y se\u00f1a de identidad - Ayuntamiento de Los Llanos de Aridane\",\"isPartOf\":{\"@id\":\"https:\/\/www.aridane.org\/city\/#website\"},\"primaryImageOfPage\":{\"@id\":\"https:\/\/www.aridane.org\/city\/2026\/03\/26\/el-ayuntamiento-de-los-llanos-de-aridane-respalda-la-semana-santa-como-expresion-cultural-y-sena-de-identidad\/#primaryimage\"},\"image\":{\"@id\":\"https:\/\/www.aridane.org\/city\/2026\/03\/26\/el-ayuntamiento-de-los-llanos-de-aridane-respalda-la-semana-santa-como-expresion-cultural-y-sena-de-identidad\/#primaryimage\"},\"thumbnailUrl\":\"https:\/\/www.aridane.org\/city\/wp-content\/uploads\/2026\/03\/Semana-Santa-Mocion-Institucional-scaled.jpeg\",\"datePublished\":\"2026-03-26T22:16:00+00:00\",\"dateModified\":\"2026-03-29T11:17:10+00:00\",\"author\":{\"@id\":\"https:\/\/www.aridane.org\/city\/#\/schema\/person\/89ebd376b223dc94cc1dbcf200c8e6da\"},\"breadcrumb\":{\"@id\":\"https:\/\/www.aridane.org\/city\/2026\/03\/26\/el-ayuntamiento-de-los-llanos-de-aridane-respalda-la-semana-santa-como-expresion-cultural-y-sena-de-identidad\/#breadcrumb\"},\"inLanguage\":\"es\",\"potentialAction\":[{\"@type\":\"ReadAction\",\"target\":[\"https:\/\/www.aridane.org\/city\/2026\/03\/26\/el-ayuntamiento-de-los-llanos-de-aridane-respalda-la-semana-santa-como-expresion-cultural-y-sena-de-identidad\/\"]}]},{\"@type\":\"ImageObject\",\"inLanguage\":\"es\",\"@id\":\"https:\/\/www.aridane.org\/city\/2026\/03\/26\/el-ayuntamiento-de-los-llanos-de-aridane-respalda-la-semana-santa-como-expresion-cultural-y-sena-de-identidad\/#primaryimage\",\"url\":\"https:\/\/www.aridane.org\/city\/wp-content\/uploads\/2026\/03\/Semana-Santa-Mocion-Institucional-scaled.jpeg\",\"contentUrl\":\"https:\/\/www.aridane.org\/city\/wp-content\/uploads\/2026\/03\/Semana-Santa-Mocion-Institucional-scaled.jpeg\",\"width\":2560,\"height\":1920},{\"@type\":\"BreadcrumbList\",\"@id\":\"https:\/\/www.aridane.org\/city\/2026\/03\/26\/el-ayuntamiento-de-los-llanos-de-aridane-respalda-la-semana-santa-como-expresion-cultural-y-sena-de-identidad\/#breadcrumb\",\"itemListElement\":[{\"@type\":\"ListItem\",\"position\":1,\"name\":\"Portada\",\"item\":\"https:\/\/www.aridane.org\/city\/\"},{\"@type\":\"ListItem\",\"position\":2,\"name\":\"El Ayuntamiento de Los Llanos de Aridane respalda la Semana Santa como expresi\u00f3n cultural y se\u00f1a de identidad\"}]},{\"@type\":\"WebSite\",\"@id\":\"https:\/\/www.aridane.org\/city\/#website\",\"url\":\"https:\/\/www.aridane.org\/city\/\",\"name\":\"Ayuntamiento de Los Llanos de Aridane\",\"description\":\"\",\"potentialAction\":[{\"@type\":\"SearchAction\",\"target\":{\"@type\":\"EntryPoint\",\"urlTemplate\":\"https:\/\/www.aridane.org\/city\/?s={search_term_string}\"},\"query-input\":\"required name=search_term_string\"}],\"inLanguage\":\"es\"},{\"@type\":\"Person\",\"@id\":\"https:\/\/www.aridane.org\/city\/#\/schema\/person\/89ebd376b223dc94cc1dbcf200c8e6da\",\"name\":\"Corresponsal\",\"image\":{\"@type\":\"ImageObject\",\"inLanguage\":\"es\",\"@id\":\"https:\/\/www.aridane.org\/city\/#\/schema\/person\/image\/\",\"url\":\"https:\/\/secure.gravatar.com\/avatar\/1c476992411e4ccf153da63b2b2f5ea0bb4cb1c85f3ceab8512f04325ad5579c?s=96&d=mm&r=g\",\"contentUrl\":\"https:\/\/secure.gravatar.com\/avatar\/1c476992411e4ccf153da63b2b2f5ea0bb4cb1c85f3ceab8512f04325ad5579c?s=96&d=mm&r=g\",\"caption\":\"Corresponsal\"},\"url\":\"https:\/\/www.aridane.org\/city\/author\/corresponsal\/\"}]}<\/script>\n<!-- \/ Yoast SEO plugin. -->","yoast_head_json":{"title":"El Ayuntamiento de Los Llanos de Aridane respalda la Semana Santa como expresi\u00f3n cultural y se\u00f1a de identidad - Ayuntamiento de Los Llanos de Aridane","robots":{"index":"index","follow":"follow","max-snippet":"max-snippet:-1","max-image-preview":"max-image-preview:large","max-video-preview":"max-video-preview:-1"},"canonical":"https:\/\/www.aridane.org\/city\/2026\/03\/26\/el-ayuntamiento-de-los-llanos-de-aridane-respalda-la-semana-santa-como-expresion-cultural-y-sena-de-identidad\/","og_locale":"es_ES","og_type":"article","og_title":"El Ayuntamiento de Los Llanos de Aridane respalda la Semana Santa como expresi\u00f3n cultural y se\u00f1a de identidad - Ayuntamiento de Los Llanos de Aridane","og_description":"La instituci\u00f3n consolida su compromiso con una tradici\u00f3n que forma parte del legado hist\u00f3rico, cultural y social del municipio","og_url":"https:\/\/www.aridane.org\/city\/2026\/03\/26\/el-ayuntamiento-de-los-llanos-de-aridane-respalda-la-semana-santa-como-expresion-cultural-y-sena-de-identidad\/","og_site_name":"Ayuntamiento de Los Llanos de Aridane","article_published_time":"2026-03-26T22:16:00+00:00","article_modified_time":"2026-03-29T11:17:10+00:00","og_image":[{"width":2560,"height":1920,"url":"https:\/\/www.aridane.org\/city\/wp-content\/uploads\/2026\/03\/Semana-Santa-Mocion-Institucional-scaled.jpeg","type":"image\/jpeg"}],"author":"Corresponsal","twitter_card":"summary_large_image","twitter_misc":{"Escrito por":"Corresponsal","Tiempo de lectura":"3 minutos"},"schema":{"@context":"https:\/\/schema.org","@graph":[{"@type":"WebPage","@id":"https:\/\/www.aridane.org\/city\/2026\/03\/26\/el-ayuntamiento-de-los-llanos-de-aridane-respalda-la-semana-santa-como-expresion-cultural-y-sena-de-identidad\/","url":"https:\/\/www.aridane.org\/city\/2026\/03\/26\/el-ayuntamiento-de-los-llanos-de-aridane-respalda-la-semana-santa-como-expresion-cultural-y-sena-de-identidad\/","name":"El Ayuntamiento de Los Llanos de Aridane respalda la Semana Santa como expresi\u00f3n cultural y se\u00f1a de identidad - Ayuntamiento de Los Llanos de Aridane","isPartOf":{"@id":"https:\/\/www.aridane.org\/city\/#website"},"primaryImageOfPage":{"@id":"https:\/\/www.aridane.org\/city\/2026\/03\/26\/el-ayuntamiento-de-los-llanos-de-aridane-respalda-la-semana-santa-como-expresion-cultural-y-sena-de-identidad\/#primaryimage"},"image":{"@id":"https:\/\/www.aridane.org\/city\/2026\/03\/26\/el-ayuntamiento-de-los-llanos-de-aridane-respalda-la-semana-santa-como-expresion-cultural-y-sena-de-identidad\/#primaryimage"},"thumbnailUrl":"https:\/\/www.aridane.org\/city\/wp-content\/uploads\/2026\/03\/Semana-Santa-Mocion-Institucional-scaled.jpeg","datePublished":"2026-03-26T22:16:00+00:00","dateModified":"2026-03-29T11:17:10+00:00","author":{"@id":"https:\/\/www.aridane.org\/city\/#\/schema\/person\/89ebd376b223dc94cc1dbcf200c8e6da"},"breadcrumb":{"@id":"https:\/\/www.aridane.org\/city\/2026\/03\/26\/el-ayuntamiento-de-los-llanos-de-aridane-respalda-la-semana-santa-como-expresion-cultural-y-sena-de-identidad\/#breadcrumb"},"inLanguage":"es","potentialAction":[{"@type":"ReadAction","target":["https:\/\/www.aridane.org\/city\/2026\/03\/26\/el-ayuntamiento-de-los-llanos-de-aridane-respalda-la-semana-santa-como-expresion-cultural-y-sena-de-identidad\/"]}]},{"@type":"ImageObject","inLanguage":"es","@id":"https:\/\/www.aridane.org\/city\/2026\/03\/26\/el-ayuntamiento-de-los-llanos-de-aridane-respalda-la-semana-santa-como-expresion-cultural-y-sena-de-identidad\/#primaryimage","url":"https:\/\/www.aridane.org\/city\/wp-content\/uploads\/2026\/03\/Semana-Santa-Mocion-Institucional-scaled.jpeg","contentUrl":"https:\/\/www.aridane.org\/city\/wp-content\/uploads\/2026\/03\/Semana-Santa-Mocion-Institucional-scaled.jpeg","width":2560,"height":1920},{"@type":"BreadcrumbList","@id":"https:\/\/www.aridane.org\/city\/2026\/03\/26\/el-ayuntamiento-de-los-llanos-de-aridane-respalda-la-semana-santa-como-expresion-cultural-y-sena-de-identidad\/#breadcrumb","itemListElement":[{"@type":"ListItem","position":1,"name":"Portada","item":"https:\/\/www.aridane.org\/city\/"},{"@type":"ListItem","position":2,"name":"El Ayuntamiento de Los Llanos de Aridane respalda la Semana Santa como expresi\u00f3n cultural y se\u00f1a de identidad"}]},{"@type":"WebSite","@id":"https:\/\/www.aridane.org\/city\/#website","url":"https:\/\/www.aridane.org\/city\/","name":"Ayuntamiento de Los Llanos de Aridane","description":"","potentialAction":[{"@type":"SearchAction","target":{"@type":"EntryPoint","urlTemplate":"https:\/\/www.aridane.org\/city\/?s={search_term_string}"},"query-input":"required name=search_term_string"}],"inLanguage":"es"},{"@type":"Person","@id":"https:\/\/www.aridane.org\/city\/#\/schema\/person\/89ebd376b223dc94cc1dbcf200c8e6da","name":"Corresponsal","image":{"@type":"ImageObject","inLanguage":"es","@id":"https:\/\/www.aridane.org\/city\/#\/schema\/person\/image\/","url":"https:\/\/secure.gravatar.com\/avatar\/1c476992411e4ccf153da63b2b2f5ea0bb4cb1c85f3ceab8512f04325ad5579c?s=96&d=mm&r=g","contentUrl":"https:\/\/secure.gravatar.com\/avatar\/1c476992411e4ccf153da63b2b2f5ea0bb4cb1c85f3ceab8512f04325ad5579c?s=96&d=mm&r=g","caption":"Corresponsal"},"url":"https:\/\/www.aridane.org\/city\/author\/corresponsal\/"}]}},"_links":{"self":[{"href":"https:\/\/www.aridane.org\/city\/wp-json\/wp\/v2\/posts\/5058","targetHints":{"allow":["GET"]}}],"collection":[{"href":"https:\/\/www.aridane.org\/city\/wp-json\/wp\/v2\/posts"}],"about":[{"href":"https:\/\/www.aridane.org\/city\/wp-json\/wp\/v2\/types\/post"}],"author":[{"embeddable":true,"href":"https:\/\/www.aridane.org\/city\/wp-json\/wp\/v2\/users\/4"}],"replies":[{"embeddable":true,"href":"https:\/\/www.aridane.org\/city\/wp-json\/wp\/v2\/comments?post=5058"}],"version-history":[{"count":1,"href":"https:\/\/www.aridane.org\/city\/wp-json\/wp\/v2\/posts\/5058\/revisions"}],"predecessor-version":[{"id":5060,"href":"https:\/\/www.aridane.org\/city\/wp-json\/wp\/v2\/posts\/5058\/revisions\/5060"}],"wp:featuredmedia":[{"embeddable":true,"href":"https:\/\/www.aridane.org\/city\/wp-json\/wp\/v2\/media\/5059"}],"wp:attachment":[{"href":"https:\/\/www.aridane.org\/city\/wp-json\/wp\/v2\/media?parent=5058"}],"wp:term":[{"taxonomy":"category","embeddable":true,"href":"https:\/\/www.aridane.org\/city\/wp-json\/wp\/v2\/categories?post=5058"},{"taxonomy":"post_tag","embeddable":true,"href":"https:\/\/www.aridane.org\/city\/wp-json\/wp\/v2\/tags?post=5058"}],"curies":[{"name":"wp","href":"https:\/\/api.w.org\/{rel}","templated":true}]}}