{"id":5061,"date":"2026-03-18T11:17:40","date_gmt":"2026-03-18T11:17:40","guid":{"rendered":"https:\/\/www.aridane.org\/city\/?p=5061"},"modified":"2026-03-29T11:19:15","modified_gmt":"2026-03-29T11:19:15","slug":"el-ayuntamiento-de-los-llanos-de-aridane-activa-el-pemu-ante-la-alerta-meteorologica","status":"publish","type":"post","link":"https:\/\/www.aridane.org\/city\/2026\/03\/18\/el-ayuntamiento-de-los-llanos-de-aridane-activa-el-pemu-ante-la-alerta-meteorologica\/","title":{"rendered":"El Ayuntamiento de Los Llanos de Aridane activa el PEMU ante la alerta meteorol\u00f3gica"},"content":{"rendered":"<p><em>Desde ma\u00f1ana jueves se suspende toda la actividad municipal deportiva, cultural y extraescolar<\/em><\/p>\n<div id=\"v1forwardbody1\">\n<p>El Ayuntamiento de Los Llanos de Aridane activa el Plan de Emergencias Municipal (PEMU) ante la alerta declarada por el Gobierno de Canarias por fen\u00f3menos meteorol\u00f3gicos adversos que afectan a todo el archipi\u00e9lago. La situaci\u00f3n incluye alerta por fen\u00f3menos costeros, lluvias y vientos, as\u00ed como prealerta por riesgo de inundaciones y tormentas, seg\u00fan la informaci\u00f3n facilitada por la Direcci\u00f3n General de Seguridad y Emergencias del Gobierno de Canarias.<\/p>\n<p>El alcalde, Javier Llamas, transmite un mensaje de tranquilidad a la ciudadan\u00eda y pone en valor la coordinaci\u00f3n activa entre los servicios municipales, la Polic\u00eda Local y Protecci\u00f3n Civil para hacer frente a la situaci\u00f3n.<\/p>\n<p>\u201cEstamos trabajando de forma coordinada y preventiva para garantizar la seguridad de nuestros vecinos y vecinas. Pedimos prudencia, seguir las recomendaciones oficiales y evitar desplazamientos innecesarios mientras se mantenga esta situaci\u00f3n\u201d, se\u00f1ala Llamas.<\/p>\n<p>En concreto, el Ayuntamiento suspende desde las 00:00 horas del jueves, 19 de marzo, toda la actividad municipal deportiva, cultural, extraescolar y cualquier otra que pueda resultar incompatible con la situaci\u00f3n de alerta.\u00a0 \ufffc<\/p>\n<p>Asimismo, se recomienda a la ciudadan\u00eda seguir en todo momento las indicaciones de las autoridades, evitar desplazamientos innecesarios y extremar la precauci\u00f3n, especialmente en zonas susceptibles de inundaci\u00f3n o en condiciones de viento y lluvia intensa.\u00a0 \ufffc<\/p>\n<p>Tambi\u00e9n se insiste en la importancia de revisar viviendas y desag\u00fces, asegurar puertas y ventanas, as\u00ed como no estacionar en cauces de barrancos.\u00a0 \ufffc<\/p>\n<p>El PEMU permanecer\u00e1 activo mientras contin\u00faen vigentes las alertas declaradas por el Gobierno de Canarias, garantizando una respuesta coordinada ante cualquier empeoramiento de las condiciones meteorol\u00f3gicas.\u00a0 \ufffc<\/p>\n<p>En caso de emergencia, se debe contactar con el 112, mientras que para informaci\u00f3n general se mantiene disponible el 012.<\/p>\n<\/div>\n","protected":false},"excerpt":{"rendered":"<p>Desde ma\u00f1ana jueves se suspende toda la actividad municipal deportiva, cultural y extraescolar El Ayuntamiento de Los Llanos de Aridane activa el Plan de Emergencias Municipal (PEMU) ante la alerta declarada por el Gobierno de Canarias por fen\u00f3menos meteorol\u00f3gicos adversos que afectan a todo el&#8230;<\/p>\n","protected":false},"author":4,"featured_media":2076,"comment_status":"open","ping_status":"open","sticky":false,"template":"","format":"standard","meta":{"footnotes":""},"categories":[1],"tags":[],"class_list":["post-5061","post","type-post","status-publish","format-standard","has-post-thumbnail","hentry","category-sin-categoria"],"yoast_head":"<!-- This site is optimized with the Yoast SEO plugin v22.7 - https:\/\/yoast.com\/wordpress\/plugins\/seo\/ -->\n<title>El Ayuntamiento de Los Llanos de Aridane activa el PEMU ante la alerta meteorol\u00f3gica - Ayuntamiento de Los Llanos de Aridane<\/title>\n<meta name=\"robots\" content=\"index, follow, max-snippet:-1, max-image-preview:large, max-video-preview:-1\" \/>\n<link rel=\"canonical\" href=\"https:\/\/www.aridane.org\/city\/2026\/03\/18\/el-ayuntamiento-de-los-llanos-de-aridane-activa-el-pemu-ante-la-alerta-meteorologica\/\" \/>\n<meta property=\"og:locale\" content=\"es_ES\" \/>\n<meta property=\"og:type\" content=\"article\" \/>\n<meta property=\"og:title\" content=\"El Ayuntamiento de Los Llanos de Aridane activa el PEMU ante la alerta meteorol\u00f3gica - Ayuntamiento de Los Llanos de Aridane\" \/>\n<meta property=\"og:description\" content=\"Desde ma\u00f1ana jueves se suspende toda la actividad municipal deportiva, cultural y extraescolar El Ayuntamiento de Los Llanos de Aridane activa el Plan de Emergencias Municipal (PEMU) ante la alerta declarada por el Gobierno de Canarias por fen\u00f3menos meteorol\u00f3gicos adversos que afectan a todo el...\" \/>\n<meta property=\"og:url\" content=\"https:\/\/www.aridane.org\/city\/2026\/03\/18\/el-ayuntamiento-de-los-llanos-de-aridane-activa-el-pemu-ante-la-alerta-meteorologica\/\" \/>\n<meta property=\"og:site_name\" content=\"Ayuntamiento de Los Llanos de Aridane\" \/>\n<meta property=\"article:published_time\" content=\"2026-03-18T11:17:40+00:00\" \/>\n<meta property=\"article:modified_time\" content=\"2026-03-29T11:19:15+00:00\" \/>\n<meta property=\"og:image\" content=\"https:\/\/www.aridane.org\/city\/wp-content\/uploads\/2023\/06\/Ayuntamiento-2.jpg\" \/>\n\t<meta property=\"og:image:width\" content=\"1024\" \/>\n\t<meta property=\"og:image:height\" content=\"768\" \/>\n\t<meta property=\"og:image:type\" content=\"image\/jpeg\" \/>\n<meta name=\"author\" content=\"Corresponsal\" \/>\n<meta name=\"twitter:card\" content=\"summary_large_image\" \/>\n<meta name=\"twitter:label1\" content=\"Escrito por\" \/>\n\t<meta name=\"twitter:data1\" content=\"Corresponsal\" \/>\n\t<meta name=\"twitter:label2\" content=\"Tiempo de lectura\" \/>\n\t<meta name=\"twitter:data2\" content=\"2 minutos\" \/>\n<script type=\"application\/ld+json\" class=\"yoast-schema-graph\">{\"@context\":\"https:\/\/schema.org\",\"@graph\":[{\"@type\":\"WebPage\",\"@id\":\"https:\/\/www.aridane.org\/city\/2026\/03\/18\/el-ayuntamiento-de-los-llanos-de-aridane-activa-el-pemu-ante-la-alerta-meteorologica\/\",\"url\":\"https:\/\/www.aridane.org\/city\/2026\/03\/18\/el-ayuntamiento-de-los-llanos-de-aridane-activa-el-pemu-ante-la-alerta-meteorologica\/\",\"name\":\"El Ayuntamiento de Los Llanos de Aridane activa el PEMU ante la alerta meteorol\u00f3gica - Ayuntamiento de Los Llanos de Aridane\",\"isPartOf\":{\"@id\":\"https:\/\/www.aridane.org\/city\/#website\"},\"primaryImageOfPage\":{\"@id\":\"https:\/\/www.aridane.org\/city\/2026\/03\/18\/el-ayuntamiento-de-los-llanos-de-aridane-activa-el-pemu-ante-la-alerta-meteorologica\/#primaryimage\"},\"image\":{\"@id\":\"https:\/\/www.aridane.org\/city\/2026\/03\/18\/el-ayuntamiento-de-los-llanos-de-aridane-activa-el-pemu-ante-la-alerta-meteorologica\/#primaryimage\"},\"thumbnailUrl\":\"https:\/\/www.aridane.org\/city\/wp-content\/uploads\/2023\/06\/Ayuntamiento-2.jpg\",\"datePublished\":\"2026-03-18T11:17:40+00:00\",\"dateModified\":\"2026-03-29T11:19:15+00:00\",\"author\":{\"@id\":\"https:\/\/www.aridane.org\/city\/#\/schema\/person\/89ebd376b223dc94cc1dbcf200c8e6da\"},\"breadcrumb\":{\"@id\":\"https:\/\/www.aridane.org\/city\/2026\/03\/18\/el-ayuntamiento-de-los-llanos-de-aridane-activa-el-pemu-ante-la-alerta-meteorologica\/#breadcrumb\"},\"inLanguage\":\"es\",\"potentialAction\":[{\"@type\":\"ReadAction\",\"target\":[\"https:\/\/www.aridane.org\/city\/2026\/03\/18\/el-ayuntamiento-de-los-llanos-de-aridane-activa-el-pemu-ante-la-alerta-meteorologica\/\"]}]},{\"@type\":\"ImageObject\",\"inLanguage\":\"es\",\"@id\":\"https:\/\/www.aridane.org\/city\/2026\/03\/18\/el-ayuntamiento-de-los-llanos-de-aridane-activa-el-pemu-ante-la-alerta-meteorologica\/#primaryimage\",\"url\":\"https:\/\/www.aridane.org\/city\/wp-content\/uploads\/2023\/06\/Ayuntamiento-2.jpg\",\"contentUrl\":\"https:\/\/www.aridane.org\/city\/wp-content\/uploads\/2023\/06\/Ayuntamiento-2.jpg\",\"width\":1024,\"height\":768},{\"@type\":\"BreadcrumbList\",\"@id\":\"https:\/\/www.aridane.org\/city\/2026\/03\/18\/el-ayuntamiento-de-los-llanos-de-aridane-activa-el-pemu-ante-la-alerta-meteorologica\/#breadcrumb\",\"itemListElement\":[{\"@type\":\"ListItem\",\"position\":1,\"name\":\"Portada\",\"item\":\"https:\/\/www.aridane.org\/city\/\"},{\"@type\":\"ListItem\",\"position\":2,\"name\":\"El Ayuntamiento de Los Llanos de Aridane activa el PEMU ante la alerta meteorol\u00f3gica\"}]},{\"@type\":\"WebSite\",\"@id\":\"https:\/\/www.aridane.org\/city\/#website\",\"url\":\"https:\/\/www.aridane.org\/city\/\",\"name\":\"Ayuntamiento de Los Llanos de Aridane\",\"description\":\"\",\"potentialAction\":[{\"@type\":\"SearchAction\",\"target\":{\"@type\":\"EntryPoint\",\"urlTemplate\":\"https:\/\/www.aridane.org\/city\/?s={search_term_string}\"},\"query-input\":\"required name=search_term_string\"}],\"inLanguage\":\"es\"},{\"@type\":\"Person\",\"@id\":\"https:\/\/www.aridane.org\/city\/#\/schema\/person\/89ebd376b223dc94cc1dbcf200c8e6da\",\"name\":\"Corresponsal\",\"image\":{\"@type\":\"ImageObject\",\"inLanguage\":\"es\",\"@id\":\"https:\/\/www.aridane.org\/city\/#\/schema\/person\/image\/\",\"url\":\"https:\/\/secure.gravatar.com\/avatar\/1c476992411e4ccf153da63b2b2f5ea0bb4cb1c85f3ceab8512f04325ad5579c?s=96&d=mm&r=g\",\"contentUrl\":\"https:\/\/secure.gravatar.com\/avatar\/1c476992411e4ccf153da63b2b2f5ea0bb4cb1c85f3ceab8512f04325ad5579c?s=96&d=mm&r=g\",\"caption\":\"Corresponsal\"},\"url\":\"https:\/\/www.aridane.org\/city\/author\/corresponsal\/\"}]}<\/script>\n<!-- \/ Yoast SEO plugin. -->","yoast_head_json":{"title":"El Ayuntamiento de Los Llanos de Aridane activa el PEMU ante la alerta meteorol\u00f3gica - Ayuntamiento de Los Llanos de Aridane","robots":{"index":"index","follow":"follow","max-snippet":"max-snippet:-1","max-image-preview":"max-image-preview:large","max-video-preview":"max-video-preview:-1"},"canonical":"https:\/\/www.aridane.org\/city\/2026\/03\/18\/el-ayuntamiento-de-los-llanos-de-aridane-activa-el-pemu-ante-la-alerta-meteorologica\/","og_locale":"es_ES","og_type":"article","og_title":"El Ayuntamiento de Los Llanos de Aridane activa el PEMU ante la alerta meteorol\u00f3gica - Ayuntamiento de Los Llanos de Aridane","og_description":"Desde ma\u00f1ana jueves se suspende toda la actividad municipal deportiva, cultural y extraescolar El Ayuntamiento de Los Llanos de Aridane activa el Plan de Emergencias Municipal (PEMU) ante la alerta declarada por el Gobierno de Canarias por fen\u00f3menos meteorol\u00f3gicos adversos que afectan a todo el...","og_url":"https:\/\/www.aridane.org\/city\/2026\/03\/18\/el-ayuntamiento-de-los-llanos-de-aridane-activa-el-pemu-ante-la-alerta-meteorologica\/","og_site_name":"Ayuntamiento de Los Llanos de Aridane","article_published_time":"2026-03-18T11:17:40+00:00","article_modified_time":"2026-03-29T11:19:15+00:00","og_image":[{"width":1024,"height":768,"url":"https:\/\/www.aridane.org\/city\/wp-content\/uploads\/2023\/06\/Ayuntamiento-2.jpg","type":"image\/jpeg"}],"author":"Corresponsal","twitter_card":"summary_large_image","twitter_misc":{"Escrito por":"Corresponsal","Tiempo de lectura":"2 minutos"},"schema":{"@context":"https:\/\/schema.org","@graph":[{"@type":"WebPage","@id":"https:\/\/www.aridane.org\/city\/2026\/03\/18\/el-ayuntamiento-de-los-llanos-de-aridane-activa-el-pemu-ante-la-alerta-meteorologica\/","url":"https:\/\/www.aridane.org\/city\/2026\/03\/18\/el-ayuntamiento-de-los-llanos-de-aridane-activa-el-pemu-ante-la-alerta-meteorologica\/","name":"El Ayuntamiento de Los Llanos de Aridane activa el PEMU ante la alerta meteorol\u00f3gica - Ayuntamiento de Los Llanos de Aridane","isPartOf":{"@id":"https:\/\/www.aridane.org\/city\/#website"},"primaryImageOfPage":{"@id":"https:\/\/www.aridane.org\/city\/2026\/03\/18\/el-ayuntamiento-de-los-llanos-de-aridane-activa-el-pemu-ante-la-alerta-meteorologica\/#primaryimage"},"image":{"@id":"https:\/\/www.aridane.org\/city\/2026\/03\/18\/el-ayuntamiento-de-los-llanos-de-aridane-activa-el-pemu-ante-la-alerta-meteorologica\/#primaryimage"},"thumbnailUrl":"https:\/\/www.aridane.org\/city\/wp-content\/uploads\/2023\/06\/Ayuntamiento-2.jpg","datePublished":"2026-03-18T11:17:40+00:00","dateModified":"2026-03-29T11:19:15+00:00","author":{"@id":"https:\/\/www.aridane.org\/city\/#\/schema\/person\/89ebd376b223dc94cc1dbcf200c8e6da"},"breadcrumb":{"@id":"https:\/\/www.aridane.org\/city\/2026\/03\/18\/el-ayuntamiento-de-los-llanos-de-aridane-activa-el-pemu-ante-la-alerta-meteorologica\/#breadcrumb"},"inLanguage":"es","potentialAction":[{"@type":"ReadAction","target":["https:\/\/www.aridane.org\/city\/2026\/03\/18\/el-ayuntamiento-de-los-llanos-de-aridane-activa-el-pemu-ante-la-alerta-meteorologica\/"]}]},{"@type":"ImageObject","inLanguage":"es","@id":"https:\/\/www.aridane.org\/city\/2026\/03\/18\/el-ayuntamiento-de-los-llanos-de-aridane-activa-el-pemu-ante-la-alerta-meteorologica\/#primaryimage","url":"https:\/\/www.aridane.org\/city\/wp-content\/uploads\/2023\/06\/Ayuntamiento-2.jpg","contentUrl":"https:\/\/www.aridane.org\/city\/wp-content\/uploads\/2023\/06\/Ayuntamiento-2.jpg","width":1024,"height":768},{"@type":"BreadcrumbList","@id":"https:\/\/www.aridane.org\/city\/2026\/03\/18\/el-ayuntamiento-de-los-llanos-de-aridane-activa-el-pemu-ante-la-alerta-meteorologica\/#breadcrumb","itemListElement":[{"@type":"ListItem","position":1,"name":"Portada","item":"https:\/\/www.aridane.org\/city\/"},{"@type":"ListItem","position":2,"name":"El Ayuntamiento de Los Llanos de Aridane activa el PEMU ante la alerta meteorol\u00f3gica"}]},{"@type":"WebSite","@id":"https:\/\/www.aridane.org\/city\/#website","url":"https:\/\/www.aridane.org\/city\/","name":"Ayuntamiento de Los Llanos de Aridane","description":"","potentialAction":[{"@type":"SearchAction","target":{"@type":"EntryPoint","urlTemplate":"https:\/\/www.aridane.org\/city\/?s={search_term_string}"},"query-input":"required name=search_term_string"}],"inLanguage":"es"},{"@type":"Person","@id":"https:\/\/www.aridane.org\/city\/#\/schema\/person\/89ebd376b223dc94cc1dbcf200c8e6da","name":"Corresponsal","image":{"@type":"ImageObject","inLanguage":"es","@id":"https:\/\/www.aridane.org\/city\/#\/schema\/person\/image\/","url":"https:\/\/secure.gravatar.com\/avatar\/1c476992411e4ccf153da63b2b2f5ea0bb4cb1c85f3ceab8512f04325ad5579c?s=96&d=mm&r=g","contentUrl":"https:\/\/secure.gravatar.com\/avatar\/1c476992411e4ccf153da63b2b2f5ea0bb4cb1c85f3ceab8512f04325ad5579c?s=96&d=mm&r=g","caption":"Corresponsal"},"url":"https:\/\/www.aridane.org\/city\/author\/corresponsal\/"}]}},"_links":{"self":[{"href":"https:\/\/www.aridane.org\/city\/wp-json\/wp\/v2\/posts\/5061","targetHints":{"allow":["GET"]}}],"collection":[{"href":"https:\/\/www.aridane.org\/city\/wp-json\/wp\/v2\/posts"}],"about":[{"href":"https:\/\/www.aridane.org\/city\/wp-json\/wp\/v2\/types\/post"}],"author":[{"embeddable":true,"href":"https:\/\/www.aridane.org\/city\/wp-json\/wp\/v2\/users\/4"}],"replies":[{"embeddable":true,"href":"https:\/\/www.aridane.org\/city\/wp-json\/wp\/v2\/comments?post=5061"}],"version-history":[{"count":1,"href":"https:\/\/www.aridane.org\/city\/wp-json\/wp\/v2\/posts\/5061\/revisions"}],"predecessor-version":[{"id":5062,"href":"https:\/\/www.aridane.org\/city\/wp-json\/wp\/v2\/posts\/5061\/revisions\/5062"}],"wp:featuredmedia":[{"embeddable":true,"href":"https:\/\/www.aridane.org\/city\/wp-json\/wp\/v2\/media\/2076"}],"wp:attachment":[{"href":"https:\/\/www.aridane.org\/city\/wp-json\/wp\/v2\/media?parent=5061"}],"wp:term":[{"taxonomy":"category","embeddable":true,"href":"https:\/\/www.aridane.org\/city\/wp-json\/wp\/v2\/categories?post=5061"},{"taxonomy":"post_tag","embeddable":true,"href":"https:\/\/www.aridane.org\/city\/wp-json\/wp\/v2\/tags?post=5061"}],"curies":[{"name":"wp","href":"https:\/\/api.w.org\/{rel}","templated":true}]}}