{"id":5063,"date":"2026-03-24T11:19:38","date_gmt":"2026-03-24T11:19:38","guid":{"rendered":"https:\/\/www.aridane.org\/city\/?p=5063"},"modified":"2026-03-29T11:20:27","modified_gmt":"2026-03-29T11:20:27","slug":"el-ayuntamiento-de-los-llanos-de-aridane-mantiene-activado-el-pemu-ante-la-prevision-de-lluvias-intensas-y-viento","status":"publish","type":"post","link":"https:\/\/www.aridane.org\/city\/2026\/03\/24\/el-ayuntamiento-de-los-llanos-de-aridane-mantiene-activado-el-pemu-ante-la-prevision-de-lluvias-intensas-y-viento\/","title":{"rendered":"El Ayuntamiento de Los Llanos de Aridane mantiene activado el PEMU ante la previsi\u00f3n de lluvias intensas y viento"},"content":{"rendered":"<p><em>La actividad municipal deportiva, cultural y extraescolar contin\u00faa suspendida<\/em><!--more--><\/p>\n<div id=\"v1forwardbody1\">\n<p>El Ayuntamiento de Los Llanos de Aridane mantiene activado el Plan de Emergencia Municipal y Protecci\u00f3n Civil (PEMU) ante la previsi\u00f3n de lluvias intensas, viento y posibles fen\u00f3menos asociados derivados de la situaci\u00f3n meteorol\u00f3gica que afecta a Canarias.<\/p>\n<p>La actualizaci\u00f3n del plan responde a la evoluci\u00f3n de la borrasca, que sit\u00faa a las islas en un escenario de inestabilidad, con precipitaciones intensas y persistentes que pueden superar los 100 mm en 12 horas y alcanzar acumulados a\u00fan mayores en algunos puntos de La Palma, especialmente en el norte y este de la isla . Adem\u00e1s, se prev\u00e9n rachas de viento que pueden superar los 90 km\/h en zonas de cumbre.<\/p>\n<p>En este contexto, el Ayuntamiento mantiene la suspensi\u00f3n de la actividad municipal deportiva, cultural y extraescolar con el objetivo de garantizar la seguridad de la poblaci\u00f3n.<\/p>\n<p>El alcalde de Los Llanos de Aridane, Javier Llamas, se\u00f1ala que \u201clo m\u00e1s importante en estos momentos es la seguridad de la ciudadan\u00eda, por eso mantenemos activado el PEMU y todas las medidas preventivas necesarias\u201d. En este sentido, insiste en apelar \u201ca la responsabilidad individual y colectiva para evitar riesgos innecesarios y facilitar el trabajo de los servicios de emergencia\u201d.<\/p>\n<p>El PEMU contempla la adopci\u00f3n de medidas preventivas y de actuaci\u00f3n dirigidas a minimizar los riesgos, entre ellas evitar estacionar en cauces de barrancos, asegurar viviendas, revisar desag\u00fces y extremar la precauci\u00f3n en carretera.<\/p>\n<p>El Ayuntamiento recuerda la importancia de seguir en todo momento las indicaciones de los servicios de emergencia y mantenerse informado a trav\u00e9s de los canales oficiales. En caso de emergencia, la ciudadan\u00eda debe llamar al 112.<\/p>\n<\/div>\n","protected":false},"excerpt":{"rendered":"<p>La actividad municipal deportiva, cultural y extraescolar contin\u00faa suspendida<\/p>\n","protected":false},"author":4,"featured_media":2787,"comment_status":"open","ping_status":"open","sticky":false,"template":"","format":"standard","meta":{"footnotes":""},"categories":[1],"tags":[],"class_list":["post-5063","post","type-post","status-publish","format-standard","has-post-thumbnail","hentry","category-sin-categoria"],"yoast_head":"<!-- This site is optimized with the Yoast SEO plugin v22.7 - https:\/\/yoast.com\/wordpress\/plugins\/seo\/ -->\n<title>El Ayuntamiento de Los Llanos de Aridane mantiene activado el PEMU ante la previsi\u00f3n de lluvias intensas y viento - Ayuntamiento de Los Llanos de Aridane<\/title>\n<meta name=\"robots\" content=\"index, follow, max-snippet:-1, max-image-preview:large, max-video-preview:-1\" \/>\n<link rel=\"canonical\" href=\"https:\/\/www.aridane.org\/city\/2026\/03\/24\/el-ayuntamiento-de-los-llanos-de-aridane-mantiene-activado-el-pemu-ante-la-prevision-de-lluvias-intensas-y-viento\/\" \/>\n<meta property=\"og:locale\" content=\"es_ES\" \/>\n<meta property=\"og:type\" content=\"article\" \/>\n<meta property=\"og:title\" content=\"El Ayuntamiento de Los Llanos de Aridane mantiene activado el PEMU ante la previsi\u00f3n de lluvias intensas y viento - Ayuntamiento de Los Llanos de Aridane\" \/>\n<meta property=\"og:description\" content=\"La actividad municipal deportiva, cultural y extraescolar contin\u00faa suspendida\" \/>\n<meta property=\"og:url\" content=\"https:\/\/www.aridane.org\/city\/2026\/03\/24\/el-ayuntamiento-de-los-llanos-de-aridane-mantiene-activado-el-pemu-ante-la-prevision-de-lluvias-intensas-y-viento\/\" \/>\n<meta property=\"og:site_name\" content=\"Ayuntamiento de Los Llanos de Aridane\" \/>\n<meta property=\"article:published_time\" content=\"2026-03-24T11:19:38+00:00\" \/>\n<meta property=\"article:modified_time\" content=\"2026-03-29T11:20:27+00:00\" \/>\n<meta property=\"og:image\" content=\"https:\/\/www.aridane.org\/city\/wp-content\/uploads\/2023\/09\/Javier-Llamas.jpeg\" \/>\n\t<meta property=\"og:image:width\" content=\"1024\" \/>\n\t<meta property=\"og:image:height\" content=\"683\" \/>\n\t<meta property=\"og:image:type\" content=\"image\/jpeg\" \/>\n<meta name=\"author\" content=\"Corresponsal\" \/>\n<meta name=\"twitter:card\" content=\"summary_large_image\" \/>\n<meta name=\"twitter:label1\" content=\"Escrito por\" \/>\n\t<meta name=\"twitter:data1\" content=\"Corresponsal\" \/>\n\t<meta name=\"twitter:label2\" content=\"Tiempo de lectura\" \/>\n\t<meta name=\"twitter:data2\" content=\"2 minutos\" \/>\n<script type=\"application\/ld+json\" class=\"yoast-schema-graph\">{\"@context\":\"https:\/\/schema.org\",\"@graph\":[{\"@type\":\"WebPage\",\"@id\":\"https:\/\/www.aridane.org\/city\/2026\/03\/24\/el-ayuntamiento-de-los-llanos-de-aridane-mantiene-activado-el-pemu-ante-la-prevision-de-lluvias-intensas-y-viento\/\",\"url\":\"https:\/\/www.aridane.org\/city\/2026\/03\/24\/el-ayuntamiento-de-los-llanos-de-aridane-mantiene-activado-el-pemu-ante-la-prevision-de-lluvias-intensas-y-viento\/\",\"name\":\"El Ayuntamiento de Los Llanos de Aridane mantiene activado el PEMU ante la previsi\u00f3n de lluvias intensas y viento - Ayuntamiento de Los Llanos de Aridane\",\"isPartOf\":{\"@id\":\"https:\/\/www.aridane.org\/city\/#website\"},\"primaryImageOfPage\":{\"@id\":\"https:\/\/www.aridane.org\/city\/2026\/03\/24\/el-ayuntamiento-de-los-llanos-de-aridane-mantiene-activado-el-pemu-ante-la-prevision-de-lluvias-intensas-y-viento\/#primaryimage\"},\"image\":{\"@id\":\"https:\/\/www.aridane.org\/city\/2026\/03\/24\/el-ayuntamiento-de-los-llanos-de-aridane-mantiene-activado-el-pemu-ante-la-prevision-de-lluvias-intensas-y-viento\/#primaryimage\"},\"thumbnailUrl\":\"https:\/\/www.aridane.org\/city\/wp-content\/uploads\/2023\/09\/Javier-Llamas.jpeg\",\"datePublished\":\"2026-03-24T11:19:38+00:00\",\"dateModified\":\"2026-03-29T11:20:27+00:00\",\"author\":{\"@id\":\"https:\/\/www.aridane.org\/city\/#\/schema\/person\/89ebd376b223dc94cc1dbcf200c8e6da\"},\"breadcrumb\":{\"@id\":\"https:\/\/www.aridane.org\/city\/2026\/03\/24\/el-ayuntamiento-de-los-llanos-de-aridane-mantiene-activado-el-pemu-ante-la-prevision-de-lluvias-intensas-y-viento\/#breadcrumb\"},\"inLanguage\":\"es\",\"potentialAction\":[{\"@type\":\"ReadAction\",\"target\":[\"https:\/\/www.aridane.org\/city\/2026\/03\/24\/el-ayuntamiento-de-los-llanos-de-aridane-mantiene-activado-el-pemu-ante-la-prevision-de-lluvias-intensas-y-viento\/\"]}]},{\"@type\":\"ImageObject\",\"inLanguage\":\"es\",\"@id\":\"https:\/\/www.aridane.org\/city\/2026\/03\/24\/el-ayuntamiento-de-los-llanos-de-aridane-mantiene-activado-el-pemu-ante-la-prevision-de-lluvias-intensas-y-viento\/#primaryimage\",\"url\":\"https:\/\/www.aridane.org\/city\/wp-content\/uploads\/2023\/09\/Javier-Llamas.jpeg\",\"contentUrl\":\"https:\/\/www.aridane.org\/city\/wp-content\/uploads\/2023\/09\/Javier-Llamas.jpeg\",\"width\":1024,\"height\":683},{\"@type\":\"BreadcrumbList\",\"@id\":\"https:\/\/www.aridane.org\/city\/2026\/03\/24\/el-ayuntamiento-de-los-llanos-de-aridane-mantiene-activado-el-pemu-ante-la-prevision-de-lluvias-intensas-y-viento\/#breadcrumb\",\"itemListElement\":[{\"@type\":\"ListItem\",\"position\":1,\"name\":\"Portada\",\"item\":\"https:\/\/www.aridane.org\/city\/\"},{\"@type\":\"ListItem\",\"position\":2,\"name\":\"El Ayuntamiento de Los Llanos de Aridane mantiene activado el PEMU ante la previsi\u00f3n de lluvias intensas y viento\"}]},{\"@type\":\"WebSite\",\"@id\":\"https:\/\/www.aridane.org\/city\/#website\",\"url\":\"https:\/\/www.aridane.org\/city\/\",\"name\":\"Ayuntamiento de Los Llanos de Aridane\",\"description\":\"\",\"potentialAction\":[{\"@type\":\"SearchAction\",\"target\":{\"@type\":\"EntryPoint\",\"urlTemplate\":\"https:\/\/www.aridane.org\/city\/?s={search_term_string}\"},\"query-input\":\"required name=search_term_string\"}],\"inLanguage\":\"es\"},{\"@type\":\"Person\",\"@id\":\"https:\/\/www.aridane.org\/city\/#\/schema\/person\/89ebd376b223dc94cc1dbcf200c8e6da\",\"name\":\"Corresponsal\",\"image\":{\"@type\":\"ImageObject\",\"inLanguage\":\"es\",\"@id\":\"https:\/\/www.aridane.org\/city\/#\/schema\/person\/image\/\",\"url\":\"https:\/\/secure.gravatar.com\/avatar\/1c476992411e4ccf153da63b2b2f5ea0bb4cb1c85f3ceab8512f04325ad5579c?s=96&d=mm&r=g\",\"contentUrl\":\"https:\/\/secure.gravatar.com\/avatar\/1c476992411e4ccf153da63b2b2f5ea0bb4cb1c85f3ceab8512f04325ad5579c?s=96&d=mm&r=g\",\"caption\":\"Corresponsal\"},\"url\":\"https:\/\/www.aridane.org\/city\/author\/corresponsal\/\"}]}<\/script>\n<!-- \/ Yoast SEO plugin. -->","yoast_head_json":{"title":"El Ayuntamiento de Los Llanos de Aridane mantiene activado el PEMU ante la previsi\u00f3n de lluvias intensas y viento - Ayuntamiento de Los Llanos de Aridane","robots":{"index":"index","follow":"follow","max-snippet":"max-snippet:-1","max-image-preview":"max-image-preview:large","max-video-preview":"max-video-preview:-1"},"canonical":"https:\/\/www.aridane.org\/city\/2026\/03\/24\/el-ayuntamiento-de-los-llanos-de-aridane-mantiene-activado-el-pemu-ante-la-prevision-de-lluvias-intensas-y-viento\/","og_locale":"es_ES","og_type":"article","og_title":"El Ayuntamiento de Los Llanos de Aridane mantiene activado el PEMU ante la previsi\u00f3n de lluvias intensas y viento - Ayuntamiento de Los Llanos de Aridane","og_description":"La actividad municipal deportiva, cultural y extraescolar contin\u00faa suspendida","og_url":"https:\/\/www.aridane.org\/city\/2026\/03\/24\/el-ayuntamiento-de-los-llanos-de-aridane-mantiene-activado-el-pemu-ante-la-prevision-de-lluvias-intensas-y-viento\/","og_site_name":"Ayuntamiento de Los Llanos de Aridane","article_published_time":"2026-03-24T11:19:38+00:00","article_modified_time":"2026-03-29T11:20:27+00:00","og_image":[{"width":1024,"height":683,"url":"https:\/\/www.aridane.org\/city\/wp-content\/uploads\/2023\/09\/Javier-Llamas.jpeg","type":"image\/jpeg"}],"author":"Corresponsal","twitter_card":"summary_large_image","twitter_misc":{"Escrito por":"Corresponsal","Tiempo de lectura":"2 minutos"},"schema":{"@context":"https:\/\/schema.org","@graph":[{"@type":"WebPage","@id":"https:\/\/www.aridane.org\/city\/2026\/03\/24\/el-ayuntamiento-de-los-llanos-de-aridane-mantiene-activado-el-pemu-ante-la-prevision-de-lluvias-intensas-y-viento\/","url":"https:\/\/www.aridane.org\/city\/2026\/03\/24\/el-ayuntamiento-de-los-llanos-de-aridane-mantiene-activado-el-pemu-ante-la-prevision-de-lluvias-intensas-y-viento\/","name":"El Ayuntamiento de Los Llanos de Aridane mantiene activado el PEMU ante la previsi\u00f3n de lluvias intensas y viento - Ayuntamiento de Los Llanos de Aridane","isPartOf":{"@id":"https:\/\/www.aridane.org\/city\/#website"},"primaryImageOfPage":{"@id":"https:\/\/www.aridane.org\/city\/2026\/03\/24\/el-ayuntamiento-de-los-llanos-de-aridane-mantiene-activado-el-pemu-ante-la-prevision-de-lluvias-intensas-y-viento\/#primaryimage"},"image":{"@id":"https:\/\/www.aridane.org\/city\/2026\/03\/24\/el-ayuntamiento-de-los-llanos-de-aridane-mantiene-activado-el-pemu-ante-la-prevision-de-lluvias-intensas-y-viento\/#primaryimage"},"thumbnailUrl":"https:\/\/www.aridane.org\/city\/wp-content\/uploads\/2023\/09\/Javier-Llamas.jpeg","datePublished":"2026-03-24T11:19:38+00:00","dateModified":"2026-03-29T11:20:27+00:00","author":{"@id":"https:\/\/www.aridane.org\/city\/#\/schema\/person\/89ebd376b223dc94cc1dbcf200c8e6da"},"breadcrumb":{"@id":"https:\/\/www.aridane.org\/city\/2026\/03\/24\/el-ayuntamiento-de-los-llanos-de-aridane-mantiene-activado-el-pemu-ante-la-prevision-de-lluvias-intensas-y-viento\/#breadcrumb"},"inLanguage":"es","potentialAction":[{"@type":"ReadAction","target":["https:\/\/www.aridane.org\/city\/2026\/03\/24\/el-ayuntamiento-de-los-llanos-de-aridane-mantiene-activado-el-pemu-ante-la-prevision-de-lluvias-intensas-y-viento\/"]}]},{"@type":"ImageObject","inLanguage":"es","@id":"https:\/\/www.aridane.org\/city\/2026\/03\/24\/el-ayuntamiento-de-los-llanos-de-aridane-mantiene-activado-el-pemu-ante-la-prevision-de-lluvias-intensas-y-viento\/#primaryimage","url":"https:\/\/www.aridane.org\/city\/wp-content\/uploads\/2023\/09\/Javier-Llamas.jpeg","contentUrl":"https:\/\/www.aridane.org\/city\/wp-content\/uploads\/2023\/09\/Javier-Llamas.jpeg","width":1024,"height":683},{"@type":"BreadcrumbList","@id":"https:\/\/www.aridane.org\/city\/2026\/03\/24\/el-ayuntamiento-de-los-llanos-de-aridane-mantiene-activado-el-pemu-ante-la-prevision-de-lluvias-intensas-y-viento\/#breadcrumb","itemListElement":[{"@type":"ListItem","position":1,"name":"Portada","item":"https:\/\/www.aridane.org\/city\/"},{"@type":"ListItem","position":2,"name":"El Ayuntamiento de Los Llanos de Aridane mantiene activado el PEMU ante la previsi\u00f3n de lluvias intensas y viento"}]},{"@type":"WebSite","@id":"https:\/\/www.aridane.org\/city\/#website","url":"https:\/\/www.aridane.org\/city\/","name":"Ayuntamiento de Los Llanos de Aridane","description":"","potentialAction":[{"@type":"SearchAction","target":{"@type":"EntryPoint","urlTemplate":"https:\/\/www.aridane.org\/city\/?s={search_term_string}"},"query-input":"required name=search_term_string"}],"inLanguage":"es"},{"@type":"Person","@id":"https:\/\/www.aridane.org\/city\/#\/schema\/person\/89ebd376b223dc94cc1dbcf200c8e6da","name":"Corresponsal","image":{"@type":"ImageObject","inLanguage":"es","@id":"https:\/\/www.aridane.org\/city\/#\/schema\/person\/image\/","url":"https:\/\/secure.gravatar.com\/avatar\/1c476992411e4ccf153da63b2b2f5ea0bb4cb1c85f3ceab8512f04325ad5579c?s=96&d=mm&r=g","contentUrl":"https:\/\/secure.gravatar.com\/avatar\/1c476992411e4ccf153da63b2b2f5ea0bb4cb1c85f3ceab8512f04325ad5579c?s=96&d=mm&r=g","caption":"Corresponsal"},"url":"https:\/\/www.aridane.org\/city\/author\/corresponsal\/"}]}},"_links":{"self":[{"href":"https:\/\/www.aridane.org\/city\/wp-json\/wp\/v2\/posts\/5063","targetHints":{"allow":["GET"]}}],"collection":[{"href":"https:\/\/www.aridane.org\/city\/wp-json\/wp\/v2\/posts"}],"about":[{"href":"https:\/\/www.aridane.org\/city\/wp-json\/wp\/v2\/types\/post"}],"author":[{"embeddable":true,"href":"https:\/\/www.aridane.org\/city\/wp-json\/wp\/v2\/users\/4"}],"replies":[{"embeddable":true,"href":"https:\/\/www.aridane.org\/city\/wp-json\/wp\/v2\/comments?post=5063"}],"version-history":[{"count":1,"href":"https:\/\/www.aridane.org\/city\/wp-json\/wp\/v2\/posts\/5063\/revisions"}],"predecessor-version":[{"id":5064,"href":"https:\/\/www.aridane.org\/city\/wp-json\/wp\/v2\/posts\/5063\/revisions\/5064"}],"wp:featuredmedia":[{"embeddable":true,"href":"https:\/\/www.aridane.org\/city\/wp-json\/wp\/v2\/media\/2787"}],"wp:attachment":[{"href":"https:\/\/www.aridane.org\/city\/wp-json\/wp\/v2\/media?parent=5063"}],"wp:term":[{"taxonomy":"category","embeddable":true,"href":"https:\/\/www.aridane.org\/city\/wp-json\/wp\/v2\/categories?post=5063"},{"taxonomy":"post_tag","embeddable":true,"href":"https:\/\/www.aridane.org\/city\/wp-json\/wp\/v2\/tags?post=5063"}],"curies":[{"name":"wp","href":"https:\/\/api.w.org\/{rel}","templated":true}]}}