{"id":5076,"date":"2026-04-16T07:42:21","date_gmt":"2026-04-16T07:42:21","guid":{"rendered":"https:\/\/www.aridane.org\/city\/?p=5076"},"modified":"2026-04-17T06:43:58","modified_gmt":"2026-04-17T06:43:58","slug":"el-ayuntamiento-de-los-llanos-refuerza-la-seguridad-de-sus-calles-y-ordena-el-espacio-publico","status":"publish","type":"post","link":"https:\/\/www.aridane.org\/city\/2026\/04\/16\/el-ayuntamiento-de-los-llanos-refuerza-la-seguridad-de-sus-calles-y-ordena-el-espacio-publico\/","title":{"rendered":"El Ayuntamiento de Los Llanos refuerza la seguridad de sus calles y ordena el espacio p\u00fablico"},"content":{"rendered":"<p><em>Se crean tres plazas para Servicios Sociales y una para ambulancia junto al campo de f\u00fatbol y la piscina municipal, adem\u00e1s de reordenar la estaci\u00f3n de guaguas<\/em><!--more--><\/p>\n<div id=\"v1forwardbody1\">\n<p>El Ayuntamiento de Los Llanos de Aridane contin\u00faa atendiendo demandas vecinales con nuevas actuaciones destinadas a mejorar la seguridad, la accesibilidad y la ordenaci\u00f3n del espacio p\u00fablico en distintos puntos del municipio.<\/p>\n<p>En este sentido, el Consistorio crea tres nuevas plazas de aparcamiento vinculadas a los apartamentos de Servicios Sociales y una adicional destinada a ambulancia en el entorno comprendido entre el campo de f\u00fatbol y la piscina municipal.<\/p>\n<p>El alcalde, Javier Llamas, se\u00f1ala que se sigue actuando en base a las necesidades reales que nos trasladan los vecinos y vecinas, \u201ccon intervenciones concretas que mejoran el d\u00eda a d\u00eda y garantizan espacios m\u00e1s seguros y funcionales\u201d. En esta l\u00ednea, a\u00f1ade que \u201ccada actuaci\u00f3n responde a una planificaci\u00f3n orientada a ordenar el municipio y a dar respuesta \u00e1gil a situaciones que requieren intervenci\u00f3n\u201d.<\/p>\n<p>Por su parte, el concejal de Seguridad, Francisco Acosta, explica que se han reforzado varios puntos donde se ven\u00edan produciendo problemas con la instalaci\u00f3n de pivotes, evitando aparcamientos indebidos que complicaban la visibilidad y generaban riesgo.<\/p>\n<p>\u201cActuamos en lugares donde sab\u00edamos que hab\u00eda dificultades reales, sobre todo en zonas con mucho paso de personas, para hacerlas m\u00e1s seguras y facilitar la convivencia\u201d, a\u00f1ade el concejal.<\/p>\n<h2><strong>Actuaci\u00f3n en la parada de guaguas<\/strong><\/h2>\n<p>Adem\u00e1s, el Ayuntamiento reorganiza el espacio en la estaci\u00f3n de guaguas para habilitar una nueva plaza destinada al estacionamiento de transporte p\u00fablico, dando respuesta a la demanda existente y contribuyendo a ordenar un punto clave del centro del municipio.<\/p>\n<p>El grupo de Gobierno contin\u00faa as\u00ed desarrollando actuaciones de car\u00e1cter pr\u00e1ctico y directo, orientadas a mejorar la movilidad, la seguridad y la calidad de vida en el municipio.<\/p>\n<\/div>\n","protected":false},"excerpt":{"rendered":"<p>Se crean tres plazas para Servicios Sociales y una para ambulancia junto al campo de f\u00fatbol y la piscina municipal, adem\u00e1s de reordenar la estaci\u00f3n de guaguas<\/p>\n","protected":false},"author":4,"featured_media":5077,"comment_status":"open","ping_status":"open","sticky":false,"template":"","format":"standard","meta":{"footnotes":""},"categories":[1],"tags":[],"class_list":["post-5076","post","type-post","status-publish","format-standard","has-post-thumbnail","hentry","category-sin-categoria"],"yoast_head":"<!-- This site is optimized with the Yoast SEO plugin v22.7 - https:\/\/yoast.com\/wordpress\/plugins\/seo\/ -->\n<title>El Ayuntamiento de Los Llanos refuerza la seguridad de sus calles y ordena el espacio p\u00fablico - Ayuntamiento de Los Llanos de Aridane<\/title>\n<meta name=\"robots\" content=\"index, follow, max-snippet:-1, max-image-preview:large, max-video-preview:-1\" \/>\n<link rel=\"canonical\" href=\"https:\/\/www.aridane.org\/city\/2026\/04\/16\/el-ayuntamiento-de-los-llanos-refuerza-la-seguridad-de-sus-calles-y-ordena-el-espacio-publico\/\" \/>\n<meta property=\"og:locale\" content=\"es_ES\" \/>\n<meta property=\"og:type\" content=\"article\" \/>\n<meta property=\"og:title\" content=\"El Ayuntamiento de Los Llanos refuerza la seguridad de sus calles y ordena el espacio p\u00fablico - Ayuntamiento de Los Llanos de Aridane\" \/>\n<meta property=\"og:description\" content=\"Se crean tres plazas para Servicios Sociales y una para ambulancia junto al campo de f\u00fatbol y la piscina municipal, adem\u00e1s de reordenar la estaci\u00f3n de guaguas\" \/>\n<meta property=\"og:url\" content=\"https:\/\/www.aridane.org\/city\/2026\/04\/16\/el-ayuntamiento-de-los-llanos-refuerza-la-seguridad-de-sus-calles-y-ordena-el-espacio-publico\/\" \/>\n<meta property=\"og:site_name\" content=\"Ayuntamiento de Los Llanos de Aridane\" \/>\n<meta property=\"article:published_time\" content=\"2026-04-16T07:42:21+00:00\" \/>\n<meta property=\"article:modified_time\" content=\"2026-04-17T06:43:58+00:00\" \/>\n<meta property=\"og:image\" content=\"https:\/\/www.aridane.org\/city\/wp-content\/uploads\/2026\/04\/Aparcamientos-1.jpeg\" \/>\n\t<meta property=\"og:image:width\" content=\"1269\" \/>\n\t<meta property=\"og:image:height\" content=\"636\" \/>\n\t<meta property=\"og:image:type\" content=\"image\/jpeg\" \/>\n<meta name=\"author\" content=\"Corresponsal\" \/>\n<meta name=\"twitter:card\" content=\"summary_large_image\" \/>\n<meta name=\"twitter:label1\" content=\"Escrito por\" \/>\n\t<meta name=\"twitter:data1\" content=\"Corresponsal\" \/>\n\t<meta name=\"twitter:label2\" content=\"Tiempo de lectura\" \/>\n\t<meta name=\"twitter:data2\" content=\"2 minutos\" \/>\n<script type=\"application\/ld+json\" class=\"yoast-schema-graph\">{\"@context\":\"https:\/\/schema.org\",\"@graph\":[{\"@type\":\"WebPage\",\"@id\":\"https:\/\/www.aridane.org\/city\/2026\/04\/16\/el-ayuntamiento-de-los-llanos-refuerza-la-seguridad-de-sus-calles-y-ordena-el-espacio-publico\/\",\"url\":\"https:\/\/www.aridane.org\/city\/2026\/04\/16\/el-ayuntamiento-de-los-llanos-refuerza-la-seguridad-de-sus-calles-y-ordena-el-espacio-publico\/\",\"name\":\"El Ayuntamiento de Los Llanos refuerza la seguridad de sus calles y ordena el espacio p\u00fablico - Ayuntamiento de Los Llanos de Aridane\",\"isPartOf\":{\"@id\":\"https:\/\/www.aridane.org\/city\/#website\"},\"primaryImageOfPage\":{\"@id\":\"https:\/\/www.aridane.org\/city\/2026\/04\/16\/el-ayuntamiento-de-los-llanos-refuerza-la-seguridad-de-sus-calles-y-ordena-el-espacio-publico\/#primaryimage\"},\"image\":{\"@id\":\"https:\/\/www.aridane.org\/city\/2026\/04\/16\/el-ayuntamiento-de-los-llanos-refuerza-la-seguridad-de-sus-calles-y-ordena-el-espacio-publico\/#primaryimage\"},\"thumbnailUrl\":\"https:\/\/www.aridane.org\/city\/wp-content\/uploads\/2026\/04\/Aparcamientos-1.jpeg\",\"datePublished\":\"2026-04-16T07:42:21+00:00\",\"dateModified\":\"2026-04-17T06:43:58+00:00\",\"author\":{\"@id\":\"https:\/\/www.aridane.org\/city\/#\/schema\/person\/89ebd376b223dc94cc1dbcf200c8e6da\"},\"breadcrumb\":{\"@id\":\"https:\/\/www.aridane.org\/city\/2026\/04\/16\/el-ayuntamiento-de-los-llanos-refuerza-la-seguridad-de-sus-calles-y-ordena-el-espacio-publico\/#breadcrumb\"},\"inLanguage\":\"es\",\"potentialAction\":[{\"@type\":\"ReadAction\",\"target\":[\"https:\/\/www.aridane.org\/city\/2026\/04\/16\/el-ayuntamiento-de-los-llanos-refuerza-la-seguridad-de-sus-calles-y-ordena-el-espacio-publico\/\"]}]},{\"@type\":\"ImageObject\",\"inLanguage\":\"es\",\"@id\":\"https:\/\/www.aridane.org\/city\/2026\/04\/16\/el-ayuntamiento-de-los-llanos-refuerza-la-seguridad-de-sus-calles-y-ordena-el-espacio-publico\/#primaryimage\",\"url\":\"https:\/\/www.aridane.org\/city\/wp-content\/uploads\/2026\/04\/Aparcamientos-1.jpeg\",\"contentUrl\":\"https:\/\/www.aridane.org\/city\/wp-content\/uploads\/2026\/04\/Aparcamientos-1.jpeg\",\"width\":1269,\"height\":636},{\"@type\":\"BreadcrumbList\",\"@id\":\"https:\/\/www.aridane.org\/city\/2026\/04\/16\/el-ayuntamiento-de-los-llanos-refuerza-la-seguridad-de-sus-calles-y-ordena-el-espacio-publico\/#breadcrumb\",\"itemListElement\":[{\"@type\":\"ListItem\",\"position\":1,\"name\":\"Portada\",\"item\":\"https:\/\/www.aridane.org\/city\/\"},{\"@type\":\"ListItem\",\"position\":2,\"name\":\"El Ayuntamiento de Los Llanos refuerza la seguridad de sus calles y ordena el espacio p\u00fablico\"}]},{\"@type\":\"WebSite\",\"@id\":\"https:\/\/www.aridane.org\/city\/#website\",\"url\":\"https:\/\/www.aridane.org\/city\/\",\"name\":\"Ayuntamiento de Los Llanos de Aridane\",\"description\":\"\",\"potentialAction\":[{\"@type\":\"SearchAction\",\"target\":{\"@type\":\"EntryPoint\",\"urlTemplate\":\"https:\/\/www.aridane.org\/city\/?s={search_term_string}\"},\"query-input\":\"required name=search_term_string\"}],\"inLanguage\":\"es\"},{\"@type\":\"Person\",\"@id\":\"https:\/\/www.aridane.org\/city\/#\/schema\/person\/89ebd376b223dc94cc1dbcf200c8e6da\",\"name\":\"Corresponsal\",\"image\":{\"@type\":\"ImageObject\",\"inLanguage\":\"es\",\"@id\":\"https:\/\/www.aridane.org\/city\/#\/schema\/person\/image\/\",\"url\":\"https:\/\/secure.gravatar.com\/avatar\/1c476992411e4ccf153da63b2b2f5ea0bb4cb1c85f3ceab8512f04325ad5579c?s=96&d=mm&r=g\",\"contentUrl\":\"https:\/\/secure.gravatar.com\/avatar\/1c476992411e4ccf153da63b2b2f5ea0bb4cb1c85f3ceab8512f04325ad5579c?s=96&d=mm&r=g\",\"caption\":\"Corresponsal\"},\"url\":\"https:\/\/www.aridane.org\/city\/author\/corresponsal\/\"}]}<\/script>\n<!-- \/ Yoast SEO plugin. -->","yoast_head_json":{"title":"El Ayuntamiento de Los Llanos refuerza la seguridad de sus calles y ordena el espacio p\u00fablico - Ayuntamiento de Los Llanos de Aridane","robots":{"index":"index","follow":"follow","max-snippet":"max-snippet:-1","max-image-preview":"max-image-preview:large","max-video-preview":"max-video-preview:-1"},"canonical":"https:\/\/www.aridane.org\/city\/2026\/04\/16\/el-ayuntamiento-de-los-llanos-refuerza-la-seguridad-de-sus-calles-y-ordena-el-espacio-publico\/","og_locale":"es_ES","og_type":"article","og_title":"El Ayuntamiento de Los Llanos refuerza la seguridad de sus calles y ordena el espacio p\u00fablico - Ayuntamiento de Los Llanos de Aridane","og_description":"Se crean tres plazas para Servicios Sociales y una para ambulancia junto al campo de f\u00fatbol y la piscina municipal, adem\u00e1s de reordenar la estaci\u00f3n de guaguas","og_url":"https:\/\/www.aridane.org\/city\/2026\/04\/16\/el-ayuntamiento-de-los-llanos-refuerza-la-seguridad-de-sus-calles-y-ordena-el-espacio-publico\/","og_site_name":"Ayuntamiento de Los Llanos de Aridane","article_published_time":"2026-04-16T07:42:21+00:00","article_modified_time":"2026-04-17T06:43:58+00:00","og_image":[{"width":1269,"height":636,"url":"https:\/\/www.aridane.org\/city\/wp-content\/uploads\/2026\/04\/Aparcamientos-1.jpeg","type":"image\/jpeg"}],"author":"Corresponsal","twitter_card":"summary_large_image","twitter_misc":{"Escrito por":"Corresponsal","Tiempo de lectura":"2 minutos"},"schema":{"@context":"https:\/\/schema.org","@graph":[{"@type":"WebPage","@id":"https:\/\/www.aridane.org\/city\/2026\/04\/16\/el-ayuntamiento-de-los-llanos-refuerza-la-seguridad-de-sus-calles-y-ordena-el-espacio-publico\/","url":"https:\/\/www.aridane.org\/city\/2026\/04\/16\/el-ayuntamiento-de-los-llanos-refuerza-la-seguridad-de-sus-calles-y-ordena-el-espacio-publico\/","name":"El Ayuntamiento de Los Llanos refuerza la seguridad de sus calles y ordena el espacio p\u00fablico - Ayuntamiento de Los Llanos de Aridane","isPartOf":{"@id":"https:\/\/www.aridane.org\/city\/#website"},"primaryImageOfPage":{"@id":"https:\/\/www.aridane.org\/city\/2026\/04\/16\/el-ayuntamiento-de-los-llanos-refuerza-la-seguridad-de-sus-calles-y-ordena-el-espacio-publico\/#primaryimage"},"image":{"@id":"https:\/\/www.aridane.org\/city\/2026\/04\/16\/el-ayuntamiento-de-los-llanos-refuerza-la-seguridad-de-sus-calles-y-ordena-el-espacio-publico\/#primaryimage"},"thumbnailUrl":"https:\/\/www.aridane.org\/city\/wp-content\/uploads\/2026\/04\/Aparcamientos-1.jpeg","datePublished":"2026-04-16T07:42:21+00:00","dateModified":"2026-04-17T06:43:58+00:00","author":{"@id":"https:\/\/www.aridane.org\/city\/#\/schema\/person\/89ebd376b223dc94cc1dbcf200c8e6da"},"breadcrumb":{"@id":"https:\/\/www.aridane.org\/city\/2026\/04\/16\/el-ayuntamiento-de-los-llanos-refuerza-la-seguridad-de-sus-calles-y-ordena-el-espacio-publico\/#breadcrumb"},"inLanguage":"es","potentialAction":[{"@type":"ReadAction","target":["https:\/\/www.aridane.org\/city\/2026\/04\/16\/el-ayuntamiento-de-los-llanos-refuerza-la-seguridad-de-sus-calles-y-ordena-el-espacio-publico\/"]}]},{"@type":"ImageObject","inLanguage":"es","@id":"https:\/\/www.aridane.org\/city\/2026\/04\/16\/el-ayuntamiento-de-los-llanos-refuerza-la-seguridad-de-sus-calles-y-ordena-el-espacio-publico\/#primaryimage","url":"https:\/\/www.aridane.org\/city\/wp-content\/uploads\/2026\/04\/Aparcamientos-1.jpeg","contentUrl":"https:\/\/www.aridane.org\/city\/wp-content\/uploads\/2026\/04\/Aparcamientos-1.jpeg","width":1269,"height":636},{"@type":"BreadcrumbList","@id":"https:\/\/www.aridane.org\/city\/2026\/04\/16\/el-ayuntamiento-de-los-llanos-refuerza-la-seguridad-de-sus-calles-y-ordena-el-espacio-publico\/#breadcrumb","itemListElement":[{"@type":"ListItem","position":1,"name":"Portada","item":"https:\/\/www.aridane.org\/city\/"},{"@type":"ListItem","position":2,"name":"El Ayuntamiento de Los Llanos refuerza la seguridad de sus calles y ordena el espacio p\u00fablico"}]},{"@type":"WebSite","@id":"https:\/\/www.aridane.org\/city\/#website","url":"https:\/\/www.aridane.org\/city\/","name":"Ayuntamiento de Los Llanos de Aridane","description":"","potentialAction":[{"@type":"SearchAction","target":{"@type":"EntryPoint","urlTemplate":"https:\/\/www.aridane.org\/city\/?s={search_term_string}"},"query-input":"required name=search_term_string"}],"inLanguage":"es"},{"@type":"Person","@id":"https:\/\/www.aridane.org\/city\/#\/schema\/person\/89ebd376b223dc94cc1dbcf200c8e6da","name":"Corresponsal","image":{"@type":"ImageObject","inLanguage":"es","@id":"https:\/\/www.aridane.org\/city\/#\/schema\/person\/image\/","url":"https:\/\/secure.gravatar.com\/avatar\/1c476992411e4ccf153da63b2b2f5ea0bb4cb1c85f3ceab8512f04325ad5579c?s=96&d=mm&r=g","contentUrl":"https:\/\/secure.gravatar.com\/avatar\/1c476992411e4ccf153da63b2b2f5ea0bb4cb1c85f3ceab8512f04325ad5579c?s=96&d=mm&r=g","caption":"Corresponsal"},"url":"https:\/\/www.aridane.org\/city\/author\/corresponsal\/"}]}},"_links":{"self":[{"href":"https:\/\/www.aridane.org\/city\/wp-json\/wp\/v2\/posts\/5076","targetHints":{"allow":["GET"]}}],"collection":[{"href":"https:\/\/www.aridane.org\/city\/wp-json\/wp\/v2\/posts"}],"about":[{"href":"https:\/\/www.aridane.org\/city\/wp-json\/wp\/v2\/types\/post"}],"author":[{"embeddable":true,"href":"https:\/\/www.aridane.org\/city\/wp-json\/wp\/v2\/users\/4"}],"replies":[{"embeddable":true,"href":"https:\/\/www.aridane.org\/city\/wp-json\/wp\/v2\/comments?post=5076"}],"version-history":[{"count":1,"href":"https:\/\/www.aridane.org\/city\/wp-json\/wp\/v2\/posts\/5076\/revisions"}],"predecessor-version":[{"id":5078,"href":"https:\/\/www.aridane.org\/city\/wp-json\/wp\/v2\/posts\/5076\/revisions\/5078"}],"wp:featuredmedia":[{"embeddable":true,"href":"https:\/\/www.aridane.org\/city\/wp-json\/wp\/v2\/media\/5077"}],"wp:attachment":[{"href":"https:\/\/www.aridane.org\/city\/wp-json\/wp\/v2\/media?parent=5076"}],"wp:term":[{"taxonomy":"category","embeddable":true,"href":"https:\/\/www.aridane.org\/city\/wp-json\/wp\/v2\/categories?post=5076"},{"taxonomy":"post_tag","embeddable":true,"href":"https:\/\/www.aridane.org\/city\/wp-json\/wp\/v2\/tags?post=5076"}],"curies":[{"name":"wp","href":"https:\/\/api.w.org\/{rel}","templated":true}]}}