{"id":5079,"date":"2026-04-14T11:44:00","date_gmt":"2026-04-14T11:44:00","guid":{"rendered":"https:\/\/www.aridane.org\/city\/?p=5079"},"modified":"2026-04-17T06:45:08","modified_gmt":"2026-04-17T06:45:08","slug":"neon-run-spain-convierte-este-fin-de-semana-a-los-llanos-de-aridane-en-el-epicentro-regional-del-running","status":"publish","type":"post","link":"https:\/\/www.aridane.org\/city\/2026\/04\/14\/neon-run-spain-convierte-este-fin-de-semana-a-los-llanos-de-aridane-en-el-epicentro-regional-del-running\/","title":{"rendered":"Neon Run Spain convierte este fin de semana a Los Llanos de Aridane en el epicentro regional del running"},"content":{"rendered":"<p><em>La nueva edici\u00f3n llega con una programaci\u00f3n que incluye actividades para todas las edades<\/em><!--more--><\/p>\n<p>Los Llanos de Aridane se prepara para acoger la und\u00e9cima edici\u00f3n de la Neon Run Spain, que tendr\u00e1 lugar este viernes y s\u00e1bado 17 y 18 de abril, respectivamente. Se trata de una prueba deportiva que convertir\u00e1 al municipio en el epicentro regional del deporte, con un amplio programa de actividades dirigidas a todas las edades.<\/p>\n<p>El concejal de Deportes, V\u00edctor Gonz\u00e1lez, explica que Neon Run Spain \u201ces la combinaci\u00f3n de deporte, m\u00fasica y ocio en un formato hecho para el disfrute tanto del participante como del espectador, todo ello en pleno centro del municipio\u201d.<\/p>\n<p>Por su parte, el consejero de Deportes del Cabildo de La Palma, Yurguen Hern\u00e1ndez, afirma que esta prueba \u201csupone un atractivo para que visitantes de otros municipios e islas vengan a Los Llanos de Aridane para disfrutar y participar de un evento innovador\u201d.<\/p>\n<p>En este sentido, el CEO de Neon Run Spain, Armando Hern\u00e1ndez, invita a toda la ciudadan\u00eda a asistir a esta nueva edici\u00f3n, \u201cque promete ser una experiencia \u00fanica desde el primer minuto\u201d.<\/p>\n<p>La prueba, puntuable para el Campeonato de Canarias de 10 kil\u00f3metros en Ruta en categor\u00eda m\u00e1ster y absoluta, cuenta con m\u00e1s de 1.500 inscritos. Las personas interesadas podr\u00e1n apuntarse hasta el 15 de abril en la p\u00e1gina web\u00a0<a href=\"https:\/\/neonrun.trackingsport.com\/events\/modalidades.xhtml\" target=\"_blank\" rel=\"noopener noreferrer\">https:\/\/neonrun.trackingsport.com\/events\/modalidades.xhtml<\/a><\/p>\n<h2><strong>Una programaci\u00f3n que unifica m\u00fasica, deporte y ocio<\/strong><\/h2>\n<p>Neon Run Spain traspasa la idea tradicional de carrera para crear un nuevo concepto sobre este tipo de pruebas deportivas. La m\u00fasica, los colores de ne\u00f3n y el ambiente cl\u00e1sico del\u00a0<em>running\u00a0<\/em>se combinan para crear una experiencia \u00fanica, todo ello respaldado por una programaci\u00f3n de actividades de todo tipo para todas las edades.<\/p>\n<p>El viernes, 17 de abril ser\u00e1 la jornada de apertura, con la entrega de dorsales desde el mediod\u00eda en la plaza de Espa\u00f1a. Posteriormente, los DJs tomar\u00e1n el protagonismo con una tarde de m\u00fasica en directo que desembocar\u00e1 en la primera de las grandes novedades de esta edici\u00f3n, \u2018Members\u2122 by Podoactiva\u2019, una actividad orientada a la salud del deportista con un enfoque din\u00e1mico.<\/p>\n<p>La acci\u00f3n principal se reserva para el s\u00e1bado 18, continuando con la recogida de dorsales por la ma\u00f1ana acompa\u00f1ada de m\u00fasica en directo. Durante la tarde, tendr\u00e1 lugar la Neon Paint Zone y las pruebas infantiles, donde los m\u00e1s peque\u00f1os toman el protagonismo. Ya en horario nocturno, se apagar\u00e1n las luces y se encender\u00e1 el ne\u00f3n, comenzando con las dos pruebas adultas. Tras el transcurso de las carreras y la llegada de los participantes, se cerrar\u00e1 el evento con la entrega de premios y Neon Party por los distintos establecimientos del municipio.<\/p>\n","protected":false},"excerpt":{"rendered":"<p>La nueva edici\u00f3n llega con una programaci\u00f3n que incluye actividades para todas las edades<\/p>\n","protected":false},"author":4,"featured_media":2512,"comment_status":"open","ping_status":"open","sticky":false,"template":"","format":"standard","meta":{"footnotes":""},"categories":[1],"tags":[],"class_list":["post-5079","post","type-post","status-publish","format-standard","has-post-thumbnail","hentry","category-sin-categoria"],"yoast_head":"<!-- This site is optimized with the Yoast SEO plugin v22.7 - https:\/\/yoast.com\/wordpress\/plugins\/seo\/ -->\n<title>Neon Run Spain convierte este fin de semana a Los Llanos de Aridane en el epicentro regional del running - Ayuntamiento de Los Llanos de Aridane<\/title>\n<meta name=\"robots\" content=\"index, follow, max-snippet:-1, max-image-preview:large, max-video-preview:-1\" \/>\n<link rel=\"canonical\" href=\"https:\/\/www.aridane.org\/city\/2026\/04\/14\/neon-run-spain-convierte-este-fin-de-semana-a-los-llanos-de-aridane-en-el-epicentro-regional-del-running\/\" \/>\n<meta property=\"og:locale\" content=\"es_ES\" \/>\n<meta property=\"og:type\" content=\"article\" \/>\n<meta property=\"og:title\" content=\"Neon Run Spain convierte este fin de semana a Los Llanos de Aridane en el epicentro regional del running - Ayuntamiento de Los Llanos de Aridane\" \/>\n<meta property=\"og:description\" content=\"La nueva edici\u00f3n llega con una programaci\u00f3n que incluye actividades para todas las edades\" \/>\n<meta property=\"og:url\" content=\"https:\/\/www.aridane.org\/city\/2026\/04\/14\/neon-run-spain-convierte-este-fin-de-semana-a-los-llanos-de-aridane-en-el-epicentro-regional-del-running\/\" \/>\n<meta property=\"og:site_name\" content=\"Ayuntamiento de Los Llanos de Aridane\" \/>\n<meta property=\"article:published_time\" content=\"2026-04-14T11:44:00+00:00\" \/>\n<meta property=\"article:modified_time\" content=\"2026-04-17T06:45:08+00:00\" \/>\n<meta property=\"og:image\" content=\"https:\/\/www.aridane.org\/city\/wp-content\/uploads\/2023\/04\/neon_party_1.jpg\" \/>\n\t<meta property=\"og:image:width\" content=\"1200\" \/>\n\t<meta property=\"og:image:height\" content=\"675\" \/>\n\t<meta property=\"og:image:type\" content=\"image\/jpeg\" \/>\n<meta name=\"author\" content=\"Corresponsal\" \/>\n<meta name=\"twitter:card\" content=\"summary_large_image\" \/>\n<meta name=\"twitter:label1\" content=\"Escrito por\" \/>\n\t<meta name=\"twitter:data1\" content=\"Corresponsal\" \/>\n\t<meta name=\"twitter:label2\" content=\"Tiempo de lectura\" \/>\n\t<meta name=\"twitter:data2\" content=\"3 minutos\" \/>\n<script type=\"application\/ld+json\" class=\"yoast-schema-graph\">{\"@context\":\"https:\/\/schema.org\",\"@graph\":[{\"@type\":\"WebPage\",\"@id\":\"https:\/\/www.aridane.org\/city\/2026\/04\/14\/neon-run-spain-convierte-este-fin-de-semana-a-los-llanos-de-aridane-en-el-epicentro-regional-del-running\/\",\"url\":\"https:\/\/www.aridane.org\/city\/2026\/04\/14\/neon-run-spain-convierte-este-fin-de-semana-a-los-llanos-de-aridane-en-el-epicentro-regional-del-running\/\",\"name\":\"Neon Run Spain convierte este fin de semana a Los Llanos de Aridane en el epicentro regional del running - Ayuntamiento de Los Llanos de Aridane\",\"isPartOf\":{\"@id\":\"https:\/\/www.aridane.org\/city\/#website\"},\"primaryImageOfPage\":{\"@id\":\"https:\/\/www.aridane.org\/city\/2026\/04\/14\/neon-run-spain-convierte-este-fin-de-semana-a-los-llanos-de-aridane-en-el-epicentro-regional-del-running\/#primaryimage\"},\"image\":{\"@id\":\"https:\/\/www.aridane.org\/city\/2026\/04\/14\/neon-run-spain-convierte-este-fin-de-semana-a-los-llanos-de-aridane-en-el-epicentro-regional-del-running\/#primaryimage\"},\"thumbnailUrl\":\"https:\/\/www.aridane.org\/city\/wp-content\/uploads\/2023\/04\/neon_party_1.jpg\",\"datePublished\":\"2026-04-14T11:44:00+00:00\",\"dateModified\":\"2026-04-17T06:45:08+00:00\",\"author\":{\"@id\":\"https:\/\/www.aridane.org\/city\/#\/schema\/person\/89ebd376b223dc94cc1dbcf200c8e6da\"},\"breadcrumb\":{\"@id\":\"https:\/\/www.aridane.org\/city\/2026\/04\/14\/neon-run-spain-convierte-este-fin-de-semana-a-los-llanos-de-aridane-en-el-epicentro-regional-del-running\/#breadcrumb\"},\"inLanguage\":\"es\",\"potentialAction\":[{\"@type\":\"ReadAction\",\"target\":[\"https:\/\/www.aridane.org\/city\/2026\/04\/14\/neon-run-spain-convierte-este-fin-de-semana-a-los-llanos-de-aridane-en-el-epicentro-regional-del-running\/\"]}]},{\"@type\":\"ImageObject\",\"inLanguage\":\"es\",\"@id\":\"https:\/\/www.aridane.org\/city\/2026\/04\/14\/neon-run-spain-convierte-este-fin-de-semana-a-los-llanos-de-aridane-en-el-epicentro-regional-del-running\/#primaryimage\",\"url\":\"https:\/\/www.aridane.org\/city\/wp-content\/uploads\/2023\/04\/neon_party_1.jpg\",\"contentUrl\":\"https:\/\/www.aridane.org\/city\/wp-content\/uploads\/2023\/04\/neon_party_1.jpg\",\"width\":1200,\"height\":675},{\"@type\":\"BreadcrumbList\",\"@id\":\"https:\/\/www.aridane.org\/city\/2026\/04\/14\/neon-run-spain-convierte-este-fin-de-semana-a-los-llanos-de-aridane-en-el-epicentro-regional-del-running\/#breadcrumb\",\"itemListElement\":[{\"@type\":\"ListItem\",\"position\":1,\"name\":\"Portada\",\"item\":\"https:\/\/www.aridane.org\/city\/\"},{\"@type\":\"ListItem\",\"position\":2,\"name\":\"Neon Run Spain convierte este fin de semana a Los Llanos de Aridane en el epicentro regional del running\"}]},{\"@type\":\"WebSite\",\"@id\":\"https:\/\/www.aridane.org\/city\/#website\",\"url\":\"https:\/\/www.aridane.org\/city\/\",\"name\":\"Ayuntamiento de Los Llanos de Aridane\",\"description\":\"\",\"potentialAction\":[{\"@type\":\"SearchAction\",\"target\":{\"@type\":\"EntryPoint\",\"urlTemplate\":\"https:\/\/www.aridane.org\/city\/?s={search_term_string}\"},\"query-input\":\"required name=search_term_string\"}],\"inLanguage\":\"es\"},{\"@type\":\"Person\",\"@id\":\"https:\/\/www.aridane.org\/city\/#\/schema\/person\/89ebd376b223dc94cc1dbcf200c8e6da\",\"name\":\"Corresponsal\",\"image\":{\"@type\":\"ImageObject\",\"inLanguage\":\"es\",\"@id\":\"https:\/\/www.aridane.org\/city\/#\/schema\/person\/image\/\",\"url\":\"https:\/\/secure.gravatar.com\/avatar\/1c476992411e4ccf153da63b2b2f5ea0bb4cb1c85f3ceab8512f04325ad5579c?s=96&d=mm&r=g\",\"contentUrl\":\"https:\/\/secure.gravatar.com\/avatar\/1c476992411e4ccf153da63b2b2f5ea0bb4cb1c85f3ceab8512f04325ad5579c?s=96&d=mm&r=g\",\"caption\":\"Corresponsal\"},\"url\":\"https:\/\/www.aridane.org\/city\/author\/corresponsal\/\"}]}<\/script>\n<!-- \/ Yoast SEO plugin. -->","yoast_head_json":{"title":"Neon Run Spain convierte este fin de semana a Los Llanos de Aridane en el epicentro regional del running - Ayuntamiento de Los Llanos de Aridane","robots":{"index":"index","follow":"follow","max-snippet":"max-snippet:-1","max-image-preview":"max-image-preview:large","max-video-preview":"max-video-preview:-1"},"canonical":"https:\/\/www.aridane.org\/city\/2026\/04\/14\/neon-run-spain-convierte-este-fin-de-semana-a-los-llanos-de-aridane-en-el-epicentro-regional-del-running\/","og_locale":"es_ES","og_type":"article","og_title":"Neon Run Spain convierte este fin de semana a Los Llanos de Aridane en el epicentro regional del running - Ayuntamiento de Los Llanos de Aridane","og_description":"La nueva edici\u00f3n llega con una programaci\u00f3n que incluye actividades para todas las edades","og_url":"https:\/\/www.aridane.org\/city\/2026\/04\/14\/neon-run-spain-convierte-este-fin-de-semana-a-los-llanos-de-aridane-en-el-epicentro-regional-del-running\/","og_site_name":"Ayuntamiento de Los Llanos de Aridane","article_published_time":"2026-04-14T11:44:00+00:00","article_modified_time":"2026-04-17T06:45:08+00:00","og_image":[{"width":1200,"height":675,"url":"https:\/\/www.aridane.org\/city\/wp-content\/uploads\/2023\/04\/neon_party_1.jpg","type":"image\/jpeg"}],"author":"Corresponsal","twitter_card":"summary_large_image","twitter_misc":{"Escrito por":"Corresponsal","Tiempo de lectura":"3 minutos"},"schema":{"@context":"https:\/\/schema.org","@graph":[{"@type":"WebPage","@id":"https:\/\/www.aridane.org\/city\/2026\/04\/14\/neon-run-spain-convierte-este-fin-de-semana-a-los-llanos-de-aridane-en-el-epicentro-regional-del-running\/","url":"https:\/\/www.aridane.org\/city\/2026\/04\/14\/neon-run-spain-convierte-este-fin-de-semana-a-los-llanos-de-aridane-en-el-epicentro-regional-del-running\/","name":"Neon Run Spain convierte este fin de semana a Los Llanos de Aridane en el epicentro regional del running - Ayuntamiento de Los Llanos de Aridane","isPartOf":{"@id":"https:\/\/www.aridane.org\/city\/#website"},"primaryImageOfPage":{"@id":"https:\/\/www.aridane.org\/city\/2026\/04\/14\/neon-run-spain-convierte-este-fin-de-semana-a-los-llanos-de-aridane-en-el-epicentro-regional-del-running\/#primaryimage"},"image":{"@id":"https:\/\/www.aridane.org\/city\/2026\/04\/14\/neon-run-spain-convierte-este-fin-de-semana-a-los-llanos-de-aridane-en-el-epicentro-regional-del-running\/#primaryimage"},"thumbnailUrl":"https:\/\/www.aridane.org\/city\/wp-content\/uploads\/2023\/04\/neon_party_1.jpg","datePublished":"2026-04-14T11:44:00+00:00","dateModified":"2026-04-17T06:45:08+00:00","author":{"@id":"https:\/\/www.aridane.org\/city\/#\/schema\/person\/89ebd376b223dc94cc1dbcf200c8e6da"},"breadcrumb":{"@id":"https:\/\/www.aridane.org\/city\/2026\/04\/14\/neon-run-spain-convierte-este-fin-de-semana-a-los-llanos-de-aridane-en-el-epicentro-regional-del-running\/#breadcrumb"},"inLanguage":"es","potentialAction":[{"@type":"ReadAction","target":["https:\/\/www.aridane.org\/city\/2026\/04\/14\/neon-run-spain-convierte-este-fin-de-semana-a-los-llanos-de-aridane-en-el-epicentro-regional-del-running\/"]}]},{"@type":"ImageObject","inLanguage":"es","@id":"https:\/\/www.aridane.org\/city\/2026\/04\/14\/neon-run-spain-convierte-este-fin-de-semana-a-los-llanos-de-aridane-en-el-epicentro-regional-del-running\/#primaryimage","url":"https:\/\/www.aridane.org\/city\/wp-content\/uploads\/2023\/04\/neon_party_1.jpg","contentUrl":"https:\/\/www.aridane.org\/city\/wp-content\/uploads\/2023\/04\/neon_party_1.jpg","width":1200,"height":675},{"@type":"BreadcrumbList","@id":"https:\/\/www.aridane.org\/city\/2026\/04\/14\/neon-run-spain-convierte-este-fin-de-semana-a-los-llanos-de-aridane-en-el-epicentro-regional-del-running\/#breadcrumb","itemListElement":[{"@type":"ListItem","position":1,"name":"Portada","item":"https:\/\/www.aridane.org\/city\/"},{"@type":"ListItem","position":2,"name":"Neon Run Spain convierte este fin de semana a Los Llanos de Aridane en el epicentro regional del running"}]},{"@type":"WebSite","@id":"https:\/\/www.aridane.org\/city\/#website","url":"https:\/\/www.aridane.org\/city\/","name":"Ayuntamiento de Los Llanos de Aridane","description":"","potentialAction":[{"@type":"SearchAction","target":{"@type":"EntryPoint","urlTemplate":"https:\/\/www.aridane.org\/city\/?s={search_term_string}"},"query-input":"required name=search_term_string"}],"inLanguage":"es"},{"@type":"Person","@id":"https:\/\/www.aridane.org\/city\/#\/schema\/person\/89ebd376b223dc94cc1dbcf200c8e6da","name":"Corresponsal","image":{"@type":"ImageObject","inLanguage":"es","@id":"https:\/\/www.aridane.org\/city\/#\/schema\/person\/image\/","url":"https:\/\/secure.gravatar.com\/avatar\/1c476992411e4ccf153da63b2b2f5ea0bb4cb1c85f3ceab8512f04325ad5579c?s=96&d=mm&r=g","contentUrl":"https:\/\/secure.gravatar.com\/avatar\/1c476992411e4ccf153da63b2b2f5ea0bb4cb1c85f3ceab8512f04325ad5579c?s=96&d=mm&r=g","caption":"Corresponsal"},"url":"https:\/\/www.aridane.org\/city\/author\/corresponsal\/"}]}},"_links":{"self":[{"href":"https:\/\/www.aridane.org\/city\/wp-json\/wp\/v2\/posts\/5079","targetHints":{"allow":["GET"]}}],"collection":[{"href":"https:\/\/www.aridane.org\/city\/wp-json\/wp\/v2\/posts"}],"about":[{"href":"https:\/\/www.aridane.org\/city\/wp-json\/wp\/v2\/types\/post"}],"author":[{"embeddable":true,"href":"https:\/\/www.aridane.org\/city\/wp-json\/wp\/v2\/users\/4"}],"replies":[{"embeddable":true,"href":"https:\/\/www.aridane.org\/city\/wp-json\/wp\/v2\/comments?post=5079"}],"version-history":[{"count":1,"href":"https:\/\/www.aridane.org\/city\/wp-json\/wp\/v2\/posts\/5079\/revisions"}],"predecessor-version":[{"id":5080,"href":"https:\/\/www.aridane.org\/city\/wp-json\/wp\/v2\/posts\/5079\/revisions\/5080"}],"wp:featuredmedia":[{"embeddable":true,"href":"https:\/\/www.aridane.org\/city\/wp-json\/wp\/v2\/media\/2512"}],"wp:attachment":[{"href":"https:\/\/www.aridane.org\/city\/wp-json\/wp\/v2\/media?parent=5079"}],"wp:term":[{"taxonomy":"category","embeddable":true,"href":"https:\/\/www.aridane.org\/city\/wp-json\/wp\/v2\/categories?post=5079"},{"taxonomy":"post_tag","embeddable":true,"href":"https:\/\/www.aridane.org\/city\/wp-json\/wp\/v2\/tags?post=5079"}],"curies":[{"name":"wp","href":"https:\/\/api.w.org\/{rel}","templated":true}]}}