{"id":5081,"date":"2026-04-13T10:45:23","date_gmt":"2026-04-13T10:45:23","guid":{"rendered":"https:\/\/www.aridane.org\/city\/?p=5081"},"modified":"2026-04-17T06:46:36","modified_gmt":"2026-04-17T06:46:36","slug":"el-ayuntamiento-de-los-llanos-de-aridane-presenta-la-escuela-feminista-un-espacio-de-formacion-en-igualdad","status":"publish","type":"post","link":"https:\/\/www.aridane.org\/city\/2026\/04\/13\/el-ayuntamiento-de-los-llanos-de-aridane-presenta-la-escuela-feminista-un-espacio-de-formacion-en-igualdad\/","title":{"rendered":"El Ayuntamiento de Los Llanos de Aridane presenta la Escuela Feminista, un espacio de formaci\u00f3n en igualdad"},"content":{"rendered":"<p><em>El programa incluye actividades culturales, encuentros de debate y participaci\u00f3n ciudadana a lo largo de todo el a\u00f1o<\/em><!--more--><\/p>\n<p>El Ayuntamiento de Los Llanos de Aridane presenta la Escuela Feminista, una iniciativa concebida como un espacio de formaci\u00f3n y sensibilizaci\u00f3n en torno a la igualdad de g\u00e9nero. El objetivo principal es promover la reflexi\u00f3n y un cambio de actitud y valores en la sociedad.<\/p>\n<p>El alcalde, Javier Llamas, destaca que \u201cen un municipio como Los Llanos de Aridane, con una realidad social tan diversa, era necesario contar con un espacio donde hablar de igualdad desde lo cercano\u201d. En este sentido, a\u00f1ade que \u201cno se trata solo de formaci\u00f3n, sino de generar conversaci\u00f3n, de escuchar y de dar herramientas a la gente para afrontar situaciones reales\u201d.<\/p>\n<p>Por su parte, la concejala de Igualdad, Idaira P\u00e9rez, explica que \u201chemos dise\u00f1ado una programaci\u00f3n pensada para todas las personas, abordando temas como las nuevas necesidades sociales o la relaci\u00f3n entre la violencia machista y el acceso a la vivienda\u201d. Adem\u00e1s, se\u00f1ala que \u201cqueremos que sea un espacio donde tambi\u00e9n los hombres tambi\u00e9n se vean implicados en este proceso de cambio\u201d.<\/p>\n<p>La Escuela Feminista se plantea como un espacio abierto a personas de todas las edades y procedencias, donde se ofrecer\u00e1 formaci\u00f3n en teor\u00eda de g\u00e9nero y feminista, abordando la evoluci\u00f3n del movimiento, sus fundamentos y los principales debates contempor\u00e1neos.<\/p>\n<h2><strong>Agenda de actividades<\/strong><\/h2>\n<p>El programa contar\u00e1 con una agenda diversa que incluir\u00e1 conferencias, teatro, debates y actividades culturales. Entre las citas previstas destacan las jornadas del 23 de abril sobre el abolicionismo de la prostituci\u00f3n; el espect\u00e1culo teatral Desmadre el 15 de mayo; una charla sobre realidades l\u00e9sbicas el 18 de junio, o encuentros sobre corresponsabilidad y masculinidades en los meses de septiembre y octubre.<\/p>\n<p>Asimismo, la iniciativa incorpora espacios de participaci\u00f3n y debate a nivel insular, con la implicaci\u00f3n de asociaciones feministas y personas vinculadas al activismo por la igualdad.<\/p>\n","protected":false},"excerpt":{"rendered":"<p>El programa incluye actividades culturales, encuentros de debate y participaci\u00f3n ciudadana a lo largo de todo el a\u00f1o<\/p>\n","protected":false},"author":4,"featured_media":5082,"comment_status":"open","ping_status":"open","sticky":false,"template":"","format":"standard","meta":{"footnotes":""},"categories":[1],"tags":[],"class_list":["post-5081","post","type-post","status-publish","format-standard","has-post-thumbnail","hentry","category-sin-categoria"],"yoast_head":"<!-- This site is optimized with the Yoast SEO plugin v22.7 - https:\/\/yoast.com\/wordpress\/plugins\/seo\/ -->\n<title>El Ayuntamiento de Los Llanos de Aridane presenta la Escuela Feminista, un espacio de formaci\u00f3n en igualdad - Ayuntamiento de Los Llanos de Aridane<\/title>\n<meta name=\"robots\" content=\"index, follow, max-snippet:-1, max-image-preview:large, max-video-preview:-1\" \/>\n<link rel=\"canonical\" href=\"https:\/\/www.aridane.org\/city\/2026\/04\/13\/el-ayuntamiento-de-los-llanos-de-aridane-presenta-la-escuela-feminista-un-espacio-de-formacion-en-igualdad\/\" \/>\n<meta property=\"og:locale\" content=\"es_ES\" \/>\n<meta property=\"og:type\" content=\"article\" \/>\n<meta property=\"og:title\" content=\"El Ayuntamiento de Los Llanos de Aridane presenta la Escuela Feminista, un espacio de formaci\u00f3n en igualdad - Ayuntamiento de Los Llanos de Aridane\" \/>\n<meta property=\"og:description\" content=\"El programa incluye actividades culturales, encuentros de debate y participaci\u00f3n ciudadana a lo largo de todo el a\u00f1o\" \/>\n<meta property=\"og:url\" content=\"https:\/\/www.aridane.org\/city\/2026\/04\/13\/el-ayuntamiento-de-los-llanos-de-aridane-presenta-la-escuela-feminista-un-espacio-de-formacion-en-igualdad\/\" \/>\n<meta property=\"og:site_name\" content=\"Ayuntamiento de Los Llanos de Aridane\" \/>\n<meta property=\"article:published_time\" content=\"2026-04-13T10:45:23+00:00\" \/>\n<meta property=\"article:modified_time\" content=\"2026-04-17T06:46:36+00:00\" \/>\n<meta property=\"og:image\" content=\"https:\/\/www.aridane.org\/city\/wp-content\/uploads\/2026\/04\/NP-Escuela-Feminista.jpeg\" \/>\n\t<meta property=\"og:image:width\" content=\"1600\" \/>\n\t<meta property=\"og:image:height\" content=\"1200\" \/>\n\t<meta property=\"og:image:type\" content=\"image\/jpeg\" \/>\n<meta name=\"author\" content=\"Corresponsal\" \/>\n<meta name=\"twitter:card\" content=\"summary_large_image\" \/>\n<meta name=\"twitter:label1\" content=\"Escrito por\" \/>\n\t<meta name=\"twitter:data1\" content=\"Corresponsal\" \/>\n\t<meta name=\"twitter:label2\" content=\"Tiempo de lectura\" \/>\n\t<meta name=\"twitter:data2\" content=\"2 minutos\" \/>\n<script type=\"application\/ld+json\" class=\"yoast-schema-graph\">{\"@context\":\"https:\/\/schema.org\",\"@graph\":[{\"@type\":\"WebPage\",\"@id\":\"https:\/\/www.aridane.org\/city\/2026\/04\/13\/el-ayuntamiento-de-los-llanos-de-aridane-presenta-la-escuela-feminista-un-espacio-de-formacion-en-igualdad\/\",\"url\":\"https:\/\/www.aridane.org\/city\/2026\/04\/13\/el-ayuntamiento-de-los-llanos-de-aridane-presenta-la-escuela-feminista-un-espacio-de-formacion-en-igualdad\/\",\"name\":\"El Ayuntamiento de Los Llanos de Aridane presenta la Escuela Feminista, un espacio de formaci\u00f3n en igualdad - Ayuntamiento de Los Llanos de Aridane\",\"isPartOf\":{\"@id\":\"https:\/\/www.aridane.org\/city\/#website\"},\"primaryImageOfPage\":{\"@id\":\"https:\/\/www.aridane.org\/city\/2026\/04\/13\/el-ayuntamiento-de-los-llanos-de-aridane-presenta-la-escuela-feminista-un-espacio-de-formacion-en-igualdad\/#primaryimage\"},\"image\":{\"@id\":\"https:\/\/www.aridane.org\/city\/2026\/04\/13\/el-ayuntamiento-de-los-llanos-de-aridane-presenta-la-escuela-feminista-un-espacio-de-formacion-en-igualdad\/#primaryimage\"},\"thumbnailUrl\":\"https:\/\/www.aridane.org\/city\/wp-content\/uploads\/2026\/04\/NP-Escuela-Feminista.jpeg\",\"datePublished\":\"2026-04-13T10:45:23+00:00\",\"dateModified\":\"2026-04-17T06:46:36+00:00\",\"author\":{\"@id\":\"https:\/\/www.aridane.org\/city\/#\/schema\/person\/89ebd376b223dc94cc1dbcf200c8e6da\"},\"breadcrumb\":{\"@id\":\"https:\/\/www.aridane.org\/city\/2026\/04\/13\/el-ayuntamiento-de-los-llanos-de-aridane-presenta-la-escuela-feminista-un-espacio-de-formacion-en-igualdad\/#breadcrumb\"},\"inLanguage\":\"es\",\"potentialAction\":[{\"@type\":\"ReadAction\",\"target\":[\"https:\/\/www.aridane.org\/city\/2026\/04\/13\/el-ayuntamiento-de-los-llanos-de-aridane-presenta-la-escuela-feminista-un-espacio-de-formacion-en-igualdad\/\"]}]},{\"@type\":\"ImageObject\",\"inLanguage\":\"es\",\"@id\":\"https:\/\/www.aridane.org\/city\/2026\/04\/13\/el-ayuntamiento-de-los-llanos-de-aridane-presenta-la-escuela-feminista-un-espacio-de-formacion-en-igualdad\/#primaryimage\",\"url\":\"https:\/\/www.aridane.org\/city\/wp-content\/uploads\/2026\/04\/NP-Escuela-Feminista.jpeg\",\"contentUrl\":\"https:\/\/www.aridane.org\/city\/wp-content\/uploads\/2026\/04\/NP-Escuela-Feminista.jpeg\",\"width\":1600,\"height\":1200},{\"@type\":\"BreadcrumbList\",\"@id\":\"https:\/\/www.aridane.org\/city\/2026\/04\/13\/el-ayuntamiento-de-los-llanos-de-aridane-presenta-la-escuela-feminista-un-espacio-de-formacion-en-igualdad\/#breadcrumb\",\"itemListElement\":[{\"@type\":\"ListItem\",\"position\":1,\"name\":\"Portada\",\"item\":\"https:\/\/www.aridane.org\/city\/\"},{\"@type\":\"ListItem\",\"position\":2,\"name\":\"El Ayuntamiento de Los Llanos de Aridane presenta la Escuela Feminista, un espacio de formaci\u00f3n en igualdad\"}]},{\"@type\":\"WebSite\",\"@id\":\"https:\/\/www.aridane.org\/city\/#website\",\"url\":\"https:\/\/www.aridane.org\/city\/\",\"name\":\"Ayuntamiento de Los Llanos de Aridane\",\"description\":\"\",\"potentialAction\":[{\"@type\":\"SearchAction\",\"target\":{\"@type\":\"EntryPoint\",\"urlTemplate\":\"https:\/\/www.aridane.org\/city\/?s={search_term_string}\"},\"query-input\":\"required name=search_term_string\"}],\"inLanguage\":\"es\"},{\"@type\":\"Person\",\"@id\":\"https:\/\/www.aridane.org\/city\/#\/schema\/person\/89ebd376b223dc94cc1dbcf200c8e6da\",\"name\":\"Corresponsal\",\"image\":{\"@type\":\"ImageObject\",\"inLanguage\":\"es\",\"@id\":\"https:\/\/www.aridane.org\/city\/#\/schema\/person\/image\/\",\"url\":\"https:\/\/secure.gravatar.com\/avatar\/1c476992411e4ccf153da63b2b2f5ea0bb4cb1c85f3ceab8512f04325ad5579c?s=96&d=mm&r=g\",\"contentUrl\":\"https:\/\/secure.gravatar.com\/avatar\/1c476992411e4ccf153da63b2b2f5ea0bb4cb1c85f3ceab8512f04325ad5579c?s=96&d=mm&r=g\",\"caption\":\"Corresponsal\"},\"url\":\"https:\/\/www.aridane.org\/city\/author\/corresponsal\/\"}]}<\/script>\n<!-- \/ Yoast SEO plugin. -->","yoast_head_json":{"title":"El Ayuntamiento de Los Llanos de Aridane presenta la Escuela Feminista, un espacio de formaci\u00f3n en igualdad - Ayuntamiento de Los Llanos de Aridane","robots":{"index":"index","follow":"follow","max-snippet":"max-snippet:-1","max-image-preview":"max-image-preview:large","max-video-preview":"max-video-preview:-1"},"canonical":"https:\/\/www.aridane.org\/city\/2026\/04\/13\/el-ayuntamiento-de-los-llanos-de-aridane-presenta-la-escuela-feminista-un-espacio-de-formacion-en-igualdad\/","og_locale":"es_ES","og_type":"article","og_title":"El Ayuntamiento de Los Llanos de Aridane presenta la Escuela Feminista, un espacio de formaci\u00f3n en igualdad - Ayuntamiento de Los Llanos de Aridane","og_description":"El programa incluye actividades culturales, encuentros de debate y participaci\u00f3n ciudadana a lo largo de todo el a\u00f1o","og_url":"https:\/\/www.aridane.org\/city\/2026\/04\/13\/el-ayuntamiento-de-los-llanos-de-aridane-presenta-la-escuela-feminista-un-espacio-de-formacion-en-igualdad\/","og_site_name":"Ayuntamiento de Los Llanos de Aridane","article_published_time":"2026-04-13T10:45:23+00:00","article_modified_time":"2026-04-17T06:46:36+00:00","og_image":[{"width":1600,"height":1200,"url":"https:\/\/www.aridane.org\/city\/wp-content\/uploads\/2026\/04\/NP-Escuela-Feminista.jpeg","type":"image\/jpeg"}],"author":"Corresponsal","twitter_card":"summary_large_image","twitter_misc":{"Escrito por":"Corresponsal","Tiempo de lectura":"2 minutos"},"schema":{"@context":"https:\/\/schema.org","@graph":[{"@type":"WebPage","@id":"https:\/\/www.aridane.org\/city\/2026\/04\/13\/el-ayuntamiento-de-los-llanos-de-aridane-presenta-la-escuela-feminista-un-espacio-de-formacion-en-igualdad\/","url":"https:\/\/www.aridane.org\/city\/2026\/04\/13\/el-ayuntamiento-de-los-llanos-de-aridane-presenta-la-escuela-feminista-un-espacio-de-formacion-en-igualdad\/","name":"El Ayuntamiento de Los Llanos de Aridane presenta la Escuela Feminista, un espacio de formaci\u00f3n en igualdad - Ayuntamiento de Los Llanos de Aridane","isPartOf":{"@id":"https:\/\/www.aridane.org\/city\/#website"},"primaryImageOfPage":{"@id":"https:\/\/www.aridane.org\/city\/2026\/04\/13\/el-ayuntamiento-de-los-llanos-de-aridane-presenta-la-escuela-feminista-un-espacio-de-formacion-en-igualdad\/#primaryimage"},"image":{"@id":"https:\/\/www.aridane.org\/city\/2026\/04\/13\/el-ayuntamiento-de-los-llanos-de-aridane-presenta-la-escuela-feminista-un-espacio-de-formacion-en-igualdad\/#primaryimage"},"thumbnailUrl":"https:\/\/www.aridane.org\/city\/wp-content\/uploads\/2026\/04\/NP-Escuela-Feminista.jpeg","datePublished":"2026-04-13T10:45:23+00:00","dateModified":"2026-04-17T06:46:36+00:00","author":{"@id":"https:\/\/www.aridane.org\/city\/#\/schema\/person\/89ebd376b223dc94cc1dbcf200c8e6da"},"breadcrumb":{"@id":"https:\/\/www.aridane.org\/city\/2026\/04\/13\/el-ayuntamiento-de-los-llanos-de-aridane-presenta-la-escuela-feminista-un-espacio-de-formacion-en-igualdad\/#breadcrumb"},"inLanguage":"es","potentialAction":[{"@type":"ReadAction","target":["https:\/\/www.aridane.org\/city\/2026\/04\/13\/el-ayuntamiento-de-los-llanos-de-aridane-presenta-la-escuela-feminista-un-espacio-de-formacion-en-igualdad\/"]}]},{"@type":"ImageObject","inLanguage":"es","@id":"https:\/\/www.aridane.org\/city\/2026\/04\/13\/el-ayuntamiento-de-los-llanos-de-aridane-presenta-la-escuela-feminista-un-espacio-de-formacion-en-igualdad\/#primaryimage","url":"https:\/\/www.aridane.org\/city\/wp-content\/uploads\/2026\/04\/NP-Escuela-Feminista.jpeg","contentUrl":"https:\/\/www.aridane.org\/city\/wp-content\/uploads\/2026\/04\/NP-Escuela-Feminista.jpeg","width":1600,"height":1200},{"@type":"BreadcrumbList","@id":"https:\/\/www.aridane.org\/city\/2026\/04\/13\/el-ayuntamiento-de-los-llanos-de-aridane-presenta-la-escuela-feminista-un-espacio-de-formacion-en-igualdad\/#breadcrumb","itemListElement":[{"@type":"ListItem","position":1,"name":"Portada","item":"https:\/\/www.aridane.org\/city\/"},{"@type":"ListItem","position":2,"name":"El Ayuntamiento de Los Llanos de Aridane presenta la Escuela Feminista, un espacio de formaci\u00f3n en igualdad"}]},{"@type":"WebSite","@id":"https:\/\/www.aridane.org\/city\/#website","url":"https:\/\/www.aridane.org\/city\/","name":"Ayuntamiento de Los Llanos de Aridane","description":"","potentialAction":[{"@type":"SearchAction","target":{"@type":"EntryPoint","urlTemplate":"https:\/\/www.aridane.org\/city\/?s={search_term_string}"},"query-input":"required name=search_term_string"}],"inLanguage":"es"},{"@type":"Person","@id":"https:\/\/www.aridane.org\/city\/#\/schema\/person\/89ebd376b223dc94cc1dbcf200c8e6da","name":"Corresponsal","image":{"@type":"ImageObject","inLanguage":"es","@id":"https:\/\/www.aridane.org\/city\/#\/schema\/person\/image\/","url":"https:\/\/secure.gravatar.com\/avatar\/1c476992411e4ccf153da63b2b2f5ea0bb4cb1c85f3ceab8512f04325ad5579c?s=96&d=mm&r=g","contentUrl":"https:\/\/secure.gravatar.com\/avatar\/1c476992411e4ccf153da63b2b2f5ea0bb4cb1c85f3ceab8512f04325ad5579c?s=96&d=mm&r=g","caption":"Corresponsal"},"url":"https:\/\/www.aridane.org\/city\/author\/corresponsal\/"}]}},"_links":{"self":[{"href":"https:\/\/www.aridane.org\/city\/wp-json\/wp\/v2\/posts\/5081","targetHints":{"allow":["GET"]}}],"collection":[{"href":"https:\/\/www.aridane.org\/city\/wp-json\/wp\/v2\/posts"}],"about":[{"href":"https:\/\/www.aridane.org\/city\/wp-json\/wp\/v2\/types\/post"}],"author":[{"embeddable":true,"href":"https:\/\/www.aridane.org\/city\/wp-json\/wp\/v2\/users\/4"}],"replies":[{"embeddable":true,"href":"https:\/\/www.aridane.org\/city\/wp-json\/wp\/v2\/comments?post=5081"}],"version-history":[{"count":1,"href":"https:\/\/www.aridane.org\/city\/wp-json\/wp\/v2\/posts\/5081\/revisions"}],"predecessor-version":[{"id":5083,"href":"https:\/\/www.aridane.org\/city\/wp-json\/wp\/v2\/posts\/5081\/revisions\/5083"}],"wp:featuredmedia":[{"embeddable":true,"href":"https:\/\/www.aridane.org\/city\/wp-json\/wp\/v2\/media\/5082"}],"wp:attachment":[{"href":"https:\/\/www.aridane.org\/city\/wp-json\/wp\/v2\/media?parent=5081"}],"wp:term":[{"taxonomy":"category","embeddable":true,"href":"https:\/\/www.aridane.org\/city\/wp-json\/wp\/v2\/categories?post=5081"},{"taxonomy":"post_tag","embeddable":true,"href":"https:\/\/www.aridane.org\/city\/wp-json\/wp\/v2\/tags?post=5081"}],"curies":[{"name":"wp","href":"https:\/\/api.w.org\/{rel}","templated":true}]}}