{"id":5084,"date":"2026-04-10T06:47:05","date_gmt":"2026-04-10T06:47:05","guid":{"rendered":"https:\/\/www.aridane.org\/city\/?p=5084"},"modified":"2026-04-17T06:48:10","modified_gmt":"2026-04-17T06:48:10","slug":"el-ayuntamiento-de-los-llanos-destaca-la-oferta-sus-institutos-como-motor-para-la-reconstruccion-y-el-empleo-en-el-valle","status":"publish","type":"post","link":"https:\/\/www.aridane.org\/city\/2026\/04\/10\/el-ayuntamiento-de-los-llanos-destaca-la-oferta-sus-institutos-como-motor-para-la-reconstruccion-y-el-empleo-en-el-valle\/","title":{"rendered":"El Ayuntamiento de Los Llanos destaca la oferta sus institutos como motor para la reconstrucci\u00f3n y el empleo en el Valle"},"content":{"rendered":"<p><em>La apuesta formativa del municipio refuerza la necesidad de contar con un Centro Integrado de Formaci\u00f3n Profesional<\/em><!--more--><\/p>\n<div id=\"v1forwardbody1\">\n<p>El Ayuntamiento de Los Llanos de Aridane sit\u00faa la Formaci\u00f3n Profesional como una prioridad dentro del proceso de reconstrucci\u00f3n del municipio, destacando una oferta educativa conectada con las oportunidades reales de empleo en el Valle de Aridane.<\/p>\n<p>En este sentido, el Consistorio pone en valor la oferta del IES Eusebio Barreto Lorenzo y del IES Jos\u00e9 Mar\u00eda P\u00e9rez Pulido, orientada a \u00e1mbitos como los servicios, el deporte, la atenci\u00f3n a personas o el entorno digital, facilitando que el alumnado pueda incorporarse al mercado laboral con mayores garant\u00edas.<\/p>\n<p>El alcalde, Javier Llamas, asegura que la oferta formativa de Los Llanos de Aridane permite avanzar en la reconstrucci\u00f3n con bases s\u00f3lidas. \u201cFormar aqu\u00ed es dar opciones a nuestra gente, fijar poblaci\u00f3n joven y construir un municipio, y una isla, con m\u00e1s empleo y m\u00e1s capacidad de crecer\u201d, a\u00f1ade.<\/p>\n<p>El alcalde destaca que \u201cla potente apuesta formativa del municipio refuerza la necesidad de contar con un Centro Integrado de Formaci\u00f3n Profesional en el Valle de Aridane, especialmente ahora que, tras d\u00e9cadas de par\u00e1lisis, la Consejer\u00eda de Educaci\u00f3n del Gobierno de Canarias ha adjudicado el proyecto de actualizaci\u00f3n del CIFP Los Llanos para avanzar en su finalizaci\u00f3n\u201d. Este paso, a\u00f1ade el alcalde, \u201csupone una oportunidad clave para consolidar y ampliar la oferta existente, ordenar los recursos formativos y dar una respuesta m\u00e1s eficaz a las necesidades del territorio\u201d.<\/p>\n<p>Por su parte, el concejal de Educaci\u00f3n, Eduardo P\u00e9rez, incide en\u00a0 que \u201cno se trata solo de ampliar la oferta, sino de hacerla m\u00e1s cercana y accesible, con opciones como el turno de tarde o la modalidad semipresencial, que permiten estudiar a quienes tienen otras responsabilidades\u201d.<\/p>\n<p>En esta l\u00ednea, P\u00e9rez a\u00f1ade que \u201ctambi\u00e9n se refuerza la atenci\u00f3n al alumnado con necesidades espec\u00edficas, incorporando nuevas aulas enclave que garantizan una educaci\u00f3n m\u00e1s inclusiva\u201d.<\/p>\n<p>Desde el Ayuntamiento se valora la coordinaci\u00f3n con las directivas del IES Eusebio Barreto Lorenzo y del IES Jos\u00e9 Mar\u00eda P\u00e9rez Pulido, un trabajo conjunto que permite ajustar la oferta educativa a la realidad del municipio y mejorar la respuesta a la ciudadan\u00eda.<\/p>\n<h3><strong>Oferta del IES Eusebio Barreto Lorenzo<\/strong><\/h3>\n<p>El IES Eusebio Barreto Lorenzo ofrece Bachillerato en las modalidades Cient\u00edfico-Tecnol\u00f3gico, Humanidades y Ciencias Sociales, as\u00ed como la modalidad General, adem\u00e1s de Bachillerato semipresencial en turno de tarde, dirigido especialmente a personas adultas que desean continuar su formaci\u00f3n.<\/p>\n<p>En el \u00e1mbito de la Formaci\u00f3n Profesional, el IES cuenta con ciclos de grado b\u00e1sico en Inform\u00e1tica y Comunicaciones y en Actividades Dom\u00e9sticas y Limpieza de Edificios, as\u00ed como Formaci\u00f3n Profesional B\u00e1sica Adaptada en Comercio y Marketing. A ello se suma el ciclo de grado medio en Atenci\u00f3n a Personas en Situaci\u00f3n de Dependencia, tambi\u00e9n en turno de tarde.<\/p>\n<p>El centro dispone adem\u00e1s de aula enclave, un recurso que permite atender de forma espec\u00edfica al alumnado con necesidades educativas especiales y avanzar en una educaci\u00f3n m\u00e1s inclusiva.<\/p>\n<p>La oferta se completa con ense\u00f1anzas deportivas, como T\u00e9cnico Deportivo en F\u00fatbol (nivel I y II) y T\u00e9cnico Deportivo en Salvamento y Socorrismo, adem\u00e1s del ciclo de grado superior en Integraci\u00f3n Social en modalidad semipresencial.<\/p>\n<p>Estas formaciones permiten acceder a diferentes salidas profesionales en \u00e1mbitos sociales, educativos, deportivos y de servicios, respondiendo a las necesidades actuales del mercado laboral.<\/p>\n<h3><strong>Oferta del IES Jos\u00e9 Mar\u00eda P\u00e9rez Pulido<\/strong><\/h3>\n<p>El IES Jos\u00e9 Mar\u00eda P\u00e9rez Pulido cuenta con una oferta educativa amplia y diversa, que abarca desde la Educaci\u00f3n Secundaria Obligatoria y el Bachillerato hasta una completa red de ense\u00f1anzas de Formaci\u00f3n Profesional. El centro dispone tambi\u00e9n de aulas enclave, que permiten atender al alumnado con necesidades espec\u00edficas y garantizar una formaci\u00f3n inclusiva.<\/p>\n<p>En Formaci\u00f3n Profesional, el instituto ofrece distintos itinerarios adaptados a diferentes niveles. En Formaci\u00f3n Profesional B\u00e1sica se incluyen especialidades como Aprovechamientos Forestales, Peluquer\u00eda y Est\u00e9tica, Mantenimiento de Veh\u00edculos y Mantenimiento de Embarcaciones Deportivas y de Recreo.<\/p>\n<p>En grado medio, la oferta abarca \u00e1reas como Gesti\u00f3n Administrativa, Actividades Comerciales, Obras de Interior, Est\u00e9tica y Belleza, Sistemas Microinform\u00e1ticos y Redes y Electromec\u00e1nica de Veh\u00edculos.<\/p>\n<p>En grado superior, el centro incorpora ense\u00f1anzas como Ense\u00f1anza y Animaci\u00f3n Sociodeportiva, Administraci\u00f3n y Finanzas en modalidad presencial y semipresencial, Gesti\u00f3n de Ventas y Espacios Comerciales, Marketing y Publicidad, Est\u00e9tica Integral y Bienestar, Administraci\u00f3n de Sistemas Inform\u00e1ticos en Red y Desarrollo de Aplicaciones Web.<\/p>\n<p>Adem\u00e1s, el centro ofrece cursos de especializaci\u00f3n en \u00e1mbitos como la ciberseguridad, el desarrollo de aplicaciones en Python y el mantenimiento de veh\u00edculos h\u00edbridos y el\u00e9ctricos, as\u00ed como Formaci\u00f3n Profesional Adaptada en actividades relacionadas con viveros, jardines y centros de jardiner\u00eda.<\/p>\n<p>El Ayuntamiento pone en valor el papel de ambos centros como referentes educativos en el municipio, que contribuyen a generar oportunidades de formaci\u00f3n y empleo para la ciudadan\u00eda.<\/p>\n<p>El plazo de inscripci\u00f3n se encuentra actualmente abierto y puede realizarse a trav\u00e9s de los canales habilitados por cada centro.<\/p>\n<\/div>\n","protected":false},"excerpt":{"rendered":"<p>La apuesta formativa del municipio refuerza la necesidad de contar con un Centro Integrado de Formaci\u00f3n Profesional<\/p>\n","protected":false},"author":4,"featured_media":5085,"comment_status":"open","ping_status":"open","sticky":false,"template":"","format":"standard","meta":{"footnotes":""},"categories":[1],"tags":[],"class_list":["post-5084","post","type-post","status-publish","format-standard","has-post-thumbnail","hentry","category-sin-categoria"],"yoast_head":"<!-- This site is optimized with the Yoast SEO plugin v22.7 - https:\/\/yoast.com\/wordpress\/plugins\/seo\/ -->\n<title>El Ayuntamiento de Los Llanos destaca la oferta sus institutos como motor para la reconstrucci\u00f3n y el empleo en el Valle - Ayuntamiento de Los Llanos de Aridane<\/title>\n<meta name=\"robots\" content=\"index, follow, max-snippet:-1, max-image-preview:large, max-video-preview:-1\" \/>\n<link rel=\"canonical\" href=\"https:\/\/www.aridane.org\/city\/2026\/04\/10\/el-ayuntamiento-de-los-llanos-destaca-la-oferta-sus-institutos-como-motor-para-la-reconstruccion-y-el-empleo-en-el-valle\/\" \/>\n<meta property=\"og:locale\" content=\"es_ES\" \/>\n<meta property=\"og:type\" content=\"article\" \/>\n<meta property=\"og:title\" content=\"El Ayuntamiento de Los Llanos destaca la oferta sus institutos como motor para la reconstrucci\u00f3n y el empleo en el Valle - Ayuntamiento de Los Llanos de Aridane\" \/>\n<meta property=\"og:description\" content=\"La apuesta formativa del municipio refuerza la necesidad de contar con un Centro Integrado de Formaci\u00f3n Profesional\" \/>\n<meta property=\"og:url\" content=\"https:\/\/www.aridane.org\/city\/2026\/04\/10\/el-ayuntamiento-de-los-llanos-destaca-la-oferta-sus-institutos-como-motor-para-la-reconstruccion-y-el-empleo-en-el-valle\/\" \/>\n<meta property=\"og:site_name\" content=\"Ayuntamiento de Los Llanos de Aridane\" \/>\n<meta property=\"article:published_time\" content=\"2026-04-10T06:47:05+00:00\" \/>\n<meta property=\"article:modified_time\" content=\"2026-04-17T06:48:10+00:00\" \/>\n<meta property=\"og:image\" content=\"https:\/\/www.aridane.org\/city\/wp-content\/uploads\/2026\/04\/Perez-Pulido-scaled.jpeg\" \/>\n\t<meta property=\"og:image:width\" content=\"2560\" \/>\n\t<meta property=\"og:image:height\" content=\"1920\" \/>\n\t<meta property=\"og:image:type\" content=\"image\/jpeg\" \/>\n<meta name=\"author\" content=\"Corresponsal\" \/>\n<meta name=\"twitter:card\" content=\"summary_large_image\" \/>\n<meta name=\"twitter:label1\" content=\"Escrito por\" \/>\n\t<meta name=\"twitter:data1\" content=\"Corresponsal\" \/>\n\t<meta name=\"twitter:label2\" content=\"Tiempo de lectura\" \/>\n\t<meta name=\"twitter:data2\" content=\"4 minutos\" \/>\n<script type=\"application\/ld+json\" class=\"yoast-schema-graph\">{\"@context\":\"https:\/\/schema.org\",\"@graph\":[{\"@type\":\"WebPage\",\"@id\":\"https:\/\/www.aridane.org\/city\/2026\/04\/10\/el-ayuntamiento-de-los-llanos-destaca-la-oferta-sus-institutos-como-motor-para-la-reconstruccion-y-el-empleo-en-el-valle\/\",\"url\":\"https:\/\/www.aridane.org\/city\/2026\/04\/10\/el-ayuntamiento-de-los-llanos-destaca-la-oferta-sus-institutos-como-motor-para-la-reconstruccion-y-el-empleo-en-el-valle\/\",\"name\":\"El Ayuntamiento de Los Llanos destaca la oferta sus institutos como motor para la reconstrucci\u00f3n y el empleo en el Valle - Ayuntamiento de Los Llanos de Aridane\",\"isPartOf\":{\"@id\":\"https:\/\/www.aridane.org\/city\/#website\"},\"primaryImageOfPage\":{\"@id\":\"https:\/\/www.aridane.org\/city\/2026\/04\/10\/el-ayuntamiento-de-los-llanos-destaca-la-oferta-sus-institutos-como-motor-para-la-reconstruccion-y-el-empleo-en-el-valle\/#primaryimage\"},\"image\":{\"@id\":\"https:\/\/www.aridane.org\/city\/2026\/04\/10\/el-ayuntamiento-de-los-llanos-destaca-la-oferta-sus-institutos-como-motor-para-la-reconstruccion-y-el-empleo-en-el-valle\/#primaryimage\"},\"thumbnailUrl\":\"https:\/\/www.aridane.org\/city\/wp-content\/uploads\/2026\/04\/Perez-Pulido-scaled.jpeg\",\"datePublished\":\"2026-04-10T06:47:05+00:00\",\"dateModified\":\"2026-04-17T06:48:10+00:00\",\"author\":{\"@id\":\"https:\/\/www.aridane.org\/city\/#\/schema\/person\/89ebd376b223dc94cc1dbcf200c8e6da\"},\"breadcrumb\":{\"@id\":\"https:\/\/www.aridane.org\/city\/2026\/04\/10\/el-ayuntamiento-de-los-llanos-destaca-la-oferta-sus-institutos-como-motor-para-la-reconstruccion-y-el-empleo-en-el-valle\/#breadcrumb\"},\"inLanguage\":\"es\",\"potentialAction\":[{\"@type\":\"ReadAction\",\"target\":[\"https:\/\/www.aridane.org\/city\/2026\/04\/10\/el-ayuntamiento-de-los-llanos-destaca-la-oferta-sus-institutos-como-motor-para-la-reconstruccion-y-el-empleo-en-el-valle\/\"]}]},{\"@type\":\"ImageObject\",\"inLanguage\":\"es\",\"@id\":\"https:\/\/www.aridane.org\/city\/2026\/04\/10\/el-ayuntamiento-de-los-llanos-destaca-la-oferta-sus-institutos-como-motor-para-la-reconstruccion-y-el-empleo-en-el-valle\/#primaryimage\",\"url\":\"https:\/\/www.aridane.org\/city\/wp-content\/uploads\/2026\/04\/Perez-Pulido-scaled.jpeg\",\"contentUrl\":\"https:\/\/www.aridane.org\/city\/wp-content\/uploads\/2026\/04\/Perez-Pulido-scaled.jpeg\",\"width\":2560,\"height\":1920},{\"@type\":\"BreadcrumbList\",\"@id\":\"https:\/\/www.aridane.org\/city\/2026\/04\/10\/el-ayuntamiento-de-los-llanos-destaca-la-oferta-sus-institutos-como-motor-para-la-reconstruccion-y-el-empleo-en-el-valle\/#breadcrumb\",\"itemListElement\":[{\"@type\":\"ListItem\",\"position\":1,\"name\":\"Portada\",\"item\":\"https:\/\/www.aridane.org\/city\/\"},{\"@type\":\"ListItem\",\"position\":2,\"name\":\"El Ayuntamiento de Los Llanos destaca la oferta sus institutos como motor para la reconstrucci\u00f3n y el empleo en el Valle\"}]},{\"@type\":\"WebSite\",\"@id\":\"https:\/\/www.aridane.org\/city\/#website\",\"url\":\"https:\/\/www.aridane.org\/city\/\",\"name\":\"Ayuntamiento de Los Llanos de Aridane\",\"description\":\"\",\"potentialAction\":[{\"@type\":\"SearchAction\",\"target\":{\"@type\":\"EntryPoint\",\"urlTemplate\":\"https:\/\/www.aridane.org\/city\/?s={search_term_string}\"},\"query-input\":\"required name=search_term_string\"}],\"inLanguage\":\"es\"},{\"@type\":\"Person\",\"@id\":\"https:\/\/www.aridane.org\/city\/#\/schema\/person\/89ebd376b223dc94cc1dbcf200c8e6da\",\"name\":\"Corresponsal\",\"image\":{\"@type\":\"ImageObject\",\"inLanguage\":\"es\",\"@id\":\"https:\/\/www.aridane.org\/city\/#\/schema\/person\/image\/\",\"url\":\"https:\/\/secure.gravatar.com\/avatar\/1c476992411e4ccf153da63b2b2f5ea0bb4cb1c85f3ceab8512f04325ad5579c?s=96&d=mm&r=g\",\"contentUrl\":\"https:\/\/secure.gravatar.com\/avatar\/1c476992411e4ccf153da63b2b2f5ea0bb4cb1c85f3ceab8512f04325ad5579c?s=96&d=mm&r=g\",\"caption\":\"Corresponsal\"},\"url\":\"https:\/\/www.aridane.org\/city\/author\/corresponsal\/\"}]}<\/script>\n<!-- \/ Yoast SEO plugin. -->","yoast_head_json":{"title":"El Ayuntamiento de Los Llanos destaca la oferta sus institutos como motor para la reconstrucci\u00f3n y el empleo en el Valle - Ayuntamiento de Los Llanos de Aridane","robots":{"index":"index","follow":"follow","max-snippet":"max-snippet:-1","max-image-preview":"max-image-preview:large","max-video-preview":"max-video-preview:-1"},"canonical":"https:\/\/www.aridane.org\/city\/2026\/04\/10\/el-ayuntamiento-de-los-llanos-destaca-la-oferta-sus-institutos-como-motor-para-la-reconstruccion-y-el-empleo-en-el-valle\/","og_locale":"es_ES","og_type":"article","og_title":"El Ayuntamiento de Los Llanos destaca la oferta sus institutos como motor para la reconstrucci\u00f3n y el empleo en el Valle - Ayuntamiento de Los Llanos de Aridane","og_description":"La apuesta formativa del municipio refuerza la necesidad de contar con un Centro Integrado de Formaci\u00f3n Profesional","og_url":"https:\/\/www.aridane.org\/city\/2026\/04\/10\/el-ayuntamiento-de-los-llanos-destaca-la-oferta-sus-institutos-como-motor-para-la-reconstruccion-y-el-empleo-en-el-valle\/","og_site_name":"Ayuntamiento de Los Llanos de Aridane","article_published_time":"2026-04-10T06:47:05+00:00","article_modified_time":"2026-04-17T06:48:10+00:00","og_image":[{"width":2560,"height":1920,"url":"https:\/\/www.aridane.org\/city\/wp-content\/uploads\/2026\/04\/Perez-Pulido-scaled.jpeg","type":"image\/jpeg"}],"author":"Corresponsal","twitter_card":"summary_large_image","twitter_misc":{"Escrito por":"Corresponsal","Tiempo de lectura":"4 minutos"},"schema":{"@context":"https:\/\/schema.org","@graph":[{"@type":"WebPage","@id":"https:\/\/www.aridane.org\/city\/2026\/04\/10\/el-ayuntamiento-de-los-llanos-destaca-la-oferta-sus-institutos-como-motor-para-la-reconstruccion-y-el-empleo-en-el-valle\/","url":"https:\/\/www.aridane.org\/city\/2026\/04\/10\/el-ayuntamiento-de-los-llanos-destaca-la-oferta-sus-institutos-como-motor-para-la-reconstruccion-y-el-empleo-en-el-valle\/","name":"El Ayuntamiento de Los Llanos destaca la oferta sus institutos como motor para la reconstrucci\u00f3n y el empleo en el Valle - Ayuntamiento de Los Llanos de Aridane","isPartOf":{"@id":"https:\/\/www.aridane.org\/city\/#website"},"primaryImageOfPage":{"@id":"https:\/\/www.aridane.org\/city\/2026\/04\/10\/el-ayuntamiento-de-los-llanos-destaca-la-oferta-sus-institutos-como-motor-para-la-reconstruccion-y-el-empleo-en-el-valle\/#primaryimage"},"image":{"@id":"https:\/\/www.aridane.org\/city\/2026\/04\/10\/el-ayuntamiento-de-los-llanos-destaca-la-oferta-sus-institutos-como-motor-para-la-reconstruccion-y-el-empleo-en-el-valle\/#primaryimage"},"thumbnailUrl":"https:\/\/www.aridane.org\/city\/wp-content\/uploads\/2026\/04\/Perez-Pulido-scaled.jpeg","datePublished":"2026-04-10T06:47:05+00:00","dateModified":"2026-04-17T06:48:10+00:00","author":{"@id":"https:\/\/www.aridane.org\/city\/#\/schema\/person\/89ebd376b223dc94cc1dbcf200c8e6da"},"breadcrumb":{"@id":"https:\/\/www.aridane.org\/city\/2026\/04\/10\/el-ayuntamiento-de-los-llanos-destaca-la-oferta-sus-institutos-como-motor-para-la-reconstruccion-y-el-empleo-en-el-valle\/#breadcrumb"},"inLanguage":"es","potentialAction":[{"@type":"ReadAction","target":["https:\/\/www.aridane.org\/city\/2026\/04\/10\/el-ayuntamiento-de-los-llanos-destaca-la-oferta-sus-institutos-como-motor-para-la-reconstruccion-y-el-empleo-en-el-valle\/"]}]},{"@type":"ImageObject","inLanguage":"es","@id":"https:\/\/www.aridane.org\/city\/2026\/04\/10\/el-ayuntamiento-de-los-llanos-destaca-la-oferta-sus-institutos-como-motor-para-la-reconstruccion-y-el-empleo-en-el-valle\/#primaryimage","url":"https:\/\/www.aridane.org\/city\/wp-content\/uploads\/2026\/04\/Perez-Pulido-scaled.jpeg","contentUrl":"https:\/\/www.aridane.org\/city\/wp-content\/uploads\/2026\/04\/Perez-Pulido-scaled.jpeg","width":2560,"height":1920},{"@type":"BreadcrumbList","@id":"https:\/\/www.aridane.org\/city\/2026\/04\/10\/el-ayuntamiento-de-los-llanos-destaca-la-oferta-sus-institutos-como-motor-para-la-reconstruccion-y-el-empleo-en-el-valle\/#breadcrumb","itemListElement":[{"@type":"ListItem","position":1,"name":"Portada","item":"https:\/\/www.aridane.org\/city\/"},{"@type":"ListItem","position":2,"name":"El Ayuntamiento de Los Llanos destaca la oferta sus institutos como motor para la reconstrucci\u00f3n y el empleo en el Valle"}]},{"@type":"WebSite","@id":"https:\/\/www.aridane.org\/city\/#website","url":"https:\/\/www.aridane.org\/city\/","name":"Ayuntamiento de Los Llanos de Aridane","description":"","potentialAction":[{"@type":"SearchAction","target":{"@type":"EntryPoint","urlTemplate":"https:\/\/www.aridane.org\/city\/?s={search_term_string}"},"query-input":"required name=search_term_string"}],"inLanguage":"es"},{"@type":"Person","@id":"https:\/\/www.aridane.org\/city\/#\/schema\/person\/89ebd376b223dc94cc1dbcf200c8e6da","name":"Corresponsal","image":{"@type":"ImageObject","inLanguage":"es","@id":"https:\/\/www.aridane.org\/city\/#\/schema\/person\/image\/","url":"https:\/\/secure.gravatar.com\/avatar\/1c476992411e4ccf153da63b2b2f5ea0bb4cb1c85f3ceab8512f04325ad5579c?s=96&d=mm&r=g","contentUrl":"https:\/\/secure.gravatar.com\/avatar\/1c476992411e4ccf153da63b2b2f5ea0bb4cb1c85f3ceab8512f04325ad5579c?s=96&d=mm&r=g","caption":"Corresponsal"},"url":"https:\/\/www.aridane.org\/city\/author\/corresponsal\/"}]}},"_links":{"self":[{"href":"https:\/\/www.aridane.org\/city\/wp-json\/wp\/v2\/posts\/5084","targetHints":{"allow":["GET"]}}],"collection":[{"href":"https:\/\/www.aridane.org\/city\/wp-json\/wp\/v2\/posts"}],"about":[{"href":"https:\/\/www.aridane.org\/city\/wp-json\/wp\/v2\/types\/post"}],"author":[{"embeddable":true,"href":"https:\/\/www.aridane.org\/city\/wp-json\/wp\/v2\/users\/4"}],"replies":[{"embeddable":true,"href":"https:\/\/www.aridane.org\/city\/wp-json\/wp\/v2\/comments?post=5084"}],"version-history":[{"count":1,"href":"https:\/\/www.aridane.org\/city\/wp-json\/wp\/v2\/posts\/5084\/revisions"}],"predecessor-version":[{"id":5086,"href":"https:\/\/www.aridane.org\/city\/wp-json\/wp\/v2\/posts\/5084\/revisions\/5086"}],"wp:featuredmedia":[{"embeddable":true,"href":"https:\/\/www.aridane.org\/city\/wp-json\/wp\/v2\/media\/5085"}],"wp:attachment":[{"href":"https:\/\/www.aridane.org\/city\/wp-json\/wp\/v2\/media?parent=5084"}],"wp:term":[{"taxonomy":"category","embeddable":true,"href":"https:\/\/www.aridane.org\/city\/wp-json\/wp\/v2\/categories?post=5084"},{"taxonomy":"post_tag","embeddable":true,"href":"https:\/\/www.aridane.org\/city\/wp-json\/wp\/v2\/tags?post=5084"}],"curies":[{"name":"wp","href":"https:\/\/api.w.org\/{rel}","templated":true}]}}