{"id":5087,"date":"2026-04-08T06:48:36","date_gmt":"2026-04-08T06:48:36","guid":{"rendered":"https:\/\/www.aridane.org\/city\/?p=5087"},"modified":"2026-04-17T06:49:26","modified_gmt":"2026-04-17T06:49:26","slug":"sembramos-para-ti-la-nueva-campana-del-ayuntamiento-de-los-llanos-para-dinamizar-el-mercadillo-del-agricultor","status":"publish","type":"post","link":"https:\/\/www.aridane.org\/city\/2026\/04\/08\/sembramos-para-ti-la-nueva-campana-del-ayuntamiento-de-los-llanos-para-dinamizar-el-mercadillo-del-agricultor\/","title":{"rendered":"\u2018Sembramos para ti\u2019: La nueva campa\u00f1a del Ayuntamiento de Los Llanos para dinamizar el Mercadillo del Agricultor"},"content":{"rendered":"<p><em>La campa\u00f1a, que comienza este domingo, 12 de abril, establece que por cada 5 euros de compra se participa en el sorteo mensual de una caja de productos locales<\/em><!--more--><\/p>\n<p>El Ayuntamiento de Los Llanos de Aridane inicia una nueva campa\u00f1a de dinamizaci\u00f3n del Mercadillo del Agricultor con el objetivo de fomentar el consumo de producto local, apoyar al sector primario y reforzar la actividad econ\u00f3mica en este espacio. La iniciativa, denominada \u2018Sembramos para ti\u2019, se articula a trav\u00e9s de un sorteo promocional mensual dirigido a las personas que realicen compras en los puestos participantes.<\/p>\n<p>La campa\u00f1a comienza en abril de 2026 y establece un sistema sencillo de participaci\u00f3n: por cada 5 euros de compra, los clientes reciben un boleto para entrar en el sorteo de una caja de productos del propio mercado, aportados por los agricultores y agricultoras.<\/p>\n<p>La concejala de Comercio y Desarrollo Local, Ver\u00f3nica Gonz\u00e1lez, explica que esta acci\u00f3n \u201cbusca reforzar el v\u00ednculo entre quienes producen y quienes consumen, poniendo en valor el producto local y generando un incentivo directo para comprar en el Mercadillo del Agricultor\u201d.<\/p>\n<h3><strong>Importancia al Mercadillo del Agricultor<\/strong><\/h3>\n<p>La concejala insiste en que el compromiso es el de \u201cdinamizar la actividad del mercadillo de forma constante y atraer a m\u00e1s personas, generando movimiento cada domingo\u201d.<\/p>\n<p>En este sentido, el alcalde, Javier Llamas, resalta la importancia que se le ha dado al Mercadillo del Agricultor desde el \u00c1rea de Comercio durante estos a\u00f1os.<\/p>\n<p>\u201cLo consideramos un espacio clave para la econom\u00eda local y para el d\u00eda a d\u00eda de nuestros domingos\u201d, apunta el alcalde. \u201cQueremos que nuestros vecinos y vecinas y toda la ciudadan\u00eda del Valle se acerque a nuestros puestos, consuma productos kil\u00f3metro cero de verdad y pase un buen rato en Los Llanos de Aridane\u201d, a\u00f1ade.<\/p>\n<h3><strong>C\u00f3mo funciona el sorteo<\/strong><\/h3>\n<p>El sorteo se celebra el segundo domingo de cada mes durante la jornada de apertura del mercadillo, y el premio se entrega el domingo siguiente. Para participar, las personas interesadas deben depositar su boleto, correctamente cumplimentado, en la urna habilitada antes de las 13:00 horas del d\u00eda del sorteo.<\/p>\n<p>La campa\u00f1a est\u00e1 financiada por el Ayuntamiento de Los Llanos de Aridane, que asume los costes organizativos y de difusi\u00f3n, mientras que los premios proceden directamente de los productos aportados por los propios puestos del mercadillo, sin coste adicional para la administraci\u00f3n.<\/p>\n<p>Con esta iniciativa, el Ayuntamiento contin\u00faa desarrollando acciones que refuerzan el consumo de cercan\u00eda y el apoyo al tejido econ\u00f3mico local, especialmente vinculado al sector agr\u00edcola.<\/p>\n","protected":false},"excerpt":{"rendered":"<p>La campa\u00f1a, que comienza este domingo, 12 de abril, establece que por cada 5 euros de compra se participa en el sorteo mensual de una caja de productos locales<\/p>\n","protected":false},"author":4,"featured_media":3678,"comment_status":"open","ping_status":"open","sticky":false,"template":"","format":"standard","meta":{"footnotes":""},"categories":[1],"tags":[],"class_list":["post-5087","post","type-post","status-publish","format-standard","has-post-thumbnail","hentry","category-sin-categoria"],"yoast_head":"<!-- This site is optimized with the Yoast SEO plugin v22.7 - https:\/\/yoast.com\/wordpress\/plugins\/seo\/ -->\n<title>\u2018Sembramos para ti\u2019: La nueva campa\u00f1a del Ayuntamiento de Los Llanos para dinamizar el Mercadillo del Agricultor - Ayuntamiento de Los Llanos de Aridane<\/title>\n<meta name=\"robots\" content=\"index, follow, max-snippet:-1, max-image-preview:large, max-video-preview:-1\" \/>\n<link rel=\"canonical\" href=\"https:\/\/www.aridane.org\/city\/2026\/04\/08\/sembramos-para-ti-la-nueva-campana-del-ayuntamiento-de-los-llanos-para-dinamizar-el-mercadillo-del-agricultor\/\" \/>\n<meta property=\"og:locale\" content=\"es_ES\" \/>\n<meta property=\"og:type\" content=\"article\" \/>\n<meta property=\"og:title\" content=\"\u2018Sembramos para ti\u2019: La nueva campa\u00f1a del Ayuntamiento de Los Llanos para dinamizar el Mercadillo del Agricultor - Ayuntamiento de Los Llanos de Aridane\" \/>\n<meta property=\"og:description\" content=\"La campa\u00f1a, que comienza este domingo, 12 de abril, establece que por cada 5 euros de compra se participa en el sorteo mensual de una caja de productos locales\" \/>\n<meta property=\"og:url\" content=\"https:\/\/www.aridane.org\/city\/2026\/04\/08\/sembramos-para-ti-la-nueva-campana-del-ayuntamiento-de-los-llanos-para-dinamizar-el-mercadillo-del-agricultor\/\" \/>\n<meta property=\"og:site_name\" content=\"Ayuntamiento de Los Llanos de Aridane\" \/>\n<meta property=\"article:published_time\" content=\"2026-04-08T06:48:36+00:00\" \/>\n<meta property=\"article:modified_time\" content=\"2026-04-17T06:49:26+00:00\" \/>\n<meta property=\"og:image\" content=\"https:\/\/www.aridane.org\/city\/wp-content\/uploads\/2024\/04\/Mercadillo-Agricultor-Los-Llanos.jpg\" \/>\n\t<meta property=\"og:image:width\" content=\"1920\" \/>\n\t<meta property=\"og:image:height\" content=\"1280\" \/>\n\t<meta property=\"og:image:type\" content=\"image\/jpeg\" \/>\n<meta name=\"author\" content=\"Corresponsal\" \/>\n<meta name=\"twitter:card\" content=\"summary_large_image\" \/>\n<meta name=\"twitter:label1\" content=\"Escrito por\" \/>\n\t<meta name=\"twitter:data1\" content=\"Corresponsal\" \/>\n\t<meta name=\"twitter:label2\" content=\"Tiempo de lectura\" \/>\n\t<meta name=\"twitter:data2\" content=\"3 minutos\" \/>\n<script type=\"application\/ld+json\" class=\"yoast-schema-graph\">{\"@context\":\"https:\/\/schema.org\",\"@graph\":[{\"@type\":\"WebPage\",\"@id\":\"https:\/\/www.aridane.org\/city\/2026\/04\/08\/sembramos-para-ti-la-nueva-campana-del-ayuntamiento-de-los-llanos-para-dinamizar-el-mercadillo-del-agricultor\/\",\"url\":\"https:\/\/www.aridane.org\/city\/2026\/04\/08\/sembramos-para-ti-la-nueva-campana-del-ayuntamiento-de-los-llanos-para-dinamizar-el-mercadillo-del-agricultor\/\",\"name\":\"\u2018Sembramos para ti\u2019: La nueva campa\u00f1a del Ayuntamiento de Los Llanos para dinamizar el Mercadillo del Agricultor - Ayuntamiento de Los Llanos de Aridane\",\"isPartOf\":{\"@id\":\"https:\/\/www.aridane.org\/city\/#website\"},\"primaryImageOfPage\":{\"@id\":\"https:\/\/www.aridane.org\/city\/2026\/04\/08\/sembramos-para-ti-la-nueva-campana-del-ayuntamiento-de-los-llanos-para-dinamizar-el-mercadillo-del-agricultor\/#primaryimage\"},\"image\":{\"@id\":\"https:\/\/www.aridane.org\/city\/2026\/04\/08\/sembramos-para-ti-la-nueva-campana-del-ayuntamiento-de-los-llanos-para-dinamizar-el-mercadillo-del-agricultor\/#primaryimage\"},\"thumbnailUrl\":\"https:\/\/www.aridane.org\/city\/wp-content\/uploads\/2024\/04\/Mercadillo-Agricultor-Los-Llanos.jpg\",\"datePublished\":\"2026-04-08T06:48:36+00:00\",\"dateModified\":\"2026-04-17T06:49:26+00:00\",\"author\":{\"@id\":\"https:\/\/www.aridane.org\/city\/#\/schema\/person\/89ebd376b223dc94cc1dbcf200c8e6da\"},\"breadcrumb\":{\"@id\":\"https:\/\/www.aridane.org\/city\/2026\/04\/08\/sembramos-para-ti-la-nueva-campana-del-ayuntamiento-de-los-llanos-para-dinamizar-el-mercadillo-del-agricultor\/#breadcrumb\"},\"inLanguage\":\"es\",\"potentialAction\":[{\"@type\":\"ReadAction\",\"target\":[\"https:\/\/www.aridane.org\/city\/2026\/04\/08\/sembramos-para-ti-la-nueva-campana-del-ayuntamiento-de-los-llanos-para-dinamizar-el-mercadillo-del-agricultor\/\"]}]},{\"@type\":\"ImageObject\",\"inLanguage\":\"es\",\"@id\":\"https:\/\/www.aridane.org\/city\/2026\/04\/08\/sembramos-para-ti-la-nueva-campana-del-ayuntamiento-de-los-llanos-para-dinamizar-el-mercadillo-del-agricultor\/#primaryimage\",\"url\":\"https:\/\/www.aridane.org\/city\/wp-content\/uploads\/2024\/04\/Mercadillo-Agricultor-Los-Llanos.jpg\",\"contentUrl\":\"https:\/\/www.aridane.org\/city\/wp-content\/uploads\/2024\/04\/Mercadillo-Agricultor-Los-Llanos.jpg\",\"width\":1920,\"height\":1280},{\"@type\":\"BreadcrumbList\",\"@id\":\"https:\/\/www.aridane.org\/city\/2026\/04\/08\/sembramos-para-ti-la-nueva-campana-del-ayuntamiento-de-los-llanos-para-dinamizar-el-mercadillo-del-agricultor\/#breadcrumb\",\"itemListElement\":[{\"@type\":\"ListItem\",\"position\":1,\"name\":\"Portada\",\"item\":\"https:\/\/www.aridane.org\/city\/\"},{\"@type\":\"ListItem\",\"position\":2,\"name\":\"\u2018Sembramos para ti\u2019: La nueva campa\u00f1a del Ayuntamiento de Los Llanos para dinamizar el Mercadillo del Agricultor\"}]},{\"@type\":\"WebSite\",\"@id\":\"https:\/\/www.aridane.org\/city\/#website\",\"url\":\"https:\/\/www.aridane.org\/city\/\",\"name\":\"Ayuntamiento de Los Llanos de Aridane\",\"description\":\"\",\"potentialAction\":[{\"@type\":\"SearchAction\",\"target\":{\"@type\":\"EntryPoint\",\"urlTemplate\":\"https:\/\/www.aridane.org\/city\/?s={search_term_string}\"},\"query-input\":\"required name=search_term_string\"}],\"inLanguage\":\"es\"},{\"@type\":\"Person\",\"@id\":\"https:\/\/www.aridane.org\/city\/#\/schema\/person\/89ebd376b223dc94cc1dbcf200c8e6da\",\"name\":\"Corresponsal\",\"image\":{\"@type\":\"ImageObject\",\"inLanguage\":\"es\",\"@id\":\"https:\/\/www.aridane.org\/city\/#\/schema\/person\/image\/\",\"url\":\"https:\/\/secure.gravatar.com\/avatar\/1c476992411e4ccf153da63b2b2f5ea0bb4cb1c85f3ceab8512f04325ad5579c?s=96&d=mm&r=g\",\"contentUrl\":\"https:\/\/secure.gravatar.com\/avatar\/1c476992411e4ccf153da63b2b2f5ea0bb4cb1c85f3ceab8512f04325ad5579c?s=96&d=mm&r=g\",\"caption\":\"Corresponsal\"},\"url\":\"https:\/\/www.aridane.org\/city\/author\/corresponsal\/\"}]}<\/script>\n<!-- \/ Yoast SEO plugin. -->","yoast_head_json":{"title":"\u2018Sembramos para ti\u2019: La nueva campa\u00f1a del Ayuntamiento de Los Llanos para dinamizar el Mercadillo del Agricultor - Ayuntamiento de Los Llanos de Aridane","robots":{"index":"index","follow":"follow","max-snippet":"max-snippet:-1","max-image-preview":"max-image-preview:large","max-video-preview":"max-video-preview:-1"},"canonical":"https:\/\/www.aridane.org\/city\/2026\/04\/08\/sembramos-para-ti-la-nueva-campana-del-ayuntamiento-de-los-llanos-para-dinamizar-el-mercadillo-del-agricultor\/","og_locale":"es_ES","og_type":"article","og_title":"\u2018Sembramos para ti\u2019: La nueva campa\u00f1a del Ayuntamiento de Los Llanos para dinamizar el Mercadillo del Agricultor - Ayuntamiento de Los Llanos de Aridane","og_description":"La campa\u00f1a, que comienza este domingo, 12 de abril, establece que por cada 5 euros de compra se participa en el sorteo mensual de una caja de productos locales","og_url":"https:\/\/www.aridane.org\/city\/2026\/04\/08\/sembramos-para-ti-la-nueva-campana-del-ayuntamiento-de-los-llanos-para-dinamizar-el-mercadillo-del-agricultor\/","og_site_name":"Ayuntamiento de Los Llanos de Aridane","article_published_time":"2026-04-08T06:48:36+00:00","article_modified_time":"2026-04-17T06:49:26+00:00","og_image":[{"width":1920,"height":1280,"url":"https:\/\/www.aridane.org\/city\/wp-content\/uploads\/2024\/04\/Mercadillo-Agricultor-Los-Llanos.jpg","type":"image\/jpeg"}],"author":"Corresponsal","twitter_card":"summary_large_image","twitter_misc":{"Escrito por":"Corresponsal","Tiempo de lectura":"3 minutos"},"schema":{"@context":"https:\/\/schema.org","@graph":[{"@type":"WebPage","@id":"https:\/\/www.aridane.org\/city\/2026\/04\/08\/sembramos-para-ti-la-nueva-campana-del-ayuntamiento-de-los-llanos-para-dinamizar-el-mercadillo-del-agricultor\/","url":"https:\/\/www.aridane.org\/city\/2026\/04\/08\/sembramos-para-ti-la-nueva-campana-del-ayuntamiento-de-los-llanos-para-dinamizar-el-mercadillo-del-agricultor\/","name":"\u2018Sembramos para ti\u2019: La nueva campa\u00f1a del Ayuntamiento de Los Llanos para dinamizar el Mercadillo del Agricultor - Ayuntamiento de Los Llanos de Aridane","isPartOf":{"@id":"https:\/\/www.aridane.org\/city\/#website"},"primaryImageOfPage":{"@id":"https:\/\/www.aridane.org\/city\/2026\/04\/08\/sembramos-para-ti-la-nueva-campana-del-ayuntamiento-de-los-llanos-para-dinamizar-el-mercadillo-del-agricultor\/#primaryimage"},"image":{"@id":"https:\/\/www.aridane.org\/city\/2026\/04\/08\/sembramos-para-ti-la-nueva-campana-del-ayuntamiento-de-los-llanos-para-dinamizar-el-mercadillo-del-agricultor\/#primaryimage"},"thumbnailUrl":"https:\/\/www.aridane.org\/city\/wp-content\/uploads\/2024\/04\/Mercadillo-Agricultor-Los-Llanos.jpg","datePublished":"2026-04-08T06:48:36+00:00","dateModified":"2026-04-17T06:49:26+00:00","author":{"@id":"https:\/\/www.aridane.org\/city\/#\/schema\/person\/89ebd376b223dc94cc1dbcf200c8e6da"},"breadcrumb":{"@id":"https:\/\/www.aridane.org\/city\/2026\/04\/08\/sembramos-para-ti-la-nueva-campana-del-ayuntamiento-de-los-llanos-para-dinamizar-el-mercadillo-del-agricultor\/#breadcrumb"},"inLanguage":"es","potentialAction":[{"@type":"ReadAction","target":["https:\/\/www.aridane.org\/city\/2026\/04\/08\/sembramos-para-ti-la-nueva-campana-del-ayuntamiento-de-los-llanos-para-dinamizar-el-mercadillo-del-agricultor\/"]}]},{"@type":"ImageObject","inLanguage":"es","@id":"https:\/\/www.aridane.org\/city\/2026\/04\/08\/sembramos-para-ti-la-nueva-campana-del-ayuntamiento-de-los-llanos-para-dinamizar-el-mercadillo-del-agricultor\/#primaryimage","url":"https:\/\/www.aridane.org\/city\/wp-content\/uploads\/2024\/04\/Mercadillo-Agricultor-Los-Llanos.jpg","contentUrl":"https:\/\/www.aridane.org\/city\/wp-content\/uploads\/2024\/04\/Mercadillo-Agricultor-Los-Llanos.jpg","width":1920,"height":1280},{"@type":"BreadcrumbList","@id":"https:\/\/www.aridane.org\/city\/2026\/04\/08\/sembramos-para-ti-la-nueva-campana-del-ayuntamiento-de-los-llanos-para-dinamizar-el-mercadillo-del-agricultor\/#breadcrumb","itemListElement":[{"@type":"ListItem","position":1,"name":"Portada","item":"https:\/\/www.aridane.org\/city\/"},{"@type":"ListItem","position":2,"name":"\u2018Sembramos para ti\u2019: La nueva campa\u00f1a del Ayuntamiento de Los Llanos para dinamizar el Mercadillo del Agricultor"}]},{"@type":"WebSite","@id":"https:\/\/www.aridane.org\/city\/#website","url":"https:\/\/www.aridane.org\/city\/","name":"Ayuntamiento de Los Llanos de Aridane","description":"","potentialAction":[{"@type":"SearchAction","target":{"@type":"EntryPoint","urlTemplate":"https:\/\/www.aridane.org\/city\/?s={search_term_string}"},"query-input":"required name=search_term_string"}],"inLanguage":"es"},{"@type":"Person","@id":"https:\/\/www.aridane.org\/city\/#\/schema\/person\/89ebd376b223dc94cc1dbcf200c8e6da","name":"Corresponsal","image":{"@type":"ImageObject","inLanguage":"es","@id":"https:\/\/www.aridane.org\/city\/#\/schema\/person\/image\/","url":"https:\/\/secure.gravatar.com\/avatar\/1c476992411e4ccf153da63b2b2f5ea0bb4cb1c85f3ceab8512f04325ad5579c?s=96&d=mm&r=g","contentUrl":"https:\/\/secure.gravatar.com\/avatar\/1c476992411e4ccf153da63b2b2f5ea0bb4cb1c85f3ceab8512f04325ad5579c?s=96&d=mm&r=g","caption":"Corresponsal"},"url":"https:\/\/www.aridane.org\/city\/author\/corresponsal\/"}]}},"_links":{"self":[{"href":"https:\/\/www.aridane.org\/city\/wp-json\/wp\/v2\/posts\/5087","targetHints":{"allow":["GET"]}}],"collection":[{"href":"https:\/\/www.aridane.org\/city\/wp-json\/wp\/v2\/posts"}],"about":[{"href":"https:\/\/www.aridane.org\/city\/wp-json\/wp\/v2\/types\/post"}],"author":[{"embeddable":true,"href":"https:\/\/www.aridane.org\/city\/wp-json\/wp\/v2\/users\/4"}],"replies":[{"embeddable":true,"href":"https:\/\/www.aridane.org\/city\/wp-json\/wp\/v2\/comments?post=5087"}],"version-history":[{"count":1,"href":"https:\/\/www.aridane.org\/city\/wp-json\/wp\/v2\/posts\/5087\/revisions"}],"predecessor-version":[{"id":5088,"href":"https:\/\/www.aridane.org\/city\/wp-json\/wp\/v2\/posts\/5087\/revisions\/5088"}],"wp:featuredmedia":[{"embeddable":true,"href":"https:\/\/www.aridane.org\/city\/wp-json\/wp\/v2\/media\/3678"}],"wp:attachment":[{"href":"https:\/\/www.aridane.org\/city\/wp-json\/wp\/v2\/media?parent=5087"}],"wp:term":[{"taxonomy":"category","embeddable":true,"href":"https:\/\/www.aridane.org\/city\/wp-json\/wp\/v2\/categories?post=5087"},{"taxonomy":"post_tag","embeddable":true,"href":"https:\/\/www.aridane.org\/city\/wp-json\/wp\/v2\/tags?post=5087"}],"curies":[{"name":"wp","href":"https:\/\/api.w.org\/{rel}","templated":true}]}}