{"id":5089,"date":"2026-04-07T06:50:33","date_gmt":"2026-04-07T06:50:33","guid":{"rendered":"https:\/\/www.aridane.org\/city\/?p=5089"},"modified":"2026-04-17T06:54:46","modified_gmt":"2026-04-17T06:54:46","slug":"el-ayuntamiento-de-los-llanos-de-aridane-apuesta-por-la-literatura-juvenil-con-el-regreso-de-festilij-aridane","status":"publish","type":"post","link":"https:\/\/www.aridane.org\/city\/2026\/04\/07\/el-ayuntamiento-de-los-llanos-de-aridane-apuesta-por-la-literatura-juvenil-con-el-regreso-de-festilij-aridane\/","title":{"rendered":"El Ayuntamiento de Los Llanos de Aridane apuesta por la literatura juvenil con el regreso de FestiLIJ Aridane\u00a0\u00a0"},"content":{"rendered":"<p><em>Un total de 17 autores participar\u00e1n en esta edici\u00f3n que tendr\u00e1 lugar del 9 al 12 de abril en la Casa de la Cultura\u00a0<\/em><!--more--><\/p>\n<p>El Ayuntamiento de Los Llanos de Aridane apuesta por la literatura infantil y juvenil con el regreso de FestiLIJ Aridane, una iniciativa dirigida al alumnado de los centros educativos del municipio, que celebrar\u00e1 su quinta edici\u00f3n en la Casa de la Cultura entre el 9 y el 12 de abril.<\/p>\n<p>La concejala de Cultura, Marlene Gonz\u00e1lez, incide en la importancia de \u201cdespertar entre los j\u00f3venes el inter\u00e9s por la lectura, en este caso desde una perspectiva din\u00e1mica y entretenida\u201d.<\/p>\n<p>\u201cEl proyecto cuenta con una oferta de aprendizaje y diversi\u00f3n que no se suele ver en otras iniciativas de este \u00e1mbito, teniendo un amplio abanico de talleres, charlas, juegos, etc.\u201d, a\u00f1ade.<\/p>\n<p>La nueva edici\u00f3n de FestiLIJ se desarrollar\u00e1 en varias ubicaciones distintas, como pueden ser los colegios y en las distintas salas de la Casa de la Cultura. Adem\u00e1s, el festival cuenta con un amplio abanico de actividades para fomentar la creatividad, tales como duelos de improvisaci\u00f3n, charlas con autores, programas de radio, etc. Por otro lado, como novedad este a\u00f1o se grabar\u00e1 ante el p\u00fablico una funci\u00f3n sonora escrita para la ocasi\u00f3n<\/p>\n<p>En cuanto a los autores participantes, contaremos con el brit\u00e1nico Steve Smallman, autor de la aclamada colecci\u00f3n\u00a0<em>La ovejita que vino a cenar<\/em>; Anna Morat\u00f3, autora de la serie de libros\u00a0<em>De mayor quiero ser feliz<\/em>; Margarita del Mazo, Sara Nicol\u00e1s, \u00d3scar Rull, Chiki Fabregat o Javier Fern\u00e1ndez Jim\u00e9nez, entre otros.<\/p>\n<p>Para obtener m\u00e1s informaci\u00f3n sobre programa y autores invitados, se puede consultar la web\u00a0<a href=\"http:\/\/www.festilijaridane.com\/\" target=\"_blank\" rel=\"noopener noreferrer\">www.festilijaridane.com<\/a><\/p>\n","protected":false},"excerpt":{"rendered":"<p>Un total de 17 autores participar\u00e1n en esta edici\u00f3n que tendr\u00e1 lugar del 9 al 12 de abril en la Casa de la Cultura\u00a0<\/p>\n","protected":false},"author":4,"featured_media":5090,"comment_status":"open","ping_status":"open","sticky":false,"template":"","format":"standard","meta":{"footnotes":""},"categories":[1],"tags":[],"class_list":["post-5089","post","type-post","status-publish","format-standard","has-post-thumbnail","hentry","category-sin-categoria"],"yoast_head":"<!-- This site is optimized with the Yoast SEO plugin v22.7 - https:\/\/yoast.com\/wordpress\/plugins\/seo\/ -->\n<title>El Ayuntamiento de Los Llanos de Aridane apuesta por la literatura juvenil con el regreso de FestiLIJ Aridane\u00a0\u00a0 - Ayuntamiento de Los Llanos de Aridane<\/title>\n<meta name=\"robots\" content=\"index, follow, max-snippet:-1, max-image-preview:large, max-video-preview:-1\" \/>\n<link rel=\"canonical\" href=\"https:\/\/www.aridane.org\/city\/2026\/04\/07\/el-ayuntamiento-de-los-llanos-de-aridane-apuesta-por-la-literatura-juvenil-con-el-regreso-de-festilij-aridane\/\" \/>\n<meta property=\"og:locale\" content=\"es_ES\" \/>\n<meta property=\"og:type\" content=\"article\" \/>\n<meta property=\"og:title\" content=\"El Ayuntamiento de Los Llanos de Aridane apuesta por la literatura juvenil con el regreso de FestiLIJ Aridane\u00a0\u00a0 - Ayuntamiento de Los Llanos de Aridane\" \/>\n<meta property=\"og:description\" content=\"Un total de 17 autores participar\u00e1n en esta edici\u00f3n que tendr\u00e1 lugar del 9 al 12 de abril en la Casa de la Cultura\u00a0\" \/>\n<meta property=\"og:url\" content=\"https:\/\/www.aridane.org\/city\/2026\/04\/07\/el-ayuntamiento-de-los-llanos-de-aridane-apuesta-por-la-literatura-juvenil-con-el-regreso-de-festilij-aridane\/\" \/>\n<meta property=\"og:site_name\" content=\"Ayuntamiento de Los Llanos de Aridane\" \/>\n<meta property=\"article:published_time\" content=\"2026-04-07T06:50:33+00:00\" \/>\n<meta property=\"article:modified_time\" content=\"2026-04-17T06:54:46+00:00\" \/>\n<meta property=\"og:image\" content=\"https:\/\/www.aridane.org\/city\/wp-content\/uploads\/2026\/04\/NP-Festilij-2026-e1776408876730.jpeg\" \/>\n\t<meta property=\"og:image:width\" content=\"900\" \/>\n\t<meta property=\"og:image:height\" content=\"651\" \/>\n\t<meta property=\"og:image:type\" content=\"image\/jpeg\" \/>\n<meta name=\"author\" content=\"Corresponsal\" \/>\n<meta name=\"twitter:card\" content=\"summary_large_image\" \/>\n<meta name=\"twitter:label1\" content=\"Escrito por\" \/>\n\t<meta name=\"twitter:data1\" content=\"Corresponsal\" \/>\n\t<meta name=\"twitter:label2\" content=\"Tiempo de lectura\" \/>\n\t<meta name=\"twitter:data2\" content=\"2 minutos\" \/>\n<script type=\"application\/ld+json\" class=\"yoast-schema-graph\">{\"@context\":\"https:\/\/schema.org\",\"@graph\":[{\"@type\":\"WebPage\",\"@id\":\"https:\/\/www.aridane.org\/city\/2026\/04\/07\/el-ayuntamiento-de-los-llanos-de-aridane-apuesta-por-la-literatura-juvenil-con-el-regreso-de-festilij-aridane\/\",\"url\":\"https:\/\/www.aridane.org\/city\/2026\/04\/07\/el-ayuntamiento-de-los-llanos-de-aridane-apuesta-por-la-literatura-juvenil-con-el-regreso-de-festilij-aridane\/\",\"name\":\"El Ayuntamiento de Los Llanos de Aridane apuesta por la literatura juvenil con el regreso de FestiLIJ Aridane\u00a0\u00a0 - Ayuntamiento de Los Llanos de Aridane\",\"isPartOf\":{\"@id\":\"https:\/\/www.aridane.org\/city\/#website\"},\"primaryImageOfPage\":{\"@id\":\"https:\/\/www.aridane.org\/city\/2026\/04\/07\/el-ayuntamiento-de-los-llanos-de-aridane-apuesta-por-la-literatura-juvenil-con-el-regreso-de-festilij-aridane\/#primaryimage\"},\"image\":{\"@id\":\"https:\/\/www.aridane.org\/city\/2026\/04\/07\/el-ayuntamiento-de-los-llanos-de-aridane-apuesta-por-la-literatura-juvenil-con-el-regreso-de-festilij-aridane\/#primaryimage\"},\"thumbnailUrl\":\"https:\/\/www.aridane.org\/city\/wp-content\/uploads\/2026\/04\/NP-Festilij-2026-e1776408876730.jpeg\",\"datePublished\":\"2026-04-07T06:50:33+00:00\",\"dateModified\":\"2026-04-17T06:54:46+00:00\",\"author\":{\"@id\":\"https:\/\/www.aridane.org\/city\/#\/schema\/person\/89ebd376b223dc94cc1dbcf200c8e6da\"},\"breadcrumb\":{\"@id\":\"https:\/\/www.aridane.org\/city\/2026\/04\/07\/el-ayuntamiento-de-los-llanos-de-aridane-apuesta-por-la-literatura-juvenil-con-el-regreso-de-festilij-aridane\/#breadcrumb\"},\"inLanguage\":\"es\",\"potentialAction\":[{\"@type\":\"ReadAction\",\"target\":[\"https:\/\/www.aridane.org\/city\/2026\/04\/07\/el-ayuntamiento-de-los-llanos-de-aridane-apuesta-por-la-literatura-juvenil-con-el-regreso-de-festilij-aridane\/\"]}]},{\"@type\":\"ImageObject\",\"inLanguage\":\"es\",\"@id\":\"https:\/\/www.aridane.org\/city\/2026\/04\/07\/el-ayuntamiento-de-los-llanos-de-aridane-apuesta-por-la-literatura-juvenil-con-el-regreso-de-festilij-aridane\/#primaryimage\",\"url\":\"https:\/\/www.aridane.org\/city\/wp-content\/uploads\/2026\/04\/NP-Festilij-2026-e1776408876730.jpeg\",\"contentUrl\":\"https:\/\/www.aridane.org\/city\/wp-content\/uploads\/2026\/04\/NP-Festilij-2026-e1776408876730.jpeg\",\"width\":900,\"height\":651},{\"@type\":\"BreadcrumbList\",\"@id\":\"https:\/\/www.aridane.org\/city\/2026\/04\/07\/el-ayuntamiento-de-los-llanos-de-aridane-apuesta-por-la-literatura-juvenil-con-el-regreso-de-festilij-aridane\/#breadcrumb\",\"itemListElement\":[{\"@type\":\"ListItem\",\"position\":1,\"name\":\"Portada\",\"item\":\"https:\/\/www.aridane.org\/city\/\"},{\"@type\":\"ListItem\",\"position\":2,\"name\":\"El Ayuntamiento de Los Llanos de Aridane apuesta por la literatura juvenil con el regreso de FestiLIJ Aridane\u00a0\u00a0\"}]},{\"@type\":\"WebSite\",\"@id\":\"https:\/\/www.aridane.org\/city\/#website\",\"url\":\"https:\/\/www.aridane.org\/city\/\",\"name\":\"Ayuntamiento de Los Llanos de Aridane\",\"description\":\"\",\"potentialAction\":[{\"@type\":\"SearchAction\",\"target\":{\"@type\":\"EntryPoint\",\"urlTemplate\":\"https:\/\/www.aridane.org\/city\/?s={search_term_string}\"},\"query-input\":\"required name=search_term_string\"}],\"inLanguage\":\"es\"},{\"@type\":\"Person\",\"@id\":\"https:\/\/www.aridane.org\/city\/#\/schema\/person\/89ebd376b223dc94cc1dbcf200c8e6da\",\"name\":\"Corresponsal\",\"image\":{\"@type\":\"ImageObject\",\"inLanguage\":\"es\",\"@id\":\"https:\/\/www.aridane.org\/city\/#\/schema\/person\/image\/\",\"url\":\"https:\/\/secure.gravatar.com\/avatar\/1c476992411e4ccf153da63b2b2f5ea0bb4cb1c85f3ceab8512f04325ad5579c?s=96&d=mm&r=g\",\"contentUrl\":\"https:\/\/secure.gravatar.com\/avatar\/1c476992411e4ccf153da63b2b2f5ea0bb4cb1c85f3ceab8512f04325ad5579c?s=96&d=mm&r=g\",\"caption\":\"Corresponsal\"},\"url\":\"https:\/\/www.aridane.org\/city\/author\/corresponsal\/\"}]}<\/script>\n<!-- \/ Yoast SEO plugin. -->","yoast_head_json":{"title":"El Ayuntamiento de Los Llanos de Aridane apuesta por la literatura juvenil con el regreso de FestiLIJ Aridane\u00a0\u00a0 - Ayuntamiento de Los Llanos de Aridane","robots":{"index":"index","follow":"follow","max-snippet":"max-snippet:-1","max-image-preview":"max-image-preview:large","max-video-preview":"max-video-preview:-1"},"canonical":"https:\/\/www.aridane.org\/city\/2026\/04\/07\/el-ayuntamiento-de-los-llanos-de-aridane-apuesta-por-la-literatura-juvenil-con-el-regreso-de-festilij-aridane\/","og_locale":"es_ES","og_type":"article","og_title":"El Ayuntamiento de Los Llanos de Aridane apuesta por la literatura juvenil con el regreso de FestiLIJ Aridane\u00a0\u00a0 - Ayuntamiento de Los Llanos de Aridane","og_description":"Un total de 17 autores participar\u00e1n en esta edici\u00f3n que tendr\u00e1 lugar del 9 al 12 de abril en la Casa de la Cultura\u00a0","og_url":"https:\/\/www.aridane.org\/city\/2026\/04\/07\/el-ayuntamiento-de-los-llanos-de-aridane-apuesta-por-la-literatura-juvenil-con-el-regreso-de-festilij-aridane\/","og_site_name":"Ayuntamiento de Los Llanos de Aridane","article_published_time":"2026-04-07T06:50:33+00:00","article_modified_time":"2026-04-17T06:54:46+00:00","og_image":[{"width":900,"height":651,"url":"https:\/\/www.aridane.org\/city\/wp-content\/uploads\/2026\/04\/NP-Festilij-2026-e1776408876730.jpeg","type":"image\/jpeg"}],"author":"Corresponsal","twitter_card":"summary_large_image","twitter_misc":{"Escrito por":"Corresponsal","Tiempo de lectura":"2 minutos"},"schema":{"@context":"https:\/\/schema.org","@graph":[{"@type":"WebPage","@id":"https:\/\/www.aridane.org\/city\/2026\/04\/07\/el-ayuntamiento-de-los-llanos-de-aridane-apuesta-por-la-literatura-juvenil-con-el-regreso-de-festilij-aridane\/","url":"https:\/\/www.aridane.org\/city\/2026\/04\/07\/el-ayuntamiento-de-los-llanos-de-aridane-apuesta-por-la-literatura-juvenil-con-el-regreso-de-festilij-aridane\/","name":"El Ayuntamiento de Los Llanos de Aridane apuesta por la literatura juvenil con el regreso de FestiLIJ Aridane\u00a0\u00a0 - Ayuntamiento de Los Llanos de Aridane","isPartOf":{"@id":"https:\/\/www.aridane.org\/city\/#website"},"primaryImageOfPage":{"@id":"https:\/\/www.aridane.org\/city\/2026\/04\/07\/el-ayuntamiento-de-los-llanos-de-aridane-apuesta-por-la-literatura-juvenil-con-el-regreso-de-festilij-aridane\/#primaryimage"},"image":{"@id":"https:\/\/www.aridane.org\/city\/2026\/04\/07\/el-ayuntamiento-de-los-llanos-de-aridane-apuesta-por-la-literatura-juvenil-con-el-regreso-de-festilij-aridane\/#primaryimage"},"thumbnailUrl":"https:\/\/www.aridane.org\/city\/wp-content\/uploads\/2026\/04\/NP-Festilij-2026-e1776408876730.jpeg","datePublished":"2026-04-07T06:50:33+00:00","dateModified":"2026-04-17T06:54:46+00:00","author":{"@id":"https:\/\/www.aridane.org\/city\/#\/schema\/person\/89ebd376b223dc94cc1dbcf200c8e6da"},"breadcrumb":{"@id":"https:\/\/www.aridane.org\/city\/2026\/04\/07\/el-ayuntamiento-de-los-llanos-de-aridane-apuesta-por-la-literatura-juvenil-con-el-regreso-de-festilij-aridane\/#breadcrumb"},"inLanguage":"es","potentialAction":[{"@type":"ReadAction","target":["https:\/\/www.aridane.org\/city\/2026\/04\/07\/el-ayuntamiento-de-los-llanos-de-aridane-apuesta-por-la-literatura-juvenil-con-el-regreso-de-festilij-aridane\/"]}]},{"@type":"ImageObject","inLanguage":"es","@id":"https:\/\/www.aridane.org\/city\/2026\/04\/07\/el-ayuntamiento-de-los-llanos-de-aridane-apuesta-por-la-literatura-juvenil-con-el-regreso-de-festilij-aridane\/#primaryimage","url":"https:\/\/www.aridane.org\/city\/wp-content\/uploads\/2026\/04\/NP-Festilij-2026-e1776408876730.jpeg","contentUrl":"https:\/\/www.aridane.org\/city\/wp-content\/uploads\/2026\/04\/NP-Festilij-2026-e1776408876730.jpeg","width":900,"height":651},{"@type":"BreadcrumbList","@id":"https:\/\/www.aridane.org\/city\/2026\/04\/07\/el-ayuntamiento-de-los-llanos-de-aridane-apuesta-por-la-literatura-juvenil-con-el-regreso-de-festilij-aridane\/#breadcrumb","itemListElement":[{"@type":"ListItem","position":1,"name":"Portada","item":"https:\/\/www.aridane.org\/city\/"},{"@type":"ListItem","position":2,"name":"El Ayuntamiento de Los Llanos de Aridane apuesta por la literatura juvenil con el regreso de FestiLIJ Aridane\u00a0\u00a0"}]},{"@type":"WebSite","@id":"https:\/\/www.aridane.org\/city\/#website","url":"https:\/\/www.aridane.org\/city\/","name":"Ayuntamiento de Los Llanos de Aridane","description":"","potentialAction":[{"@type":"SearchAction","target":{"@type":"EntryPoint","urlTemplate":"https:\/\/www.aridane.org\/city\/?s={search_term_string}"},"query-input":"required name=search_term_string"}],"inLanguage":"es"},{"@type":"Person","@id":"https:\/\/www.aridane.org\/city\/#\/schema\/person\/89ebd376b223dc94cc1dbcf200c8e6da","name":"Corresponsal","image":{"@type":"ImageObject","inLanguage":"es","@id":"https:\/\/www.aridane.org\/city\/#\/schema\/person\/image\/","url":"https:\/\/secure.gravatar.com\/avatar\/1c476992411e4ccf153da63b2b2f5ea0bb4cb1c85f3ceab8512f04325ad5579c?s=96&d=mm&r=g","contentUrl":"https:\/\/secure.gravatar.com\/avatar\/1c476992411e4ccf153da63b2b2f5ea0bb4cb1c85f3ceab8512f04325ad5579c?s=96&d=mm&r=g","caption":"Corresponsal"},"url":"https:\/\/www.aridane.org\/city\/author\/corresponsal\/"}]}},"_links":{"self":[{"href":"https:\/\/www.aridane.org\/city\/wp-json\/wp\/v2\/posts\/5089","targetHints":{"allow":["GET"]}}],"collection":[{"href":"https:\/\/www.aridane.org\/city\/wp-json\/wp\/v2\/posts"}],"about":[{"href":"https:\/\/www.aridane.org\/city\/wp-json\/wp\/v2\/types\/post"}],"author":[{"embeddable":true,"href":"https:\/\/www.aridane.org\/city\/wp-json\/wp\/v2\/users\/4"}],"replies":[{"embeddable":true,"href":"https:\/\/www.aridane.org\/city\/wp-json\/wp\/v2\/comments?post=5089"}],"version-history":[{"count":2,"href":"https:\/\/www.aridane.org\/city\/wp-json\/wp\/v2\/posts\/5089\/revisions"}],"predecessor-version":[{"id":5092,"href":"https:\/\/www.aridane.org\/city\/wp-json\/wp\/v2\/posts\/5089\/revisions\/5092"}],"wp:featuredmedia":[{"embeddable":true,"href":"https:\/\/www.aridane.org\/city\/wp-json\/wp\/v2\/media\/5090"}],"wp:attachment":[{"href":"https:\/\/www.aridane.org\/city\/wp-json\/wp\/v2\/media?parent=5089"}],"wp:term":[{"taxonomy":"category","embeddable":true,"href":"https:\/\/www.aridane.org\/city\/wp-json\/wp\/v2\/categories?post=5089"},{"taxonomy":"post_tag","embeddable":true,"href":"https:\/\/www.aridane.org\/city\/wp-json\/wp\/v2\/tags?post=5089"}],"curies":[{"name":"wp","href":"https:\/\/api.w.org\/{rel}","templated":true}]}}