{"id":5093,"date":"2026-04-07T10:52:22","date_gmt":"2026-04-07T10:52:22","guid":{"rendered":"https:\/\/www.aridane.org\/city\/?p=5093"},"modified":"2026-04-17T06:52:37","modified_gmt":"2026-04-17T06:52:37","slug":"el-ayuntamiento-atiende-una-demanda-vecinal-con-una-nueva-parada-de-guaguas-hacia-puerto-naos","status":"publish","type":"post","link":"https:\/\/www.aridane.org\/city\/2026\/04\/07\/el-ayuntamiento-atiende-una-demanda-vecinal-con-una-nueva-parada-de-guaguas-hacia-puerto-naos\/","title":{"rendered":"El Ayuntamiento atiende una demanda vecinal con una nueva parada de guaguas hacia Puerto Naos"},"content":{"rendered":"<p><em>Por la v\u00eda circula la l\u00ednea 24 y es ruta habitual de transporte escolar, lo que refuerza la necesidad de una parada segura<\/em><!--more--><\/p>\n<p>El Ayuntamiento de Los Llanos de Aridane, en colaboraci\u00f3n con el Cabildo de La Palma, habilita una nueva parada de guaguas en la LP-213, en direcci\u00f3n hacia Puerto Naos, justo despu\u00e9s del cruce con la calle Nicol\u00e1s Brito Pais. La medida responde a una demanda vecinal y mejora la seguridad en un tramo con tr\u00e1nsito frecuente de veh\u00edculos.<\/p>\n<p>El concejal de Transporte, Rubens D\u00edaz, explica que por esta v\u00eda circula la l\u00ednea 24 de Transportes Insular La Palma (TILP), adem\u00e1s de ser un recorrido habitual para el transporte escolar, lo que incrementa la necesidad de contar con un espacio adecuado y seguro para las paradas.<\/p>\n<p>D\u00edaz detalla que hasta ahora no exist\u00eda un espacio habilitado, lo que generaba situaciones de riesgo tanto para las personas usuarias como para la circulaci\u00f3n. \u201cLos vecinos y las vecinas nos lo hicieron saber y por eso decidimos actuar\u201d, a\u00f1ade.<\/p>\n<p>Asimismo, se\u00f1ala que \u201cla colaboraci\u00f3n con el Cabildo de La Palma y TILP ha sido clave para seguir mejorando la movilidad y garantizar espacios m\u00e1s seguros para vecinos y vecinas\u201d.<\/p>\n<p>Con esta intervenci\u00f3n, el Ayuntamiento de Los Llanos de Aridane ordena el punto de parada, facilita el acceso al transporte p\u00fablico y refuerza la seguridad, especialmente de escolares y personas mayores, en una v\u00eda estrat\u00e9gica de conexi\u00f3n con la costa del municipio.<\/p>\n","protected":false},"excerpt":{"rendered":"<p>Por la v\u00eda circula la l\u00ednea 24 y es ruta habitual de transporte escolar, lo que refuerza la necesidad de una parada segura<\/p>\n","protected":false},"author":4,"featured_media":5094,"comment_status":"open","ping_status":"open","sticky":false,"template":"","format":"standard","meta":{"footnotes":""},"categories":[1],"tags":[],"class_list":["post-5093","post","type-post","status-publish","format-standard","has-post-thumbnail","hentry","category-sin-categoria"],"yoast_head":"<!-- This site is optimized with the Yoast SEO plugin v22.7 - https:\/\/yoast.com\/wordpress\/plugins\/seo\/ -->\n<title>El Ayuntamiento atiende una demanda vecinal con una nueva parada de guaguas hacia Puerto Naos - Ayuntamiento de Los Llanos de Aridane<\/title>\n<meta name=\"robots\" content=\"index, follow, max-snippet:-1, max-image-preview:large, max-video-preview:-1\" \/>\n<link rel=\"canonical\" href=\"https:\/\/www.aridane.org\/city\/2026\/04\/07\/el-ayuntamiento-atiende-una-demanda-vecinal-con-una-nueva-parada-de-guaguas-hacia-puerto-naos\/\" \/>\n<meta property=\"og:locale\" content=\"es_ES\" \/>\n<meta property=\"og:type\" content=\"article\" \/>\n<meta property=\"og:title\" content=\"El Ayuntamiento atiende una demanda vecinal con una nueva parada de guaguas hacia Puerto Naos - Ayuntamiento de Los Llanos de Aridane\" \/>\n<meta property=\"og:description\" content=\"Por la v\u00eda circula la l\u00ednea 24 y es ruta habitual de transporte escolar, lo que refuerza la necesidad de una parada segura\" \/>\n<meta property=\"og:url\" content=\"https:\/\/www.aridane.org\/city\/2026\/04\/07\/el-ayuntamiento-atiende-una-demanda-vecinal-con-una-nueva-parada-de-guaguas-hacia-puerto-naos\/\" \/>\n<meta property=\"og:site_name\" content=\"Ayuntamiento de Los Llanos de Aridane\" \/>\n<meta property=\"article:published_time\" content=\"2026-04-07T10:52:22+00:00\" \/>\n<meta property=\"article:modified_time\" content=\"2026-04-17T06:52:37+00:00\" \/>\n<meta property=\"og:image\" content=\"https:\/\/www.aridane.org\/city\/wp-content\/uploads\/2026\/04\/Parada-de-guaguas-scaled.jpeg\" \/>\n\t<meta property=\"og:image:width\" content=\"2560\" \/>\n\t<meta property=\"og:image:height\" content=\"1918\" \/>\n\t<meta property=\"og:image:type\" content=\"image\/jpeg\" \/>\n<meta name=\"author\" content=\"Corresponsal\" \/>\n<meta name=\"twitter:card\" content=\"summary_large_image\" \/>\n<meta name=\"twitter:label1\" content=\"Escrito por\" \/>\n\t<meta name=\"twitter:data1\" content=\"Corresponsal\" \/>\n\t<meta name=\"twitter:label2\" content=\"Tiempo de lectura\" \/>\n\t<meta name=\"twitter:data2\" content=\"2 minutos\" \/>\n<script type=\"application\/ld+json\" class=\"yoast-schema-graph\">{\"@context\":\"https:\/\/schema.org\",\"@graph\":[{\"@type\":\"WebPage\",\"@id\":\"https:\/\/www.aridane.org\/city\/2026\/04\/07\/el-ayuntamiento-atiende-una-demanda-vecinal-con-una-nueva-parada-de-guaguas-hacia-puerto-naos\/\",\"url\":\"https:\/\/www.aridane.org\/city\/2026\/04\/07\/el-ayuntamiento-atiende-una-demanda-vecinal-con-una-nueva-parada-de-guaguas-hacia-puerto-naos\/\",\"name\":\"El Ayuntamiento atiende una demanda vecinal con una nueva parada de guaguas hacia Puerto Naos - Ayuntamiento de Los Llanos de Aridane\",\"isPartOf\":{\"@id\":\"https:\/\/www.aridane.org\/city\/#website\"},\"primaryImageOfPage\":{\"@id\":\"https:\/\/www.aridane.org\/city\/2026\/04\/07\/el-ayuntamiento-atiende-una-demanda-vecinal-con-una-nueva-parada-de-guaguas-hacia-puerto-naos\/#primaryimage\"},\"image\":{\"@id\":\"https:\/\/www.aridane.org\/city\/2026\/04\/07\/el-ayuntamiento-atiende-una-demanda-vecinal-con-una-nueva-parada-de-guaguas-hacia-puerto-naos\/#primaryimage\"},\"thumbnailUrl\":\"https:\/\/www.aridane.org\/city\/wp-content\/uploads\/2026\/04\/Parada-de-guaguas-scaled.jpeg\",\"datePublished\":\"2026-04-07T10:52:22+00:00\",\"dateModified\":\"2026-04-17T06:52:37+00:00\",\"author\":{\"@id\":\"https:\/\/www.aridane.org\/city\/#\/schema\/person\/89ebd376b223dc94cc1dbcf200c8e6da\"},\"breadcrumb\":{\"@id\":\"https:\/\/www.aridane.org\/city\/2026\/04\/07\/el-ayuntamiento-atiende-una-demanda-vecinal-con-una-nueva-parada-de-guaguas-hacia-puerto-naos\/#breadcrumb\"},\"inLanguage\":\"es\",\"potentialAction\":[{\"@type\":\"ReadAction\",\"target\":[\"https:\/\/www.aridane.org\/city\/2026\/04\/07\/el-ayuntamiento-atiende-una-demanda-vecinal-con-una-nueva-parada-de-guaguas-hacia-puerto-naos\/\"]}]},{\"@type\":\"ImageObject\",\"inLanguage\":\"es\",\"@id\":\"https:\/\/www.aridane.org\/city\/2026\/04\/07\/el-ayuntamiento-atiende-una-demanda-vecinal-con-una-nueva-parada-de-guaguas-hacia-puerto-naos\/#primaryimage\",\"url\":\"https:\/\/www.aridane.org\/city\/wp-content\/uploads\/2026\/04\/Parada-de-guaguas-scaled.jpeg\",\"contentUrl\":\"https:\/\/www.aridane.org\/city\/wp-content\/uploads\/2026\/04\/Parada-de-guaguas-scaled.jpeg\",\"width\":2560,\"height\":1918},{\"@type\":\"BreadcrumbList\",\"@id\":\"https:\/\/www.aridane.org\/city\/2026\/04\/07\/el-ayuntamiento-atiende-una-demanda-vecinal-con-una-nueva-parada-de-guaguas-hacia-puerto-naos\/#breadcrumb\",\"itemListElement\":[{\"@type\":\"ListItem\",\"position\":1,\"name\":\"Portada\",\"item\":\"https:\/\/www.aridane.org\/city\/\"},{\"@type\":\"ListItem\",\"position\":2,\"name\":\"El Ayuntamiento atiende una demanda vecinal con una nueva parada de guaguas hacia Puerto Naos\"}]},{\"@type\":\"WebSite\",\"@id\":\"https:\/\/www.aridane.org\/city\/#website\",\"url\":\"https:\/\/www.aridane.org\/city\/\",\"name\":\"Ayuntamiento de Los Llanos de Aridane\",\"description\":\"\",\"potentialAction\":[{\"@type\":\"SearchAction\",\"target\":{\"@type\":\"EntryPoint\",\"urlTemplate\":\"https:\/\/www.aridane.org\/city\/?s={search_term_string}\"},\"query-input\":\"required name=search_term_string\"}],\"inLanguage\":\"es\"},{\"@type\":\"Person\",\"@id\":\"https:\/\/www.aridane.org\/city\/#\/schema\/person\/89ebd376b223dc94cc1dbcf200c8e6da\",\"name\":\"Corresponsal\",\"image\":{\"@type\":\"ImageObject\",\"inLanguage\":\"es\",\"@id\":\"https:\/\/www.aridane.org\/city\/#\/schema\/person\/image\/\",\"url\":\"https:\/\/secure.gravatar.com\/avatar\/1c476992411e4ccf153da63b2b2f5ea0bb4cb1c85f3ceab8512f04325ad5579c?s=96&d=mm&r=g\",\"contentUrl\":\"https:\/\/secure.gravatar.com\/avatar\/1c476992411e4ccf153da63b2b2f5ea0bb4cb1c85f3ceab8512f04325ad5579c?s=96&d=mm&r=g\",\"caption\":\"Corresponsal\"},\"url\":\"https:\/\/www.aridane.org\/city\/author\/corresponsal\/\"}]}<\/script>\n<!-- \/ Yoast SEO plugin. -->","yoast_head_json":{"title":"El Ayuntamiento atiende una demanda vecinal con una nueva parada de guaguas hacia Puerto Naos - Ayuntamiento de Los Llanos de Aridane","robots":{"index":"index","follow":"follow","max-snippet":"max-snippet:-1","max-image-preview":"max-image-preview:large","max-video-preview":"max-video-preview:-1"},"canonical":"https:\/\/www.aridane.org\/city\/2026\/04\/07\/el-ayuntamiento-atiende-una-demanda-vecinal-con-una-nueva-parada-de-guaguas-hacia-puerto-naos\/","og_locale":"es_ES","og_type":"article","og_title":"El Ayuntamiento atiende una demanda vecinal con una nueva parada de guaguas hacia Puerto Naos - Ayuntamiento de Los Llanos de Aridane","og_description":"Por la v\u00eda circula la l\u00ednea 24 y es ruta habitual de transporte escolar, lo que refuerza la necesidad de una parada segura","og_url":"https:\/\/www.aridane.org\/city\/2026\/04\/07\/el-ayuntamiento-atiende-una-demanda-vecinal-con-una-nueva-parada-de-guaguas-hacia-puerto-naos\/","og_site_name":"Ayuntamiento de Los Llanos de Aridane","article_published_time":"2026-04-07T10:52:22+00:00","article_modified_time":"2026-04-17T06:52:37+00:00","og_image":[{"width":2560,"height":1918,"url":"https:\/\/www.aridane.org\/city\/wp-content\/uploads\/2026\/04\/Parada-de-guaguas-scaled.jpeg","type":"image\/jpeg"}],"author":"Corresponsal","twitter_card":"summary_large_image","twitter_misc":{"Escrito por":"Corresponsal","Tiempo de lectura":"2 minutos"},"schema":{"@context":"https:\/\/schema.org","@graph":[{"@type":"WebPage","@id":"https:\/\/www.aridane.org\/city\/2026\/04\/07\/el-ayuntamiento-atiende-una-demanda-vecinal-con-una-nueva-parada-de-guaguas-hacia-puerto-naos\/","url":"https:\/\/www.aridane.org\/city\/2026\/04\/07\/el-ayuntamiento-atiende-una-demanda-vecinal-con-una-nueva-parada-de-guaguas-hacia-puerto-naos\/","name":"El Ayuntamiento atiende una demanda vecinal con una nueva parada de guaguas hacia Puerto Naos - Ayuntamiento de Los Llanos de Aridane","isPartOf":{"@id":"https:\/\/www.aridane.org\/city\/#website"},"primaryImageOfPage":{"@id":"https:\/\/www.aridane.org\/city\/2026\/04\/07\/el-ayuntamiento-atiende-una-demanda-vecinal-con-una-nueva-parada-de-guaguas-hacia-puerto-naos\/#primaryimage"},"image":{"@id":"https:\/\/www.aridane.org\/city\/2026\/04\/07\/el-ayuntamiento-atiende-una-demanda-vecinal-con-una-nueva-parada-de-guaguas-hacia-puerto-naos\/#primaryimage"},"thumbnailUrl":"https:\/\/www.aridane.org\/city\/wp-content\/uploads\/2026\/04\/Parada-de-guaguas-scaled.jpeg","datePublished":"2026-04-07T10:52:22+00:00","dateModified":"2026-04-17T06:52:37+00:00","author":{"@id":"https:\/\/www.aridane.org\/city\/#\/schema\/person\/89ebd376b223dc94cc1dbcf200c8e6da"},"breadcrumb":{"@id":"https:\/\/www.aridane.org\/city\/2026\/04\/07\/el-ayuntamiento-atiende-una-demanda-vecinal-con-una-nueva-parada-de-guaguas-hacia-puerto-naos\/#breadcrumb"},"inLanguage":"es","potentialAction":[{"@type":"ReadAction","target":["https:\/\/www.aridane.org\/city\/2026\/04\/07\/el-ayuntamiento-atiende-una-demanda-vecinal-con-una-nueva-parada-de-guaguas-hacia-puerto-naos\/"]}]},{"@type":"ImageObject","inLanguage":"es","@id":"https:\/\/www.aridane.org\/city\/2026\/04\/07\/el-ayuntamiento-atiende-una-demanda-vecinal-con-una-nueva-parada-de-guaguas-hacia-puerto-naos\/#primaryimage","url":"https:\/\/www.aridane.org\/city\/wp-content\/uploads\/2026\/04\/Parada-de-guaguas-scaled.jpeg","contentUrl":"https:\/\/www.aridane.org\/city\/wp-content\/uploads\/2026\/04\/Parada-de-guaguas-scaled.jpeg","width":2560,"height":1918},{"@type":"BreadcrumbList","@id":"https:\/\/www.aridane.org\/city\/2026\/04\/07\/el-ayuntamiento-atiende-una-demanda-vecinal-con-una-nueva-parada-de-guaguas-hacia-puerto-naos\/#breadcrumb","itemListElement":[{"@type":"ListItem","position":1,"name":"Portada","item":"https:\/\/www.aridane.org\/city\/"},{"@type":"ListItem","position":2,"name":"El Ayuntamiento atiende una demanda vecinal con una nueva parada de guaguas hacia Puerto Naos"}]},{"@type":"WebSite","@id":"https:\/\/www.aridane.org\/city\/#website","url":"https:\/\/www.aridane.org\/city\/","name":"Ayuntamiento de Los Llanos de Aridane","description":"","potentialAction":[{"@type":"SearchAction","target":{"@type":"EntryPoint","urlTemplate":"https:\/\/www.aridane.org\/city\/?s={search_term_string}"},"query-input":"required name=search_term_string"}],"inLanguage":"es"},{"@type":"Person","@id":"https:\/\/www.aridane.org\/city\/#\/schema\/person\/89ebd376b223dc94cc1dbcf200c8e6da","name":"Corresponsal","image":{"@type":"ImageObject","inLanguage":"es","@id":"https:\/\/www.aridane.org\/city\/#\/schema\/person\/image\/","url":"https:\/\/secure.gravatar.com\/avatar\/1c476992411e4ccf153da63b2b2f5ea0bb4cb1c85f3ceab8512f04325ad5579c?s=96&d=mm&r=g","contentUrl":"https:\/\/secure.gravatar.com\/avatar\/1c476992411e4ccf153da63b2b2f5ea0bb4cb1c85f3ceab8512f04325ad5579c?s=96&d=mm&r=g","caption":"Corresponsal"},"url":"https:\/\/www.aridane.org\/city\/author\/corresponsal\/"}]}},"_links":{"self":[{"href":"https:\/\/www.aridane.org\/city\/wp-json\/wp\/v2\/posts\/5093","targetHints":{"allow":["GET"]}}],"collection":[{"href":"https:\/\/www.aridane.org\/city\/wp-json\/wp\/v2\/posts"}],"about":[{"href":"https:\/\/www.aridane.org\/city\/wp-json\/wp\/v2\/types\/post"}],"author":[{"embeddable":true,"href":"https:\/\/www.aridane.org\/city\/wp-json\/wp\/v2\/users\/4"}],"replies":[{"embeddable":true,"href":"https:\/\/www.aridane.org\/city\/wp-json\/wp\/v2\/comments?post=5093"}],"version-history":[{"count":1,"href":"https:\/\/www.aridane.org\/city\/wp-json\/wp\/v2\/posts\/5093\/revisions"}],"predecessor-version":[{"id":5095,"href":"https:\/\/www.aridane.org\/city\/wp-json\/wp\/v2\/posts\/5093\/revisions\/5095"}],"wp:featuredmedia":[{"embeddable":true,"href":"https:\/\/www.aridane.org\/city\/wp-json\/wp\/v2\/media\/5094"}],"wp:attachment":[{"href":"https:\/\/www.aridane.org\/city\/wp-json\/wp\/v2\/media?parent=5093"}],"wp:term":[{"taxonomy":"category","embeddable":true,"href":"https:\/\/www.aridane.org\/city\/wp-json\/wp\/v2\/categories?post=5093"},{"taxonomy":"post_tag","embeddable":true,"href":"https:\/\/www.aridane.org\/city\/wp-json\/wp\/v2\/tags?post=5093"}],"curies":[{"name":"wp","href":"https:\/\/api.w.org\/{rel}","templated":true}]}}