{"id":67,"date":"2020-03-08T16:42:55","date_gmt":"2020-03-08T16:42:55","guid":{"rendered":"https:\/\/aridane.org\/ciudad\/?p=67"},"modified":"2020-03-08T16:42:55","modified_gmt":"2020-03-08T16:42:55","slug":"el-ayuntamiento-de-los-llanos-de-aridane-impulsa-un-programa-de-formacion-para-el-comercio-local","status":"publish","type":"post","link":"https:\/\/www.aridane.org\/city\/2020\/03\/08\/el-ayuntamiento-de-los-llanos-de-aridane-impulsa-un-programa-de-formacion-para-el-comercio-local\/","title":{"rendered":"El Ayuntamiento de Los Llanos de Aridane impulsa un programa de formaci\u00f3n para el comercio local"},"content":{"rendered":"<p style=\"text-align: justify;\">El \u00c1rea de Promoci\u00f3n Econ\u00f3mica del Ayuntamiento de Los Llanos de Aridane, dentro de su apuesta por impulsar el comercio, pone en marcha un programa de actividades y acciones formativas dirigidas a aquellas personas que forman parte del tejido empresarial del municipio.<\/p>\n<p style=\"text-align: justify;\">\u201cLos propios comerciantes y emprendedores nos han requerido formaci\u00f3n en el \u00e1rea es por ello que propusimos estos encuentros en los que el principal objetivo es otorgar herramientas pr\u00e1cticas que contribuyan a desarrollar o mejorar sus capacidades y habilidades en el \u00e1mbito personal y\/o profesional\u201d, explic\u00f3 la responsable de \u00e1rea de promoci\u00f3n Econ\u00f3mica, Inmaculada Fern\u00e1ndez P\u00e9rez.<\/p>\n<p style=\"text-align: justify;\">La propuesta se desarrollar\u00e1 con una metodolog\u00eda sencilla, experiencial y participativa donde el lema ser\u00e1 \u2018disfrutar aprendiendo y desaprendiendo\u2019 que ser\u00e1 adaptada en funci\u00f3n de las necesidades que se vayan planteando, puesto que en todo momento los inscriptos ser\u00e1n protagonistas del proceso de mejora y aprendizaje\u201d, agreg\u00f3 la edil. En este sentido, las herramientas con las que se trabajar\u00e1 est\u00e1n pensadas para que ese aprendizaje se vaya tejiendo en cada sesi\u00f3n y que el conocimiento se construya de manera colectiva.<\/p>\n<p style=\"text-align: justify;\">Con estas acciones se pretende obtener un diagn\u00f3stico elaborado conjuntamente con las personas implicadas sobre c\u00f3mo es la situaci\u00f3n actual del comercio en Los Llanos de Aridane, lo cual se conseguir\u00e1 en la primera fase con la puesta en marcha de una actividad de diagn\u00f3stico participativo, que tendr\u00e1 lugar en la tarde del s\u00e1bado 21 de marzo.<\/p>\n<p style=\"text-align: justify;\">Adem\u00e1s, estos encuentros buscan contribuir a mejorar la capacitaci\u00f3n de los comercios del municipio, trabajando fundamentalmente sobre la calidad de la comunicaci\u00f3n de proximidad, para posteriormente abordar otros contenidos que sean planteados como demandas espec\u00edficas. Esta formaci\u00f3n se desarrollar\u00e1 en formato de talleres, y se celebrar\u00e1n durante los d\u00edas 18 y 25 de abril y 16 de mayo.<br \/>\nLos talleres ser\u00e1n impartidos por la especialista en comunicaci\u00f3n de proximidad Elena P\u00e9rez Jer\u00f3nimo, de \u201cCoCreandoT\u201d, que es trabajadora social, periodista, mediadora, coach personal y ejecutiva y master en<\/p>\n<p style=\"text-align: justify;\">Programaci\u00f3n Neuroling\u00fc\u00edstica.<\/p>\n<p style=\"text-align: justify;\">El programa de formaci\u00f3n previsto contempla el desarrollo de las tres siguientes tem\u00e1ticas: \u201cEscucha activa: La br\u00fajula de la comunicaci\u00f3n\u201d; \u201cRelaciones humanas y comunicaci\u00f3n\u201d y por \u00faltimo, \u201cPersuasi\u00f3n y seducci\u00f3n en la comunicaci\u00f3n\u201d.<br \/>\nLos interesados podr\u00e1n inscribirse en el correo electr\u00f3nico:\u00a0<span id=\"cloak996b344ac6f8bf184b9f3aa7df42b53e\"><a href=\"mailto:inmaculada.fernandez@aridane.org\">inmaculada.fernandez@aridane.org<\/a><\/span><\/p>\n","protected":false},"excerpt":{"rendered":"<p>El \u00c1rea de Promoci\u00f3n Econ\u00f3mica del Ayuntamiento de Los Llanos de Aridane, dentro de su apuesta por impulsar el comercio, pone en marcha un programa de actividades y acciones formativas dirigidas a aquellas personas que forman parte del tejido empresarial del municipio. \u201cLos propios comerciantes&#8230;<\/p>\n","protected":false},"author":1,"featured_media":0,"comment_status":"closed","ping_status":"open","sticky":false,"template":"","format":"standard","meta":{"footnotes":""},"categories":[6],"tags":[],"class_list":["post-67","post","type-post","status-publish","format-standard","hentry","category-prensa"],"yoast_head":"<!-- This site is optimized with the Yoast SEO plugin v22.7 - https:\/\/yoast.com\/wordpress\/plugins\/seo\/ -->\n<title>El Ayuntamiento de Los Llanos de Aridane impulsa un programa de formaci\u00f3n para el comercio local - Ayuntamiento de Los Llanos de Aridane<\/title>\n<meta name=\"robots\" content=\"index, follow, max-snippet:-1, max-image-preview:large, max-video-preview:-1\" \/>\n<link rel=\"canonical\" href=\"https:\/\/www.aridane.org\/city\/2020\/03\/08\/el-ayuntamiento-de-los-llanos-de-aridane-impulsa-un-programa-de-formacion-para-el-comercio-local\/\" \/>\n<meta property=\"og:locale\" content=\"es_ES\" \/>\n<meta property=\"og:type\" content=\"article\" \/>\n<meta property=\"og:title\" content=\"El Ayuntamiento de Los Llanos de Aridane impulsa un programa de formaci\u00f3n para el comercio local - Ayuntamiento de Los Llanos de Aridane\" \/>\n<meta property=\"og:description\" content=\"El \u00c1rea de Promoci\u00f3n Econ\u00f3mica del Ayuntamiento de Los Llanos de Aridane, dentro de su apuesta por impulsar el comercio, pone en marcha un programa de actividades y acciones formativas dirigidas a aquellas personas que forman parte del tejido empresarial del municipio. \u201cLos propios comerciantes...\" \/>\n<meta property=\"og:url\" content=\"https:\/\/www.aridane.org\/city\/2020\/03\/08\/el-ayuntamiento-de-los-llanos-de-aridane-impulsa-un-programa-de-formacion-para-el-comercio-local\/\" \/>\n<meta property=\"og:site_name\" content=\"Ayuntamiento de Los Llanos de Aridane\" \/>\n<meta property=\"article:published_time\" content=\"2020-03-08T16:42:55+00:00\" \/>\n<meta name=\"author\" content=\"Richard Diaz\" \/>\n<meta name=\"twitter:card\" content=\"summary_large_image\" \/>\n<meta name=\"twitter:label1\" content=\"Escrito por\" \/>\n\t<meta name=\"twitter:data1\" content=\"Richard Diaz\" \/>\n\t<meta name=\"twitter:label2\" content=\"Tiempo de lectura\" \/>\n\t<meta name=\"twitter:data2\" content=\"2 minutos\" \/>\n<script type=\"application\/ld+json\" class=\"yoast-schema-graph\">{\"@context\":\"https:\/\/schema.org\",\"@graph\":[{\"@type\":\"WebPage\",\"@id\":\"https:\/\/www.aridane.org\/city\/2020\/03\/08\/el-ayuntamiento-de-los-llanos-de-aridane-impulsa-un-programa-de-formacion-para-el-comercio-local\/\",\"url\":\"https:\/\/www.aridane.org\/city\/2020\/03\/08\/el-ayuntamiento-de-los-llanos-de-aridane-impulsa-un-programa-de-formacion-para-el-comercio-local\/\",\"name\":\"El Ayuntamiento de Los Llanos de Aridane impulsa un programa de formaci\u00f3n para el comercio local - Ayuntamiento de Los Llanos de Aridane\",\"isPartOf\":{\"@id\":\"https:\/\/www.aridane.org\/city\/#website\"},\"datePublished\":\"2020-03-08T16:42:55+00:00\",\"dateModified\":\"2020-03-08T16:42:55+00:00\",\"author\":{\"@id\":\"https:\/\/www.aridane.org\/city\/#\/schema\/person\/7d352ec7f29881716f298394432e7209\"},\"breadcrumb\":{\"@id\":\"https:\/\/www.aridane.org\/city\/2020\/03\/08\/el-ayuntamiento-de-los-llanos-de-aridane-impulsa-un-programa-de-formacion-para-el-comercio-local\/#breadcrumb\"},\"inLanguage\":\"es\",\"potentialAction\":[{\"@type\":\"ReadAction\",\"target\":[\"https:\/\/www.aridane.org\/city\/2020\/03\/08\/el-ayuntamiento-de-los-llanos-de-aridane-impulsa-un-programa-de-formacion-para-el-comercio-local\/\"]}]},{\"@type\":\"BreadcrumbList\",\"@id\":\"https:\/\/www.aridane.org\/city\/2020\/03\/08\/el-ayuntamiento-de-los-llanos-de-aridane-impulsa-un-programa-de-formacion-para-el-comercio-local\/#breadcrumb\",\"itemListElement\":[{\"@type\":\"ListItem\",\"position\":1,\"name\":\"Portada\",\"item\":\"https:\/\/www.aridane.org\/city\/\"},{\"@type\":\"ListItem\",\"position\":2,\"name\":\"El Ayuntamiento de Los Llanos de Aridane impulsa un programa de formaci\u00f3n para el comercio local\"}]},{\"@type\":\"WebSite\",\"@id\":\"https:\/\/www.aridane.org\/city\/#website\",\"url\":\"https:\/\/www.aridane.org\/city\/\",\"name\":\"Ayuntamiento de Los Llanos de Aridane\",\"description\":\"\",\"potentialAction\":[{\"@type\":\"SearchAction\",\"target\":{\"@type\":\"EntryPoint\",\"urlTemplate\":\"https:\/\/www.aridane.org\/city\/?s={search_term_string}\"},\"query-input\":\"required name=search_term_string\"}],\"inLanguage\":\"es\"},{\"@type\":\"Person\",\"@id\":\"https:\/\/www.aridane.org\/city\/#\/schema\/person\/7d352ec7f29881716f298394432e7209\",\"name\":\"Richard Diaz\",\"image\":{\"@type\":\"ImageObject\",\"inLanguage\":\"es\",\"@id\":\"https:\/\/www.aridane.org\/city\/#\/schema\/person\/image\/\",\"url\":\"https:\/\/secure.gravatar.com\/avatar\/bacd6aefc26a4a204943090a4c596cd10f0857081ef3cfd12084a70ecb3161d5?s=96&d=mm&r=g\",\"contentUrl\":\"https:\/\/secure.gravatar.com\/avatar\/bacd6aefc26a4a204943090a4c596cd10f0857081ef3cfd12084a70ecb3161d5?s=96&d=mm&r=g\",\"caption\":\"Richard Diaz\"},\"sameAs\":[\"https:\/\/www.aridane.org\/city\"],\"url\":\"https:\/\/www.aridane.org\/city\/author\/richard-diaz\/\"}]}<\/script>\n<!-- \/ Yoast SEO plugin. -->","yoast_head_json":{"title":"El Ayuntamiento de Los Llanos de Aridane impulsa un programa de formaci\u00f3n para el comercio local - Ayuntamiento de Los Llanos de Aridane","robots":{"index":"index","follow":"follow","max-snippet":"max-snippet:-1","max-image-preview":"max-image-preview:large","max-video-preview":"max-video-preview:-1"},"canonical":"https:\/\/www.aridane.org\/city\/2020\/03\/08\/el-ayuntamiento-de-los-llanos-de-aridane-impulsa-un-programa-de-formacion-para-el-comercio-local\/","og_locale":"es_ES","og_type":"article","og_title":"El Ayuntamiento de Los Llanos de Aridane impulsa un programa de formaci\u00f3n para el comercio local - Ayuntamiento de Los Llanos de Aridane","og_description":"El \u00c1rea de Promoci\u00f3n Econ\u00f3mica del Ayuntamiento de Los Llanos de Aridane, dentro de su apuesta por impulsar el comercio, pone en marcha un programa de actividades y acciones formativas dirigidas a aquellas personas que forman parte del tejido empresarial del municipio. \u201cLos propios comerciantes...","og_url":"https:\/\/www.aridane.org\/city\/2020\/03\/08\/el-ayuntamiento-de-los-llanos-de-aridane-impulsa-un-programa-de-formacion-para-el-comercio-local\/","og_site_name":"Ayuntamiento de Los Llanos de Aridane","article_published_time":"2020-03-08T16:42:55+00:00","author":"Richard Diaz","twitter_card":"summary_large_image","twitter_misc":{"Escrito por":"Richard Diaz","Tiempo de lectura":"2 minutos"},"schema":{"@context":"https:\/\/schema.org","@graph":[{"@type":"WebPage","@id":"https:\/\/www.aridane.org\/city\/2020\/03\/08\/el-ayuntamiento-de-los-llanos-de-aridane-impulsa-un-programa-de-formacion-para-el-comercio-local\/","url":"https:\/\/www.aridane.org\/city\/2020\/03\/08\/el-ayuntamiento-de-los-llanos-de-aridane-impulsa-un-programa-de-formacion-para-el-comercio-local\/","name":"El Ayuntamiento de Los Llanos de Aridane impulsa un programa de formaci\u00f3n para el comercio local - Ayuntamiento de Los Llanos de Aridane","isPartOf":{"@id":"https:\/\/www.aridane.org\/city\/#website"},"datePublished":"2020-03-08T16:42:55+00:00","dateModified":"2020-03-08T16:42:55+00:00","author":{"@id":"https:\/\/www.aridane.org\/city\/#\/schema\/person\/7d352ec7f29881716f298394432e7209"},"breadcrumb":{"@id":"https:\/\/www.aridane.org\/city\/2020\/03\/08\/el-ayuntamiento-de-los-llanos-de-aridane-impulsa-un-programa-de-formacion-para-el-comercio-local\/#breadcrumb"},"inLanguage":"es","potentialAction":[{"@type":"ReadAction","target":["https:\/\/www.aridane.org\/city\/2020\/03\/08\/el-ayuntamiento-de-los-llanos-de-aridane-impulsa-un-programa-de-formacion-para-el-comercio-local\/"]}]},{"@type":"BreadcrumbList","@id":"https:\/\/www.aridane.org\/city\/2020\/03\/08\/el-ayuntamiento-de-los-llanos-de-aridane-impulsa-un-programa-de-formacion-para-el-comercio-local\/#breadcrumb","itemListElement":[{"@type":"ListItem","position":1,"name":"Portada","item":"https:\/\/www.aridane.org\/city\/"},{"@type":"ListItem","position":2,"name":"El Ayuntamiento de Los Llanos de Aridane impulsa un programa de formaci\u00f3n para el comercio local"}]},{"@type":"WebSite","@id":"https:\/\/www.aridane.org\/city\/#website","url":"https:\/\/www.aridane.org\/city\/","name":"Ayuntamiento de Los Llanos de Aridane","description":"","potentialAction":[{"@type":"SearchAction","target":{"@type":"EntryPoint","urlTemplate":"https:\/\/www.aridane.org\/city\/?s={search_term_string}"},"query-input":"required name=search_term_string"}],"inLanguage":"es"},{"@type":"Person","@id":"https:\/\/www.aridane.org\/city\/#\/schema\/person\/7d352ec7f29881716f298394432e7209","name":"Richard Diaz","image":{"@type":"ImageObject","inLanguage":"es","@id":"https:\/\/www.aridane.org\/city\/#\/schema\/person\/image\/","url":"https:\/\/secure.gravatar.com\/avatar\/bacd6aefc26a4a204943090a4c596cd10f0857081ef3cfd12084a70ecb3161d5?s=96&d=mm&r=g","contentUrl":"https:\/\/secure.gravatar.com\/avatar\/bacd6aefc26a4a204943090a4c596cd10f0857081ef3cfd12084a70ecb3161d5?s=96&d=mm&r=g","caption":"Richard Diaz"},"sameAs":["https:\/\/www.aridane.org\/city"],"url":"https:\/\/www.aridane.org\/city\/author\/richard-diaz\/"}]}},"_links":{"self":[{"href":"https:\/\/www.aridane.org\/city\/wp-json\/wp\/v2\/posts\/67","targetHints":{"allow":["GET"]}}],"collection":[{"href":"https:\/\/www.aridane.org\/city\/wp-json\/wp\/v2\/posts"}],"about":[{"href":"https:\/\/www.aridane.org\/city\/wp-json\/wp\/v2\/types\/post"}],"author":[{"embeddable":true,"href":"https:\/\/www.aridane.org\/city\/wp-json\/wp\/v2\/users\/1"}],"replies":[{"embeddable":true,"href":"https:\/\/www.aridane.org\/city\/wp-json\/wp\/v2\/comments?post=67"}],"version-history":[{"count":0,"href":"https:\/\/www.aridane.org\/city\/wp-json\/wp\/v2\/posts\/67\/revisions"}],"wp:attachment":[{"href":"https:\/\/www.aridane.org\/city\/wp-json\/wp\/v2\/media?parent=67"}],"wp:term":[{"taxonomy":"category","embeddable":true,"href":"https:\/\/www.aridane.org\/city\/wp-json\/wp\/v2\/categories?post=67"},{"taxonomy":"post_tag","embeddable":true,"href":"https:\/\/www.aridane.org\/city\/wp-json\/wp\/v2\/tags?post=67"}],"curies":[{"name":"wp","href":"https:\/\/api.w.org\/{rel}","templated":true}]}}