{"id":73,"date":"2020-03-14T17:17:31","date_gmt":"2020-03-14T17:17:31","guid":{"rendered":"https:\/\/aridane.org\/ciudad\/?p=73"},"modified":"2020-03-14T17:17:31","modified_gmt":"2020-03-14T17:17:31","slug":"el-ayuntamiento-de-los-llanos-de-aridane-pide-responsabilidad-ante-la-actual-crisis-sanitaria","status":"publish","type":"post","link":"https:\/\/www.aridane.org\/city\/2020\/03\/14\/el-ayuntamiento-de-los-llanos-de-aridane-pide-responsabilidad-ante-la-actual-crisis-sanitaria\/","title":{"rendered":"El Ayuntamiento de Los Llanos de Aridane pide responsabilidad ante la actual crisis sanitaria"},"content":{"rendered":"<p style=\"text-align: justify;\">Desde el Ayuntamiento de Los Llanos de Los Llanos de Aridane se pide responsabilidad ante la actual crisis sanitaria. La alcaldesa, Noelia Garc\u00eda Leal, insta a la ciudadan\u00eda a atender las recomendaciones de las autoridades sanitarias y adoptar las medidas preventivas indicadas para evitar la propagaci\u00f3n del (COVID-19), como las que tienen que ver con la higiene, incidiendo en la importancia de mantenerse informado por fuentes oficiales y \u201cno dar cr\u00e9dito a bulos y rumores\u201d.<\/p>\n<p style=\"text-align: justify;\">Subraya as\u00ed que \u201cla propagaci\u00f3n de la enfermedad depender\u00e1 tambi\u00e9n de que la ciudadan\u00eda act\u00fae con responsabilidad y deber c\u00edvico\u201d.<\/p>\n<p style=\"text-align: justify;\">De esta manera, el Ayuntamiento de Los Llanos de Aridane ha aplazado la celebraci\u00f3n del decimocuarto aniversario del Contigo Almediod\u00eda prevista para el pr\u00f3ximo 28 de marzo atendiendo a las recomendaciones emitidas por las autoridades sanitarias como medidas de prevenci\u00f3n y control frente al Coronavirus.<\/p>\n<p style=\"text-align: justify;\">Del mismo modo, todos los actos p\u00fablicos organizados por el Ayuntamiento desde las distintas \u00e1reas quedan aplazados a las espera de la decisi\u00f3n que adopten las autoridades sanitarias nacionales y auton\u00f3micas frente al Covid-19.<\/p>\n<p style=\"text-align: justify;\">Todas las medidas adoptadas tienen un plazo previsto para los pr\u00f3ximos 15 d\u00edas y podr\u00e1n ser objeto de ampliaci\u00f3n, reducci\u00f3n o modificaci\u00f3n en funci\u00f3n de los cambios que se produzcan.<\/p>\n<p style=\"text-align: justify;\">La alcaldesa de Los Llanos de Aridane, Noelia Garc\u00eda Leal, ha enviado un mensaje de tranquilidad a los vecinos y recuerda que \u201cla responsabilidad individual y la coordinaci\u00f3n institucional son claves para atajar el contagio\u201d por lo que ha pedido la colaboraci\u00f3n ciudadana y que se apliquen las medidas de car\u00e1cter preventivo.<\/p>\n<p style=\"text-align: justify;\">El Gobierno Municipal permanece en contacto con las autoridades sanitarias, el Cabildo Insular y el resto de Ayuntamientos. Tambi\u00e9n ha mantenido informados a los portavoces del resto de grupos pol\u00edticos de la corporaci\u00f3n municipal ante las medidas tomadas.<\/p>\n<p style=\"text-align: justify;\">Quedan restringidas las visitas a los pacientes ingresados en los hospitales de Canarias y se solicita a la poblaci\u00f3n que no acuda a los centros sanitarios si no es estrictamente necesario.<br \/>\nPor otro lado, se ha suspendido la actividad del Centro de D\u00eda, y de las actividades de las asociaciones de mayores; la Escuela Infantil Municipal, el Centro de D\u00eda de Menores, as\u00ed como la promoci\u00f3n deportiva, las escuelas municipales y las actividades culturales.<\/p>\n<p style=\"text-align: justify;\">Las oficinas de informaci\u00f3n tur\u00edstica municipales, las instalaciones deportivas y los parques infantiles permanecer\u00e1n cerrados, as\u00ed como los centros socioculturales de los barrios aridanenses y la Biblioteca Municipal Mar\u00eda Nieves P\u00e9rez Acosta. Se suspende el mercadillo del agricultor, del mismo modo que se controlar\u00e1 que no se instale el rastro situado en el barrio de Argual.<\/p>\n<p style=\"text-align: justify;\">Se recuerda tambi\u00e9n en eventos y encuentros de personas mantener la distancia interpersonal, y cumplir en locales cerrados con 1\/3 del aforo permitido.<\/p>\n<p style=\"text-align: justify;\">Respecto a la actividad administrativa del Ayuntamiento se recomienda que las gestiones sean las urgentes y se use la v\u00eda telef\u00f3nica o telem\u00e1tica en la medida de las posibilidades.<\/p>\n<p style=\"text-align: justify;\">Desde el Ayuntamiento quieren agradecer la colaboraci\u00f3n ciudadana, as\u00ed como la dedicaci\u00f3n de todo el personal que mantiene los servicios indispensables: personal sanitario, de mantenimiento, fuerzas de seguridad.<\/p>\n<p style=\"text-align: justify;\">Los tel\u00e9fonos as\u00ed como las redes sociales est\u00e1n a disposici\u00f3n de la ciudadan\u00eda para atenderles. As\u00ed como los servicios municipales est\u00e1n organizados para atender a las posibles situaciones de emergencia que puedan derivarse de esta situaci\u00f3n.<\/p>\n<p style=\"text-align: justify;\">\n","protected":false},"excerpt":{"rendered":"<p>Desde el Ayuntamiento de Los Llanos de Los Llanos de Aridane se pide responsabilidad ante la actual crisis sanitaria. La alcaldesa, Noelia Garc\u00eda Leal, insta a la ciudadan\u00eda a atender las recomendaciones de las autoridades sanitarias y adoptar las medidas preventivas indicadas para evitar la&#8230;<\/p>\n","protected":false},"author":1,"featured_media":0,"comment_status":"closed","ping_status":"closed","sticky":false,"template":"","format":"standard","meta":{"footnotes":""},"categories":[6],"tags":[],"class_list":["post-73","post","type-post","status-publish","format-standard","hentry","category-prensa"],"yoast_head":"<!-- This site is optimized with the Yoast SEO plugin v22.7 - https:\/\/yoast.com\/wordpress\/plugins\/seo\/ -->\n<title>El Ayuntamiento de Los Llanos de Aridane pide responsabilidad ante la actual crisis sanitaria - Ayuntamiento de Los Llanos de Aridane<\/title>\n<meta name=\"robots\" content=\"index, follow, max-snippet:-1, max-image-preview:large, max-video-preview:-1\" \/>\n<link rel=\"canonical\" href=\"https:\/\/www.aridane.org\/city\/2020\/03\/14\/el-ayuntamiento-de-los-llanos-de-aridane-pide-responsabilidad-ante-la-actual-crisis-sanitaria\/\" \/>\n<meta property=\"og:locale\" content=\"es_ES\" \/>\n<meta property=\"og:type\" content=\"article\" \/>\n<meta property=\"og:title\" content=\"El Ayuntamiento de Los Llanos de Aridane pide responsabilidad ante la actual crisis sanitaria - Ayuntamiento de Los Llanos de Aridane\" \/>\n<meta property=\"og:description\" content=\"Desde el Ayuntamiento de Los Llanos de Los Llanos de Aridane se pide responsabilidad ante la actual crisis sanitaria. La alcaldesa, Noelia Garc\u00eda Leal, insta a la ciudadan\u00eda a atender las recomendaciones de las autoridades sanitarias y adoptar las medidas preventivas indicadas para evitar la...\" \/>\n<meta property=\"og:url\" content=\"https:\/\/www.aridane.org\/city\/2020\/03\/14\/el-ayuntamiento-de-los-llanos-de-aridane-pide-responsabilidad-ante-la-actual-crisis-sanitaria\/\" \/>\n<meta property=\"og:site_name\" content=\"Ayuntamiento de Los Llanos de Aridane\" \/>\n<meta property=\"article:published_time\" content=\"2020-03-14T17:17:31+00:00\" \/>\n<meta name=\"author\" content=\"Richard Diaz\" \/>\n<meta name=\"twitter:card\" content=\"summary_large_image\" \/>\n<meta name=\"twitter:label1\" content=\"Escrito por\" \/>\n\t<meta name=\"twitter:data1\" content=\"Richard Diaz\" \/>\n\t<meta name=\"twitter:label2\" content=\"Tiempo de lectura\" \/>\n\t<meta name=\"twitter:data2\" content=\"3 minutos\" \/>\n<script type=\"application\/ld+json\" class=\"yoast-schema-graph\">{\"@context\":\"https:\/\/schema.org\",\"@graph\":[{\"@type\":\"WebPage\",\"@id\":\"https:\/\/www.aridane.org\/city\/2020\/03\/14\/el-ayuntamiento-de-los-llanos-de-aridane-pide-responsabilidad-ante-la-actual-crisis-sanitaria\/\",\"url\":\"https:\/\/www.aridane.org\/city\/2020\/03\/14\/el-ayuntamiento-de-los-llanos-de-aridane-pide-responsabilidad-ante-la-actual-crisis-sanitaria\/\",\"name\":\"El Ayuntamiento de Los Llanos de Aridane pide responsabilidad ante la actual crisis sanitaria - Ayuntamiento de Los Llanos de Aridane\",\"isPartOf\":{\"@id\":\"https:\/\/www.aridane.org\/city\/#website\"},\"datePublished\":\"2020-03-14T17:17:31+00:00\",\"dateModified\":\"2020-03-14T17:17:31+00:00\",\"author\":{\"@id\":\"https:\/\/www.aridane.org\/city\/#\/schema\/person\/7d352ec7f29881716f298394432e7209\"},\"breadcrumb\":{\"@id\":\"https:\/\/www.aridane.org\/city\/2020\/03\/14\/el-ayuntamiento-de-los-llanos-de-aridane-pide-responsabilidad-ante-la-actual-crisis-sanitaria\/#breadcrumb\"},\"inLanguage\":\"es\",\"potentialAction\":[{\"@type\":\"ReadAction\",\"target\":[\"https:\/\/www.aridane.org\/city\/2020\/03\/14\/el-ayuntamiento-de-los-llanos-de-aridane-pide-responsabilidad-ante-la-actual-crisis-sanitaria\/\"]}]},{\"@type\":\"BreadcrumbList\",\"@id\":\"https:\/\/www.aridane.org\/city\/2020\/03\/14\/el-ayuntamiento-de-los-llanos-de-aridane-pide-responsabilidad-ante-la-actual-crisis-sanitaria\/#breadcrumb\",\"itemListElement\":[{\"@type\":\"ListItem\",\"position\":1,\"name\":\"Portada\",\"item\":\"https:\/\/www.aridane.org\/city\/\"},{\"@type\":\"ListItem\",\"position\":2,\"name\":\"El Ayuntamiento de Los Llanos de Aridane pide responsabilidad ante la actual crisis sanitaria\"}]},{\"@type\":\"WebSite\",\"@id\":\"https:\/\/www.aridane.org\/city\/#website\",\"url\":\"https:\/\/www.aridane.org\/city\/\",\"name\":\"Ayuntamiento de Los Llanos de Aridane\",\"description\":\"\",\"potentialAction\":[{\"@type\":\"SearchAction\",\"target\":{\"@type\":\"EntryPoint\",\"urlTemplate\":\"https:\/\/www.aridane.org\/city\/?s={search_term_string}\"},\"query-input\":\"required name=search_term_string\"}],\"inLanguage\":\"es\"},{\"@type\":\"Person\",\"@id\":\"https:\/\/www.aridane.org\/city\/#\/schema\/person\/7d352ec7f29881716f298394432e7209\",\"name\":\"Richard Diaz\",\"image\":{\"@type\":\"ImageObject\",\"inLanguage\":\"es\",\"@id\":\"https:\/\/www.aridane.org\/city\/#\/schema\/person\/image\/\",\"url\":\"https:\/\/secure.gravatar.com\/avatar\/bacd6aefc26a4a204943090a4c596cd10f0857081ef3cfd12084a70ecb3161d5?s=96&d=mm&r=g\",\"contentUrl\":\"https:\/\/secure.gravatar.com\/avatar\/bacd6aefc26a4a204943090a4c596cd10f0857081ef3cfd12084a70ecb3161d5?s=96&d=mm&r=g\",\"caption\":\"Richard Diaz\"},\"sameAs\":[\"https:\/\/www.aridane.org\/city\"],\"url\":\"https:\/\/www.aridane.org\/city\/author\/richard-diaz\/\"}]}<\/script>\n<!-- \/ Yoast SEO plugin. -->","yoast_head_json":{"title":"El Ayuntamiento de Los Llanos de Aridane pide responsabilidad ante la actual crisis sanitaria - Ayuntamiento de Los Llanos de Aridane","robots":{"index":"index","follow":"follow","max-snippet":"max-snippet:-1","max-image-preview":"max-image-preview:large","max-video-preview":"max-video-preview:-1"},"canonical":"https:\/\/www.aridane.org\/city\/2020\/03\/14\/el-ayuntamiento-de-los-llanos-de-aridane-pide-responsabilidad-ante-la-actual-crisis-sanitaria\/","og_locale":"es_ES","og_type":"article","og_title":"El Ayuntamiento de Los Llanos de Aridane pide responsabilidad ante la actual crisis sanitaria - Ayuntamiento de Los Llanos de Aridane","og_description":"Desde el Ayuntamiento de Los Llanos de Los Llanos de Aridane se pide responsabilidad ante la actual crisis sanitaria. La alcaldesa, Noelia Garc\u00eda Leal, insta a la ciudadan\u00eda a atender las recomendaciones de las autoridades sanitarias y adoptar las medidas preventivas indicadas para evitar la...","og_url":"https:\/\/www.aridane.org\/city\/2020\/03\/14\/el-ayuntamiento-de-los-llanos-de-aridane-pide-responsabilidad-ante-la-actual-crisis-sanitaria\/","og_site_name":"Ayuntamiento de Los Llanos de Aridane","article_published_time":"2020-03-14T17:17:31+00:00","author":"Richard Diaz","twitter_card":"summary_large_image","twitter_misc":{"Escrito por":"Richard Diaz","Tiempo de lectura":"3 minutos"},"schema":{"@context":"https:\/\/schema.org","@graph":[{"@type":"WebPage","@id":"https:\/\/www.aridane.org\/city\/2020\/03\/14\/el-ayuntamiento-de-los-llanos-de-aridane-pide-responsabilidad-ante-la-actual-crisis-sanitaria\/","url":"https:\/\/www.aridane.org\/city\/2020\/03\/14\/el-ayuntamiento-de-los-llanos-de-aridane-pide-responsabilidad-ante-la-actual-crisis-sanitaria\/","name":"El Ayuntamiento de Los Llanos de Aridane pide responsabilidad ante la actual crisis sanitaria - Ayuntamiento de Los Llanos de Aridane","isPartOf":{"@id":"https:\/\/www.aridane.org\/city\/#website"},"datePublished":"2020-03-14T17:17:31+00:00","dateModified":"2020-03-14T17:17:31+00:00","author":{"@id":"https:\/\/www.aridane.org\/city\/#\/schema\/person\/7d352ec7f29881716f298394432e7209"},"breadcrumb":{"@id":"https:\/\/www.aridane.org\/city\/2020\/03\/14\/el-ayuntamiento-de-los-llanos-de-aridane-pide-responsabilidad-ante-la-actual-crisis-sanitaria\/#breadcrumb"},"inLanguage":"es","potentialAction":[{"@type":"ReadAction","target":["https:\/\/www.aridane.org\/city\/2020\/03\/14\/el-ayuntamiento-de-los-llanos-de-aridane-pide-responsabilidad-ante-la-actual-crisis-sanitaria\/"]}]},{"@type":"BreadcrumbList","@id":"https:\/\/www.aridane.org\/city\/2020\/03\/14\/el-ayuntamiento-de-los-llanos-de-aridane-pide-responsabilidad-ante-la-actual-crisis-sanitaria\/#breadcrumb","itemListElement":[{"@type":"ListItem","position":1,"name":"Portada","item":"https:\/\/www.aridane.org\/city\/"},{"@type":"ListItem","position":2,"name":"El Ayuntamiento de Los Llanos de Aridane pide responsabilidad ante la actual crisis sanitaria"}]},{"@type":"WebSite","@id":"https:\/\/www.aridane.org\/city\/#website","url":"https:\/\/www.aridane.org\/city\/","name":"Ayuntamiento de Los Llanos de Aridane","description":"","potentialAction":[{"@type":"SearchAction","target":{"@type":"EntryPoint","urlTemplate":"https:\/\/www.aridane.org\/city\/?s={search_term_string}"},"query-input":"required name=search_term_string"}],"inLanguage":"es"},{"@type":"Person","@id":"https:\/\/www.aridane.org\/city\/#\/schema\/person\/7d352ec7f29881716f298394432e7209","name":"Richard Diaz","image":{"@type":"ImageObject","inLanguage":"es","@id":"https:\/\/www.aridane.org\/city\/#\/schema\/person\/image\/","url":"https:\/\/secure.gravatar.com\/avatar\/bacd6aefc26a4a204943090a4c596cd10f0857081ef3cfd12084a70ecb3161d5?s=96&d=mm&r=g","contentUrl":"https:\/\/secure.gravatar.com\/avatar\/bacd6aefc26a4a204943090a4c596cd10f0857081ef3cfd12084a70ecb3161d5?s=96&d=mm&r=g","caption":"Richard Diaz"},"sameAs":["https:\/\/www.aridane.org\/city"],"url":"https:\/\/www.aridane.org\/city\/author\/richard-diaz\/"}]}},"_links":{"self":[{"href":"https:\/\/www.aridane.org\/city\/wp-json\/wp\/v2\/posts\/73","targetHints":{"allow":["GET"]}}],"collection":[{"href":"https:\/\/www.aridane.org\/city\/wp-json\/wp\/v2\/posts"}],"about":[{"href":"https:\/\/www.aridane.org\/city\/wp-json\/wp\/v2\/types\/post"}],"author":[{"embeddable":true,"href":"https:\/\/www.aridane.org\/city\/wp-json\/wp\/v2\/users\/1"}],"replies":[{"embeddable":true,"href":"https:\/\/www.aridane.org\/city\/wp-json\/wp\/v2\/comments?post=73"}],"version-history":[{"count":0,"href":"https:\/\/www.aridane.org\/city\/wp-json\/wp\/v2\/posts\/73\/revisions"}],"wp:attachment":[{"href":"https:\/\/www.aridane.org\/city\/wp-json\/wp\/v2\/media?parent=73"}],"wp:term":[{"taxonomy":"category","embeddable":true,"href":"https:\/\/www.aridane.org\/city\/wp-json\/wp\/v2\/categories?post=73"},{"taxonomy":"post_tag","embeddable":true,"href":"https:\/\/www.aridane.org\/city\/wp-json\/wp\/v2\/tags?post=73"}],"curies":[{"name":"wp","href":"https:\/\/api.w.org\/{rel}","templated":true}]}}