{"id":769,"date":"2021-04-10T17:28:52","date_gmt":"2021-04-10T16:28:52","guid":{"rendered":"https:\/\/aridane.org\/ciudad\/?p=769"},"modified":"2021-04-10T17:28:52","modified_gmt":"2021-04-10T16:28:52","slug":"te-quiero-mama-los-llanos-pone-en-marcha-la-primera-feria-comercial-por-el-dia-de-las-madres","status":"publish","type":"post","link":"https:\/\/www.aridane.org\/city\/2021\/04\/10\/te-quiero-mama-los-llanos-pone-en-marcha-la-primera-feria-comercial-por-el-dia-de-las-madres\/","title":{"rendered":"\u201c\u00a1Te quiero mam\u00e1!\u201d, Los Llanos pone en marcha la primera feria comercial por el D\u00eda de las Madres"},"content":{"rendered":"<p style=\"text-align: justify;\">El Ayuntamiento de Los Llanos de Aridane, a trav\u00e9s de la Concejal\u00eda de Comercio que dirige Inmaculada Fern\u00e1ndez, con la colaboraci\u00f3n de la Asociaci\u00f3n de Comerciantes Zona Abierta (ACZA) y de la Zona Comercial Abierta (ZCA) ha organizado la I Feria por el D\u00eda de las Madres que tendr\u00e1 lugar el pr\u00f3ximo s\u00e1bado 17 de abril en la Plaza de Espa\u00f1a de 10:00 a 14:30 horas.<\/p>\n<p>&nbsp;<\/p>\n<p style=\"text-align: justify;\"><em>\u201cSeguimos invirtiendo en acciones para intentar minimizar el impacto de esta dif\u00edcil situaci\u00f3n econ\u00f3mica en los comercios y establecimientos locales como en este caso, con una campa\u00f1a espec\u00edfica dirigida a reactivar el consumo local en nuestro municipio<\/em>\u201d, destac\u00f3 la alcaldesa, Noelia Garc\u00eda Leal.<\/p>\n<p>&nbsp;<\/p>\n<p style=\"text-align: justify;\">La feria comercial tiene como principal finalidad aportar un atractivo a los vecinos y visitantes donde podr\u00e1n encontrar una amplia oferta de servicios y productos con motivo de la celebraci\u00f3n del D\u00eda de Las Madres, el pr\u00f3ximo 2 de mayo.<\/p>\n<p>&nbsp;<\/p>\n<p style=\"text-align: justify;\">\u201c<em>Apostamos por realizar esta actividad siguiendo escrupulosamente las medidas de seguridad,\u00a0 donde el principal objetivo es dinamizar el comercio local, incentivando las compras en un espacio seguro tanto para los comerciantes como para el p\u00fablico, al ser una actividad que se desarrolla al aire libre<\/em>\u00ab, destac\u00f3 Inmaculada Fern\u00e1ndez.<\/p>\n<p>&nbsp;<\/p>\n<p style=\"text-align: justify;\">Para garantizar la separaci\u00f3n entre las casetas participantes se ha optado por utilizar el amplio espacio que ofrece la Plaza de Espa\u00f1a\u00a0 y as\u00ed poder respetar las distancias de seguridad necesarias. Asimismo se recuerda que ser\u00e1 obligatorio el uso de mascarilla y desinfecci\u00f3n de manos en todo momento.<\/p>\n","protected":false},"excerpt":{"rendered":"<p>El Ayuntamiento de Los Llanos de Aridane, a trav\u00e9s de la Concejal\u00eda de Comercio que dirige Inmaculada Fern\u00e1ndez, con la colaboraci\u00f3n de la Asociaci\u00f3n de Comerciantes Zona Abierta (ACZA) y de la Zona Comercial Abierta (ZCA) ha organizado la I Feria por el D\u00eda de&#8230;<\/p>\n","protected":false},"author":1,"featured_media":0,"comment_status":"closed","ping_status":"open","sticky":false,"template":"","format":"standard","meta":{"footnotes":""},"categories":[6],"tags":[],"class_list":["post-769","post","type-post","status-publish","format-standard","hentry","category-prensa"],"yoast_head":"<!-- This site is optimized with the Yoast SEO plugin v22.7 - https:\/\/yoast.com\/wordpress\/plugins\/seo\/ -->\n<title>\u201c\u00a1Te quiero mam\u00e1!\u201d, Los Llanos pone en marcha la primera feria comercial por el D\u00eda de las Madres - Ayuntamiento de Los Llanos de Aridane<\/title>\n<meta name=\"robots\" content=\"index, follow, max-snippet:-1, max-image-preview:large, max-video-preview:-1\" \/>\n<link rel=\"canonical\" href=\"https:\/\/www.aridane.org\/city\/2021\/04\/10\/te-quiero-mama-los-llanos-pone-en-marcha-la-primera-feria-comercial-por-el-dia-de-las-madres\/\" \/>\n<meta property=\"og:locale\" content=\"es_ES\" \/>\n<meta property=\"og:type\" content=\"article\" \/>\n<meta property=\"og:title\" content=\"\u201c\u00a1Te quiero mam\u00e1!\u201d, Los Llanos pone en marcha la primera feria comercial por el D\u00eda de las Madres - Ayuntamiento de Los Llanos de Aridane\" \/>\n<meta property=\"og:description\" content=\"El Ayuntamiento de Los Llanos de Aridane, a trav\u00e9s de la Concejal\u00eda de Comercio que dirige Inmaculada Fern\u00e1ndez, con la colaboraci\u00f3n de la Asociaci\u00f3n de Comerciantes Zona Abierta (ACZA) y de la Zona Comercial Abierta (ZCA) ha organizado la I Feria por el D\u00eda de...\" \/>\n<meta property=\"og:url\" content=\"https:\/\/www.aridane.org\/city\/2021\/04\/10\/te-quiero-mama-los-llanos-pone-en-marcha-la-primera-feria-comercial-por-el-dia-de-las-madres\/\" \/>\n<meta property=\"og:site_name\" content=\"Ayuntamiento de Los Llanos de Aridane\" \/>\n<meta property=\"article:published_time\" content=\"2021-04-10T16:28:52+00:00\" \/>\n<meta name=\"author\" content=\"Richard Diaz\" \/>\n<meta name=\"twitter:card\" content=\"summary_large_image\" \/>\n<meta name=\"twitter:label1\" content=\"Escrito por\" \/>\n\t<meta name=\"twitter:data1\" content=\"Richard Diaz\" \/>\n\t<meta name=\"twitter:label2\" content=\"Tiempo de lectura\" \/>\n\t<meta name=\"twitter:data2\" content=\"2 minutos\" \/>\n<script type=\"application\/ld+json\" class=\"yoast-schema-graph\">{\"@context\":\"https:\/\/schema.org\",\"@graph\":[{\"@type\":\"WebPage\",\"@id\":\"https:\/\/www.aridane.org\/city\/2021\/04\/10\/te-quiero-mama-los-llanos-pone-en-marcha-la-primera-feria-comercial-por-el-dia-de-las-madres\/\",\"url\":\"https:\/\/www.aridane.org\/city\/2021\/04\/10\/te-quiero-mama-los-llanos-pone-en-marcha-la-primera-feria-comercial-por-el-dia-de-las-madres\/\",\"name\":\"\u201c\u00a1Te quiero mam\u00e1!\u201d, Los Llanos pone en marcha la primera feria comercial por el D\u00eda de las Madres - Ayuntamiento de Los Llanos de Aridane\",\"isPartOf\":{\"@id\":\"https:\/\/www.aridane.org\/city\/#website\"},\"datePublished\":\"2021-04-10T16:28:52+00:00\",\"dateModified\":\"2021-04-10T16:28:52+00:00\",\"author\":{\"@id\":\"https:\/\/www.aridane.org\/city\/#\/schema\/person\/7d352ec7f29881716f298394432e7209\"},\"breadcrumb\":{\"@id\":\"https:\/\/www.aridane.org\/city\/2021\/04\/10\/te-quiero-mama-los-llanos-pone-en-marcha-la-primera-feria-comercial-por-el-dia-de-las-madres\/#breadcrumb\"},\"inLanguage\":\"es\",\"potentialAction\":[{\"@type\":\"ReadAction\",\"target\":[\"https:\/\/www.aridane.org\/city\/2021\/04\/10\/te-quiero-mama-los-llanos-pone-en-marcha-la-primera-feria-comercial-por-el-dia-de-las-madres\/\"]}]},{\"@type\":\"BreadcrumbList\",\"@id\":\"https:\/\/www.aridane.org\/city\/2021\/04\/10\/te-quiero-mama-los-llanos-pone-en-marcha-la-primera-feria-comercial-por-el-dia-de-las-madres\/#breadcrumb\",\"itemListElement\":[{\"@type\":\"ListItem\",\"position\":1,\"name\":\"Portada\",\"item\":\"https:\/\/www.aridane.org\/city\/\"},{\"@type\":\"ListItem\",\"position\":2,\"name\":\"\u201c\u00a1Te quiero mam\u00e1!\u201d, Los Llanos pone en marcha la primera feria comercial por el D\u00eda de las Madres\"}]},{\"@type\":\"WebSite\",\"@id\":\"https:\/\/www.aridane.org\/city\/#website\",\"url\":\"https:\/\/www.aridane.org\/city\/\",\"name\":\"Ayuntamiento de Los Llanos de Aridane\",\"description\":\"\",\"potentialAction\":[{\"@type\":\"SearchAction\",\"target\":{\"@type\":\"EntryPoint\",\"urlTemplate\":\"https:\/\/www.aridane.org\/city\/?s={search_term_string}\"},\"query-input\":\"required name=search_term_string\"}],\"inLanguage\":\"es\"},{\"@type\":\"Person\",\"@id\":\"https:\/\/www.aridane.org\/city\/#\/schema\/person\/7d352ec7f29881716f298394432e7209\",\"name\":\"Richard Diaz\",\"image\":{\"@type\":\"ImageObject\",\"inLanguage\":\"es\",\"@id\":\"https:\/\/www.aridane.org\/city\/#\/schema\/person\/image\/\",\"url\":\"https:\/\/secure.gravatar.com\/avatar\/bacd6aefc26a4a204943090a4c596cd10f0857081ef3cfd12084a70ecb3161d5?s=96&d=mm&r=g\",\"contentUrl\":\"https:\/\/secure.gravatar.com\/avatar\/bacd6aefc26a4a204943090a4c596cd10f0857081ef3cfd12084a70ecb3161d5?s=96&d=mm&r=g\",\"caption\":\"Richard Diaz\"},\"sameAs\":[\"https:\/\/www.aridane.org\/city\"],\"url\":\"https:\/\/www.aridane.org\/city\/author\/richard-diaz\/\"}]}<\/script>\n<!-- \/ Yoast SEO plugin. -->","yoast_head_json":{"title":"\u201c\u00a1Te quiero mam\u00e1!\u201d, Los Llanos pone en marcha la primera feria comercial por el D\u00eda de las Madres - Ayuntamiento de Los Llanos de Aridane","robots":{"index":"index","follow":"follow","max-snippet":"max-snippet:-1","max-image-preview":"max-image-preview:large","max-video-preview":"max-video-preview:-1"},"canonical":"https:\/\/www.aridane.org\/city\/2021\/04\/10\/te-quiero-mama-los-llanos-pone-en-marcha-la-primera-feria-comercial-por-el-dia-de-las-madres\/","og_locale":"es_ES","og_type":"article","og_title":"\u201c\u00a1Te quiero mam\u00e1!\u201d, Los Llanos pone en marcha la primera feria comercial por el D\u00eda de las Madres - Ayuntamiento de Los Llanos de Aridane","og_description":"El Ayuntamiento de Los Llanos de Aridane, a trav\u00e9s de la Concejal\u00eda de Comercio que dirige Inmaculada Fern\u00e1ndez, con la colaboraci\u00f3n de la Asociaci\u00f3n de Comerciantes Zona Abierta (ACZA) y de la Zona Comercial Abierta (ZCA) ha organizado la I Feria por el D\u00eda de...","og_url":"https:\/\/www.aridane.org\/city\/2021\/04\/10\/te-quiero-mama-los-llanos-pone-en-marcha-la-primera-feria-comercial-por-el-dia-de-las-madres\/","og_site_name":"Ayuntamiento de Los Llanos de Aridane","article_published_time":"2021-04-10T16:28:52+00:00","author":"Richard Diaz","twitter_card":"summary_large_image","twitter_misc":{"Escrito por":"Richard Diaz","Tiempo de lectura":"2 minutos"},"schema":{"@context":"https:\/\/schema.org","@graph":[{"@type":"WebPage","@id":"https:\/\/www.aridane.org\/city\/2021\/04\/10\/te-quiero-mama-los-llanos-pone-en-marcha-la-primera-feria-comercial-por-el-dia-de-las-madres\/","url":"https:\/\/www.aridane.org\/city\/2021\/04\/10\/te-quiero-mama-los-llanos-pone-en-marcha-la-primera-feria-comercial-por-el-dia-de-las-madres\/","name":"\u201c\u00a1Te quiero mam\u00e1!\u201d, Los Llanos pone en marcha la primera feria comercial por el D\u00eda de las Madres - Ayuntamiento de Los Llanos de Aridane","isPartOf":{"@id":"https:\/\/www.aridane.org\/city\/#website"},"datePublished":"2021-04-10T16:28:52+00:00","dateModified":"2021-04-10T16:28:52+00:00","author":{"@id":"https:\/\/www.aridane.org\/city\/#\/schema\/person\/7d352ec7f29881716f298394432e7209"},"breadcrumb":{"@id":"https:\/\/www.aridane.org\/city\/2021\/04\/10\/te-quiero-mama-los-llanos-pone-en-marcha-la-primera-feria-comercial-por-el-dia-de-las-madres\/#breadcrumb"},"inLanguage":"es","potentialAction":[{"@type":"ReadAction","target":["https:\/\/www.aridane.org\/city\/2021\/04\/10\/te-quiero-mama-los-llanos-pone-en-marcha-la-primera-feria-comercial-por-el-dia-de-las-madres\/"]}]},{"@type":"BreadcrumbList","@id":"https:\/\/www.aridane.org\/city\/2021\/04\/10\/te-quiero-mama-los-llanos-pone-en-marcha-la-primera-feria-comercial-por-el-dia-de-las-madres\/#breadcrumb","itemListElement":[{"@type":"ListItem","position":1,"name":"Portada","item":"https:\/\/www.aridane.org\/city\/"},{"@type":"ListItem","position":2,"name":"\u201c\u00a1Te quiero mam\u00e1!\u201d, Los Llanos pone en marcha la primera feria comercial por el D\u00eda de las Madres"}]},{"@type":"WebSite","@id":"https:\/\/www.aridane.org\/city\/#website","url":"https:\/\/www.aridane.org\/city\/","name":"Ayuntamiento de Los Llanos de Aridane","description":"","potentialAction":[{"@type":"SearchAction","target":{"@type":"EntryPoint","urlTemplate":"https:\/\/www.aridane.org\/city\/?s={search_term_string}"},"query-input":"required name=search_term_string"}],"inLanguage":"es"},{"@type":"Person","@id":"https:\/\/www.aridane.org\/city\/#\/schema\/person\/7d352ec7f29881716f298394432e7209","name":"Richard Diaz","image":{"@type":"ImageObject","inLanguage":"es","@id":"https:\/\/www.aridane.org\/city\/#\/schema\/person\/image\/","url":"https:\/\/secure.gravatar.com\/avatar\/bacd6aefc26a4a204943090a4c596cd10f0857081ef3cfd12084a70ecb3161d5?s=96&d=mm&r=g","contentUrl":"https:\/\/secure.gravatar.com\/avatar\/bacd6aefc26a4a204943090a4c596cd10f0857081ef3cfd12084a70ecb3161d5?s=96&d=mm&r=g","caption":"Richard Diaz"},"sameAs":["https:\/\/www.aridane.org\/city"],"url":"https:\/\/www.aridane.org\/city\/author\/richard-diaz\/"}]}},"_links":{"self":[{"href":"https:\/\/www.aridane.org\/city\/wp-json\/wp\/v2\/posts\/769","targetHints":{"allow":["GET"]}}],"collection":[{"href":"https:\/\/www.aridane.org\/city\/wp-json\/wp\/v2\/posts"}],"about":[{"href":"https:\/\/www.aridane.org\/city\/wp-json\/wp\/v2\/types\/post"}],"author":[{"embeddable":true,"href":"https:\/\/www.aridane.org\/city\/wp-json\/wp\/v2\/users\/1"}],"replies":[{"embeddable":true,"href":"https:\/\/www.aridane.org\/city\/wp-json\/wp\/v2\/comments?post=769"}],"version-history":[{"count":0,"href":"https:\/\/www.aridane.org\/city\/wp-json\/wp\/v2\/posts\/769\/revisions"}],"wp:attachment":[{"href":"https:\/\/www.aridane.org\/city\/wp-json\/wp\/v2\/media?parent=769"}],"wp:term":[{"taxonomy":"category","embeddable":true,"href":"https:\/\/www.aridane.org\/city\/wp-json\/wp\/v2\/categories?post=769"},{"taxonomy":"post_tag","embeddable":true,"href":"https:\/\/www.aridane.org\/city\/wp-json\/wp\/v2\/tags?post=769"}],"curies":[{"name":"wp","href":"https:\/\/api.w.org\/{rel}","templated":true}]}}