{"id":772,"date":"2021-04-10T17:31:53","date_gmt":"2021-04-10T16:31:53","guid":{"rendered":"https:\/\/aridane.org\/ciudad\/?p=772"},"modified":"2021-04-10T17:31:53","modified_gmt":"2021-04-10T16:31:53","slug":"el-ayuntamiento-abre-el-plazo-de-subsanacion-de-la-documentacion-para-ayudas-covid-19","status":"publish","type":"post","link":"https:\/\/www.aridane.org\/city\/2021\/04\/10\/el-ayuntamiento-abre-el-plazo-de-subsanacion-de-la-documentacion-para-ayudas-covid-19\/","title":{"rendered":"El Ayuntamiento abre el plazo de subsanaci\u00f3n de la documentaci\u00f3n para ayudas Covid-19"},"content":{"rendered":"<p><em>El objetivo es agilizar la puesta a disposici\u00f3n de los empresarios y aut\u00f3nomos de las ayudas como consecuencia del Covid-19.<\/em><\/p>\n<p>&nbsp;<\/p>\n<p>A partir de hoy, lunes 12 y hasta el 23 de abril inclusive, se encuentra abierto el plazo de subsanaci\u00f3n de documentaci\u00f3n presentada en la convocatoria de ayudas a la reactivaci\u00f3n de la actividad econ\u00f3mica en el municipio como consecuencia de la declaraci\u00f3n del estado de alarma para la gesti\u00f3n de la situaci\u00f3n de crisis ocasionada por Covid-19 y que asciende a SEISCIENTOS MIL EUROS.<\/p>\n<p>&nbsp;<\/p>\n<p>Un fallo inform\u00e1tico en la sede electr\u00f3nica impidi\u00f3 acceder al anuncio donde se public\u00f3 la documentaci\u00f3n requerida el pasado fin de semana aunque el plazo se inicia hoy y ya est\u00e1 a disposici\u00f3n de los interesados para que se pueda consultar en la sede electr\u00f3nica de la web aridane.org\/ciudad, donde se encuentran la documentaci\u00f3n requerida a las empresas.<\/p>\n<p>&nbsp;<\/p>\n<p>En cuanto al punto 7 en el que hace referencia al certificado de discapacidad, es preciso aclarar que si bien se requiere por si alg\u00fan interesado no lo hubiere aportado, en el caso de no tener discapacidad igual o superior al 33% no es preciso aportar documentaci\u00f3n alguna.<\/p>\n<p>&nbsp;<\/p>\n<p>Respecto de las asesor\u00edas, el Consistorio es consciente del gran volumen de trabajo que han soportado desde el inicio de la pandemia en el que las obligaciones se han multiplicado por la cantidad de ayudas que se han puesto a disposici\u00f3n de los empresarios y aut\u00f3nomos por las diferentes administraciones, sin embargo, hay que agilizar la puesta a disposici\u00f3n de estas ayudas al sector empresarial que tanto necesita de estas actuaciones. El Ayuntamiento tiene comprometido el cr\u00e9dito en la cantidad de SEISCIENTOS MIL EUROS\u00a0 y su \u00fanico objetivo es dar todo el dinero a la mayor brevedad.<\/p>\n<p>&nbsp;<\/p>\n<p>Desde el Ayuntamiento se pide disculpas por la confusi\u00f3n creada en el procedimiento y los plazos establecidos por la administraci\u00f3n local. Adem\u00e1s, y lejos de olvidar la situaci\u00f3n que estamos viviendo el Consistorio sigue barajando distintas alternativas\u00a0 que dinamicen el comercio, para llegar a todos los sectores que desarrollan su actividad en nuestro municipio porque estamos viviendo una situaci\u00f3n \u00fanica debido a la pandemia por lo que son necesarias medidas excepcionales por ello el Ayuntamiento est\u00e1 haciendo un gran esfuerzo para estar con las empresas locales que son el motor de nuestro municipio.<\/p>\n<p>&nbsp;<\/p>\n<p>Toda la informaci\u00f3n relativa a la subsanaci\u00f3n se puede consultar as\u00ed como descargar en la sede electr\u00f3nica de la web municipal:\u00a0<a href=\"https:\/\/eadmin.aridane.org\/publico\/edictos\/2021000072\">https:\/\/eadmin.aridane.org\/publico\/edictos\/2021000072<\/a><\/p>\n","protected":false},"excerpt":{"rendered":"<p>El objetivo es agilizar la puesta a disposici\u00f3n de los empresarios y aut\u00f3nomos de las ayudas como consecuencia del Covid-19. &nbsp; A partir de hoy, lunes 12 y hasta el 23 de abril inclusive, se encuentra abierto el plazo de subsanaci\u00f3n de documentaci\u00f3n presentada en&#8230;<\/p>\n","protected":false},"author":1,"featured_media":0,"comment_status":"closed","ping_status":"open","sticky":false,"template":"","format":"standard","meta":{"footnotes":""},"categories":[6],"tags":[],"class_list":["post-772","post","type-post","status-publish","format-standard","hentry","category-prensa"],"yoast_head":"<!-- This site is optimized with the Yoast SEO plugin v22.7 - https:\/\/yoast.com\/wordpress\/plugins\/seo\/ -->\n<title>El Ayuntamiento abre el plazo de subsanaci\u00f3n de la documentaci\u00f3n para ayudas Covid-19 - Ayuntamiento de Los Llanos de Aridane<\/title>\n<meta name=\"robots\" content=\"index, follow, max-snippet:-1, max-image-preview:large, max-video-preview:-1\" \/>\n<link rel=\"canonical\" href=\"https:\/\/www.aridane.org\/city\/2021\/04\/10\/el-ayuntamiento-abre-el-plazo-de-subsanacion-de-la-documentacion-para-ayudas-covid-19\/\" \/>\n<meta property=\"og:locale\" content=\"es_ES\" \/>\n<meta property=\"og:type\" content=\"article\" \/>\n<meta property=\"og:title\" content=\"El Ayuntamiento abre el plazo de subsanaci\u00f3n de la documentaci\u00f3n para ayudas Covid-19 - Ayuntamiento de Los Llanos de Aridane\" \/>\n<meta property=\"og:description\" content=\"El objetivo es agilizar la puesta a disposici\u00f3n de los empresarios y aut\u00f3nomos de las ayudas como consecuencia del Covid-19. &nbsp; A partir de hoy, lunes 12 y hasta el 23 de abril inclusive, se encuentra abierto el plazo de subsanaci\u00f3n de documentaci\u00f3n presentada en...\" \/>\n<meta property=\"og:url\" content=\"https:\/\/www.aridane.org\/city\/2021\/04\/10\/el-ayuntamiento-abre-el-plazo-de-subsanacion-de-la-documentacion-para-ayudas-covid-19\/\" \/>\n<meta property=\"og:site_name\" content=\"Ayuntamiento de Los Llanos de Aridane\" \/>\n<meta property=\"article:published_time\" content=\"2021-04-10T16:31:53+00:00\" \/>\n<meta name=\"author\" content=\"Richard Diaz\" \/>\n<meta name=\"twitter:card\" content=\"summary_large_image\" \/>\n<meta name=\"twitter:label1\" content=\"Escrito por\" \/>\n\t<meta name=\"twitter:data1\" content=\"Richard Diaz\" \/>\n\t<meta name=\"twitter:label2\" content=\"Tiempo de lectura\" \/>\n\t<meta name=\"twitter:data2\" content=\"2 minutos\" \/>\n<script type=\"application\/ld+json\" class=\"yoast-schema-graph\">{\"@context\":\"https:\/\/schema.org\",\"@graph\":[{\"@type\":\"WebPage\",\"@id\":\"https:\/\/www.aridane.org\/city\/2021\/04\/10\/el-ayuntamiento-abre-el-plazo-de-subsanacion-de-la-documentacion-para-ayudas-covid-19\/\",\"url\":\"https:\/\/www.aridane.org\/city\/2021\/04\/10\/el-ayuntamiento-abre-el-plazo-de-subsanacion-de-la-documentacion-para-ayudas-covid-19\/\",\"name\":\"El Ayuntamiento abre el plazo de subsanaci\u00f3n de la documentaci\u00f3n para ayudas Covid-19 - Ayuntamiento de Los Llanos de Aridane\",\"isPartOf\":{\"@id\":\"https:\/\/www.aridane.org\/city\/#website\"},\"datePublished\":\"2021-04-10T16:31:53+00:00\",\"dateModified\":\"2021-04-10T16:31:53+00:00\",\"author\":{\"@id\":\"https:\/\/www.aridane.org\/city\/#\/schema\/person\/7d352ec7f29881716f298394432e7209\"},\"breadcrumb\":{\"@id\":\"https:\/\/www.aridane.org\/city\/2021\/04\/10\/el-ayuntamiento-abre-el-plazo-de-subsanacion-de-la-documentacion-para-ayudas-covid-19\/#breadcrumb\"},\"inLanguage\":\"es\",\"potentialAction\":[{\"@type\":\"ReadAction\",\"target\":[\"https:\/\/www.aridane.org\/city\/2021\/04\/10\/el-ayuntamiento-abre-el-plazo-de-subsanacion-de-la-documentacion-para-ayudas-covid-19\/\"]}]},{\"@type\":\"BreadcrumbList\",\"@id\":\"https:\/\/www.aridane.org\/city\/2021\/04\/10\/el-ayuntamiento-abre-el-plazo-de-subsanacion-de-la-documentacion-para-ayudas-covid-19\/#breadcrumb\",\"itemListElement\":[{\"@type\":\"ListItem\",\"position\":1,\"name\":\"Portada\",\"item\":\"https:\/\/www.aridane.org\/city\/\"},{\"@type\":\"ListItem\",\"position\":2,\"name\":\"El Ayuntamiento abre el plazo de subsanaci\u00f3n de la documentaci\u00f3n para ayudas Covid-19\"}]},{\"@type\":\"WebSite\",\"@id\":\"https:\/\/www.aridane.org\/city\/#website\",\"url\":\"https:\/\/www.aridane.org\/city\/\",\"name\":\"Ayuntamiento de Los Llanos de Aridane\",\"description\":\"\",\"potentialAction\":[{\"@type\":\"SearchAction\",\"target\":{\"@type\":\"EntryPoint\",\"urlTemplate\":\"https:\/\/www.aridane.org\/city\/?s={search_term_string}\"},\"query-input\":\"required name=search_term_string\"}],\"inLanguage\":\"es\"},{\"@type\":\"Person\",\"@id\":\"https:\/\/www.aridane.org\/city\/#\/schema\/person\/7d352ec7f29881716f298394432e7209\",\"name\":\"Richard Diaz\",\"image\":{\"@type\":\"ImageObject\",\"inLanguage\":\"es\",\"@id\":\"https:\/\/www.aridane.org\/city\/#\/schema\/person\/image\/\",\"url\":\"https:\/\/secure.gravatar.com\/avatar\/bacd6aefc26a4a204943090a4c596cd10f0857081ef3cfd12084a70ecb3161d5?s=96&d=mm&r=g\",\"contentUrl\":\"https:\/\/secure.gravatar.com\/avatar\/bacd6aefc26a4a204943090a4c596cd10f0857081ef3cfd12084a70ecb3161d5?s=96&d=mm&r=g\",\"caption\":\"Richard Diaz\"},\"sameAs\":[\"https:\/\/www.aridane.org\/city\"],\"url\":\"https:\/\/www.aridane.org\/city\/author\/richard-diaz\/\"}]}<\/script>\n<!-- \/ Yoast SEO plugin. -->","yoast_head_json":{"title":"El Ayuntamiento abre el plazo de subsanaci\u00f3n de la documentaci\u00f3n para ayudas Covid-19 - Ayuntamiento de Los Llanos de Aridane","robots":{"index":"index","follow":"follow","max-snippet":"max-snippet:-1","max-image-preview":"max-image-preview:large","max-video-preview":"max-video-preview:-1"},"canonical":"https:\/\/www.aridane.org\/city\/2021\/04\/10\/el-ayuntamiento-abre-el-plazo-de-subsanacion-de-la-documentacion-para-ayudas-covid-19\/","og_locale":"es_ES","og_type":"article","og_title":"El Ayuntamiento abre el plazo de subsanaci\u00f3n de la documentaci\u00f3n para ayudas Covid-19 - Ayuntamiento de Los Llanos de Aridane","og_description":"El objetivo es agilizar la puesta a disposici\u00f3n de los empresarios y aut\u00f3nomos de las ayudas como consecuencia del Covid-19. &nbsp; A partir de hoy, lunes 12 y hasta el 23 de abril inclusive, se encuentra abierto el plazo de subsanaci\u00f3n de documentaci\u00f3n presentada en...","og_url":"https:\/\/www.aridane.org\/city\/2021\/04\/10\/el-ayuntamiento-abre-el-plazo-de-subsanacion-de-la-documentacion-para-ayudas-covid-19\/","og_site_name":"Ayuntamiento de Los Llanos de Aridane","article_published_time":"2021-04-10T16:31:53+00:00","author":"Richard Diaz","twitter_card":"summary_large_image","twitter_misc":{"Escrito por":"Richard Diaz","Tiempo de lectura":"2 minutos"},"schema":{"@context":"https:\/\/schema.org","@graph":[{"@type":"WebPage","@id":"https:\/\/www.aridane.org\/city\/2021\/04\/10\/el-ayuntamiento-abre-el-plazo-de-subsanacion-de-la-documentacion-para-ayudas-covid-19\/","url":"https:\/\/www.aridane.org\/city\/2021\/04\/10\/el-ayuntamiento-abre-el-plazo-de-subsanacion-de-la-documentacion-para-ayudas-covid-19\/","name":"El Ayuntamiento abre el plazo de subsanaci\u00f3n de la documentaci\u00f3n para ayudas Covid-19 - Ayuntamiento de Los Llanos de Aridane","isPartOf":{"@id":"https:\/\/www.aridane.org\/city\/#website"},"datePublished":"2021-04-10T16:31:53+00:00","dateModified":"2021-04-10T16:31:53+00:00","author":{"@id":"https:\/\/www.aridane.org\/city\/#\/schema\/person\/7d352ec7f29881716f298394432e7209"},"breadcrumb":{"@id":"https:\/\/www.aridane.org\/city\/2021\/04\/10\/el-ayuntamiento-abre-el-plazo-de-subsanacion-de-la-documentacion-para-ayudas-covid-19\/#breadcrumb"},"inLanguage":"es","potentialAction":[{"@type":"ReadAction","target":["https:\/\/www.aridane.org\/city\/2021\/04\/10\/el-ayuntamiento-abre-el-plazo-de-subsanacion-de-la-documentacion-para-ayudas-covid-19\/"]}]},{"@type":"BreadcrumbList","@id":"https:\/\/www.aridane.org\/city\/2021\/04\/10\/el-ayuntamiento-abre-el-plazo-de-subsanacion-de-la-documentacion-para-ayudas-covid-19\/#breadcrumb","itemListElement":[{"@type":"ListItem","position":1,"name":"Portada","item":"https:\/\/www.aridane.org\/city\/"},{"@type":"ListItem","position":2,"name":"El Ayuntamiento abre el plazo de subsanaci\u00f3n de la documentaci\u00f3n para ayudas Covid-19"}]},{"@type":"WebSite","@id":"https:\/\/www.aridane.org\/city\/#website","url":"https:\/\/www.aridane.org\/city\/","name":"Ayuntamiento de Los Llanos de Aridane","description":"","potentialAction":[{"@type":"SearchAction","target":{"@type":"EntryPoint","urlTemplate":"https:\/\/www.aridane.org\/city\/?s={search_term_string}"},"query-input":"required name=search_term_string"}],"inLanguage":"es"},{"@type":"Person","@id":"https:\/\/www.aridane.org\/city\/#\/schema\/person\/7d352ec7f29881716f298394432e7209","name":"Richard Diaz","image":{"@type":"ImageObject","inLanguage":"es","@id":"https:\/\/www.aridane.org\/city\/#\/schema\/person\/image\/","url":"https:\/\/secure.gravatar.com\/avatar\/bacd6aefc26a4a204943090a4c596cd10f0857081ef3cfd12084a70ecb3161d5?s=96&d=mm&r=g","contentUrl":"https:\/\/secure.gravatar.com\/avatar\/bacd6aefc26a4a204943090a4c596cd10f0857081ef3cfd12084a70ecb3161d5?s=96&d=mm&r=g","caption":"Richard Diaz"},"sameAs":["https:\/\/www.aridane.org\/city"],"url":"https:\/\/www.aridane.org\/city\/author\/richard-diaz\/"}]}},"_links":{"self":[{"href":"https:\/\/www.aridane.org\/city\/wp-json\/wp\/v2\/posts\/772","targetHints":{"allow":["GET"]}}],"collection":[{"href":"https:\/\/www.aridane.org\/city\/wp-json\/wp\/v2\/posts"}],"about":[{"href":"https:\/\/www.aridane.org\/city\/wp-json\/wp\/v2\/types\/post"}],"author":[{"embeddable":true,"href":"https:\/\/www.aridane.org\/city\/wp-json\/wp\/v2\/users\/1"}],"replies":[{"embeddable":true,"href":"https:\/\/www.aridane.org\/city\/wp-json\/wp\/v2\/comments?post=772"}],"version-history":[{"count":0,"href":"https:\/\/www.aridane.org\/city\/wp-json\/wp\/v2\/posts\/772\/revisions"}],"wp:attachment":[{"href":"https:\/\/www.aridane.org\/city\/wp-json\/wp\/v2\/media?parent=772"}],"wp:term":[{"taxonomy":"category","embeddable":true,"href":"https:\/\/www.aridane.org\/city\/wp-json\/wp\/v2\/categories?post=772"},{"taxonomy":"post_tag","embeddable":true,"href":"https:\/\/www.aridane.org\/city\/wp-json\/wp\/v2\/tags?post=772"}],"curies":[{"name":"wp","href":"https:\/\/api.w.org\/{rel}","templated":true}]}}