{"id":779,"date":"2021-04-01T18:07:54","date_gmt":"2021-04-01T17:07:54","guid":{"rendered":"https:\/\/aridane.org\/ciudad\/?p=779"},"modified":"2021-04-01T18:07:54","modified_gmt":"2021-04-01T17:07:54","slug":"los-llanos-invierte-50-mil-euros-en-una-nueva-campana-para-incentivar-las-compras-en-el-municipio","status":"publish","type":"post","link":"https:\/\/www.aridane.org\/city\/2021\/04\/01\/los-llanos-invierte-50-mil-euros-en-una-nueva-campana-para-incentivar-las-compras-en-el-municipio\/","title":{"rendered":"Los Llanos invierte 50 mil euros en una nueva campa\u00f1a para incentivar las compras en el municipio"},"content":{"rendered":"<p>El Ayuntamiento de Los Llanos de Aridane, a trav\u00e9s de la Concejal\u00eda de Comercio que dirige Inmaculada Fern\u00e1ndez, ha invertido 50 mil euros en una nueva campa\u00f1a denominada \u201cEl comercio florece en Primavera\u201d, que tiene como principal objetivo incentivar las compras en el municipio y promocionar el consumo local.<\/p>\n<p>&nbsp;<\/p>\n<p>Un total de 271 empresas entre comercios, bares, cafeter\u00edas y restaurantes participan en la campa\u00f1a de las cuales 107 no est\u00e1n asociadas a las zonas comerciales del municipio. La acci\u00f3n dar\u00e1 comienzo el pr\u00f3ximo lunes\u00a0<strong>5 de abril<\/strong>\u00a0y se extender\u00e1 hasta el\u00a0<strong>15 de mayo.<\/strong><\/p>\n<p>&nbsp;<\/p>\n<p>La alcaldesa, Noelia Garc\u00eda Leal explic\u00f3 que \u201c<em>desde el Ayuntamiento\u00a0seguimos apostando por el sector comercial, la restauraci\u00f3n y la hosteler\u00eda, porque sin lugar a dudas\u00a0han sido uno de los m\u00e1s afectados por esta<strong>\u00a0pandemia<\/strong>\u00a0debido a<strong>\u00a0las restricciones sanitarias<\/strong><\/em>\u201d.<\/p>\n<p>&nbsp;<\/p>\n<p>\u201c<em>Nuestro objetivo es contribuir a mejorar la situaci\u00f3n actual y para ello realizamos una inversi\u00f3n de 50.000 euros en tarjetas regalos de 200 euros cada una,\u00a0<\/em><em>en la que hemos invitado a participar a todas los comercios del municipio, formen parte o no de las zonas comerciales abiertas<\/em>\u201d, destac\u00f3 Inmaculada Fern\u00e1ndez.<\/p>\n<p>&nbsp;<\/p>\n<p>Desde el pr\u00f3ximo lunes 5 de abril y hasta el 15 de mayo, quienes realicen compras o consumiciones por importe igual o superior a 5 euros en bares y cafeter\u00edas y de 20 euros en comercios o restaurantes participar\u00e1n en un sorteo de 250 tarjetas regalo por valor de 200 euros cada una, para gastar en los comercios adheridos a la campa\u00f1a.<\/p>\n<p>&nbsp;<\/p>\n<p>El Ayuntamiento pondr\u00e1 a disposici\u00f3n de los interesados\/as un listado con las empresas participantes que podr\u00e1 ser consultado en la web municipal <a href=\"https:\/\/aridane.org\/ciudad\">aridane.org\/ciudad<\/a>\u00a0as\u00ed como en las redes sociales del consistorio.<\/p>\n<p>&nbsp;<\/p>\n<p>Para la realizaci\u00f3n de esta campa\u00f1a se ha contado con la colaboraci\u00f3n de las asociaciones de comerciantes, Zona Comercial Abierta y Asociaci\u00f3n de Comerciantes Zona Abierta de Los Llanos de Aridane.<\/p>\n<p>&nbsp;<\/p>\n<p>El sorteo se efectuar\u00e1 los d\u00edas 24 y 25 de mayo de 2021 en el Ayuntamiento.<\/p>\n<p>&nbsp;<\/p>\n<p>Esta campa\u00f1a se une a las acciones que el Consistorio local ha venido realizando dentro del Pacto por la reactivaci\u00f3n \u201cAridane Por M\u00e1s\u201d, puesto en marcha el pasado a\u00f1o tras el par\u00f3n provocado por la pandemia para\u00a0apoyar y dinamizar la econom\u00eda local, fidelizar a los clientes y gratificar a los consumidores que apuestan por comprar en el comercio del municipio.<\/p>\n<p>&nbsp;<\/p>\n<p>Las bases legales del\u00a0\u201c<strong>Sorteo Primavera 2021\u201d<\/strong>\u00a0se pueden consultar en la\u00a0web municipal:\u00a0\u00a0<a href=\"https:\/\/eadmin.aridane.org\/publico\/edictos\/2021000055\">https:\/\/eadmin.aridane.org\/publico\/edictos\/2021000055<\/a><\/p>\n","protected":false},"excerpt":{"rendered":"<p>El Ayuntamiento de Los Llanos de Aridane, a trav\u00e9s de la Concejal\u00eda de Comercio que dirige Inmaculada Fern\u00e1ndez, ha invertido 50 mil euros en una nueva campa\u00f1a denominada \u201cEl comercio florece en Primavera\u201d, que tiene como principal objetivo incentivar las compras en el municipio y&#8230;<\/p>\n","protected":false},"author":1,"featured_media":0,"comment_status":"closed","ping_status":"open","sticky":false,"template":"","format":"standard","meta":{"footnotes":""},"categories":[6],"tags":[],"class_list":["post-779","post","type-post","status-publish","format-standard","hentry","category-prensa"],"yoast_head":"<!-- This site is optimized with the Yoast SEO plugin v22.7 - https:\/\/yoast.com\/wordpress\/plugins\/seo\/ -->\n<title>Los Llanos invierte 50 mil euros en una nueva campa\u00f1a para incentivar las compras en el municipio - Ayuntamiento de Los Llanos de Aridane<\/title>\n<meta name=\"robots\" content=\"index, follow, max-snippet:-1, max-image-preview:large, max-video-preview:-1\" \/>\n<link rel=\"canonical\" href=\"https:\/\/www.aridane.org\/city\/2021\/04\/01\/los-llanos-invierte-50-mil-euros-en-una-nueva-campana-para-incentivar-las-compras-en-el-municipio\/\" \/>\n<meta property=\"og:locale\" content=\"es_ES\" \/>\n<meta property=\"og:type\" content=\"article\" \/>\n<meta property=\"og:title\" content=\"Los Llanos invierte 50 mil euros en una nueva campa\u00f1a para incentivar las compras en el municipio - Ayuntamiento de Los Llanos de Aridane\" \/>\n<meta property=\"og:description\" content=\"El Ayuntamiento de Los Llanos de Aridane, a trav\u00e9s de la Concejal\u00eda de Comercio que dirige Inmaculada Fern\u00e1ndez, ha invertido 50 mil euros en una nueva campa\u00f1a denominada \u201cEl comercio florece en Primavera\u201d, que tiene como principal objetivo incentivar las compras en el municipio y...\" \/>\n<meta property=\"og:url\" content=\"https:\/\/www.aridane.org\/city\/2021\/04\/01\/los-llanos-invierte-50-mil-euros-en-una-nueva-campana-para-incentivar-las-compras-en-el-municipio\/\" \/>\n<meta property=\"og:site_name\" content=\"Ayuntamiento de Los Llanos de Aridane\" \/>\n<meta property=\"article:published_time\" content=\"2021-04-01T17:07:54+00:00\" \/>\n<meta name=\"author\" content=\"Richard Diaz\" \/>\n<meta name=\"twitter:card\" content=\"summary_large_image\" \/>\n<meta name=\"twitter:label1\" content=\"Escrito por\" \/>\n\t<meta name=\"twitter:data1\" content=\"Richard Diaz\" \/>\n\t<meta name=\"twitter:label2\" content=\"Tiempo de lectura\" \/>\n\t<meta name=\"twitter:data2\" content=\"2 minutos\" \/>\n<script type=\"application\/ld+json\" class=\"yoast-schema-graph\">{\"@context\":\"https:\/\/schema.org\",\"@graph\":[{\"@type\":\"WebPage\",\"@id\":\"https:\/\/www.aridane.org\/city\/2021\/04\/01\/los-llanos-invierte-50-mil-euros-en-una-nueva-campana-para-incentivar-las-compras-en-el-municipio\/\",\"url\":\"https:\/\/www.aridane.org\/city\/2021\/04\/01\/los-llanos-invierte-50-mil-euros-en-una-nueva-campana-para-incentivar-las-compras-en-el-municipio\/\",\"name\":\"Los Llanos invierte 50 mil euros en una nueva campa\u00f1a para incentivar las compras en el municipio - Ayuntamiento de Los Llanos de Aridane\",\"isPartOf\":{\"@id\":\"https:\/\/www.aridane.org\/city\/#website\"},\"datePublished\":\"2021-04-01T17:07:54+00:00\",\"dateModified\":\"2021-04-01T17:07:54+00:00\",\"author\":{\"@id\":\"https:\/\/www.aridane.org\/city\/#\/schema\/person\/7d352ec7f29881716f298394432e7209\"},\"breadcrumb\":{\"@id\":\"https:\/\/www.aridane.org\/city\/2021\/04\/01\/los-llanos-invierte-50-mil-euros-en-una-nueva-campana-para-incentivar-las-compras-en-el-municipio\/#breadcrumb\"},\"inLanguage\":\"es\",\"potentialAction\":[{\"@type\":\"ReadAction\",\"target\":[\"https:\/\/www.aridane.org\/city\/2021\/04\/01\/los-llanos-invierte-50-mil-euros-en-una-nueva-campana-para-incentivar-las-compras-en-el-municipio\/\"]}]},{\"@type\":\"BreadcrumbList\",\"@id\":\"https:\/\/www.aridane.org\/city\/2021\/04\/01\/los-llanos-invierte-50-mil-euros-en-una-nueva-campana-para-incentivar-las-compras-en-el-municipio\/#breadcrumb\",\"itemListElement\":[{\"@type\":\"ListItem\",\"position\":1,\"name\":\"Portada\",\"item\":\"https:\/\/www.aridane.org\/city\/\"},{\"@type\":\"ListItem\",\"position\":2,\"name\":\"Los Llanos invierte 50 mil euros en una nueva campa\u00f1a para incentivar las compras en el municipio\"}]},{\"@type\":\"WebSite\",\"@id\":\"https:\/\/www.aridane.org\/city\/#website\",\"url\":\"https:\/\/www.aridane.org\/city\/\",\"name\":\"Ayuntamiento de Los Llanos de Aridane\",\"description\":\"\",\"potentialAction\":[{\"@type\":\"SearchAction\",\"target\":{\"@type\":\"EntryPoint\",\"urlTemplate\":\"https:\/\/www.aridane.org\/city\/?s={search_term_string}\"},\"query-input\":\"required name=search_term_string\"}],\"inLanguage\":\"es\"},{\"@type\":\"Person\",\"@id\":\"https:\/\/www.aridane.org\/city\/#\/schema\/person\/7d352ec7f29881716f298394432e7209\",\"name\":\"Richard Diaz\",\"image\":{\"@type\":\"ImageObject\",\"inLanguage\":\"es\",\"@id\":\"https:\/\/www.aridane.org\/city\/#\/schema\/person\/image\/\",\"url\":\"https:\/\/secure.gravatar.com\/avatar\/bacd6aefc26a4a204943090a4c596cd10f0857081ef3cfd12084a70ecb3161d5?s=96&d=mm&r=g\",\"contentUrl\":\"https:\/\/secure.gravatar.com\/avatar\/bacd6aefc26a4a204943090a4c596cd10f0857081ef3cfd12084a70ecb3161d5?s=96&d=mm&r=g\",\"caption\":\"Richard Diaz\"},\"sameAs\":[\"https:\/\/www.aridane.org\/city\"],\"url\":\"https:\/\/www.aridane.org\/city\/author\/richard-diaz\/\"}]}<\/script>\n<!-- \/ Yoast SEO plugin. -->","yoast_head_json":{"title":"Los Llanos invierte 50 mil euros en una nueva campa\u00f1a para incentivar las compras en el municipio - Ayuntamiento de Los Llanos de Aridane","robots":{"index":"index","follow":"follow","max-snippet":"max-snippet:-1","max-image-preview":"max-image-preview:large","max-video-preview":"max-video-preview:-1"},"canonical":"https:\/\/www.aridane.org\/city\/2021\/04\/01\/los-llanos-invierte-50-mil-euros-en-una-nueva-campana-para-incentivar-las-compras-en-el-municipio\/","og_locale":"es_ES","og_type":"article","og_title":"Los Llanos invierte 50 mil euros en una nueva campa\u00f1a para incentivar las compras en el municipio - Ayuntamiento de Los Llanos de Aridane","og_description":"El Ayuntamiento de Los Llanos de Aridane, a trav\u00e9s de la Concejal\u00eda de Comercio que dirige Inmaculada Fern\u00e1ndez, ha invertido 50 mil euros en una nueva campa\u00f1a denominada \u201cEl comercio florece en Primavera\u201d, que tiene como principal objetivo incentivar las compras en el municipio y...","og_url":"https:\/\/www.aridane.org\/city\/2021\/04\/01\/los-llanos-invierte-50-mil-euros-en-una-nueva-campana-para-incentivar-las-compras-en-el-municipio\/","og_site_name":"Ayuntamiento de Los Llanos de Aridane","article_published_time":"2021-04-01T17:07:54+00:00","author":"Richard Diaz","twitter_card":"summary_large_image","twitter_misc":{"Escrito por":"Richard Diaz","Tiempo de lectura":"2 minutos"},"schema":{"@context":"https:\/\/schema.org","@graph":[{"@type":"WebPage","@id":"https:\/\/www.aridane.org\/city\/2021\/04\/01\/los-llanos-invierte-50-mil-euros-en-una-nueva-campana-para-incentivar-las-compras-en-el-municipio\/","url":"https:\/\/www.aridane.org\/city\/2021\/04\/01\/los-llanos-invierte-50-mil-euros-en-una-nueva-campana-para-incentivar-las-compras-en-el-municipio\/","name":"Los Llanos invierte 50 mil euros en una nueva campa\u00f1a para incentivar las compras en el municipio - Ayuntamiento de Los Llanos de Aridane","isPartOf":{"@id":"https:\/\/www.aridane.org\/city\/#website"},"datePublished":"2021-04-01T17:07:54+00:00","dateModified":"2021-04-01T17:07:54+00:00","author":{"@id":"https:\/\/www.aridane.org\/city\/#\/schema\/person\/7d352ec7f29881716f298394432e7209"},"breadcrumb":{"@id":"https:\/\/www.aridane.org\/city\/2021\/04\/01\/los-llanos-invierte-50-mil-euros-en-una-nueva-campana-para-incentivar-las-compras-en-el-municipio\/#breadcrumb"},"inLanguage":"es","potentialAction":[{"@type":"ReadAction","target":["https:\/\/www.aridane.org\/city\/2021\/04\/01\/los-llanos-invierte-50-mil-euros-en-una-nueva-campana-para-incentivar-las-compras-en-el-municipio\/"]}]},{"@type":"BreadcrumbList","@id":"https:\/\/www.aridane.org\/city\/2021\/04\/01\/los-llanos-invierte-50-mil-euros-en-una-nueva-campana-para-incentivar-las-compras-en-el-municipio\/#breadcrumb","itemListElement":[{"@type":"ListItem","position":1,"name":"Portada","item":"https:\/\/www.aridane.org\/city\/"},{"@type":"ListItem","position":2,"name":"Los Llanos invierte 50 mil euros en una nueva campa\u00f1a para incentivar las compras en el municipio"}]},{"@type":"WebSite","@id":"https:\/\/www.aridane.org\/city\/#website","url":"https:\/\/www.aridane.org\/city\/","name":"Ayuntamiento de Los Llanos de Aridane","description":"","potentialAction":[{"@type":"SearchAction","target":{"@type":"EntryPoint","urlTemplate":"https:\/\/www.aridane.org\/city\/?s={search_term_string}"},"query-input":"required name=search_term_string"}],"inLanguage":"es"},{"@type":"Person","@id":"https:\/\/www.aridane.org\/city\/#\/schema\/person\/7d352ec7f29881716f298394432e7209","name":"Richard Diaz","image":{"@type":"ImageObject","inLanguage":"es","@id":"https:\/\/www.aridane.org\/city\/#\/schema\/person\/image\/","url":"https:\/\/secure.gravatar.com\/avatar\/bacd6aefc26a4a204943090a4c596cd10f0857081ef3cfd12084a70ecb3161d5?s=96&d=mm&r=g","contentUrl":"https:\/\/secure.gravatar.com\/avatar\/bacd6aefc26a4a204943090a4c596cd10f0857081ef3cfd12084a70ecb3161d5?s=96&d=mm&r=g","caption":"Richard Diaz"},"sameAs":["https:\/\/www.aridane.org\/city"],"url":"https:\/\/www.aridane.org\/city\/author\/richard-diaz\/"}]}},"_links":{"self":[{"href":"https:\/\/www.aridane.org\/city\/wp-json\/wp\/v2\/posts\/779","targetHints":{"allow":["GET"]}}],"collection":[{"href":"https:\/\/www.aridane.org\/city\/wp-json\/wp\/v2\/posts"}],"about":[{"href":"https:\/\/www.aridane.org\/city\/wp-json\/wp\/v2\/types\/post"}],"author":[{"embeddable":true,"href":"https:\/\/www.aridane.org\/city\/wp-json\/wp\/v2\/users\/1"}],"replies":[{"embeddable":true,"href":"https:\/\/www.aridane.org\/city\/wp-json\/wp\/v2\/comments?post=779"}],"version-history":[{"count":0,"href":"https:\/\/www.aridane.org\/city\/wp-json\/wp\/v2\/posts\/779\/revisions"}],"wp:attachment":[{"href":"https:\/\/www.aridane.org\/city\/wp-json\/wp\/v2\/media?parent=779"}],"wp:term":[{"taxonomy":"category","embeddable":true,"href":"https:\/\/www.aridane.org\/city\/wp-json\/wp\/v2\/categories?post=779"},{"taxonomy":"post_tag","embeddable":true,"href":"https:\/\/www.aridane.org\/city\/wp-json\/wp\/v2\/tags?post=779"}],"curies":[{"name":"wp","href":"https:\/\/api.w.org\/{rel}","templated":true}]}}