{"id":78,"date":"2020-03-20T17:20:45","date_gmt":"2020-03-20T17:20:45","guid":{"rendered":"https:\/\/aridane.org\/ciudad\/?p=78"},"modified":"2020-03-20T17:20:45","modified_gmt":"2020-03-20T17:20:45","slug":"el-ayuntamiento-de-los-llanos-de-aridane-fomenta-la-compra-de-productos-locales","status":"publish","type":"post","link":"https:\/\/www.aridane.org\/city\/2020\/03\/20\/el-ayuntamiento-de-los-llanos-de-aridane-fomenta-la-compra-de-productos-locales\/","title":{"rendered":"El Ayuntamiento de Los Llanos de Aridane fomenta la compra de productos locales"},"content":{"rendered":"<p style=\"text-align: justify;\">En estos momentos de situaci\u00f3n de crisis sanitaria donde cobran especial valor los productos de cercan\u00eda como los alimentos de agricultura producidas en nuestras cercan\u00edas, el Ayuntamiento de Los Llanos de Aridane quiere fomentar el consumo de los productos locales, en un municipio donde el sector primario es muy importante.<\/p>\n<p style=\"text-align: justify;\">Es en esta situaci\u00f3n en la cual la producci\u00f3n agr\u00edcola local se transforma en una actividad de alto valor estrat\u00e9gico, cuya funci\u00f3n es el suministro continuo de alimentos a la poblaci\u00f3n, asegurando el derecho de toda persona a tener acceso a alimentos sanos y nutritivos.<\/p>\n<p style=\"text-align: justify;\">Por ello desde el Ayuntamiento se recuerda que el Mercado Municipal sigue abierto, ofreciendo art\u00edculos de primera calidad, y cumpliendo con las medidas de prevenci\u00f3n que ha decretado el Gobierno respecto a afluencia de personas en el interior del recinto; respeto a la distancia interpersonal; extremas las medias de higiene de manos y adem\u00e1s tambi\u00e9n se ha aumentado la desinfecci\u00f3n de los espacios comunes igual que se est\u00e1 haciendo en los entornos de los establecimientos de alimentaci\u00f3n del municipio.<\/p>\n<p style=\"text-align: justify;\">Como medida complementaria y ante la suspensi\u00f3n del Mercadillo del Agricultor que se celebra cada domingo se ha propuesto a los agricultores titulares de los en la Avenida Dr. Fleming, trasladarse de forma organizada en turnos a las instalaciones del Mercado Municipal para poder vender de verduras, hortalizas y frutas, al ser productos de primera necesidad y de esa manera evitar que los alimentos precederos terminen en la basura.<\/p>\n<p style=\"text-align: justify;\">As\u00ed pues a partir de este s\u00e1bado el Mercado Municipal y Mercadillo del Agricultor ir\u00e1n de la mano para ofrecer a la ciudadan\u00eda otra alternativa m\u00e1s en alimentaci\u00f3n de productos frescos en nuestro municipio, garantizando las medidas sanitarias de obligado cumplimiento.<\/p>\n<p style=\"text-align: justify;\">Esta actuaci\u00f3n se hace adem\u00e1s, siguiendo las recomendaciones de la Consejer\u00eda de Agricultura del Gobierno de Canarias, en la que se transmite la importancia de que los mercadillos puedan permanecer abiertos para que trabajadores, productores y consumidores puedan continuar el ritmo normal y as\u00ed hacer llegar a cada casa producto local.<\/p>\n","protected":false},"excerpt":{"rendered":"<p>En estos momentos de situaci\u00f3n de crisis sanitaria donde cobran especial valor los productos de cercan\u00eda como los alimentos de agricultura producidas en nuestras cercan\u00edas, el Ayuntamiento de Los Llanos de Aridane quiere fomentar el consumo de los productos locales, en un municipio donde el&#8230;<\/p>\n","protected":false},"author":1,"featured_media":0,"comment_status":"closed","ping_status":"closed","sticky":false,"template":"","format":"standard","meta":{"footnotes":""},"categories":[6],"tags":[],"class_list":["post-78","post","type-post","status-publish","format-standard","hentry","category-prensa"],"yoast_head":"<!-- This site is optimized with the Yoast SEO plugin v22.7 - https:\/\/yoast.com\/wordpress\/plugins\/seo\/ -->\n<title>El Ayuntamiento de Los Llanos de Aridane fomenta la compra de productos locales - Ayuntamiento de Los Llanos de Aridane<\/title>\n<meta name=\"robots\" content=\"index, follow, max-snippet:-1, max-image-preview:large, max-video-preview:-1\" \/>\n<link rel=\"canonical\" href=\"https:\/\/www.aridane.org\/city\/2020\/03\/20\/el-ayuntamiento-de-los-llanos-de-aridane-fomenta-la-compra-de-productos-locales\/\" \/>\n<meta property=\"og:locale\" content=\"es_ES\" \/>\n<meta property=\"og:type\" content=\"article\" \/>\n<meta property=\"og:title\" content=\"El Ayuntamiento de Los Llanos de Aridane fomenta la compra de productos locales - Ayuntamiento de Los Llanos de Aridane\" \/>\n<meta property=\"og:description\" content=\"En estos momentos de situaci\u00f3n de crisis sanitaria donde cobran especial valor los productos de cercan\u00eda como los alimentos de agricultura producidas en nuestras cercan\u00edas, el Ayuntamiento de Los Llanos de Aridane quiere fomentar el consumo de los productos locales, en un municipio donde el...\" \/>\n<meta property=\"og:url\" content=\"https:\/\/www.aridane.org\/city\/2020\/03\/20\/el-ayuntamiento-de-los-llanos-de-aridane-fomenta-la-compra-de-productos-locales\/\" \/>\n<meta property=\"og:site_name\" content=\"Ayuntamiento de Los Llanos de Aridane\" \/>\n<meta property=\"article:published_time\" content=\"2020-03-20T17:20:45+00:00\" \/>\n<meta name=\"author\" content=\"Richard Diaz\" \/>\n<meta name=\"twitter:card\" content=\"summary_large_image\" \/>\n<meta name=\"twitter:label1\" content=\"Escrito por\" \/>\n\t<meta name=\"twitter:data1\" content=\"Richard Diaz\" \/>\n\t<meta name=\"twitter:label2\" content=\"Tiempo de lectura\" \/>\n\t<meta name=\"twitter:data2\" content=\"2 minutos\" \/>\n<script type=\"application\/ld+json\" class=\"yoast-schema-graph\">{\"@context\":\"https:\/\/schema.org\",\"@graph\":[{\"@type\":\"WebPage\",\"@id\":\"https:\/\/www.aridane.org\/city\/2020\/03\/20\/el-ayuntamiento-de-los-llanos-de-aridane-fomenta-la-compra-de-productos-locales\/\",\"url\":\"https:\/\/www.aridane.org\/city\/2020\/03\/20\/el-ayuntamiento-de-los-llanos-de-aridane-fomenta-la-compra-de-productos-locales\/\",\"name\":\"El Ayuntamiento de Los Llanos de Aridane fomenta la compra de productos locales - Ayuntamiento de Los Llanos de Aridane\",\"isPartOf\":{\"@id\":\"https:\/\/www.aridane.org\/city\/#website\"},\"datePublished\":\"2020-03-20T17:20:45+00:00\",\"dateModified\":\"2020-03-20T17:20:45+00:00\",\"author\":{\"@id\":\"https:\/\/www.aridane.org\/city\/#\/schema\/person\/7d352ec7f29881716f298394432e7209\"},\"breadcrumb\":{\"@id\":\"https:\/\/www.aridane.org\/city\/2020\/03\/20\/el-ayuntamiento-de-los-llanos-de-aridane-fomenta-la-compra-de-productos-locales\/#breadcrumb\"},\"inLanguage\":\"es\",\"potentialAction\":[{\"@type\":\"ReadAction\",\"target\":[\"https:\/\/www.aridane.org\/city\/2020\/03\/20\/el-ayuntamiento-de-los-llanos-de-aridane-fomenta-la-compra-de-productos-locales\/\"]}]},{\"@type\":\"BreadcrumbList\",\"@id\":\"https:\/\/www.aridane.org\/city\/2020\/03\/20\/el-ayuntamiento-de-los-llanos-de-aridane-fomenta-la-compra-de-productos-locales\/#breadcrumb\",\"itemListElement\":[{\"@type\":\"ListItem\",\"position\":1,\"name\":\"Portada\",\"item\":\"https:\/\/www.aridane.org\/city\/\"},{\"@type\":\"ListItem\",\"position\":2,\"name\":\"El Ayuntamiento de Los Llanos de Aridane fomenta la compra de productos locales\"}]},{\"@type\":\"WebSite\",\"@id\":\"https:\/\/www.aridane.org\/city\/#website\",\"url\":\"https:\/\/www.aridane.org\/city\/\",\"name\":\"Ayuntamiento de Los Llanos de Aridane\",\"description\":\"\",\"potentialAction\":[{\"@type\":\"SearchAction\",\"target\":{\"@type\":\"EntryPoint\",\"urlTemplate\":\"https:\/\/www.aridane.org\/city\/?s={search_term_string}\"},\"query-input\":\"required name=search_term_string\"}],\"inLanguage\":\"es\"},{\"@type\":\"Person\",\"@id\":\"https:\/\/www.aridane.org\/city\/#\/schema\/person\/7d352ec7f29881716f298394432e7209\",\"name\":\"Richard Diaz\",\"image\":{\"@type\":\"ImageObject\",\"inLanguage\":\"es\",\"@id\":\"https:\/\/www.aridane.org\/city\/#\/schema\/person\/image\/\",\"url\":\"https:\/\/secure.gravatar.com\/avatar\/bacd6aefc26a4a204943090a4c596cd10f0857081ef3cfd12084a70ecb3161d5?s=96&d=mm&r=g\",\"contentUrl\":\"https:\/\/secure.gravatar.com\/avatar\/bacd6aefc26a4a204943090a4c596cd10f0857081ef3cfd12084a70ecb3161d5?s=96&d=mm&r=g\",\"caption\":\"Richard Diaz\"},\"sameAs\":[\"https:\/\/www.aridane.org\/city\"],\"url\":\"https:\/\/www.aridane.org\/city\/author\/richard-diaz\/\"}]}<\/script>\n<!-- \/ Yoast SEO plugin. -->","yoast_head_json":{"title":"El Ayuntamiento de Los Llanos de Aridane fomenta la compra de productos locales - Ayuntamiento de Los Llanos de Aridane","robots":{"index":"index","follow":"follow","max-snippet":"max-snippet:-1","max-image-preview":"max-image-preview:large","max-video-preview":"max-video-preview:-1"},"canonical":"https:\/\/www.aridane.org\/city\/2020\/03\/20\/el-ayuntamiento-de-los-llanos-de-aridane-fomenta-la-compra-de-productos-locales\/","og_locale":"es_ES","og_type":"article","og_title":"El Ayuntamiento de Los Llanos de Aridane fomenta la compra de productos locales - Ayuntamiento de Los Llanos de Aridane","og_description":"En estos momentos de situaci\u00f3n de crisis sanitaria donde cobran especial valor los productos de cercan\u00eda como los alimentos de agricultura producidas en nuestras cercan\u00edas, el Ayuntamiento de Los Llanos de Aridane quiere fomentar el consumo de los productos locales, en un municipio donde el...","og_url":"https:\/\/www.aridane.org\/city\/2020\/03\/20\/el-ayuntamiento-de-los-llanos-de-aridane-fomenta-la-compra-de-productos-locales\/","og_site_name":"Ayuntamiento de Los Llanos de Aridane","article_published_time":"2020-03-20T17:20:45+00:00","author":"Richard Diaz","twitter_card":"summary_large_image","twitter_misc":{"Escrito por":"Richard Diaz","Tiempo de lectura":"2 minutos"},"schema":{"@context":"https:\/\/schema.org","@graph":[{"@type":"WebPage","@id":"https:\/\/www.aridane.org\/city\/2020\/03\/20\/el-ayuntamiento-de-los-llanos-de-aridane-fomenta-la-compra-de-productos-locales\/","url":"https:\/\/www.aridane.org\/city\/2020\/03\/20\/el-ayuntamiento-de-los-llanos-de-aridane-fomenta-la-compra-de-productos-locales\/","name":"El Ayuntamiento de Los Llanos de Aridane fomenta la compra de productos locales - Ayuntamiento de Los Llanos de Aridane","isPartOf":{"@id":"https:\/\/www.aridane.org\/city\/#website"},"datePublished":"2020-03-20T17:20:45+00:00","dateModified":"2020-03-20T17:20:45+00:00","author":{"@id":"https:\/\/www.aridane.org\/city\/#\/schema\/person\/7d352ec7f29881716f298394432e7209"},"breadcrumb":{"@id":"https:\/\/www.aridane.org\/city\/2020\/03\/20\/el-ayuntamiento-de-los-llanos-de-aridane-fomenta-la-compra-de-productos-locales\/#breadcrumb"},"inLanguage":"es","potentialAction":[{"@type":"ReadAction","target":["https:\/\/www.aridane.org\/city\/2020\/03\/20\/el-ayuntamiento-de-los-llanos-de-aridane-fomenta-la-compra-de-productos-locales\/"]}]},{"@type":"BreadcrumbList","@id":"https:\/\/www.aridane.org\/city\/2020\/03\/20\/el-ayuntamiento-de-los-llanos-de-aridane-fomenta-la-compra-de-productos-locales\/#breadcrumb","itemListElement":[{"@type":"ListItem","position":1,"name":"Portada","item":"https:\/\/www.aridane.org\/city\/"},{"@type":"ListItem","position":2,"name":"El Ayuntamiento de Los Llanos de Aridane fomenta la compra de productos locales"}]},{"@type":"WebSite","@id":"https:\/\/www.aridane.org\/city\/#website","url":"https:\/\/www.aridane.org\/city\/","name":"Ayuntamiento de Los Llanos de Aridane","description":"","potentialAction":[{"@type":"SearchAction","target":{"@type":"EntryPoint","urlTemplate":"https:\/\/www.aridane.org\/city\/?s={search_term_string}"},"query-input":"required name=search_term_string"}],"inLanguage":"es"},{"@type":"Person","@id":"https:\/\/www.aridane.org\/city\/#\/schema\/person\/7d352ec7f29881716f298394432e7209","name":"Richard Diaz","image":{"@type":"ImageObject","inLanguage":"es","@id":"https:\/\/www.aridane.org\/city\/#\/schema\/person\/image\/","url":"https:\/\/secure.gravatar.com\/avatar\/bacd6aefc26a4a204943090a4c596cd10f0857081ef3cfd12084a70ecb3161d5?s=96&d=mm&r=g","contentUrl":"https:\/\/secure.gravatar.com\/avatar\/bacd6aefc26a4a204943090a4c596cd10f0857081ef3cfd12084a70ecb3161d5?s=96&d=mm&r=g","caption":"Richard Diaz"},"sameAs":["https:\/\/www.aridane.org\/city"],"url":"https:\/\/www.aridane.org\/city\/author\/richard-diaz\/"}]}},"_links":{"self":[{"href":"https:\/\/www.aridane.org\/city\/wp-json\/wp\/v2\/posts\/78","targetHints":{"allow":["GET"]}}],"collection":[{"href":"https:\/\/www.aridane.org\/city\/wp-json\/wp\/v2\/posts"}],"about":[{"href":"https:\/\/www.aridane.org\/city\/wp-json\/wp\/v2\/types\/post"}],"author":[{"embeddable":true,"href":"https:\/\/www.aridane.org\/city\/wp-json\/wp\/v2\/users\/1"}],"replies":[{"embeddable":true,"href":"https:\/\/www.aridane.org\/city\/wp-json\/wp\/v2\/comments?post=78"}],"version-history":[{"count":0,"href":"https:\/\/www.aridane.org\/city\/wp-json\/wp\/v2\/posts\/78\/revisions"}],"wp:attachment":[{"href":"https:\/\/www.aridane.org\/city\/wp-json\/wp\/v2\/media?parent=78"}],"wp:term":[{"taxonomy":"category","embeddable":true,"href":"https:\/\/www.aridane.org\/city\/wp-json\/wp\/v2\/categories?post=78"},{"taxonomy":"post_tag","embeddable":true,"href":"https:\/\/www.aridane.org\/city\/wp-json\/wp\/v2\/tags?post=78"}],"curies":[{"name":"wp","href":"https:\/\/api.w.org\/{rel}","templated":true}]}}