{"id":798,"date":"2021-05-26T13:33:44","date_gmt":"2021-05-26T12:33:44","guid":{"rendered":"https:\/\/aridane.org\/ciudad\/?p=798"},"modified":"2021-05-26T13:33:44","modified_gmt":"2021-05-26T12:33:44","slug":"tardes-cine-los-llanos-aridane","status":"publish","type":"post","link":"https:\/\/www.aridane.org\/city\/2021\/05\/26\/tardes-cine-los-llanos-aridane\/","title":{"rendered":"Las \u201cTardes de Cine\u201d de Los Llanos de Aridane cierran esta temporada con clara vocaci\u00f3n de continuidad"},"content":{"rendered":"<section class=\"wpb-content-wrapper\"><p>[vc_row css_animation=\u00bb\u00bb row_type=\u00bbrow\u00bb use_row_as_full_screen_section=\u00bbno\u00bb type=\u00bbfull_width\u00bb angled_section=\u00bbno\u00bb text_align=\u00bbleft\u00bb background_image_as_pattern=\u00bbwithout_pattern\u00bb][vc_column][vc_row_inner row_type=\u00bbrow\u00bb type=\u00bbgrid\u00bb text_align=\u00bbleft\u00bb css_animation=\u00bb\u00bb][vc_column_inner][vc_empty_space height=\u00bb20px\u00bb][vc_column_text]<\/p>\n<p style=\"text-align: justify;\">El proyecto mensual \u00abTardes de Cine\u00bb, puesto en marcha por el \u00e1rea de Cultura del Ayuntamiento de Los Llanos de Aridane que comenz\u00f3 en el mes de febrero con proyecciones en los Multicines Millennium, finaliz\u00f3 la temporada hoy mi\u00e9rcoles, con una clara vocaci\u00f3n de continuidad.<\/p>\n<p style=\"text-align: justify;\">Con la historiadora del arte y coach D\u00e9vora Vi\u00f1a Carrascoso,\u00a0 y el periodista y cr\u00edtico de cine Adri\u00e1n Gonz\u00e1lez Vi\u00f1a, el proyecto \u00abTardes de cine\u00bb ha buscado usar el s\u00e9ptimo arte como herramienta para hablar de asuntos sociales, combinando la cultura con un comentario cr\u00edtico e informado sobre determinados temas de importancia en el mundo en que vivimos. Y sobre todo buscando un debate enriquecedor con la audiencia.<\/p>\n<p style=\"text-align: justify;\">La concejala de Cultura, Charo Gonz\u00e1lez, explic\u00f3 que \u00ab<em>Es importante apostar por peque\u00f1os proyectos ideados con cari\u00f1o y profesionalidad, y ante la honestidad de los cuales, la reacci\u00f3n del p\u00fablico no se hace esperar, convirtiendo la sala de los Multicines una vez al mes en espacio no solo de visionado de peque\u00f1as joyas cinematogr\u00e1ficas poco conocidas, sino tambi\u00e9n de debate sobre las mismas, tanto desde el punto de vista cin\u00e9filo como emocional\u00bb.<\/em><\/p>\n<p style=\"text-align: justify;\">Cuatro pel\u00edculas con cuatro tem\u00e1ticas diferentes, a lo largo de estos meses:<\/p>\n<p style=\"text-align: justify;\">En febrero, la primera pel\u00edcula del ciclo estuvo enmarcada en el tema \u201cLa rutina me asfixia\u201d, con la proyecci\u00f3n de \u00abTodos queremos lo mejor para ella\u00bb, pel\u00edcula de 2013 dirigida por Mar Coll, y en la que Geni (Nora Navas) es una mujer de 38 a\u00f1os que, tras sufrir un terrible accidente de coche, intenta retomar su vida anterior y volver a encajar en el que hab\u00eda sido su mundo. Un a\u00f1o despu\u00e9s de sufrir el accidente, Geni est\u00e1 lista para retomar su vida&#8230; o al menos as\u00ed lo quiere ver su familia. La realidad es que a pesar de querer complacer a todo el mundo, Geni se siente incapaz de estar a la altura de las expectativas: su vida anterior al accidente ha dejado de interesarle. \u00bfPara qu\u00e9 retomarla entonces? El desconcierto que le produce esta evidencia da paso a un comportamiento cada vez m\u00e1s err\u00e1tico y a una \u00fanica idea que empieza a crecer dentro de ella: fugarse.<\/p>\n<p style=\"text-align: justify;\">En marzo,\u00a0 el tema escogido fue \u201cTerapia de cine\u201d, con la proyecci\u00f3n de \u201cFrente al mar\u201d (2015) de Angelina Jolie, ambientada en la Francia de mediados de los a\u00f1os 70, y en la que Vanessa, una exbailarina y su marido Roland, escritor, recorren el pa\u00eds mientras se distancian paulatinamente el uno del otro, hasta que llegan a un pueblecito junto al mar y establecen relaci\u00f3n con alguno de sus habitantes.<\/p>\n<p style=\"text-align: justify;\">En abril, la tercera pel\u00edcula estuvo enmarcada en el tema \u201cLa batalla de los sexos\u201d, con la proyecci\u00f3n de la pel\u00edcula del mismo t\u00edtulo, cr\u00f3nica de la rivalidad existente entre el ex-tenista profesional, de 55 a\u00f1os, Bobby Riggs, y su oponente de 29 a\u00f1os de edad, la carism\u00e1tica tenista Billie Jean King, quienes se enfrentaron en un partido legendario en 1973. Se quer\u00eda entonces conocer si una tenista profesional femenina pod\u00eda realmente vencer a un hombre (aunque fuera ex-profesional), un evento que atrajo a m\u00e1s de 50 millones de estadounidenses y que se publicit\u00f3 como \u00abLa batalla de sexos\u00bb.<\/p>\n<p style=\"text-align: justify;\">Por \u00faltimo, y bajo el lema \u201cLa mujer al servicio de los dem\u00e1s\u201d, este me toc\u00f3 la proyecci\u00f3n de \u201cLa buena esposa\u201d (2017) de Bj\u00f6rn Runge, en la que Joan Castleman (Glenn Close) es una buena esposa, de belleza madura y natural, la mujer perfecta. Pero lo cierto es que lleva cuarenta a\u00f1os sacrificando sus sue\u00f1os y ambiciones para mantener viva la llama de su matrimonio con su marido, Joe Castleman (Jonathan Pryce). Pero Joan ha llegado a su l\u00edmite. En v\u00edsperas de la entrega del Premio Nobel de Literatura a Joe, Joan decide desvelar su secreto mejor guardado.<\/p>\n<p>[\/vc_column_text][vc_empty_space height=\u00bb20px\u00bb][\/vc_column_inner][\/vc_row_inner][\/vc_column][\/vc_row]<\/p>\n<\/section>","protected":false},"excerpt":{"rendered":"<p>[vc_row css_animation=\u00bb\u00bb row_type=\u00bbrow\u00bb use_row_as_full_screen_section=\u00bbno\u00bb type=\u00bbfull_width\u00bb angled_section=\u00bbno\u00bb text_align=\u00bbleft\u00bb background_image_as_pattern=\u00bbwithout_pattern\u00bb][vc_column][vc_row_inner row_type=\u00bbrow\u00bb type=\u00bbgrid\u00bb text_align=\u00bbleft\u00bb css_animation=\u00bb\u00bb][vc_column_inner][vc_empty_space height=\u00bb20px\u00bb][vc_column_text] El proyecto mensual \u00abTardes de Cine\u00bb, puesto en marcha por el \u00e1rea de Cultura del Ayuntamiento de Los Llanos de Aridane que comenz\u00f3 en el mes de febrero con proyecciones en los&#8230;<\/p>\n","protected":false},"author":1,"featured_media":0,"comment_status":"closed","ping_status":"open","sticky":false,"template":"","format":"standard","meta":{"footnotes":""},"categories":[6],"tags":[],"class_list":["post-798","post","type-post","status-publish","format-standard","hentry","category-prensa"],"yoast_head":"<!-- This site is optimized with the Yoast SEO plugin v22.7 - https:\/\/yoast.com\/wordpress\/plugins\/seo\/ -->\n<title>Las \u201cTardes de Cine\u201d de Los Llanos de Aridane cierran esta temporada con clara vocaci\u00f3n de continuidad - Ayuntamiento de Los Llanos de Aridane<\/title>\n<meta name=\"description\" content=\"El proyecto mensual &quot;Tardes de Cine&quot;, puesto en marcha por el \u00e1rea de Cultura del Ayuntamiento de Los Llanos de Aridane, finaliz\u00f3 su temporada.\" \/>\n<meta name=\"robots\" content=\"index, follow, max-snippet:-1, max-image-preview:large, max-video-preview:-1\" \/>\n<link rel=\"canonical\" href=\"https:\/\/www.aridane.org\/city\/2021\/05\/26\/tardes-cine-los-llanos-aridane\/\" \/>\n<meta property=\"og:locale\" content=\"es_ES\" \/>\n<meta property=\"og:type\" content=\"article\" \/>\n<meta property=\"og:title\" content=\"Las \u201cTardes de Cine\u201d de Los Llanos de Aridane cierran esta temporada con clara vocaci\u00f3n de continuidad - Ayuntamiento de Los Llanos de Aridane\" \/>\n<meta property=\"og:description\" content=\"El proyecto mensual &quot;Tardes de Cine&quot;, puesto en marcha por el \u00e1rea de Cultura del Ayuntamiento de Los Llanos de Aridane, finaliz\u00f3 su temporada.\" \/>\n<meta property=\"og:url\" content=\"https:\/\/www.aridane.org\/city\/2021\/05\/26\/tardes-cine-los-llanos-aridane\/\" \/>\n<meta property=\"og:site_name\" content=\"Ayuntamiento de Los Llanos de Aridane\" \/>\n<meta property=\"article:published_time\" content=\"2021-05-26T12:33:44+00:00\" \/>\n<meta name=\"author\" content=\"Richard Diaz\" \/>\n<meta name=\"twitter:card\" content=\"summary_large_image\" \/>\n<meta name=\"twitter:label1\" content=\"Escrito por\" \/>\n\t<meta name=\"twitter:data1\" content=\"Richard Diaz\" \/>\n\t<meta name=\"twitter:label2\" content=\"Tiempo de lectura\" \/>\n\t<meta name=\"twitter:data2\" content=\"3 minutos\" \/>\n<script type=\"application\/ld+json\" class=\"yoast-schema-graph\">{\"@context\":\"https:\/\/schema.org\",\"@graph\":[{\"@type\":\"WebPage\",\"@id\":\"https:\/\/www.aridane.org\/city\/2021\/05\/26\/tardes-cine-los-llanos-aridane\/\",\"url\":\"https:\/\/www.aridane.org\/city\/2021\/05\/26\/tardes-cine-los-llanos-aridane\/\",\"name\":\"Las \u201cTardes de Cine\u201d de Los Llanos de Aridane cierran esta temporada con clara vocaci\u00f3n de continuidad - Ayuntamiento de Los Llanos de Aridane\",\"isPartOf\":{\"@id\":\"https:\/\/www.aridane.org\/city\/#website\"},\"datePublished\":\"2021-05-26T12:33:44+00:00\",\"dateModified\":\"2021-05-26T12:33:44+00:00\",\"author\":{\"@id\":\"https:\/\/www.aridane.org\/city\/#\/schema\/person\/7d352ec7f29881716f298394432e7209\"},\"description\":\"El proyecto mensual \\\"Tardes de Cine\\\", puesto en marcha por el \u00e1rea de Cultura del Ayuntamiento de Los Llanos de Aridane, finaliz\u00f3 su temporada.\",\"breadcrumb\":{\"@id\":\"https:\/\/www.aridane.org\/city\/2021\/05\/26\/tardes-cine-los-llanos-aridane\/#breadcrumb\"},\"inLanguage\":\"es\",\"potentialAction\":[{\"@type\":\"ReadAction\",\"target\":[\"https:\/\/www.aridane.org\/city\/2021\/05\/26\/tardes-cine-los-llanos-aridane\/\"]}]},{\"@type\":\"BreadcrumbList\",\"@id\":\"https:\/\/www.aridane.org\/city\/2021\/05\/26\/tardes-cine-los-llanos-aridane\/#breadcrumb\",\"itemListElement\":[{\"@type\":\"ListItem\",\"position\":1,\"name\":\"Portada\",\"item\":\"https:\/\/www.aridane.org\/city\/\"},{\"@type\":\"ListItem\",\"position\":2,\"name\":\"Las \u201cTardes de Cine\u201d de Los Llanos de Aridane cierran esta temporada con clara vocaci\u00f3n de continuidad\"}]},{\"@type\":\"WebSite\",\"@id\":\"https:\/\/www.aridane.org\/city\/#website\",\"url\":\"https:\/\/www.aridane.org\/city\/\",\"name\":\"Ayuntamiento de Los Llanos de Aridane\",\"description\":\"\",\"potentialAction\":[{\"@type\":\"SearchAction\",\"target\":{\"@type\":\"EntryPoint\",\"urlTemplate\":\"https:\/\/www.aridane.org\/city\/?s={search_term_string}\"},\"query-input\":\"required name=search_term_string\"}],\"inLanguage\":\"es\"},{\"@type\":\"Person\",\"@id\":\"https:\/\/www.aridane.org\/city\/#\/schema\/person\/7d352ec7f29881716f298394432e7209\",\"name\":\"Richard Diaz\",\"image\":{\"@type\":\"ImageObject\",\"inLanguage\":\"es\",\"@id\":\"https:\/\/www.aridane.org\/city\/#\/schema\/person\/image\/\",\"url\":\"https:\/\/secure.gravatar.com\/avatar\/bacd6aefc26a4a204943090a4c596cd10f0857081ef3cfd12084a70ecb3161d5?s=96&d=mm&r=g\",\"contentUrl\":\"https:\/\/secure.gravatar.com\/avatar\/bacd6aefc26a4a204943090a4c596cd10f0857081ef3cfd12084a70ecb3161d5?s=96&d=mm&r=g\",\"caption\":\"Richard Diaz\"},\"sameAs\":[\"https:\/\/www.aridane.org\/city\"],\"url\":\"https:\/\/www.aridane.org\/city\/author\/richard-diaz\/\"}]}<\/script>\n<!-- \/ Yoast SEO plugin. -->","yoast_head_json":{"title":"Las \u201cTardes de Cine\u201d de Los Llanos de Aridane cierran esta temporada con clara vocaci\u00f3n de continuidad - Ayuntamiento de Los Llanos de Aridane","description":"El proyecto mensual \"Tardes de Cine\", puesto en marcha por el \u00e1rea de Cultura del Ayuntamiento de Los Llanos de Aridane, finaliz\u00f3 su temporada.","robots":{"index":"index","follow":"follow","max-snippet":"max-snippet:-1","max-image-preview":"max-image-preview:large","max-video-preview":"max-video-preview:-1"},"canonical":"https:\/\/www.aridane.org\/city\/2021\/05\/26\/tardes-cine-los-llanos-aridane\/","og_locale":"es_ES","og_type":"article","og_title":"Las \u201cTardes de Cine\u201d de Los Llanos de Aridane cierran esta temporada con clara vocaci\u00f3n de continuidad - Ayuntamiento de Los Llanos de Aridane","og_description":"El proyecto mensual \"Tardes de Cine\", puesto en marcha por el \u00e1rea de Cultura del Ayuntamiento de Los Llanos de Aridane, finaliz\u00f3 su temporada.","og_url":"https:\/\/www.aridane.org\/city\/2021\/05\/26\/tardes-cine-los-llanos-aridane\/","og_site_name":"Ayuntamiento de Los Llanos de Aridane","article_published_time":"2021-05-26T12:33:44+00:00","author":"Richard Diaz","twitter_card":"summary_large_image","twitter_misc":{"Escrito por":"Richard Diaz","Tiempo de lectura":"3 minutos"},"schema":{"@context":"https:\/\/schema.org","@graph":[{"@type":"WebPage","@id":"https:\/\/www.aridane.org\/city\/2021\/05\/26\/tardes-cine-los-llanos-aridane\/","url":"https:\/\/www.aridane.org\/city\/2021\/05\/26\/tardes-cine-los-llanos-aridane\/","name":"Las \u201cTardes de Cine\u201d de Los Llanos de Aridane cierran esta temporada con clara vocaci\u00f3n de continuidad - Ayuntamiento de Los Llanos de Aridane","isPartOf":{"@id":"https:\/\/www.aridane.org\/city\/#website"},"datePublished":"2021-05-26T12:33:44+00:00","dateModified":"2021-05-26T12:33:44+00:00","author":{"@id":"https:\/\/www.aridane.org\/city\/#\/schema\/person\/7d352ec7f29881716f298394432e7209"},"description":"El proyecto mensual \"Tardes de Cine\", puesto en marcha por el \u00e1rea de Cultura del Ayuntamiento de Los Llanos de Aridane, finaliz\u00f3 su temporada.","breadcrumb":{"@id":"https:\/\/www.aridane.org\/city\/2021\/05\/26\/tardes-cine-los-llanos-aridane\/#breadcrumb"},"inLanguage":"es","potentialAction":[{"@type":"ReadAction","target":["https:\/\/www.aridane.org\/city\/2021\/05\/26\/tardes-cine-los-llanos-aridane\/"]}]},{"@type":"BreadcrumbList","@id":"https:\/\/www.aridane.org\/city\/2021\/05\/26\/tardes-cine-los-llanos-aridane\/#breadcrumb","itemListElement":[{"@type":"ListItem","position":1,"name":"Portada","item":"https:\/\/www.aridane.org\/city\/"},{"@type":"ListItem","position":2,"name":"Las \u201cTardes de Cine\u201d de Los Llanos de Aridane cierran esta temporada con clara vocaci\u00f3n de continuidad"}]},{"@type":"WebSite","@id":"https:\/\/www.aridane.org\/city\/#website","url":"https:\/\/www.aridane.org\/city\/","name":"Ayuntamiento de Los Llanos de Aridane","description":"","potentialAction":[{"@type":"SearchAction","target":{"@type":"EntryPoint","urlTemplate":"https:\/\/www.aridane.org\/city\/?s={search_term_string}"},"query-input":"required name=search_term_string"}],"inLanguage":"es"},{"@type":"Person","@id":"https:\/\/www.aridane.org\/city\/#\/schema\/person\/7d352ec7f29881716f298394432e7209","name":"Richard Diaz","image":{"@type":"ImageObject","inLanguage":"es","@id":"https:\/\/www.aridane.org\/city\/#\/schema\/person\/image\/","url":"https:\/\/secure.gravatar.com\/avatar\/bacd6aefc26a4a204943090a4c596cd10f0857081ef3cfd12084a70ecb3161d5?s=96&d=mm&r=g","contentUrl":"https:\/\/secure.gravatar.com\/avatar\/bacd6aefc26a4a204943090a4c596cd10f0857081ef3cfd12084a70ecb3161d5?s=96&d=mm&r=g","caption":"Richard Diaz"},"sameAs":["https:\/\/www.aridane.org\/city"],"url":"https:\/\/www.aridane.org\/city\/author\/richard-diaz\/"}]}},"_links":{"self":[{"href":"https:\/\/www.aridane.org\/city\/wp-json\/wp\/v2\/posts\/798","targetHints":{"allow":["GET"]}}],"collection":[{"href":"https:\/\/www.aridane.org\/city\/wp-json\/wp\/v2\/posts"}],"about":[{"href":"https:\/\/www.aridane.org\/city\/wp-json\/wp\/v2\/types\/post"}],"author":[{"embeddable":true,"href":"https:\/\/www.aridane.org\/city\/wp-json\/wp\/v2\/users\/1"}],"replies":[{"embeddable":true,"href":"https:\/\/www.aridane.org\/city\/wp-json\/wp\/v2\/comments?post=798"}],"version-history":[{"count":0,"href":"https:\/\/www.aridane.org\/city\/wp-json\/wp\/v2\/posts\/798\/revisions"}],"wp:attachment":[{"href":"https:\/\/www.aridane.org\/city\/wp-json\/wp\/v2\/media?parent=798"}],"wp:term":[{"taxonomy":"category","embeddable":true,"href":"https:\/\/www.aridane.org\/city\/wp-json\/wp\/v2\/categories?post=798"},{"taxonomy":"post_tag","embeddable":true,"href":"https:\/\/www.aridane.org\/city\/wp-json\/wp\/v2\/tags?post=798"}],"curies":[{"name":"wp","href":"https:\/\/api.w.org\/{rel}","templated":true}]}}