{"id":801,"date":"2021-05-25T14:03:02","date_gmt":"2021-05-25T13:03:02","guid":{"rendered":"https:\/\/aridane.org\/ciudad\/?p=801"},"modified":"2021-05-25T14:03:02","modified_gmt":"2021-05-25T13:03:02","slug":"el-ayuntamiento-de-los-llanos-de-aridane-y-funcataes-promueven-la-insercion-laboral-de-las-personas-con-discapacidad","status":"publish","type":"post","link":"https:\/\/www.aridane.org\/city\/2021\/05\/25\/el-ayuntamiento-de-los-llanos-de-aridane-y-funcataes-promueven-la-insercion-laboral-de-las-personas-con-discapacidad\/","title":{"rendered":"El Ayuntamiento de Los Llanos de Aridane y Funcataes promueven la inserci\u00f3n laboral de las personas con discapacidad"},"content":{"rendered":"<section class=\"wpb-content-wrapper\"><p>[vc_row css_animation=\u00bb\u00bb row_type=\u00bbrow\u00bb use_row_as_full_screen_section=\u00bbno\u00bb type=\u00bbfull_width\u00bb angled_section=\u00bbno\u00bb text_align=\u00bbleft\u00bb background_image_as_pattern=\u00bbwithout_pattern\u00bb][vc_column][vc_row_inner row_type=\u00bbrow\u00bb type=\u00bbgrid\u00bb text_align=\u00bbleft\u00bb css_animation=\u00bb\u00bb][vc_column_inner][vc_empty_space height=\u00bb20px\u00bb][vc_column_text]<\/p>\n<p style=\"text-align: justify;\"><em>Con la firma de un convenio de colaboraci\u00f3n la Fundaci\u00f3n ha podido contratar a dos personas con<\/em><em> discapacidad para ejecutar tareas de apoyo en el Banco de Alimentos.<\/em><\/p>\n<p>&nbsp;<\/p>\n<p style=\"text-align: justify;\">El Ayuntamiento de Los Llanos de Aridane y la Fundaci\u00f3n Canaria Taburiente Especial (FUNCATAES), responsable de la gesti\u00f3n del Centro Ocupacional Taburiente, han firmado un convenio de colaboraci\u00f3n con el objetivo de favorecer la inserci\u00f3n laboral de las personas con discapacidad y fomentar la sensibilizaci\u00f3n social hacia el colectivo.<\/p>\n<p>&nbsp;<\/p>\n<p style=\"text-align: justify;\">La Alcaldesa, Noelia Garc\u00eda Leal, la concejala de Acci\u00f3n Social, Elena Concepci\u00f3n y la presidenta de Funcataes, Julia del Carmen Armas Garc\u00eda suscribieron el acuerdo que ha permitido a la fundaci\u00f3n formalizar la\u00a0contrataci\u00f3n de dos personas con discapacidad\u00a0durante cuatro meses, para ejecutar tareas de apoyo en el\u00a0Banco de Alimentos\u00a0del municipio de Los Llanos de Aridane.<\/p>\n<p>&nbsp;<\/p>\n<p style=\"text-align: justify;\">Durante el transcurso de la relaci\u00f3n contractual, las personas insertadas contar\u00e1n con la supervisi\u00f3n, orientaci\u00f3n y seguimiento de una T\u00e9cnica de Inserci\u00f3n de Funcataes.<\/p>\n<p>&nbsp;<\/p>\n<p style=\"text-align: justify;\">La\u00a0Fundaci\u00f3n Canaria Taburiente Especial\u00a0(Funcataes), con sede en Los Llanos de Aridane y responsable de la gesti\u00f3n del\u00a0<a href=\"https:\/\/centroocupacionaltaburiente.blogspot.com\/\">Centro Ocupacional Taburiente<\/a>, tiene entre sus fines y objetivos ofertar recursos y servicios para las personas con discapacidad intelectual de la isla de La Palma; facilitar herramientas a las personas con discapacidad intelectual para que alcancen el mayor nivel posible de autonom\u00eda; favorecer su integraci\u00f3n social y laboral; y promover iniciativas culturales y de ocio y tiempo libre que promocionen la autonom\u00eda de sus personas usuarias y beneficiarias, al reforzar su autoestima y su capacidad para desenvolverse en distintas realidades y entornos.<\/p>\n<p>&nbsp;<\/p>\n<p style=\"text-align: justify;\">Esta iniciativa cuenta con la aportaci\u00f3n econ\u00f3mica de la\u00a0Obra Social \u201cla Caixa\u201d, entidad que se ha sumado a esta propuesta para promover el empleo de personas con discapacidad.<\/p>\n<p>[\/vc_column_text][vc_empty_space height=\u00bb20px\u00bb][\/vc_column_inner][\/vc_row_inner][\/vc_column][\/vc_row]<\/p>\n<\/section>","protected":false},"excerpt":{"rendered":"<p>[vc_row css_animation=\u00bb\u00bb row_type=\u00bbrow\u00bb use_row_as_full_screen_section=\u00bbno\u00bb type=\u00bbfull_width\u00bb angled_section=\u00bbno\u00bb text_align=\u00bbleft\u00bb background_image_as_pattern=\u00bbwithout_pattern\u00bb][vc_column][vc_row_inner row_type=\u00bbrow\u00bb type=\u00bbgrid\u00bb text_align=\u00bbleft\u00bb css_animation=\u00bb\u00bb][vc_column_inner][vc_empty_space height=\u00bb20px\u00bb][vc_column_text] Con la firma de un convenio de colaboraci\u00f3n la Fundaci\u00f3n ha podido contratar a dos personas con discapacidad para ejecutar tareas de apoyo en el Banco de Alimentos. &nbsp; El Ayuntamiento de&#8230;<\/p>\n","protected":false},"author":1,"featured_media":0,"comment_status":"closed","ping_status":"open","sticky":false,"template":"","format":"standard","meta":{"footnotes":""},"categories":[6],"tags":[],"class_list":["post-801","post","type-post","status-publish","format-standard","hentry","category-prensa"],"yoast_head":"<!-- This site is optimized with the Yoast SEO plugin v22.7 - https:\/\/yoast.com\/wordpress\/plugins\/seo\/ -->\n<title>El Ayuntamiento de Los Llanos de Aridane y Funcataes promueven la inserci\u00f3n laboral de las personas con discapacidad - Ayuntamiento de Los Llanos de Aridane<\/title>\n<meta name=\"description\" content=\"Con la firma de un convenio de colaboraci\u00f3n la Fundaci\u00f3n ha podido contratar a dos personas con discapacidad para ejecutar tareas de apoyo en el Banco de Alimentos.\" \/>\n<meta name=\"robots\" content=\"index, follow, max-snippet:-1, max-image-preview:large, max-video-preview:-1\" \/>\n<link rel=\"canonical\" href=\"https:\/\/www.aridane.org\/city\/2021\/05\/25\/el-ayuntamiento-de-los-llanos-de-aridane-y-funcataes-promueven-la-insercion-laboral-de-las-personas-con-discapacidad\/\" \/>\n<meta property=\"og:locale\" content=\"es_ES\" \/>\n<meta property=\"og:type\" content=\"article\" \/>\n<meta property=\"og:title\" content=\"El Ayuntamiento de Los Llanos de Aridane y Funcataes promueven la inserci\u00f3n laboral de las personas con discapacidad - Ayuntamiento de Los Llanos de Aridane\" \/>\n<meta property=\"og:description\" content=\"Con la firma de un convenio de colaboraci\u00f3n la Fundaci\u00f3n ha podido contratar a dos personas con discapacidad para ejecutar tareas de apoyo en el Banco de Alimentos.\" \/>\n<meta property=\"og:url\" content=\"https:\/\/www.aridane.org\/city\/2021\/05\/25\/el-ayuntamiento-de-los-llanos-de-aridane-y-funcataes-promueven-la-insercion-laboral-de-las-personas-con-discapacidad\/\" \/>\n<meta property=\"og:site_name\" content=\"Ayuntamiento de Los Llanos de Aridane\" \/>\n<meta property=\"article:published_time\" content=\"2021-05-25T13:03:02+00:00\" \/>\n<meta name=\"author\" content=\"Richard Diaz\" \/>\n<meta name=\"twitter:card\" content=\"summary_large_image\" \/>\n<meta name=\"twitter:label1\" content=\"Escrito por\" \/>\n\t<meta name=\"twitter:data1\" content=\"Richard Diaz\" \/>\n\t<meta name=\"twitter:label2\" content=\"Tiempo de lectura\" \/>\n\t<meta name=\"twitter:data2\" content=\"2 minutos\" \/>\n<script type=\"application\/ld+json\" class=\"yoast-schema-graph\">{\"@context\":\"https:\/\/schema.org\",\"@graph\":[{\"@type\":\"WebPage\",\"@id\":\"https:\/\/www.aridane.org\/city\/2021\/05\/25\/el-ayuntamiento-de-los-llanos-de-aridane-y-funcataes-promueven-la-insercion-laboral-de-las-personas-con-discapacidad\/\",\"url\":\"https:\/\/www.aridane.org\/city\/2021\/05\/25\/el-ayuntamiento-de-los-llanos-de-aridane-y-funcataes-promueven-la-insercion-laboral-de-las-personas-con-discapacidad\/\",\"name\":\"El Ayuntamiento de Los Llanos de Aridane y Funcataes promueven la inserci\u00f3n laboral de las personas con discapacidad - Ayuntamiento de Los Llanos de Aridane\",\"isPartOf\":{\"@id\":\"https:\/\/www.aridane.org\/city\/#website\"},\"datePublished\":\"2021-05-25T13:03:02+00:00\",\"dateModified\":\"2021-05-25T13:03:02+00:00\",\"author\":{\"@id\":\"https:\/\/www.aridane.org\/city\/#\/schema\/person\/7d352ec7f29881716f298394432e7209\"},\"description\":\"Con la firma de un convenio de colaboraci\u00f3n la Fundaci\u00f3n ha podido contratar a dos personas con discapacidad para ejecutar tareas de apoyo en el Banco de Alimentos.\",\"breadcrumb\":{\"@id\":\"https:\/\/www.aridane.org\/city\/2021\/05\/25\/el-ayuntamiento-de-los-llanos-de-aridane-y-funcataes-promueven-la-insercion-laboral-de-las-personas-con-discapacidad\/#breadcrumb\"},\"inLanguage\":\"es\",\"potentialAction\":[{\"@type\":\"ReadAction\",\"target\":[\"https:\/\/www.aridane.org\/city\/2021\/05\/25\/el-ayuntamiento-de-los-llanos-de-aridane-y-funcataes-promueven-la-insercion-laboral-de-las-personas-con-discapacidad\/\"]}]},{\"@type\":\"BreadcrumbList\",\"@id\":\"https:\/\/www.aridane.org\/city\/2021\/05\/25\/el-ayuntamiento-de-los-llanos-de-aridane-y-funcataes-promueven-la-insercion-laboral-de-las-personas-con-discapacidad\/#breadcrumb\",\"itemListElement\":[{\"@type\":\"ListItem\",\"position\":1,\"name\":\"Portada\",\"item\":\"https:\/\/www.aridane.org\/city\/\"},{\"@type\":\"ListItem\",\"position\":2,\"name\":\"El Ayuntamiento de Los Llanos de Aridane y Funcataes promueven la inserci\u00f3n laboral de las personas con discapacidad\"}]},{\"@type\":\"WebSite\",\"@id\":\"https:\/\/www.aridane.org\/city\/#website\",\"url\":\"https:\/\/www.aridane.org\/city\/\",\"name\":\"Ayuntamiento de Los Llanos de Aridane\",\"description\":\"\",\"potentialAction\":[{\"@type\":\"SearchAction\",\"target\":{\"@type\":\"EntryPoint\",\"urlTemplate\":\"https:\/\/www.aridane.org\/city\/?s={search_term_string}\"},\"query-input\":\"required name=search_term_string\"}],\"inLanguage\":\"es\"},{\"@type\":\"Person\",\"@id\":\"https:\/\/www.aridane.org\/city\/#\/schema\/person\/7d352ec7f29881716f298394432e7209\",\"name\":\"Richard Diaz\",\"image\":{\"@type\":\"ImageObject\",\"inLanguage\":\"es\",\"@id\":\"https:\/\/www.aridane.org\/city\/#\/schema\/person\/image\/\",\"url\":\"https:\/\/secure.gravatar.com\/avatar\/bacd6aefc26a4a204943090a4c596cd10f0857081ef3cfd12084a70ecb3161d5?s=96&d=mm&r=g\",\"contentUrl\":\"https:\/\/secure.gravatar.com\/avatar\/bacd6aefc26a4a204943090a4c596cd10f0857081ef3cfd12084a70ecb3161d5?s=96&d=mm&r=g\",\"caption\":\"Richard Diaz\"},\"sameAs\":[\"https:\/\/www.aridane.org\/city\"],\"url\":\"https:\/\/www.aridane.org\/city\/author\/richard-diaz\/\"}]}<\/script>\n<!-- \/ Yoast SEO plugin. -->","yoast_head_json":{"title":"El Ayuntamiento de Los Llanos de Aridane y Funcataes promueven la inserci\u00f3n laboral de las personas con discapacidad - Ayuntamiento de Los Llanos de Aridane","description":"Con la firma de un convenio de colaboraci\u00f3n la Fundaci\u00f3n ha podido contratar a dos personas con discapacidad para ejecutar tareas de apoyo en el Banco de Alimentos.","robots":{"index":"index","follow":"follow","max-snippet":"max-snippet:-1","max-image-preview":"max-image-preview:large","max-video-preview":"max-video-preview:-1"},"canonical":"https:\/\/www.aridane.org\/city\/2021\/05\/25\/el-ayuntamiento-de-los-llanos-de-aridane-y-funcataes-promueven-la-insercion-laboral-de-las-personas-con-discapacidad\/","og_locale":"es_ES","og_type":"article","og_title":"El Ayuntamiento de Los Llanos de Aridane y Funcataes promueven la inserci\u00f3n laboral de las personas con discapacidad - Ayuntamiento de Los Llanos de Aridane","og_description":"Con la firma de un convenio de colaboraci\u00f3n la Fundaci\u00f3n ha podido contratar a dos personas con discapacidad para ejecutar tareas de apoyo en el Banco de Alimentos.","og_url":"https:\/\/www.aridane.org\/city\/2021\/05\/25\/el-ayuntamiento-de-los-llanos-de-aridane-y-funcataes-promueven-la-insercion-laboral-de-las-personas-con-discapacidad\/","og_site_name":"Ayuntamiento de Los Llanos de Aridane","article_published_time":"2021-05-25T13:03:02+00:00","author":"Richard Diaz","twitter_card":"summary_large_image","twitter_misc":{"Escrito por":"Richard Diaz","Tiempo de lectura":"2 minutos"},"schema":{"@context":"https:\/\/schema.org","@graph":[{"@type":"WebPage","@id":"https:\/\/www.aridane.org\/city\/2021\/05\/25\/el-ayuntamiento-de-los-llanos-de-aridane-y-funcataes-promueven-la-insercion-laboral-de-las-personas-con-discapacidad\/","url":"https:\/\/www.aridane.org\/city\/2021\/05\/25\/el-ayuntamiento-de-los-llanos-de-aridane-y-funcataes-promueven-la-insercion-laboral-de-las-personas-con-discapacidad\/","name":"El Ayuntamiento de Los Llanos de Aridane y Funcataes promueven la inserci\u00f3n laboral de las personas con discapacidad - Ayuntamiento de Los Llanos de Aridane","isPartOf":{"@id":"https:\/\/www.aridane.org\/city\/#website"},"datePublished":"2021-05-25T13:03:02+00:00","dateModified":"2021-05-25T13:03:02+00:00","author":{"@id":"https:\/\/www.aridane.org\/city\/#\/schema\/person\/7d352ec7f29881716f298394432e7209"},"description":"Con la firma de un convenio de colaboraci\u00f3n la Fundaci\u00f3n ha podido contratar a dos personas con discapacidad para ejecutar tareas de apoyo en el Banco de Alimentos.","breadcrumb":{"@id":"https:\/\/www.aridane.org\/city\/2021\/05\/25\/el-ayuntamiento-de-los-llanos-de-aridane-y-funcataes-promueven-la-insercion-laboral-de-las-personas-con-discapacidad\/#breadcrumb"},"inLanguage":"es","potentialAction":[{"@type":"ReadAction","target":["https:\/\/www.aridane.org\/city\/2021\/05\/25\/el-ayuntamiento-de-los-llanos-de-aridane-y-funcataes-promueven-la-insercion-laboral-de-las-personas-con-discapacidad\/"]}]},{"@type":"BreadcrumbList","@id":"https:\/\/www.aridane.org\/city\/2021\/05\/25\/el-ayuntamiento-de-los-llanos-de-aridane-y-funcataes-promueven-la-insercion-laboral-de-las-personas-con-discapacidad\/#breadcrumb","itemListElement":[{"@type":"ListItem","position":1,"name":"Portada","item":"https:\/\/www.aridane.org\/city\/"},{"@type":"ListItem","position":2,"name":"El Ayuntamiento de Los Llanos de Aridane y Funcataes promueven la inserci\u00f3n laboral de las personas con discapacidad"}]},{"@type":"WebSite","@id":"https:\/\/www.aridane.org\/city\/#website","url":"https:\/\/www.aridane.org\/city\/","name":"Ayuntamiento de Los Llanos de Aridane","description":"","potentialAction":[{"@type":"SearchAction","target":{"@type":"EntryPoint","urlTemplate":"https:\/\/www.aridane.org\/city\/?s={search_term_string}"},"query-input":"required name=search_term_string"}],"inLanguage":"es"},{"@type":"Person","@id":"https:\/\/www.aridane.org\/city\/#\/schema\/person\/7d352ec7f29881716f298394432e7209","name":"Richard Diaz","image":{"@type":"ImageObject","inLanguage":"es","@id":"https:\/\/www.aridane.org\/city\/#\/schema\/person\/image\/","url":"https:\/\/secure.gravatar.com\/avatar\/bacd6aefc26a4a204943090a4c596cd10f0857081ef3cfd12084a70ecb3161d5?s=96&d=mm&r=g","contentUrl":"https:\/\/secure.gravatar.com\/avatar\/bacd6aefc26a4a204943090a4c596cd10f0857081ef3cfd12084a70ecb3161d5?s=96&d=mm&r=g","caption":"Richard Diaz"},"sameAs":["https:\/\/www.aridane.org\/city"],"url":"https:\/\/www.aridane.org\/city\/author\/richard-diaz\/"}]}},"_links":{"self":[{"href":"https:\/\/www.aridane.org\/city\/wp-json\/wp\/v2\/posts\/801","targetHints":{"allow":["GET"]}}],"collection":[{"href":"https:\/\/www.aridane.org\/city\/wp-json\/wp\/v2\/posts"}],"about":[{"href":"https:\/\/www.aridane.org\/city\/wp-json\/wp\/v2\/types\/post"}],"author":[{"embeddable":true,"href":"https:\/\/www.aridane.org\/city\/wp-json\/wp\/v2\/users\/1"}],"replies":[{"embeddable":true,"href":"https:\/\/www.aridane.org\/city\/wp-json\/wp\/v2\/comments?post=801"}],"version-history":[{"count":0,"href":"https:\/\/www.aridane.org\/city\/wp-json\/wp\/v2\/posts\/801\/revisions"}],"wp:attachment":[{"href":"https:\/\/www.aridane.org\/city\/wp-json\/wp\/v2\/media?parent=801"}],"wp:term":[{"taxonomy":"category","embeddable":true,"href":"https:\/\/www.aridane.org\/city\/wp-json\/wp\/v2\/categories?post=801"},{"taxonomy":"post_tag","embeddable":true,"href":"https:\/\/www.aridane.org\/city\/wp-json\/wp\/v2\/tags?post=801"}],"curies":[{"name":"wp","href":"https:\/\/api.w.org\/{rel}","templated":true}]}}