{"id":816,"date":"2021-05-31T12:01:53","date_gmt":"2021-05-31T11:01:53","guid":{"rendered":"https:\/\/aridane.org\/ciudad\/?p=816"},"modified":"2023-06-29T06:57:23","modified_gmt":"2023-06-29T06:57:23","slug":"los-llanos-presenta-el-programa-de-la-patrona-2021-remedios-mas-que-un-nombre","status":"publish","type":"post","link":"https:\/\/www.aridane.org\/city\/2021\/05\/31\/los-llanos-presenta-el-programa-de-la-patrona-2021-remedios-mas-que-un-nombre\/","title":{"rendered":"Los Llanos presenta el programa de la Patrona 2021, \u00abRemedios, m\u00e1s que un nombre\u00bb"},"content":{"rendered":"<section class=\"wpb-content-wrapper\"><p>[vc_row css_animation=\u00bb\u00bb row_type=\u00bbrow\u00bb use_row_as_full_screen_section=\u00bbno\u00bb type=\u00bbfull_width\u00bb angled_section=\u00bbno\u00bb text_align=\u00bbleft\u00bb background_image_as_pattern=\u00bbwithout_pattern\u00bb][vc_column][vc_row_inner row_type=\u00bbrow\u00bb type=\u00bbgrid\u00bb text_align=\u00bbleft\u00bb css_animation=\u00bb\u00bb][vc_column_inner][vc_empty_space height=\u00bb20px\u00bb][vc_column_text]<\/p>\n<p style=\"text-align: justify;\">El Ayuntamiento de Los Llanos de Aridane presenta el cartel y el programa de La Patrona 2021 con el lema \u201cRemedios, m\u00e1s que un nombre.\u201d<\/p>\n<p style=\"text-align: justify;\">El Ayuntamiento de Los Llanos de Aridane ha dise\u00f1ado una programaci\u00f3n de actos en los que prime la seguridad pero mantengan viva y activa la devoci\u00f3n a la Virgen de Los Remedios. Las Fiestas de La Patrona contin\u00faan marcadas por la pandemia y las medidas de seguridad sanitaria, pero no es raz\u00f3n para que la tradici\u00f3n, la fe, lo festivo, la cultura y el deporte se vuelvan a unir en actos que rindan culto a la Patrona. La alcaldesa Noelia Garc\u00eda Leal considera que \u201cla situaci\u00f3n a\u00fan no nos permite reunirnos de forma masiva y vivir los actos m\u00e1s populares como siempre, pero hemos configurado un programa para que la Virgen sea como siempre, protagonista como cada mes de junio y julio en Los Llanos de Aridane\u201d. En esta edici\u00f3n de La Patrona se ha escogido como pregonero de las Fiestas a Miguel \u00c1ngel Santiago P\u00e9rez, archivero municipal y Presidente de ASARCA que leer\u00e1 su preg\u00f3n el domingo 6 de junio en el Parque Antonio G\u00f3mez Felipe, un acto al que se puede acceder reservando entrada en la web <a href=\"http:\/\/losllanos.tuticketlapalma.com\">losllanos.tuticketlapalma.com<\/a>.<\/p>\n<p style=\"text-align: justify;\">Los actos religiosos y de fe son el eje vertebral de este programa que de manera extraordinaria tal como explica el P\u00e1rroco Jos\u00e9 Fernando Lorenzo Mat\u00edas \u201cdebido a la pandemia y a las obras en nuestro Templo Matriz se trasladan a la Carpa de la Plaza Juan Pablo II para rendir amor a La Patrona\u201d.<\/p>\n<p style=\"text-align: justify;\">La concejala de Fiestas M\u00f3nica Gonz\u00e1lez considera que\u00a0 \u201chemos dise\u00f1ado nuevos actos y adaptado otros y mantendremos aforos limitados, distancia de seguridad y\u00a0 el uso de mascarillas para celebrar unas Fiestas que forman parte de la memoria y el sentir de nuestro pueblo\u201d.\u00a0 Desde su concejal\u00eda se abren los actos con la emisi\u00f3n del video \u201cRemedios, m\u00e1s que un nombre\u201d y la exposici\u00f3n de textos extra\u00eddos de los Programas de La Patrona desde 1927 que se colocar\u00e1n en rincones y fachadas del casco y una exposici\u00f3n de estos programas en colaboraci\u00f3n con el Archivo municipal de Los Llanos de Aridane en el Espacio Real 21. Ante la imposibilidad de celebrar la Romer\u00eda, la concejal\u00eda ha unido a las asociaciones de vecinos y las agrupaciones folcl\u00f3ricas del municipio en la actividad \u201cLos Llanos se viste de Fiesta\u201d que lograr\u00e1 decorar con m\u00e1s de 3.000 banderines de tela el entorno de la Plaza de Espa\u00f1a como s\u00edmbolo del D\u00eda t\u00edpico y que tendr\u00e1 como pre\u00e1mbulo el Concierto \u201cAmor infinito\u201d de Luis Morera.<\/p>\n<p style=\"text-align: justify;\">La concejal\u00eda de Cultura que dirige Charo Gonz\u00e1lez mantiene en este programa su apuesta por la m\u00fasica con la actuaci\u00f3n de Coque Malla, el concierto del reconocido pianista James Rhodes, el concierto \u201cLos Arrieros cantan a Canarias\u201d y el \u201cEspecial Fiesta de Arte\u201d de la Banda Municipal de Los Llanos de Aridane. El teatro de \u201cCabaret Banana\u201d y varios actos m\u00e1s encuadrados en el Quinto Centenario se suman a una oferta cultural amplia y diversa en p\u00fablico y tem\u00e1tica.<\/p>\n<p style=\"text-align: justify;\">Para la dinamizaci\u00f3n y apoyo a la restauraci\u00f3n local, la concejal\u00eda de Promoci\u00f3n econ\u00f3mica y Comercio que dirige Inmaculada Fern\u00e1ndez organiza la primera edici\u00f3n del Concurso \u201cTapa t\u00edpica\u201d en el que el p\u00fablico premiar\u00e1 a la tapa ganadora y podr\u00e1 tambi\u00e9n obtener premios directos a trav\u00e9s de un \u201crasca y gana\u201d.<\/p>\n<p style=\"text-align: justify;\">En este a\u00f1o marcado por la COVID19, la Concejal\u00eda de Sanidad de Elena Pais celebra la \u201cGala de Reconocimiento a servicios esenciales\u201d que homenajear\u00e1 a las personas, servicios e instituciones que han desempe\u00f1ado un papel destacado en esta crisis sanitaria. La concejal\u00eda de Acci\u00f3n social que dirige Elena Concepci\u00f3n pone en valor la inclusi\u00f3n con la exposici\u00f3n fotogr\u00e1fica del proyecto \u201cZoom social\u201d en la que participan personas usuarias del Centro de Triana y el Centro Ocupacional Taburiente y que se instalar\u00e1 en la Avenida Doctor Fleming.<\/p>\n<p style=\"text-align: justify;\">Desde la concejal\u00eda de Deportes que dirige V\u00edctor Gonz\u00e1lez se celebrar\u00e1 la Gala de Deportes en la que se entregar\u00e1n los galardones a deportistas y clubes destacados de los a\u00f1os 2019 y 2020. En el mes de Julio, como es tradici\u00f3n regresa el Rally Senderos de La Palma a Los Llanos de Aridane.<\/p>\n<p style=\"text-align: justify;\">Para cerrar el programa, el viernes 2 de julio, desde el balc\u00f3n del Ayuntamiento, y con tendr\u00e1 lugar la Loa a la Virgen de Los Remedios que interpretar\u00e1 la Coral Awara. Evento con aforo limitado.<\/p>\n<p>[\/vc_column_text][vc_empty_space height=\u00bb20px\u00bb][\/vc_column_inner][\/vc_row_inner][\/vc_column][\/vc_row]<\/p>\n<\/section>","protected":false},"excerpt":{"rendered":"<p>[vc_row css_animation=\u00bb\u00bb row_type=\u00bbrow\u00bb use_row_as_full_screen_section=\u00bbno\u00bb type=\u00bbfull_width\u00bb angled_section=\u00bbno\u00bb text_align=\u00bbleft\u00bb background_image_as_pattern=\u00bbwithout_pattern\u00bb][vc_column][vc_row_inner row_type=\u00bbrow\u00bb type=\u00bbgrid\u00bb text_align=\u00bbleft\u00bb css_animation=\u00bb\u00bb][vc_column_inner][vc_empty_space height=\u00bb20px\u00bb][vc_column_text] El Ayuntamiento de Los Llanos de Aridane presenta el cartel y el programa de La Patrona 2021 con el lema \u201cRemedios, m\u00e1s que un nombre.\u201d El Ayuntamiento de Los Llanos de Aridane&#8230;<\/p>\n","protected":false},"author":1,"featured_media":2172,"comment_status":"closed","ping_status":"open","sticky":false,"template":"","format":"standard","meta":{"footnotes":""},"categories":[6],"tags":[],"class_list":["post-816","post","type-post","status-publish","format-standard","has-post-thumbnail","hentry","category-prensa"],"yoast_head":"<!-- This site is optimized with the Yoast SEO plugin v22.7 - https:\/\/yoast.com\/wordpress\/plugins\/seo\/ -->\n<title>Los Llanos presenta el programa de la Patrona 2021, &quot;Remedios, m\u00e1s que un nombre&quot; - Ayuntamiento de Los Llanos de Aridane<\/title>\n<meta name=\"description\" content=\"El Ayuntamiento de Los Llanos de Aridane presenta el cartel y el programa de La Patrona 2021 con el lema \u201cRemedios, m\u00e1s que un nombre.\u201d\" \/>\n<meta name=\"robots\" content=\"index, follow, max-snippet:-1, max-image-preview:large, max-video-preview:-1\" \/>\n<link rel=\"canonical\" href=\"https:\/\/www.aridane.org\/city\/2021\/05\/31\/los-llanos-presenta-el-programa-de-la-patrona-2021-remedios-mas-que-un-nombre\/\" \/>\n<meta property=\"og:locale\" content=\"es_ES\" \/>\n<meta property=\"og:type\" content=\"article\" \/>\n<meta property=\"og:title\" content=\"Los Llanos presenta el programa de la Patrona 2021, &quot;Remedios, m\u00e1s que un nombre&quot; - Ayuntamiento de Los Llanos de Aridane\" \/>\n<meta property=\"og:description\" content=\"El Ayuntamiento de Los Llanos de Aridane presenta el cartel y el programa de La Patrona 2021 con el lema \u201cRemedios, m\u00e1s que un nombre.\u201d\" \/>\n<meta property=\"og:url\" content=\"https:\/\/www.aridane.org\/city\/2021\/05\/31\/los-llanos-presenta-el-programa-de-la-patrona-2021-remedios-mas-que-un-nombre\/\" \/>\n<meta property=\"og:site_name\" content=\"Ayuntamiento de Los Llanos de Aridane\" \/>\n<meta property=\"article:published_time\" content=\"2021-05-31T11:01:53+00:00\" \/>\n<meta property=\"article:modified_time\" content=\"2023-06-29T06:57:23+00:00\" \/>\n<meta property=\"og:image\" content=\"https:\/\/www.aridane.org\/city\/wp-content\/uploads\/2021\/05\/Patrona2021-losllanosdearidane-539x303-1.jpg\" \/>\n\t<meta property=\"og:image:width\" content=\"539\" \/>\n\t<meta property=\"og:image:height\" content=\"303\" \/>\n\t<meta property=\"og:image:type\" content=\"image\/jpeg\" \/>\n<meta name=\"author\" content=\"Richard Diaz\" \/>\n<meta name=\"twitter:card\" content=\"summary_large_image\" \/>\n<meta name=\"twitter:label1\" content=\"Escrito por\" \/>\n\t<meta name=\"twitter:data1\" content=\"Richard Diaz\" \/>\n\t<meta name=\"twitter:label2\" content=\"Tiempo de lectura\" \/>\n\t<meta name=\"twitter:data2\" content=\"4 minutos\" \/>\n<script type=\"application\/ld+json\" class=\"yoast-schema-graph\">{\"@context\":\"https:\/\/schema.org\",\"@graph\":[{\"@type\":\"WebPage\",\"@id\":\"https:\/\/www.aridane.org\/city\/2021\/05\/31\/los-llanos-presenta-el-programa-de-la-patrona-2021-remedios-mas-que-un-nombre\/\",\"url\":\"https:\/\/www.aridane.org\/city\/2021\/05\/31\/los-llanos-presenta-el-programa-de-la-patrona-2021-remedios-mas-que-un-nombre\/\",\"name\":\"Los Llanos presenta el programa de la Patrona 2021, \\\"Remedios, m\u00e1s que un nombre\\\" - Ayuntamiento de Los Llanos de Aridane\",\"isPartOf\":{\"@id\":\"https:\/\/www.aridane.org\/city\/#website\"},\"primaryImageOfPage\":{\"@id\":\"https:\/\/www.aridane.org\/city\/2021\/05\/31\/los-llanos-presenta-el-programa-de-la-patrona-2021-remedios-mas-que-un-nombre\/#primaryimage\"},\"image\":{\"@id\":\"https:\/\/www.aridane.org\/city\/2021\/05\/31\/los-llanos-presenta-el-programa-de-la-patrona-2021-remedios-mas-que-un-nombre\/#primaryimage\"},\"thumbnailUrl\":\"https:\/\/www.aridane.org\/city\/wp-content\/uploads\/2021\/05\/Patrona2021-losllanosdearidane-539x303-1.jpg\",\"datePublished\":\"2021-05-31T11:01:53+00:00\",\"dateModified\":\"2023-06-29T06:57:23+00:00\",\"author\":{\"@id\":\"https:\/\/www.aridane.org\/city\/#\/schema\/person\/7d352ec7f29881716f298394432e7209\"},\"description\":\"El Ayuntamiento de Los Llanos de Aridane presenta el cartel y el programa de La Patrona 2021 con el lema \u201cRemedios, m\u00e1s que un nombre.\u201d\",\"breadcrumb\":{\"@id\":\"https:\/\/www.aridane.org\/city\/2021\/05\/31\/los-llanos-presenta-el-programa-de-la-patrona-2021-remedios-mas-que-un-nombre\/#breadcrumb\"},\"inLanguage\":\"es\",\"potentialAction\":[{\"@type\":\"ReadAction\",\"target\":[\"https:\/\/www.aridane.org\/city\/2021\/05\/31\/los-llanos-presenta-el-programa-de-la-patrona-2021-remedios-mas-que-un-nombre\/\"]}]},{\"@type\":\"ImageObject\",\"inLanguage\":\"es\",\"@id\":\"https:\/\/www.aridane.org\/city\/2021\/05\/31\/los-llanos-presenta-el-programa-de-la-patrona-2021-remedios-mas-que-un-nombre\/#primaryimage\",\"url\":\"https:\/\/www.aridane.org\/city\/wp-content\/uploads\/2021\/05\/Patrona2021-losllanosdearidane-539x303-1.jpg\",\"contentUrl\":\"https:\/\/www.aridane.org\/city\/wp-content\/uploads\/2021\/05\/Patrona2021-losllanosdearidane-539x303-1.jpg\",\"width\":539,\"height\":303},{\"@type\":\"BreadcrumbList\",\"@id\":\"https:\/\/www.aridane.org\/city\/2021\/05\/31\/los-llanos-presenta-el-programa-de-la-patrona-2021-remedios-mas-que-un-nombre\/#breadcrumb\",\"itemListElement\":[{\"@type\":\"ListItem\",\"position\":1,\"name\":\"Portada\",\"item\":\"https:\/\/www.aridane.org\/city\/\"},{\"@type\":\"ListItem\",\"position\":2,\"name\":\"Los Llanos presenta el programa de la Patrona 2021, \u00abRemedios, m\u00e1s que un nombre\u00bb\"}]},{\"@type\":\"WebSite\",\"@id\":\"https:\/\/www.aridane.org\/city\/#website\",\"url\":\"https:\/\/www.aridane.org\/city\/\",\"name\":\"Ayuntamiento de Los Llanos de Aridane\",\"description\":\"\",\"potentialAction\":[{\"@type\":\"SearchAction\",\"target\":{\"@type\":\"EntryPoint\",\"urlTemplate\":\"https:\/\/www.aridane.org\/city\/?s={search_term_string}\"},\"query-input\":\"required name=search_term_string\"}],\"inLanguage\":\"es\"},{\"@type\":\"Person\",\"@id\":\"https:\/\/www.aridane.org\/city\/#\/schema\/person\/7d352ec7f29881716f298394432e7209\",\"name\":\"Richard Diaz\",\"image\":{\"@type\":\"ImageObject\",\"inLanguage\":\"es\",\"@id\":\"https:\/\/www.aridane.org\/city\/#\/schema\/person\/image\/\",\"url\":\"https:\/\/secure.gravatar.com\/avatar\/bacd6aefc26a4a204943090a4c596cd10f0857081ef3cfd12084a70ecb3161d5?s=96&d=mm&r=g\",\"contentUrl\":\"https:\/\/secure.gravatar.com\/avatar\/bacd6aefc26a4a204943090a4c596cd10f0857081ef3cfd12084a70ecb3161d5?s=96&d=mm&r=g\",\"caption\":\"Richard Diaz\"},\"sameAs\":[\"https:\/\/www.aridane.org\/city\"],\"url\":\"https:\/\/www.aridane.org\/city\/author\/richard-diaz\/\"}]}<\/script>\n<!-- \/ Yoast SEO plugin. -->","yoast_head_json":{"title":"Los Llanos presenta el programa de la Patrona 2021, \"Remedios, m\u00e1s que un nombre\" - Ayuntamiento de Los Llanos de Aridane","description":"El Ayuntamiento de Los Llanos de Aridane presenta el cartel y el programa de La Patrona 2021 con el lema \u201cRemedios, m\u00e1s que un nombre.\u201d","robots":{"index":"index","follow":"follow","max-snippet":"max-snippet:-1","max-image-preview":"max-image-preview:large","max-video-preview":"max-video-preview:-1"},"canonical":"https:\/\/www.aridane.org\/city\/2021\/05\/31\/los-llanos-presenta-el-programa-de-la-patrona-2021-remedios-mas-que-un-nombre\/","og_locale":"es_ES","og_type":"article","og_title":"Los Llanos presenta el programa de la Patrona 2021, \"Remedios, m\u00e1s que un nombre\" - Ayuntamiento de Los Llanos de Aridane","og_description":"El Ayuntamiento de Los Llanos de Aridane presenta el cartel y el programa de La Patrona 2021 con el lema \u201cRemedios, m\u00e1s que un nombre.\u201d","og_url":"https:\/\/www.aridane.org\/city\/2021\/05\/31\/los-llanos-presenta-el-programa-de-la-patrona-2021-remedios-mas-que-un-nombre\/","og_site_name":"Ayuntamiento de Los Llanos de Aridane","article_published_time":"2021-05-31T11:01:53+00:00","article_modified_time":"2023-06-29T06:57:23+00:00","og_image":[{"width":539,"height":303,"url":"https:\/\/www.aridane.org\/city\/wp-content\/uploads\/2021\/05\/Patrona2021-losllanosdearidane-539x303-1.jpg","type":"image\/jpeg"}],"author":"Richard Diaz","twitter_card":"summary_large_image","twitter_misc":{"Escrito por":"Richard Diaz","Tiempo de lectura":"4 minutos"},"schema":{"@context":"https:\/\/schema.org","@graph":[{"@type":"WebPage","@id":"https:\/\/www.aridane.org\/city\/2021\/05\/31\/los-llanos-presenta-el-programa-de-la-patrona-2021-remedios-mas-que-un-nombre\/","url":"https:\/\/www.aridane.org\/city\/2021\/05\/31\/los-llanos-presenta-el-programa-de-la-patrona-2021-remedios-mas-que-un-nombre\/","name":"Los Llanos presenta el programa de la Patrona 2021, \"Remedios, m\u00e1s que un nombre\" - Ayuntamiento de Los Llanos de Aridane","isPartOf":{"@id":"https:\/\/www.aridane.org\/city\/#website"},"primaryImageOfPage":{"@id":"https:\/\/www.aridane.org\/city\/2021\/05\/31\/los-llanos-presenta-el-programa-de-la-patrona-2021-remedios-mas-que-un-nombre\/#primaryimage"},"image":{"@id":"https:\/\/www.aridane.org\/city\/2021\/05\/31\/los-llanos-presenta-el-programa-de-la-patrona-2021-remedios-mas-que-un-nombre\/#primaryimage"},"thumbnailUrl":"https:\/\/www.aridane.org\/city\/wp-content\/uploads\/2021\/05\/Patrona2021-losllanosdearidane-539x303-1.jpg","datePublished":"2021-05-31T11:01:53+00:00","dateModified":"2023-06-29T06:57:23+00:00","author":{"@id":"https:\/\/www.aridane.org\/city\/#\/schema\/person\/7d352ec7f29881716f298394432e7209"},"description":"El Ayuntamiento de Los Llanos de Aridane presenta el cartel y el programa de La Patrona 2021 con el lema \u201cRemedios, m\u00e1s que un nombre.\u201d","breadcrumb":{"@id":"https:\/\/www.aridane.org\/city\/2021\/05\/31\/los-llanos-presenta-el-programa-de-la-patrona-2021-remedios-mas-que-un-nombre\/#breadcrumb"},"inLanguage":"es","potentialAction":[{"@type":"ReadAction","target":["https:\/\/www.aridane.org\/city\/2021\/05\/31\/los-llanos-presenta-el-programa-de-la-patrona-2021-remedios-mas-que-un-nombre\/"]}]},{"@type":"ImageObject","inLanguage":"es","@id":"https:\/\/www.aridane.org\/city\/2021\/05\/31\/los-llanos-presenta-el-programa-de-la-patrona-2021-remedios-mas-que-un-nombre\/#primaryimage","url":"https:\/\/www.aridane.org\/city\/wp-content\/uploads\/2021\/05\/Patrona2021-losllanosdearidane-539x303-1.jpg","contentUrl":"https:\/\/www.aridane.org\/city\/wp-content\/uploads\/2021\/05\/Patrona2021-losllanosdearidane-539x303-1.jpg","width":539,"height":303},{"@type":"BreadcrumbList","@id":"https:\/\/www.aridane.org\/city\/2021\/05\/31\/los-llanos-presenta-el-programa-de-la-patrona-2021-remedios-mas-que-un-nombre\/#breadcrumb","itemListElement":[{"@type":"ListItem","position":1,"name":"Portada","item":"https:\/\/www.aridane.org\/city\/"},{"@type":"ListItem","position":2,"name":"Los Llanos presenta el programa de la Patrona 2021, \u00abRemedios, m\u00e1s que un nombre\u00bb"}]},{"@type":"WebSite","@id":"https:\/\/www.aridane.org\/city\/#website","url":"https:\/\/www.aridane.org\/city\/","name":"Ayuntamiento de Los Llanos de Aridane","description":"","potentialAction":[{"@type":"SearchAction","target":{"@type":"EntryPoint","urlTemplate":"https:\/\/www.aridane.org\/city\/?s={search_term_string}"},"query-input":"required name=search_term_string"}],"inLanguage":"es"},{"@type":"Person","@id":"https:\/\/www.aridane.org\/city\/#\/schema\/person\/7d352ec7f29881716f298394432e7209","name":"Richard Diaz","image":{"@type":"ImageObject","inLanguage":"es","@id":"https:\/\/www.aridane.org\/city\/#\/schema\/person\/image\/","url":"https:\/\/secure.gravatar.com\/avatar\/bacd6aefc26a4a204943090a4c596cd10f0857081ef3cfd12084a70ecb3161d5?s=96&d=mm&r=g","contentUrl":"https:\/\/secure.gravatar.com\/avatar\/bacd6aefc26a4a204943090a4c596cd10f0857081ef3cfd12084a70ecb3161d5?s=96&d=mm&r=g","caption":"Richard Diaz"},"sameAs":["https:\/\/www.aridane.org\/city"],"url":"https:\/\/www.aridane.org\/city\/author\/richard-diaz\/"}]}},"_links":{"self":[{"href":"https:\/\/www.aridane.org\/city\/wp-json\/wp\/v2\/posts\/816","targetHints":{"allow":["GET"]}}],"collection":[{"href":"https:\/\/www.aridane.org\/city\/wp-json\/wp\/v2\/posts"}],"about":[{"href":"https:\/\/www.aridane.org\/city\/wp-json\/wp\/v2\/types\/post"}],"author":[{"embeddable":true,"href":"https:\/\/www.aridane.org\/city\/wp-json\/wp\/v2\/users\/1"}],"replies":[{"embeddable":true,"href":"https:\/\/www.aridane.org\/city\/wp-json\/wp\/v2\/comments?post=816"}],"version-history":[{"count":1,"href":"https:\/\/www.aridane.org\/city\/wp-json\/wp\/v2\/posts\/816\/revisions"}],"predecessor-version":[{"id":2173,"href":"https:\/\/www.aridane.org\/city\/wp-json\/wp\/v2\/posts\/816\/revisions\/2173"}],"wp:featuredmedia":[{"embeddable":true,"href":"https:\/\/www.aridane.org\/city\/wp-json\/wp\/v2\/media\/2172"}],"wp:attachment":[{"href":"https:\/\/www.aridane.org\/city\/wp-json\/wp\/v2\/media?parent=816"}],"wp:term":[{"taxonomy":"category","embeddable":true,"href":"https:\/\/www.aridane.org\/city\/wp-json\/wp\/v2\/categories?post=816"},{"taxonomy":"post_tag","embeddable":true,"href":"https:\/\/www.aridane.org\/city\/wp-json\/wp\/v2\/tags?post=816"}],"curies":[{"name":"wp","href":"https:\/\/api.w.org\/{rel}","templated":true}]}}