{"id":828,"date":"2021-05-29T12:24:20","date_gmt":"2021-05-29T11:24:20","guid":{"rendered":"https:\/\/aridane.org\/ciudad\/?p=828"},"modified":"2021-05-29T12:24:20","modified_gmt":"2021-05-29T11:24:20","slug":"las-ilustradoras-palmeras-se-convirtieron-en-protagonistas-en-bolboreta","status":"publish","type":"post","link":"https:\/\/www.aridane.org\/city\/2021\/05\/29\/las-ilustradoras-palmeras-se-convirtieron-en-protagonistas-en-bolboreta\/","title":{"rendered":"Las ilustradoras palmeras se convirtieron en protagonistas en \u00abBolboreta\u00bb"},"content":{"rendered":"<section class=\"wpb-content-wrapper\"><p>[vc_row css_animation=\u00bb\u00bb row_type=\u00bbrow\u00bb use_row_as_full_screen_section=\u00bbno\u00bb type=\u00bbfull_width\u00bb angled_section=\u00bbno\u00bb text_align=\u00bbleft\u00bb background_image_as_pattern=\u00bbwithout_pattern\u00bb][vc_column][vc_row_inner row_type=\u00bbrow\u00bb type=\u00bbgrid\u00bb text_align=\u00bbleft\u00bb css_animation=\u00bb\u00bb][vc_column_inner][vc_empty_space height=\u00bb20px\u00bb][vc_column_text]<\/p>\n<p style=\"text-align: justify;\">En el ESPACIO ESCOLAR de \u201cBolboreta\u201d, ayer viernes, dentro del Festival de Ilustraci\u00f3n, organizado por el Ayuntamiento de Los Llanos de Aridane a trav\u00e9s de las Concejal\u00edas de Cultura e Igualdad que dirigen Charo Gonz\u00e1lez y Elena Pais, respectivamente, tuvo lugar en horario de ma\u00f1ana una mesa-coloquio con las ilustradoras invitadas sobre la Ilustraci\u00f3n como profesi\u00f3n, dirigida a alumnado de 3\u00b0ESO del IES Jos\u00e9 Mar\u00eda P\u00e9rez Pulido.<\/p>\n<p style=\"text-align: justify;\">En esta charla descubrieron que algunos j\u00f3venes no sab\u00edan lo que era la ilustraci\u00f3n y cu\u00e1les eran sus usos, as\u00ed que aprovecharon para explicarles c\u00f3mo esta puede usarse en diferentes formatos, desde el textil al mural, as\u00ed como emplearla como medio de activismo.<\/p>\n<p style=\"text-align: justify;\">Por la tarde,\u00a0 en la tercera planta de La Casa de La Cultura, y ya para todos los p\u00fablicos, se desarroll\u00f3 la Mesa\u00a0 \u00abJ\u00f3venes Canarias, nuevas voces ilustradas\u00bb, moderada por Sara Fratini, con la presencia de las j\u00f3venes ilustradoras palmeras \u00c1ngela Glezal, Blue Leela, Shanti y Ale Dom\u00ednguez.<\/p>\n<p style=\"text-align: justify;\">En dicha mesa surgieron muchas de las inquietudes que las motivan: \u00abYo quer\u00eda explorar mi arte, sin saber si quer\u00eda ser ilustradora, aunque mi lema es: si no brilla, no es m\u00edo\u00bb (Ale Dom\u00ednguez); \u00abllegu\u00e9 de rebote a la ilustraci\u00f3n durante la cuarentena y ha sido para m\u00ed una revoluci\u00f3n, ya que mi mayor inspiraci\u00f3n es representar a las mujeres gordas que nunca nos hemos sentido representadas\u00bb (Blue Leela); \u00abMe inspiran los cuerpos y las violencias que sufren quienes no entran en la llamada normalidad\u00bb (\u00c1ngela Glezal); \u00abIlustrar es una catarsis, aunque siempre vi muy ut\u00f3pico poder dedicarme al arte\u00bb (Shanti). \u00abCreo que Bolboreta va a ayudar a visibilizarnos\u00bb (Ale Dom\u00ednguez).<\/p>\n<p style=\"text-align: justify;\">Posteriormente, la charla de la ilustradora Quan Zhou &#8211; Gazpacho Agridulce sobre nuevas narrativas: \u00abLa ilustraci\u00f3n y el c\u00f3mic como medio de activismo\u00bb.<\/p>\n<p style=\"text-align: justify;\">Dentro de la charla, algunas frases de Quan fueron: \u00abEn la era digital basta con tener buenas ideas y construir, aunque es a la vez muy dif\u00edcil llegar con un mensaje s\u00f3lido a nuestro interlocutor\u00bb; \u00abNecesitamos empatizar para reconocer que el otro es una persona\u00bb; \u00abAprendamos a tener sentido com\u00fan y utilizar un humor horizontal\u00bb; \u00abPara acabar con los estereotipos, una forma de activismo es tambi\u00e9n convertirte en un referente, coloc\u00e1ndose en un lugar en el que incomodas\u00bb.<\/p>\n<p style=\"text-align: justify;\">Hoy s\u00e1bado, \u00faltimo d\u00eda del festival, a las 12:00h, Mesa de ilustradoras. \u00abDel papel al muro y algo m\u00e1s\u00bb, moderada por Sara Fratini, con Mar\u00eda Hesse, Sandra Gobet y Marta Roca. Por la tarde, a las 18:00h Coloquio ilustrado: \u00abDe pueblos, capullos y co\u00f1os\u00bb, con Moderna de Pueblo.<\/p>\n<p style=\"text-align: justify;\">Raquel C\u00f3rcoles (Moderna de Pueblo), estudi\u00f3 la carrera de Publicidad, Periodismo y Comunicaci\u00f3n Audiovisual en la Universidad Rovira i Virgili (2005-2007) en Tarragona y una licenciatura de Periodismo en la Universidad Rey Juan Carlos (2007-2009) en Madrid.<\/p>\n<p style=\"text-align: justify;\">Su carrera profesional comienza en Nissan Iberia S.A. como ejecutiva de cuentas junior en el a\u00f1o 2007, ha sido redactora de InformativosTelecinco.com dando cobertura nacional a informaci\u00f3n burs\u00e1til y econ\u00f3mica, y ha pasado por varias agencias de publicidad como copy o creativo. Su salto como ilustradora de c\u00f3mic comienza en agosto del a\u00f1o 2011 en la revista El Jueves donde publica una p\u00e1gina de c\u00f3mic semanal, y ese mismo a\u00f1o en la Revista Cuore con una tira c\u00f3mica semanal, actualmente sigue colaborando activamente con ambos medios impresos. Adem\u00e1s colabora en medios como la revista GQ y el peri\u00f3dico El Pa\u00eds.<\/p>\n<p style=\"text-align: justify;\">Decidi\u00f3 dejar a un lado su trabajo como creativa para dedicar todo el tiempo a su proyecto personal, Moderna de Pueblo, donde crea los guiones, es ilustradora de las im\u00e1genes que lo componen, adem\u00e1s de dirigir los contenidos de la misma. Trabaja conjuntamente en este proyecto con Carlos Carrero, quien dirige y gestiona la parte digital y empresarial de la marca, y que desde el a\u00f1o 2014 se encarga de la tienda oficial en internet de Moderna de Pueblo.<\/p>\n<p style=\"text-align: justify;\">A las 19:00h Coloquio ilustrado: \u00abFlores, mujeres y placer\u00bb con Mar\u00eda Hesse. Mar\u00eda Hesse (Sevillana de adopci\u00f3n 1982). Se convirti\u00f3 en ilustradora a la tierna edad de 6 a\u00f1os, ella a\u00fan no lo sab\u00eda, pero su profesora y su madre s\u00ed. Unos buenos a\u00f1os despu\u00e9s, tras acabar sus estudios en Educaci\u00f3n Especial, agarr\u00f3 los l\u00e1pices y se lanz\u00f3 a la piscina de la ilustraci\u00f3n de manera profesional.<\/p>\n<p style=\"text-align: justify;\">Ha trabajado para la editorial Edelvives en la realizaci\u00f3n de libros de texto. Tambi\u00e9n ha ilustrado para la revistas como\u00a0 Jot Down, Maas\u00e5i Magazine, Fashion &amp; Art, P\u00fablico, Kireii o Glamour, y colaborado con marcas como Louise Boutin, Brugal, Compa\u00f1\u00eda Fant\u00e1stica y Martini.<\/p>\n<p style=\"text-align: justify;\">Mar\u00eda ha publicado con diversas editoriales como \u201cOrgullo y Prejuicio\u201d para Alfaguara y \u201cFrida Kahlo. Una biograf\u00eda\u201d con Lumen.<\/p>\n<p style=\"text-align: justify;\">Adem\u00e1s del trabajo editorial, la obra de Mar\u00eda Hesse ha sido expuesta en diversas exposiciones y cuenta con un trabajo personal .<\/p>\n<p style=\"text-align: justify;\">Tras el fen\u00f3meno editorial que supuso su primer \u00e1lbum ilustrado, \u00abFrida Kahlo. Una biograf\u00eda\u00bb, traducido en catorce pa\u00edses y ganadora del Premio de la Fundaci\u00f3n Nacional del Libro Infantil y Juvenil de Brasil, ha publicado \u00abBowie\u00bb, la biograf\u00eda del camale\u00f3n de la m\u00fasica, que ser\u00e1 traducido en ocho idiomas.<\/p>\n<p style=\"text-align: justify;\">Recientemente ha sido elegida como una de las 100 mejores ilustradoras del mundo por Taschen. \u00abEl placer\u00bb es su \u00faltimo libro.<\/p>\n<p style=\"text-align: justify;\">A las 20:00h Mesa de ilustradoras. \u00abEl proceso creativo. Claves, aciertos y los errores\u00bb, moderada por Sara Fratini, con Quan Zhou, Sandra Gobet, Moderna de Pueblo y Mar\u00eda Hesse.<\/p>\n<p style=\"text-align: justify;\">Y para terminar, a las 21:00h Mesa de ilustradoras. \u00abConstruyendo tu propia voz\u00bb, moderada por Sara Fratini y con la participaci\u00f3n de Moderna de Pueblo, Mar\u00eda Hesse, Sandra Gobet, Quan Zhou y Marta Roca.<\/p>\n<p style=\"text-align: justify;\">\u2014Fotograf\u00edas de Stefania Mucci<\/p>\n<p>[\/vc_column_text][vc_empty_space height=\u00bb20px\u00bb][\/vc_column_inner][\/vc_row_inner][\/vc_column][\/vc_row]<\/p>\n<\/section>","protected":false},"excerpt":{"rendered":"<p>[vc_row css_animation=\u00bb\u00bb row_type=\u00bbrow\u00bb use_row_as_full_screen_section=\u00bbno\u00bb type=\u00bbfull_width\u00bb angled_section=\u00bbno\u00bb text_align=\u00bbleft\u00bb background_image_as_pattern=\u00bbwithout_pattern\u00bb][vc_column][vc_row_inner row_type=\u00bbrow\u00bb type=\u00bbgrid\u00bb text_align=\u00bbleft\u00bb css_animation=\u00bb\u00bb][vc_column_inner][vc_empty_space height=\u00bb20px\u00bb][vc_column_text] En el ESPACIO ESCOLAR de \u201cBolboreta\u201d, ayer viernes, dentro del Festival de Ilustraci\u00f3n, organizado por el Ayuntamiento de Los Llanos de Aridane a trav\u00e9s de las Concejal\u00edas de Cultura e Igualdad que&#8230;<\/p>\n","protected":false},"author":1,"featured_media":0,"comment_status":"closed","ping_status":"open","sticky":false,"template":"","format":"standard","meta":{"footnotes":""},"categories":[6],"tags":[],"class_list":["post-828","post","type-post","status-publish","format-standard","hentry","category-prensa"],"yoast_head":"<!-- This site is optimized with the Yoast SEO plugin v22.7 - https:\/\/yoast.com\/wordpress\/plugins\/seo\/ -->\n<title>Las ilustradoras palmeras se convirtieron en protagonistas en &quot;Bolboreta&quot; - Ayuntamiento de Los Llanos de Aridane<\/title>\n<meta name=\"description\" content=\"El Festival de Ilustraci\u00f3n &quot;Bolboreta&quot;, organizado por el Ayuntamiento de Los Llanos de Aridane, goz\u00f3 de una mesa coloquio con destacadas ilustradoras.\" \/>\n<meta name=\"robots\" content=\"index, follow, max-snippet:-1, max-image-preview:large, max-video-preview:-1\" \/>\n<link rel=\"canonical\" href=\"https:\/\/www.aridane.org\/city\/2021\/05\/29\/las-ilustradoras-palmeras-se-convirtieron-en-protagonistas-en-bolboreta\/\" \/>\n<meta property=\"og:locale\" content=\"es_ES\" \/>\n<meta property=\"og:type\" content=\"article\" \/>\n<meta property=\"og:title\" content=\"Las ilustradoras palmeras se convirtieron en protagonistas en &quot;Bolboreta&quot; - Ayuntamiento de Los Llanos de Aridane\" \/>\n<meta property=\"og:description\" content=\"El Festival de Ilustraci\u00f3n &quot;Bolboreta&quot;, organizado por el Ayuntamiento de Los Llanos de Aridane, goz\u00f3 de una mesa coloquio con destacadas ilustradoras.\" \/>\n<meta property=\"og:url\" content=\"https:\/\/www.aridane.org\/city\/2021\/05\/29\/las-ilustradoras-palmeras-se-convirtieron-en-protagonistas-en-bolboreta\/\" \/>\n<meta property=\"og:site_name\" content=\"Ayuntamiento de Los Llanos de Aridane\" \/>\n<meta property=\"article:published_time\" content=\"2021-05-29T11:24:20+00:00\" \/>\n<meta name=\"author\" content=\"Richard Diaz\" \/>\n<meta name=\"twitter:card\" content=\"summary_large_image\" \/>\n<meta name=\"twitter:label1\" content=\"Escrito por\" \/>\n\t<meta name=\"twitter:data1\" content=\"Richard Diaz\" \/>\n\t<meta name=\"twitter:label2\" content=\"Tiempo de lectura\" \/>\n\t<meta name=\"twitter:data2\" content=\"5 minutos\" \/>\n<script type=\"application\/ld+json\" class=\"yoast-schema-graph\">{\"@context\":\"https:\/\/schema.org\",\"@graph\":[{\"@type\":\"WebPage\",\"@id\":\"https:\/\/www.aridane.org\/city\/2021\/05\/29\/las-ilustradoras-palmeras-se-convirtieron-en-protagonistas-en-bolboreta\/\",\"url\":\"https:\/\/www.aridane.org\/city\/2021\/05\/29\/las-ilustradoras-palmeras-se-convirtieron-en-protagonistas-en-bolboreta\/\",\"name\":\"Las ilustradoras palmeras se convirtieron en protagonistas en \\\"Bolboreta\\\" - Ayuntamiento de Los Llanos de Aridane\",\"isPartOf\":{\"@id\":\"https:\/\/www.aridane.org\/city\/#website\"},\"datePublished\":\"2021-05-29T11:24:20+00:00\",\"dateModified\":\"2021-05-29T11:24:20+00:00\",\"author\":{\"@id\":\"https:\/\/www.aridane.org\/city\/#\/schema\/person\/7d352ec7f29881716f298394432e7209\"},\"description\":\"El Festival de Ilustraci\u00f3n \\\"Bolboreta\\\", organizado por el Ayuntamiento de Los Llanos de Aridane, goz\u00f3 de una mesa coloquio con destacadas ilustradoras.\",\"breadcrumb\":{\"@id\":\"https:\/\/www.aridane.org\/city\/2021\/05\/29\/las-ilustradoras-palmeras-se-convirtieron-en-protagonistas-en-bolboreta\/#breadcrumb\"},\"inLanguage\":\"es\",\"potentialAction\":[{\"@type\":\"ReadAction\",\"target\":[\"https:\/\/www.aridane.org\/city\/2021\/05\/29\/las-ilustradoras-palmeras-se-convirtieron-en-protagonistas-en-bolboreta\/\"]}]},{\"@type\":\"BreadcrumbList\",\"@id\":\"https:\/\/www.aridane.org\/city\/2021\/05\/29\/las-ilustradoras-palmeras-se-convirtieron-en-protagonistas-en-bolboreta\/#breadcrumb\",\"itemListElement\":[{\"@type\":\"ListItem\",\"position\":1,\"name\":\"Portada\",\"item\":\"https:\/\/www.aridane.org\/city\/\"},{\"@type\":\"ListItem\",\"position\":2,\"name\":\"Las ilustradoras palmeras se convirtieron en protagonistas en \u00abBolboreta\u00bb\"}]},{\"@type\":\"WebSite\",\"@id\":\"https:\/\/www.aridane.org\/city\/#website\",\"url\":\"https:\/\/www.aridane.org\/city\/\",\"name\":\"Ayuntamiento de Los Llanos de Aridane\",\"description\":\"\",\"potentialAction\":[{\"@type\":\"SearchAction\",\"target\":{\"@type\":\"EntryPoint\",\"urlTemplate\":\"https:\/\/www.aridane.org\/city\/?s={search_term_string}\"},\"query-input\":\"required name=search_term_string\"}],\"inLanguage\":\"es\"},{\"@type\":\"Person\",\"@id\":\"https:\/\/www.aridane.org\/city\/#\/schema\/person\/7d352ec7f29881716f298394432e7209\",\"name\":\"Richard Diaz\",\"image\":{\"@type\":\"ImageObject\",\"inLanguage\":\"es\",\"@id\":\"https:\/\/www.aridane.org\/city\/#\/schema\/person\/image\/\",\"url\":\"https:\/\/secure.gravatar.com\/avatar\/bacd6aefc26a4a204943090a4c596cd10f0857081ef3cfd12084a70ecb3161d5?s=96&d=mm&r=g\",\"contentUrl\":\"https:\/\/secure.gravatar.com\/avatar\/bacd6aefc26a4a204943090a4c596cd10f0857081ef3cfd12084a70ecb3161d5?s=96&d=mm&r=g\",\"caption\":\"Richard Diaz\"},\"sameAs\":[\"https:\/\/www.aridane.org\/city\"],\"url\":\"https:\/\/www.aridane.org\/city\/author\/richard-diaz\/\"}]}<\/script>\n<!-- \/ Yoast SEO plugin. -->","yoast_head_json":{"title":"Las ilustradoras palmeras se convirtieron en protagonistas en \"Bolboreta\" - Ayuntamiento de Los Llanos de Aridane","description":"El Festival de Ilustraci\u00f3n \"Bolboreta\", organizado por el Ayuntamiento de Los Llanos de Aridane, goz\u00f3 de una mesa coloquio con destacadas ilustradoras.","robots":{"index":"index","follow":"follow","max-snippet":"max-snippet:-1","max-image-preview":"max-image-preview:large","max-video-preview":"max-video-preview:-1"},"canonical":"https:\/\/www.aridane.org\/city\/2021\/05\/29\/las-ilustradoras-palmeras-se-convirtieron-en-protagonistas-en-bolboreta\/","og_locale":"es_ES","og_type":"article","og_title":"Las ilustradoras palmeras se convirtieron en protagonistas en \"Bolboreta\" - Ayuntamiento de Los Llanos de Aridane","og_description":"El Festival de Ilustraci\u00f3n \"Bolboreta\", organizado por el Ayuntamiento de Los Llanos de Aridane, goz\u00f3 de una mesa coloquio con destacadas ilustradoras.","og_url":"https:\/\/www.aridane.org\/city\/2021\/05\/29\/las-ilustradoras-palmeras-se-convirtieron-en-protagonistas-en-bolboreta\/","og_site_name":"Ayuntamiento de Los Llanos de Aridane","article_published_time":"2021-05-29T11:24:20+00:00","author":"Richard Diaz","twitter_card":"summary_large_image","twitter_misc":{"Escrito por":"Richard Diaz","Tiempo de lectura":"5 minutos"},"schema":{"@context":"https:\/\/schema.org","@graph":[{"@type":"WebPage","@id":"https:\/\/www.aridane.org\/city\/2021\/05\/29\/las-ilustradoras-palmeras-se-convirtieron-en-protagonistas-en-bolboreta\/","url":"https:\/\/www.aridane.org\/city\/2021\/05\/29\/las-ilustradoras-palmeras-se-convirtieron-en-protagonistas-en-bolboreta\/","name":"Las ilustradoras palmeras se convirtieron en protagonistas en \"Bolboreta\" - Ayuntamiento de Los Llanos de Aridane","isPartOf":{"@id":"https:\/\/www.aridane.org\/city\/#website"},"datePublished":"2021-05-29T11:24:20+00:00","dateModified":"2021-05-29T11:24:20+00:00","author":{"@id":"https:\/\/www.aridane.org\/city\/#\/schema\/person\/7d352ec7f29881716f298394432e7209"},"description":"El Festival de Ilustraci\u00f3n \"Bolboreta\", organizado por el Ayuntamiento de Los Llanos de Aridane, goz\u00f3 de una mesa coloquio con destacadas ilustradoras.","breadcrumb":{"@id":"https:\/\/www.aridane.org\/city\/2021\/05\/29\/las-ilustradoras-palmeras-se-convirtieron-en-protagonistas-en-bolboreta\/#breadcrumb"},"inLanguage":"es","potentialAction":[{"@type":"ReadAction","target":["https:\/\/www.aridane.org\/city\/2021\/05\/29\/las-ilustradoras-palmeras-se-convirtieron-en-protagonistas-en-bolboreta\/"]}]},{"@type":"BreadcrumbList","@id":"https:\/\/www.aridane.org\/city\/2021\/05\/29\/las-ilustradoras-palmeras-se-convirtieron-en-protagonistas-en-bolboreta\/#breadcrumb","itemListElement":[{"@type":"ListItem","position":1,"name":"Portada","item":"https:\/\/www.aridane.org\/city\/"},{"@type":"ListItem","position":2,"name":"Las ilustradoras palmeras se convirtieron en protagonistas en \u00abBolboreta\u00bb"}]},{"@type":"WebSite","@id":"https:\/\/www.aridane.org\/city\/#website","url":"https:\/\/www.aridane.org\/city\/","name":"Ayuntamiento de Los Llanos de Aridane","description":"","potentialAction":[{"@type":"SearchAction","target":{"@type":"EntryPoint","urlTemplate":"https:\/\/www.aridane.org\/city\/?s={search_term_string}"},"query-input":"required name=search_term_string"}],"inLanguage":"es"},{"@type":"Person","@id":"https:\/\/www.aridane.org\/city\/#\/schema\/person\/7d352ec7f29881716f298394432e7209","name":"Richard Diaz","image":{"@type":"ImageObject","inLanguage":"es","@id":"https:\/\/www.aridane.org\/city\/#\/schema\/person\/image\/","url":"https:\/\/secure.gravatar.com\/avatar\/bacd6aefc26a4a204943090a4c596cd10f0857081ef3cfd12084a70ecb3161d5?s=96&d=mm&r=g","contentUrl":"https:\/\/secure.gravatar.com\/avatar\/bacd6aefc26a4a204943090a4c596cd10f0857081ef3cfd12084a70ecb3161d5?s=96&d=mm&r=g","caption":"Richard Diaz"},"sameAs":["https:\/\/www.aridane.org\/city"],"url":"https:\/\/www.aridane.org\/city\/author\/richard-diaz\/"}]}},"_links":{"self":[{"href":"https:\/\/www.aridane.org\/city\/wp-json\/wp\/v2\/posts\/828","targetHints":{"allow":["GET"]}}],"collection":[{"href":"https:\/\/www.aridane.org\/city\/wp-json\/wp\/v2\/posts"}],"about":[{"href":"https:\/\/www.aridane.org\/city\/wp-json\/wp\/v2\/types\/post"}],"author":[{"embeddable":true,"href":"https:\/\/www.aridane.org\/city\/wp-json\/wp\/v2\/users\/1"}],"replies":[{"embeddable":true,"href":"https:\/\/www.aridane.org\/city\/wp-json\/wp\/v2\/comments?post=828"}],"version-history":[{"count":0,"href":"https:\/\/www.aridane.org\/city\/wp-json\/wp\/v2\/posts\/828\/revisions"}],"wp:attachment":[{"href":"https:\/\/www.aridane.org\/city\/wp-json\/wp\/v2\/media?parent=828"}],"wp:term":[{"taxonomy":"category","embeddable":true,"href":"https:\/\/www.aridane.org\/city\/wp-json\/wp\/v2\/categories?post=828"},{"taxonomy":"post_tag","embeddable":true,"href":"https:\/\/www.aridane.org\/city\/wp-json\/wp\/v2\/tags?post=828"}],"curies":[{"name":"wp","href":"https:\/\/api.w.org\/{rel}","templated":true}]}}