{"id":831,"date":"2021-05-28T12:59:38","date_gmt":"2021-05-28T11:59:38","guid":{"rendered":"https:\/\/aridane.org\/ciudad\/?p=831"},"modified":"2021-05-28T12:59:38","modified_gmt":"2021-05-28T11:59:38","slug":"en-marcha-bolboreta-el-primer-festival-de-ilustracion-de-los-llanos-de-aridane","status":"publish","type":"post","link":"https:\/\/www.aridane.org\/city\/2021\/05\/28\/en-marcha-bolboreta-el-primer-festival-de-ilustracion-de-los-llanos-de-aridane\/","title":{"rendered":"En marcha \u201cBolboreta\u201d, el primer Festival de Ilustraci\u00f3n de Los Llanos de Aridane"},"content":{"rendered":"<section class=\"wpb-content-wrapper\"><p>[vc_row css_animation=\u00bb\u00bb row_type=\u00bbrow\u00bb use_row_as_full_screen_section=\u00bbno\u00bb type=\u00bbfull_width\u00bb angled_section=\u00bbno\u00bb text_align=\u00bbleft\u00bb background_image_as_pattern=\u00bbwithout_pattern\u00bb][vc_column][vc_row_inner row_type=\u00bbrow\u00bb type=\u00bbgrid\u00bb text_align=\u00bbleft\u00bb css_animation=\u00bb\u00bb][vc_column_inner][vc_empty_space height=\u00bb20px\u00bb][vc_column_text]<\/p>\n<p style=\"text-align: justify;\">Ayer jueves se realizaron las primeras actividades de \u00abBolboreta\u201d, el I Festival de Ilustraci\u00f3n de Los Llanos de Aridane organizado por las Concejal\u00edas de Cultura e Igualdad, que dirigen Charo Gonz\u00e1lez Palmero y Elena Pais, respectivamente, bajo la direcci\u00f3n de Sara Fratini, que hasta el s\u00e1bado 29 ofrecer\u00e1 la oportunidad de conocer a reconocidas ilustradoras del panorama nacional como son Moderna de Pueblo, Sandra Gobet, Quan Zhou y Mar\u00eda Hesse. Adem\u00e1s de las artistas canarias Marta Roca, BlueLeela, \u00c1ngela Glezal, Shanatan Haro Ales y Alejandra Dom\u00ednguez Gonz\u00e1lez.<\/p>\n<p style=\"text-align: justify;\">En horario de ma\u00f1ana, y dentro del denominado ESPACIO ESCOLAR, Sandra Gobet imparti\u00f3 un Taller pr\u00e1ctico de ilustraci\u00f3n: \u00abcollage y\u00a0 texturas\u00bb, mientras que Quan Zhou-Gazpacho Agridulce, imparti\u00f3 la charla \u00abIdentidades fluidas y microrracismo\u00bb. Ambas actividades tuvieron lugar en el IES Eusebio Barreto Lorenzo con diversos grupos de la ESO.<\/p>\n<p style=\"text-align: justify;\">Tras su charla, Quan Zhou declar\u00f3: \u00ab<em>Una persona no tiene que elegir entre pertenecer a una cultura u otra (\u00abpa\u00eds de origen o pa\u00eds receptor\u00bb), y me ha marcado que muchos j\u00f3venes se hayan acercado para comentarme que nunca hab\u00edan escuchado nada sobre esto y que es la charla que mejor les ha servido en su vida.\u00bb<\/em><\/p>\n<p style=\"text-align: justify;\">Por la tarde, en la Tercera Planta de la Casa de la Cultura y ya para todos los p\u00fablicos, se desarroll\u00f3 el primero de los \u00abColoquios ilustrados\u00bb, en el que bajo el t\u00edtulo\u00a0 \u00abHabit\u00e1culos\u00bb, la ilustradora Sandra Gobet\u00a0 nos invit\u00f3 a realizar un viaje sensorial entre grabados, murales, sensaciones y sentimientos.<\/p>\n<p style=\"text-align: justify;\">En su charla, Sandra Gobet, grabadora, acuarelista y pintora inspirada por el dolor y el desamor, en los que trabaja para su pr\u00f3ximo proyecto, declar\u00f3: \u00ab<em>A veces el desamor te alimenta y eso que sientes dentro te hace crear, y de repente hasta agradeces haberte sentido as\u00ed, porque luego veo el resultado: los dibujos<\/em>.\u00bb<\/p>\n<p style=\"text-align: justify;\">Nacida en Guadalajara en 1985, Sandra Gobet estudi\u00f3 grabado en la Real Casa de la Moneda, e ilustraci\u00f3n en la escuela Arte 10. Compagina el trabajo art\u00edstico personal como ilustradora y grabadora, con la docencia en su propio taller situado en Malasa\u00f1a, Madrid.<\/p>\n<p style=\"text-align: justify;\">Sandra ha expuesto en distintas galer\u00edas y salas tanto de Espa\u00f1a como de Chile: El Erizo Galer\u00eda (Santiago de Chile), Galer\u00eda Nave73, Tipos Infames, Espacio Naranjo (todas estas en Madrid), Galer\u00eda Art+51 (Toledo). Actualmente su obra se centra en el grabado con lin\u00f3leo o metal, y pintura con acr\u00edlico sobre papel.<\/p>\n<p style=\"text-align: justify;\">Hoy viernes, dentro del ESPACIO ESCOLAR, tendr\u00e1 lugar en horario de ma\u00f1ana una mesa-coloquio con las ilustradoras invitadas sobre la Ilustraci\u00f3n como profesi\u00f3n, dirigida a alumnado de 3\u00b0ESO del IES Jos\u00e9 Mar\u00eda P\u00e9rez Pulido.<\/p>\n<p style=\"text-align: justify;\">Esta tarde a las 20 horas,\u00a0 en la tercera planta de La Casa de La Cultura, Mesa\u00a0 \u00abJ\u00f3venes Canarias, nuevas voces ilustradas\u00bb, moderada por Sara Fratini, con la presencia de las j\u00f3venes ilustradoras palmeras \u00c1ngela Glezal, Blue Leela, Shanti y Ale Dom\u00ednguez.<\/p>\n<p style=\"text-align: justify;\">Y a las 21:00 horas, charla de la ilustradora Quan Zhou &#8211; Gazpacho Agridulce sobre nuevas narrativas: \u00abLa ilustraci\u00f3n y el c\u00f3mic como medio de activismo\u00bb.<\/p>\n<p style=\"text-align: justify;\">Quan Zhou (Algeciras, 1989), es autora, ilustradora, novelista gr\u00e1fica y UX (dise\u00f1adora de producto digital). Estudi\u00f3 en Madrid y se gradu\u00f3 en Inglaterra. Adora la siesta y odia el apio. Public\u00f3 vi\u00f1etas en la versi\u00f3n digital de El Pa\u00eds y colabor\u00f3 en el programa Hoy empieza todo de Radio 3. En 2015 debut\u00f3 con su primera novela gr\u00e1fica, \u00abGazpacho agridulce. Una autobiograf\u00eda chino-andaluza\u00bb, en Astiberri. En 2017 public\u00f3 tambi\u00e9n en Astiberri su continuaci\u00f3n: \u00abAndaluchinas por el mundo. Gazpacho agridulce 2\u00bb, y en 2018 junto a Nuria Labari, sali\u00f3 a la luz \u00abEl gran libro de los ni\u00f1os extraordinarios\u00bb, esta vez en la editorial Silonia. Su \u00faltima obra es \u00abGente de aqu\u00ed, gente de all\u00ed\u00bb (Astiberri, 2020). Quan Zhou tambi\u00e9n ha realizado ponencias sobre racismo e identidad por Espa\u00f1a, Estados Unidos, Suecia, China y Taiwan.<\/p>\n<p>&nbsp;<\/p>\n<p>\u2014 Im\u00e1genes de Estefan\u00eda Mucci.[\/vc_column_text][vc_empty_space height=\u00bb20px\u00bb][\/vc_column_inner][\/vc_row_inner][\/vc_column][\/vc_row]<\/p>\n<\/section>","protected":false},"excerpt":{"rendered":"<p>[vc_row css_animation=\u00bb\u00bb row_type=\u00bbrow\u00bb use_row_as_full_screen_section=\u00bbno\u00bb type=\u00bbfull_width\u00bb angled_section=\u00bbno\u00bb text_align=\u00bbleft\u00bb background_image_as_pattern=\u00bbwithout_pattern\u00bb][vc_column][vc_row_inner row_type=\u00bbrow\u00bb type=\u00bbgrid\u00bb text_align=\u00bbleft\u00bb css_animation=\u00bb\u00bb][vc_column_inner][vc_empty_space height=\u00bb20px\u00bb][vc_column_text] Ayer jueves se realizaron las primeras actividades de \u00abBolboreta\u201d, el I Festival de Ilustraci\u00f3n de Los Llanos de Aridane organizado por las Concejal\u00edas de Cultura e Igualdad, que dirigen Charo Gonz\u00e1lez Palmero&#8230;<\/p>\n","protected":false},"author":1,"featured_media":0,"comment_status":"closed","ping_status":"open","sticky":false,"template":"","format":"standard","meta":{"footnotes":""},"categories":[6],"tags":[],"class_list":["post-831","post","type-post","status-publish","format-standard","hentry","category-prensa"],"yoast_head":"<!-- This site is optimized with the Yoast SEO plugin v22.7 - https:\/\/yoast.com\/wordpress\/plugins\/seo\/ -->\n<title>En marcha \u201cBolboreta\u201d, el primer Festival de Ilustraci\u00f3n de Los Llanos de Aridane - Ayuntamiento de Los Llanos de Aridane<\/title>\n<meta name=\"description\" content=\"Arranca el I Festival de Ilustraci\u00f3n de Los Llanos de Aridane que reunir\u00e1 a reconocidas ilustradoras del panorama nacional e ilustradoras palmeras.\" \/>\n<meta name=\"robots\" content=\"index, follow, max-snippet:-1, max-image-preview:large, max-video-preview:-1\" \/>\n<link rel=\"canonical\" href=\"https:\/\/www.aridane.org\/city\/2021\/05\/28\/en-marcha-bolboreta-el-primer-festival-de-ilustracion-de-los-llanos-de-aridane\/\" \/>\n<meta property=\"og:locale\" content=\"es_ES\" \/>\n<meta property=\"og:type\" content=\"article\" \/>\n<meta property=\"og:title\" content=\"En marcha \u201cBolboreta\u201d, el primer Festival de Ilustraci\u00f3n de Los Llanos de Aridane - Ayuntamiento de Los Llanos de Aridane\" \/>\n<meta property=\"og:description\" content=\"Arranca el I Festival de Ilustraci\u00f3n de Los Llanos de Aridane que reunir\u00e1 a reconocidas ilustradoras del panorama nacional e ilustradoras palmeras.\" \/>\n<meta property=\"og:url\" content=\"https:\/\/www.aridane.org\/city\/2021\/05\/28\/en-marcha-bolboreta-el-primer-festival-de-ilustracion-de-los-llanos-de-aridane\/\" \/>\n<meta property=\"og:site_name\" content=\"Ayuntamiento de Los Llanos de Aridane\" \/>\n<meta property=\"article:published_time\" content=\"2021-05-28T11:59:38+00:00\" \/>\n<meta name=\"author\" content=\"Richard Diaz\" \/>\n<meta name=\"twitter:card\" content=\"summary_large_image\" \/>\n<meta name=\"twitter:label1\" content=\"Escrito por\" \/>\n\t<meta name=\"twitter:data1\" content=\"Richard Diaz\" \/>\n\t<meta name=\"twitter:label2\" content=\"Tiempo de lectura\" \/>\n\t<meta name=\"twitter:data2\" content=\"3 minutos\" \/>\n<script type=\"application\/ld+json\" class=\"yoast-schema-graph\">{\"@context\":\"https:\/\/schema.org\",\"@graph\":[{\"@type\":\"WebPage\",\"@id\":\"https:\/\/www.aridane.org\/city\/2021\/05\/28\/en-marcha-bolboreta-el-primer-festival-de-ilustracion-de-los-llanos-de-aridane\/\",\"url\":\"https:\/\/www.aridane.org\/city\/2021\/05\/28\/en-marcha-bolboreta-el-primer-festival-de-ilustracion-de-los-llanos-de-aridane\/\",\"name\":\"En marcha \u201cBolboreta\u201d, el primer Festival de Ilustraci\u00f3n de Los Llanos de Aridane - Ayuntamiento de Los Llanos de Aridane\",\"isPartOf\":{\"@id\":\"https:\/\/www.aridane.org\/city\/#website\"},\"datePublished\":\"2021-05-28T11:59:38+00:00\",\"dateModified\":\"2021-05-28T11:59:38+00:00\",\"author\":{\"@id\":\"https:\/\/www.aridane.org\/city\/#\/schema\/person\/7d352ec7f29881716f298394432e7209\"},\"description\":\"Arranca el I Festival de Ilustraci\u00f3n de Los Llanos de Aridane que reunir\u00e1 a reconocidas ilustradoras del panorama nacional e ilustradoras palmeras.\",\"breadcrumb\":{\"@id\":\"https:\/\/www.aridane.org\/city\/2021\/05\/28\/en-marcha-bolboreta-el-primer-festival-de-ilustracion-de-los-llanos-de-aridane\/#breadcrumb\"},\"inLanguage\":\"es\",\"potentialAction\":[{\"@type\":\"ReadAction\",\"target\":[\"https:\/\/www.aridane.org\/city\/2021\/05\/28\/en-marcha-bolboreta-el-primer-festival-de-ilustracion-de-los-llanos-de-aridane\/\"]}]},{\"@type\":\"BreadcrumbList\",\"@id\":\"https:\/\/www.aridane.org\/city\/2021\/05\/28\/en-marcha-bolboreta-el-primer-festival-de-ilustracion-de-los-llanos-de-aridane\/#breadcrumb\",\"itemListElement\":[{\"@type\":\"ListItem\",\"position\":1,\"name\":\"Portada\",\"item\":\"https:\/\/www.aridane.org\/city\/\"},{\"@type\":\"ListItem\",\"position\":2,\"name\":\"En marcha \u201cBolboreta\u201d, el primer Festival de Ilustraci\u00f3n de Los Llanos de Aridane\"}]},{\"@type\":\"WebSite\",\"@id\":\"https:\/\/www.aridane.org\/city\/#website\",\"url\":\"https:\/\/www.aridane.org\/city\/\",\"name\":\"Ayuntamiento de Los Llanos de Aridane\",\"description\":\"\",\"potentialAction\":[{\"@type\":\"SearchAction\",\"target\":{\"@type\":\"EntryPoint\",\"urlTemplate\":\"https:\/\/www.aridane.org\/city\/?s={search_term_string}\"},\"query-input\":\"required name=search_term_string\"}],\"inLanguage\":\"es\"},{\"@type\":\"Person\",\"@id\":\"https:\/\/www.aridane.org\/city\/#\/schema\/person\/7d352ec7f29881716f298394432e7209\",\"name\":\"Richard Diaz\",\"image\":{\"@type\":\"ImageObject\",\"inLanguage\":\"es\",\"@id\":\"https:\/\/www.aridane.org\/city\/#\/schema\/person\/image\/\",\"url\":\"https:\/\/secure.gravatar.com\/avatar\/bacd6aefc26a4a204943090a4c596cd10f0857081ef3cfd12084a70ecb3161d5?s=96&d=mm&r=g\",\"contentUrl\":\"https:\/\/secure.gravatar.com\/avatar\/bacd6aefc26a4a204943090a4c596cd10f0857081ef3cfd12084a70ecb3161d5?s=96&d=mm&r=g\",\"caption\":\"Richard Diaz\"},\"sameAs\":[\"https:\/\/www.aridane.org\/city\"],\"url\":\"https:\/\/www.aridane.org\/city\/author\/richard-diaz\/\"}]}<\/script>\n<!-- \/ Yoast SEO plugin. -->","yoast_head_json":{"title":"En marcha \u201cBolboreta\u201d, el primer Festival de Ilustraci\u00f3n de Los Llanos de Aridane - Ayuntamiento de Los Llanos de Aridane","description":"Arranca el I Festival de Ilustraci\u00f3n de Los Llanos de Aridane que reunir\u00e1 a reconocidas ilustradoras del panorama nacional e ilustradoras palmeras.","robots":{"index":"index","follow":"follow","max-snippet":"max-snippet:-1","max-image-preview":"max-image-preview:large","max-video-preview":"max-video-preview:-1"},"canonical":"https:\/\/www.aridane.org\/city\/2021\/05\/28\/en-marcha-bolboreta-el-primer-festival-de-ilustracion-de-los-llanos-de-aridane\/","og_locale":"es_ES","og_type":"article","og_title":"En marcha \u201cBolboreta\u201d, el primer Festival de Ilustraci\u00f3n de Los Llanos de Aridane - Ayuntamiento de Los Llanos de Aridane","og_description":"Arranca el I Festival de Ilustraci\u00f3n de Los Llanos de Aridane que reunir\u00e1 a reconocidas ilustradoras del panorama nacional e ilustradoras palmeras.","og_url":"https:\/\/www.aridane.org\/city\/2021\/05\/28\/en-marcha-bolboreta-el-primer-festival-de-ilustracion-de-los-llanos-de-aridane\/","og_site_name":"Ayuntamiento de Los Llanos de Aridane","article_published_time":"2021-05-28T11:59:38+00:00","author":"Richard Diaz","twitter_card":"summary_large_image","twitter_misc":{"Escrito por":"Richard Diaz","Tiempo de lectura":"3 minutos"},"schema":{"@context":"https:\/\/schema.org","@graph":[{"@type":"WebPage","@id":"https:\/\/www.aridane.org\/city\/2021\/05\/28\/en-marcha-bolboreta-el-primer-festival-de-ilustracion-de-los-llanos-de-aridane\/","url":"https:\/\/www.aridane.org\/city\/2021\/05\/28\/en-marcha-bolboreta-el-primer-festival-de-ilustracion-de-los-llanos-de-aridane\/","name":"En marcha \u201cBolboreta\u201d, el primer Festival de Ilustraci\u00f3n de Los Llanos de Aridane - Ayuntamiento de Los Llanos de Aridane","isPartOf":{"@id":"https:\/\/www.aridane.org\/city\/#website"},"datePublished":"2021-05-28T11:59:38+00:00","dateModified":"2021-05-28T11:59:38+00:00","author":{"@id":"https:\/\/www.aridane.org\/city\/#\/schema\/person\/7d352ec7f29881716f298394432e7209"},"description":"Arranca el I Festival de Ilustraci\u00f3n de Los Llanos de Aridane que reunir\u00e1 a reconocidas ilustradoras del panorama nacional e ilustradoras palmeras.","breadcrumb":{"@id":"https:\/\/www.aridane.org\/city\/2021\/05\/28\/en-marcha-bolboreta-el-primer-festival-de-ilustracion-de-los-llanos-de-aridane\/#breadcrumb"},"inLanguage":"es","potentialAction":[{"@type":"ReadAction","target":["https:\/\/www.aridane.org\/city\/2021\/05\/28\/en-marcha-bolboreta-el-primer-festival-de-ilustracion-de-los-llanos-de-aridane\/"]}]},{"@type":"BreadcrumbList","@id":"https:\/\/www.aridane.org\/city\/2021\/05\/28\/en-marcha-bolboreta-el-primer-festival-de-ilustracion-de-los-llanos-de-aridane\/#breadcrumb","itemListElement":[{"@type":"ListItem","position":1,"name":"Portada","item":"https:\/\/www.aridane.org\/city\/"},{"@type":"ListItem","position":2,"name":"En marcha \u201cBolboreta\u201d, el primer Festival de Ilustraci\u00f3n de Los Llanos de Aridane"}]},{"@type":"WebSite","@id":"https:\/\/www.aridane.org\/city\/#website","url":"https:\/\/www.aridane.org\/city\/","name":"Ayuntamiento de Los Llanos de Aridane","description":"","potentialAction":[{"@type":"SearchAction","target":{"@type":"EntryPoint","urlTemplate":"https:\/\/www.aridane.org\/city\/?s={search_term_string}"},"query-input":"required name=search_term_string"}],"inLanguage":"es"},{"@type":"Person","@id":"https:\/\/www.aridane.org\/city\/#\/schema\/person\/7d352ec7f29881716f298394432e7209","name":"Richard Diaz","image":{"@type":"ImageObject","inLanguage":"es","@id":"https:\/\/www.aridane.org\/city\/#\/schema\/person\/image\/","url":"https:\/\/secure.gravatar.com\/avatar\/bacd6aefc26a4a204943090a4c596cd10f0857081ef3cfd12084a70ecb3161d5?s=96&d=mm&r=g","contentUrl":"https:\/\/secure.gravatar.com\/avatar\/bacd6aefc26a4a204943090a4c596cd10f0857081ef3cfd12084a70ecb3161d5?s=96&d=mm&r=g","caption":"Richard Diaz"},"sameAs":["https:\/\/www.aridane.org\/city"],"url":"https:\/\/www.aridane.org\/city\/author\/richard-diaz\/"}]}},"_links":{"self":[{"href":"https:\/\/www.aridane.org\/city\/wp-json\/wp\/v2\/posts\/831","targetHints":{"allow":["GET"]}}],"collection":[{"href":"https:\/\/www.aridane.org\/city\/wp-json\/wp\/v2\/posts"}],"about":[{"href":"https:\/\/www.aridane.org\/city\/wp-json\/wp\/v2\/types\/post"}],"author":[{"embeddable":true,"href":"https:\/\/www.aridane.org\/city\/wp-json\/wp\/v2\/users\/1"}],"replies":[{"embeddable":true,"href":"https:\/\/www.aridane.org\/city\/wp-json\/wp\/v2\/comments?post=831"}],"version-history":[{"count":0,"href":"https:\/\/www.aridane.org\/city\/wp-json\/wp\/v2\/posts\/831\/revisions"}],"wp:attachment":[{"href":"https:\/\/www.aridane.org\/city\/wp-json\/wp\/v2\/media?parent=831"}],"wp:term":[{"taxonomy":"category","embeddable":true,"href":"https:\/\/www.aridane.org\/city\/wp-json\/wp\/v2\/categories?post=831"},{"taxonomy":"post_tag","embeddable":true,"href":"https:\/\/www.aridane.org\/city\/wp-json\/wp\/v2\/tags?post=831"}],"curies":[{"name":"wp","href":"https:\/\/api.w.org\/{rel}","templated":true}]}}