{"id":925,"date":"2022-10-18T10:00:13","date_gmt":"2022-10-18T09:00:13","guid":{"rendered":"https:\/\/aridane.org\/ciudad\/?p=925"},"modified":"2022-10-18T10:00:13","modified_gmt":"2022-10-18T09:00:13","slug":"el-ayuntamiento-de-los-llanos-de-aridane-contrata-a-38-parados-de-larga-duracion","status":"publish","type":"post","link":"https:\/\/www.aridane.org\/city\/2022\/10\/18\/el-ayuntamiento-de-los-llanos-de-aridane-contrata-a-38-parados-de-larga-duracion\/","title":{"rendered":"El Ayuntamiento de Los Llanos de Aridane contrata a 38 parados de larga duraci\u00f3n"},"content":{"rendered":"<section class=\"wpb-content-wrapper\"><p>[vc_row css_animation=\u00bb\u00bb row_type=\u00bbrow\u00bb use_row_as_full_screen_section=\u00bbno\u00bb type=\u00bbfull_width\u00bb angled_section=\u00bbno\u00bb text_align=\u00bbleft\u00bb background_image_as_pattern=\u00bbwithout_pattern\u00bb][vc_column][vc_row_inner row_type=\u00bbrow\u00bb type=\u00bbgrid\u00bb text_align=\u00bbleft\u00bb css_animation=\u00bb\u00bb][vc_column_inner][vc_empty_space height=\u00bb20px\u00bb][vc_column_text]<\/p>\n<ul>\n<li><em>Desde el Consistorio ponen en valor este proyecto, que se desarrolla gracias a la financiaci\u00f3n del Gobierno de Canarias, \u00abya que va a suponer un impulso laboral para estas personas, y a la vez, tambi\u00e9n, nos va a permitir seguir trabajando en la recuperaci\u00f3n en la que ya se encuentra inmerso nuestro municipio\u201d.<\/em><\/li>\n<\/ul>\n<p>&nbsp;<\/p>\n<p style=\"text-align: justify;\"><strong>Los Llanos de Aridane, 18 de octubre de 2022.- <\/strong>El Ayuntamiento de Los Llanos de Aridane a trav\u00e9s de la concejal de Empleo, Elena Concepci\u00f3n, y del concejal de Servicios Municipales, Jos\u00e9 Mar\u00eda Rivera, han confirmado la incorporaci\u00f3n, desde ayer, de 38 personas paradas de larga duraci\u00f3n a la plantilla municipal, durante 7 y 8\u00a0 meses.<\/p>\n<p style=\"text-align: justify;\">Concepci\u00f3n explica que estos contratos forman parte del Proyecto Revalorizaci\u00f3n de Espacios P\u00fablicos y Mejora de los Servicios del Municipio, que desarrolla la Corporaci\u00f3n Municipal, gracias a la financiaci\u00f3n del Gobierno de Canarias, \u201cy que permite a las personas desempleadas de larga duraci\u00f3n combinar el acceso a un puesto de trabajo con un programa formativo para mejorar sus competencias y su empleabilidad\u201d.<\/p>\n<p style=\"text-align: justify;\">La concejal confirma que de los 38 trabajadores contratados, 2 son docentes, otros 2 forman el equipo directivo, mientras que los otros 34 son alumnos-trabajadores que no tienen los estudios de la ESO, \u201cpor lo que tal y como recoge este programa el 40% de la jornada se dedicar\u00e1n a la formaci\u00f3n, mientras que el otro 60% , restante, trabajar\u00e1n en la mejora de los servicios del municipio\u201d, afirma.<\/p>\n<p style=\"text-align: justify;\">Por su parte, Rivera se\u00f1ala que estos 34 alumnos-trabajadores se distribuir\u00e1n en dos grupos, 16 peones que trabajar\u00e1n en el \u00e1rea de limpieza m\u00e1s un encargado, y otros 16 peones en el \u00e1rea de obras m\u00e1s otro encargado, \u201cy durante este tiempo se encargar\u00e1n de mejorar los espacios p\u00fablicos, suprimir barreras arquitect\u00f3nicas, reformar zonas espec\u00edficas, y a revalorizar espacios, mediante la protecci\u00f3n y mantenimiento de zonas naturales\u201d.<\/p>\n<p style=\"text-align: justify;\">Por \u00faltimo, desde el Ayuntamiento de Los Llanos de Aridane ponen en valor este proyecto, \u201cya que estamos seguros que va a suponer un impulso laboral para estas personas que hoy se incorporan de nuevo al mercado laboral, y cuyo trabajo va a ser clave para seguir trabajando en la recuperaci\u00f3n del municipio\u201d.<\/p>\n<p>[\/vc_column_text][vc_empty_space height=\u00bb20px\u00bb][\/vc_column_inner][\/vc_row_inner][\/vc_column][\/vc_row]<\/p>\n<\/section>","protected":false},"excerpt":{"rendered":"<p>[vc_row css_animation=\u00bb\u00bb row_type=\u00bbrow\u00bb use_row_as_full_screen_section=\u00bbno\u00bb type=\u00bbfull_width\u00bb angled_section=\u00bbno\u00bb text_align=\u00bbleft\u00bb background_image_as_pattern=\u00bbwithout_pattern\u00bb][vc_column][vc_row_inner row_type=\u00bbrow\u00bb type=\u00bbgrid\u00bb text_align=\u00bbleft\u00bb css_animation=\u00bb\u00bb][vc_column_inner][vc_empty_space height=\u00bb20px\u00bb][vc_column_text] Desde el Consistorio ponen en valor este proyecto, que se desarrolla gracias a la financiaci\u00f3n del Gobierno de Canarias, \u00abya que va a suponer un impulso laboral para estas personas, y a&#8230;<\/p>\n","protected":false},"author":1,"featured_media":0,"comment_status":"closed","ping_status":"open","sticky":false,"template":"","format":"standard","meta":{"footnotes":""},"categories":[6],"tags":[],"class_list":["post-925","post","type-post","status-publish","format-standard","hentry","category-prensa"],"yoast_head":"<!-- This site is optimized with the Yoast SEO plugin v22.7 - https:\/\/yoast.com\/wordpress\/plugins\/seo\/ -->\n<title>El Ayuntamiento de Los Llanos de Aridane contrata a 38 parados de larga duraci\u00f3n - Ayuntamiento de Los Llanos de Aridane<\/title>\n<meta name=\"description\" content=\"El Ayuntamiento de Los Llanos de Aridane presenta el cartel y el programa de La Patrona 2021 con el lema \u201cRemedios, m\u00e1s que un nombre.\u201d\" \/>\n<meta name=\"robots\" content=\"index, follow, max-snippet:-1, max-image-preview:large, max-video-preview:-1\" \/>\n<link rel=\"canonical\" href=\"https:\/\/www.aridane.org\/city\/2022\/10\/18\/el-ayuntamiento-de-los-llanos-de-aridane-contrata-a-38-parados-de-larga-duracion\/\" \/>\n<meta property=\"og:locale\" content=\"es_ES\" \/>\n<meta property=\"og:type\" content=\"article\" \/>\n<meta property=\"og:title\" content=\"El Ayuntamiento de Los Llanos de Aridane contrata a 38 parados de larga duraci\u00f3n - Ayuntamiento de Los Llanos de Aridane\" \/>\n<meta property=\"og:description\" content=\"El Ayuntamiento de Los Llanos de Aridane presenta el cartel y el programa de La Patrona 2021 con el lema \u201cRemedios, m\u00e1s que un nombre.\u201d\" \/>\n<meta property=\"og:url\" content=\"https:\/\/www.aridane.org\/city\/2022\/10\/18\/el-ayuntamiento-de-los-llanos-de-aridane-contrata-a-38-parados-de-larga-duracion\/\" \/>\n<meta property=\"og:site_name\" content=\"Ayuntamiento de Los Llanos de Aridane\" \/>\n<meta property=\"article:published_time\" content=\"2022-10-18T09:00:13+00:00\" \/>\n<meta name=\"author\" content=\"Richard Diaz\" \/>\n<meta name=\"twitter:card\" content=\"summary_large_image\" \/>\n<meta name=\"twitter:label1\" content=\"Escrito por\" \/>\n\t<meta name=\"twitter:data1\" content=\"Richard Diaz\" \/>\n\t<meta name=\"twitter:label2\" content=\"Tiempo de lectura\" \/>\n\t<meta name=\"twitter:data2\" content=\"2 minutos\" \/>\n<script type=\"application\/ld+json\" class=\"yoast-schema-graph\">{\"@context\":\"https:\/\/schema.org\",\"@graph\":[{\"@type\":\"WebPage\",\"@id\":\"https:\/\/www.aridane.org\/city\/2022\/10\/18\/el-ayuntamiento-de-los-llanos-de-aridane-contrata-a-38-parados-de-larga-duracion\/\",\"url\":\"https:\/\/www.aridane.org\/city\/2022\/10\/18\/el-ayuntamiento-de-los-llanos-de-aridane-contrata-a-38-parados-de-larga-duracion\/\",\"name\":\"El Ayuntamiento de Los Llanos de Aridane contrata a 38 parados de larga duraci\u00f3n - Ayuntamiento de Los Llanos de Aridane\",\"isPartOf\":{\"@id\":\"https:\/\/www.aridane.org\/city\/#website\"},\"datePublished\":\"2022-10-18T09:00:13+00:00\",\"dateModified\":\"2022-10-18T09:00:13+00:00\",\"author\":{\"@id\":\"https:\/\/www.aridane.org\/city\/#\/schema\/person\/7d352ec7f29881716f298394432e7209\"},\"description\":\"El Ayuntamiento de Los Llanos de Aridane presenta el cartel y el programa de La Patrona 2021 con el lema \u201cRemedios, m\u00e1s que un nombre.\u201d\",\"breadcrumb\":{\"@id\":\"https:\/\/www.aridane.org\/city\/2022\/10\/18\/el-ayuntamiento-de-los-llanos-de-aridane-contrata-a-38-parados-de-larga-duracion\/#breadcrumb\"},\"inLanguage\":\"es\",\"potentialAction\":[{\"@type\":\"ReadAction\",\"target\":[\"https:\/\/www.aridane.org\/city\/2022\/10\/18\/el-ayuntamiento-de-los-llanos-de-aridane-contrata-a-38-parados-de-larga-duracion\/\"]}]},{\"@type\":\"BreadcrumbList\",\"@id\":\"https:\/\/www.aridane.org\/city\/2022\/10\/18\/el-ayuntamiento-de-los-llanos-de-aridane-contrata-a-38-parados-de-larga-duracion\/#breadcrumb\",\"itemListElement\":[{\"@type\":\"ListItem\",\"position\":1,\"name\":\"Portada\",\"item\":\"https:\/\/www.aridane.org\/city\/\"},{\"@type\":\"ListItem\",\"position\":2,\"name\":\"El Ayuntamiento de Los Llanos de Aridane contrata a 38 parados de larga duraci\u00f3n\"}]},{\"@type\":\"WebSite\",\"@id\":\"https:\/\/www.aridane.org\/city\/#website\",\"url\":\"https:\/\/www.aridane.org\/city\/\",\"name\":\"Ayuntamiento de Los Llanos de Aridane\",\"description\":\"\",\"potentialAction\":[{\"@type\":\"SearchAction\",\"target\":{\"@type\":\"EntryPoint\",\"urlTemplate\":\"https:\/\/www.aridane.org\/city\/?s={search_term_string}\"},\"query-input\":\"required name=search_term_string\"}],\"inLanguage\":\"es\"},{\"@type\":\"Person\",\"@id\":\"https:\/\/www.aridane.org\/city\/#\/schema\/person\/7d352ec7f29881716f298394432e7209\",\"name\":\"Richard Diaz\",\"image\":{\"@type\":\"ImageObject\",\"inLanguage\":\"es\",\"@id\":\"https:\/\/www.aridane.org\/city\/#\/schema\/person\/image\/\",\"url\":\"https:\/\/secure.gravatar.com\/avatar\/bacd6aefc26a4a204943090a4c596cd10f0857081ef3cfd12084a70ecb3161d5?s=96&d=mm&r=g\",\"contentUrl\":\"https:\/\/secure.gravatar.com\/avatar\/bacd6aefc26a4a204943090a4c596cd10f0857081ef3cfd12084a70ecb3161d5?s=96&d=mm&r=g\",\"caption\":\"Richard Diaz\"},\"sameAs\":[\"https:\/\/www.aridane.org\/city\"],\"url\":\"https:\/\/www.aridane.org\/city\/author\/richard-diaz\/\"}]}<\/script>\n<!-- \/ Yoast SEO plugin. -->","yoast_head_json":{"title":"El Ayuntamiento de Los Llanos de Aridane contrata a 38 parados de larga duraci\u00f3n - Ayuntamiento de Los Llanos de Aridane","description":"El Ayuntamiento de Los Llanos de Aridane presenta el cartel y el programa de La Patrona 2021 con el lema \u201cRemedios, m\u00e1s que un nombre.\u201d","robots":{"index":"index","follow":"follow","max-snippet":"max-snippet:-1","max-image-preview":"max-image-preview:large","max-video-preview":"max-video-preview:-1"},"canonical":"https:\/\/www.aridane.org\/city\/2022\/10\/18\/el-ayuntamiento-de-los-llanos-de-aridane-contrata-a-38-parados-de-larga-duracion\/","og_locale":"es_ES","og_type":"article","og_title":"El Ayuntamiento de Los Llanos de Aridane contrata a 38 parados de larga duraci\u00f3n - Ayuntamiento de Los Llanos de Aridane","og_description":"El Ayuntamiento de Los Llanos de Aridane presenta el cartel y el programa de La Patrona 2021 con el lema \u201cRemedios, m\u00e1s que un nombre.\u201d","og_url":"https:\/\/www.aridane.org\/city\/2022\/10\/18\/el-ayuntamiento-de-los-llanos-de-aridane-contrata-a-38-parados-de-larga-duracion\/","og_site_name":"Ayuntamiento de Los Llanos de Aridane","article_published_time":"2022-10-18T09:00:13+00:00","author":"Richard Diaz","twitter_card":"summary_large_image","twitter_misc":{"Escrito por":"Richard Diaz","Tiempo de lectura":"2 minutos"},"schema":{"@context":"https:\/\/schema.org","@graph":[{"@type":"WebPage","@id":"https:\/\/www.aridane.org\/city\/2022\/10\/18\/el-ayuntamiento-de-los-llanos-de-aridane-contrata-a-38-parados-de-larga-duracion\/","url":"https:\/\/www.aridane.org\/city\/2022\/10\/18\/el-ayuntamiento-de-los-llanos-de-aridane-contrata-a-38-parados-de-larga-duracion\/","name":"El Ayuntamiento de Los Llanos de Aridane contrata a 38 parados de larga duraci\u00f3n - Ayuntamiento de Los Llanos de Aridane","isPartOf":{"@id":"https:\/\/www.aridane.org\/city\/#website"},"datePublished":"2022-10-18T09:00:13+00:00","dateModified":"2022-10-18T09:00:13+00:00","author":{"@id":"https:\/\/www.aridane.org\/city\/#\/schema\/person\/7d352ec7f29881716f298394432e7209"},"description":"El Ayuntamiento de Los Llanos de Aridane presenta el cartel y el programa de La Patrona 2021 con el lema \u201cRemedios, m\u00e1s que un nombre.\u201d","breadcrumb":{"@id":"https:\/\/www.aridane.org\/city\/2022\/10\/18\/el-ayuntamiento-de-los-llanos-de-aridane-contrata-a-38-parados-de-larga-duracion\/#breadcrumb"},"inLanguage":"es","potentialAction":[{"@type":"ReadAction","target":["https:\/\/www.aridane.org\/city\/2022\/10\/18\/el-ayuntamiento-de-los-llanos-de-aridane-contrata-a-38-parados-de-larga-duracion\/"]}]},{"@type":"BreadcrumbList","@id":"https:\/\/www.aridane.org\/city\/2022\/10\/18\/el-ayuntamiento-de-los-llanos-de-aridane-contrata-a-38-parados-de-larga-duracion\/#breadcrumb","itemListElement":[{"@type":"ListItem","position":1,"name":"Portada","item":"https:\/\/www.aridane.org\/city\/"},{"@type":"ListItem","position":2,"name":"El Ayuntamiento de Los Llanos de Aridane contrata a 38 parados de larga duraci\u00f3n"}]},{"@type":"WebSite","@id":"https:\/\/www.aridane.org\/city\/#website","url":"https:\/\/www.aridane.org\/city\/","name":"Ayuntamiento de Los Llanos de Aridane","description":"","potentialAction":[{"@type":"SearchAction","target":{"@type":"EntryPoint","urlTemplate":"https:\/\/www.aridane.org\/city\/?s={search_term_string}"},"query-input":"required name=search_term_string"}],"inLanguage":"es"},{"@type":"Person","@id":"https:\/\/www.aridane.org\/city\/#\/schema\/person\/7d352ec7f29881716f298394432e7209","name":"Richard Diaz","image":{"@type":"ImageObject","inLanguage":"es","@id":"https:\/\/www.aridane.org\/city\/#\/schema\/person\/image\/","url":"https:\/\/secure.gravatar.com\/avatar\/bacd6aefc26a4a204943090a4c596cd10f0857081ef3cfd12084a70ecb3161d5?s=96&d=mm&r=g","contentUrl":"https:\/\/secure.gravatar.com\/avatar\/bacd6aefc26a4a204943090a4c596cd10f0857081ef3cfd12084a70ecb3161d5?s=96&d=mm&r=g","caption":"Richard Diaz"},"sameAs":["https:\/\/www.aridane.org\/city"],"url":"https:\/\/www.aridane.org\/city\/author\/richard-diaz\/"}]}},"_links":{"self":[{"href":"https:\/\/www.aridane.org\/city\/wp-json\/wp\/v2\/posts\/925","targetHints":{"allow":["GET"]}}],"collection":[{"href":"https:\/\/www.aridane.org\/city\/wp-json\/wp\/v2\/posts"}],"about":[{"href":"https:\/\/www.aridane.org\/city\/wp-json\/wp\/v2\/types\/post"}],"author":[{"embeddable":true,"href":"https:\/\/www.aridane.org\/city\/wp-json\/wp\/v2\/users\/1"}],"replies":[{"embeddable":true,"href":"https:\/\/www.aridane.org\/city\/wp-json\/wp\/v2\/comments?post=925"}],"version-history":[{"count":0,"href":"https:\/\/www.aridane.org\/city\/wp-json\/wp\/v2\/posts\/925\/revisions"}],"wp:attachment":[{"href":"https:\/\/www.aridane.org\/city\/wp-json\/wp\/v2\/media?parent=925"}],"wp:term":[{"taxonomy":"category","embeddable":true,"href":"https:\/\/www.aridane.org\/city\/wp-json\/wp\/v2\/categories?post=925"},{"taxonomy":"post_tag","embeddable":true,"href":"https:\/\/www.aridane.org\/city\/wp-json\/wp\/v2\/tags?post=925"}],"curies":[{"name":"wp","href":"https:\/\/api.w.org\/{rel}","templated":true}]}}