{"id":930,"date":"2022-10-18T13:18:03","date_gmt":"2022-10-18T12:18:03","guid":{"rendered":"https:\/\/aridane.org\/ciudad\/?p=930"},"modified":"2022-10-18T13:18:03","modified_gmt":"2022-10-18T12:18:03","slug":"abierto-el-plazo-de-inscripcion-para-los-artistas-que-deseen-exponer-sus-obras-en-el-real-market-2022-de-los-llanos-de-aridane","status":"publish","type":"post","link":"https:\/\/www.aridane.org\/city\/2022\/10\/18\/abierto-el-plazo-de-inscripcion-para-los-artistas-que-deseen-exponer-sus-obras-en-el-real-market-2022-de-los-llanos-de-aridane\/","title":{"rendered":"Abierto el plazo de inscripci\u00f3n para los artistas que deseen exponer sus obras en el Real Market 2022 de Los Llanos de Aridane"},"content":{"rendered":"<section class=\"wpb-content-wrapper\"><p>[vc_row css_animation=\u00bb\u00bb row_type=\u00bbrow\u00bb use_row_as_full_screen_section=\u00bbno\u00bb type=\u00bbfull_width\u00bb angled_section=\u00bbno\u00bb text_align=\u00bbleft\u00bb background_image_as_pattern=\u00bbwithout_pattern\u00bb][vc_column][vc_row_inner row_type=\u00bbrow\u00bb type=\u00bbgrid\u00bb text_align=\u00bbleft\u00bb css_animation=\u00bb\u00bb][vc_column_inner][vc_empty_space height=\u00bb20px\u00bb][vc_column_text]<\/p>\n<ul>\n<li><em>Este evento se desarrollar\u00e1 del 9 de diciembre al 5 de enero de 2023, ambos inclusive, en las salas del Espacio Cultural Real 21.<\/em><\/li>\n<\/ul>\n<p>&nbsp;<\/p>\n<p><strong>Los Llanos de Aridane, 18 octubre de 2022.- <\/strong>El Ayuntamiento de Los Llanos de Aridane a trav\u00e9s de la concejal de Cultura, Charo Gonz\u00e1lez, ha confirmado que desde hoy todos aquellos artistas que est\u00e9n interesados en participar en la 5\u00ba edici\u00f3n del Real Market\u00a0 en las modalidades de pintura, escultura, obra gr\u00e1fica y fotograf\u00eda, y podr\u00e1n inscribirse hasta el pr\u00f3ximo 30 de octubre.<\/p>\n<p>La concejal recuerda que esta actividad se desarrollar\u00e1 del 9 de diciembre al 5 de enero de 2023, ambos inclusive, en las salas del Espacio Cultural Real 21, y el n\u00famero m\u00e1ximo de autores ser\u00e1 20. \u201cEstamos seguros que esta actividad es una oportunidad para acercarnos a las obras de artistas insulares, regionales y nacionales, y tambi\u00e9n es la ocasi\u00f3n perfecta para hacer las compras de Navidad\u201d.<\/p>\n<p>Desde la concejal\u00eda de Cultura explican que podr\u00e1n participar todas las personas f\u00edsicas residentes en territorio espa\u00f1ol, mayores de edad, y lo deber\u00e1n hacer a trav\u00e9s del Registro General del Excmo. Ayuntamiento de Los Llanos de Aridane, en el horario de atenci\u00f3n al p\u00fablico, o\u00a0en los Registros y Oficinas a que se refiere la Ley 39\/2015, de 1 de octubre, del Procedimiento Administrativo Com\u00fan de las Administraciones P\u00fablicas. Adem\u00e1s, las solicitudes\u00a0consistir\u00e1n en un curr\u00edculo acompa\u00f1ado de dossier, book, soporte electr\u00f3nico de la obra del autor\/a, describiendo detalladamente caracter\u00edsticas, composici\u00f3n, t\u00e9cnicas, elementos o medidas de la obra.\u00a0Tambi\u00e9n se tendr\u00e1 que presentar\u00a0detalladamente el nombre y apellidos del autor\/a, \u00a0el nombre art\u00edstico, correo electr\u00f3nico, tel\u00e9fono de contacto, biograf\u00eda con un m\u00e1ximo de 200 palabras, y enlaces a sitios webs del autor\/a como web, o redes sociales para conocer otras propuestas art\u00edsticas del artista. Asimismo, recuerdan que las bases estar\u00e1n disponibles en la p\u00e1gina web\u00a0<a href=\"http:\/\/www.aridane.org\/\">www.aridane.org<\/a>.<\/p>\n<p>Por \u00faltimo, desde el Ayuntamiento de Los Llanos de Aridane se invita a todos aquellos artistas a presentar sus trabajos, \u201cporque es una buena oportunidad para acercar sus trabajos al p\u00fablico palmero, en un evento que a\u00f1o tras a\u00f1o se est\u00e1 consolidando\u201d.[\/vc_column_text][vc_empty_space height=\u00bb20px\u00bb][\/vc_column_inner][\/vc_row_inner][\/vc_column][\/vc_row]<\/p>\n<\/section>","protected":false},"excerpt":{"rendered":"<p>[vc_row css_animation=\u00bb\u00bb row_type=\u00bbrow\u00bb use_row_as_full_screen_section=\u00bbno\u00bb type=\u00bbfull_width\u00bb angled_section=\u00bbno\u00bb text_align=\u00bbleft\u00bb background_image_as_pattern=\u00bbwithout_pattern\u00bb][vc_column][vc_row_inner row_type=\u00bbrow\u00bb type=\u00bbgrid\u00bb text_align=\u00bbleft\u00bb css_animation=\u00bb\u00bb][vc_column_inner][vc_empty_space height=\u00bb20px\u00bb][vc_column_text] Este evento se desarrollar\u00e1 del 9 de diciembre al 5 de enero de 2023, ambos inclusive, en las salas del Espacio Cultural Real 21. &nbsp; Los Llanos de Aridane, 18 octubre de&#8230;<\/p>\n","protected":false},"author":1,"featured_media":0,"comment_status":"closed","ping_status":"open","sticky":false,"template":"","format":"standard","meta":{"footnotes":""},"categories":[6],"tags":[],"class_list":["post-930","post","type-post","status-publish","format-standard","hentry","category-prensa"],"yoast_head":"<!-- This site is optimized with the Yoast SEO plugin v22.7 - https:\/\/yoast.com\/wordpress\/plugins\/seo\/ -->\n<title>Abierto el plazo de inscripci\u00f3n para los artistas que deseen exponer sus obras en el Real Market 2022 de Los Llanos de Aridane - Ayuntamiento de Los Llanos de Aridane<\/title>\n<meta name=\"description\" content=\"El Ayuntamiento de Los Llanos de Aridane presenta el cartel y el programa de La Patrona 2021 con el lema \u201cRemedios, m\u00e1s que un nombre.\u201d\" \/>\n<meta name=\"robots\" content=\"index, follow, max-snippet:-1, max-image-preview:large, max-video-preview:-1\" \/>\n<link rel=\"canonical\" href=\"https:\/\/www.aridane.org\/city\/2022\/10\/18\/abierto-el-plazo-de-inscripcion-para-los-artistas-que-deseen-exponer-sus-obras-en-el-real-market-2022-de-los-llanos-de-aridane\/\" \/>\n<meta property=\"og:locale\" content=\"es_ES\" \/>\n<meta property=\"og:type\" content=\"article\" \/>\n<meta property=\"og:title\" content=\"Abierto el plazo de inscripci\u00f3n para los artistas que deseen exponer sus obras en el Real Market 2022 de Los Llanos de Aridane - Ayuntamiento de Los Llanos de Aridane\" \/>\n<meta property=\"og:description\" content=\"El Ayuntamiento de Los Llanos de Aridane presenta el cartel y el programa de La Patrona 2021 con el lema \u201cRemedios, m\u00e1s que un nombre.\u201d\" \/>\n<meta property=\"og:url\" content=\"https:\/\/www.aridane.org\/city\/2022\/10\/18\/abierto-el-plazo-de-inscripcion-para-los-artistas-que-deseen-exponer-sus-obras-en-el-real-market-2022-de-los-llanos-de-aridane\/\" \/>\n<meta property=\"og:site_name\" content=\"Ayuntamiento de Los Llanos de Aridane\" \/>\n<meta property=\"article:published_time\" content=\"2022-10-18T12:18:03+00:00\" \/>\n<meta name=\"author\" content=\"Richard Diaz\" \/>\n<meta name=\"twitter:card\" content=\"summary_large_image\" \/>\n<meta name=\"twitter:label1\" content=\"Escrito por\" \/>\n\t<meta name=\"twitter:data1\" content=\"Richard Diaz\" \/>\n\t<meta name=\"twitter:label2\" content=\"Tiempo de lectura\" \/>\n\t<meta name=\"twitter:data2\" content=\"2 minutos\" \/>\n<script type=\"application\/ld+json\" class=\"yoast-schema-graph\">{\"@context\":\"https:\/\/schema.org\",\"@graph\":[{\"@type\":\"WebPage\",\"@id\":\"https:\/\/www.aridane.org\/city\/2022\/10\/18\/abierto-el-plazo-de-inscripcion-para-los-artistas-que-deseen-exponer-sus-obras-en-el-real-market-2022-de-los-llanos-de-aridane\/\",\"url\":\"https:\/\/www.aridane.org\/city\/2022\/10\/18\/abierto-el-plazo-de-inscripcion-para-los-artistas-que-deseen-exponer-sus-obras-en-el-real-market-2022-de-los-llanos-de-aridane\/\",\"name\":\"Abierto el plazo de inscripci\u00f3n para los artistas que deseen exponer sus obras en el Real Market 2022 de Los Llanos de Aridane - Ayuntamiento de Los Llanos de Aridane\",\"isPartOf\":{\"@id\":\"https:\/\/www.aridane.org\/city\/#website\"},\"datePublished\":\"2022-10-18T12:18:03+00:00\",\"dateModified\":\"2022-10-18T12:18:03+00:00\",\"author\":{\"@id\":\"https:\/\/www.aridane.org\/city\/#\/schema\/person\/7d352ec7f29881716f298394432e7209\"},\"description\":\"El Ayuntamiento de Los Llanos de Aridane presenta el cartel y el programa de La Patrona 2021 con el lema \u201cRemedios, m\u00e1s que un nombre.\u201d\",\"breadcrumb\":{\"@id\":\"https:\/\/www.aridane.org\/city\/2022\/10\/18\/abierto-el-plazo-de-inscripcion-para-los-artistas-que-deseen-exponer-sus-obras-en-el-real-market-2022-de-los-llanos-de-aridane\/#breadcrumb\"},\"inLanguage\":\"es\",\"potentialAction\":[{\"@type\":\"ReadAction\",\"target\":[\"https:\/\/www.aridane.org\/city\/2022\/10\/18\/abierto-el-plazo-de-inscripcion-para-los-artistas-que-deseen-exponer-sus-obras-en-el-real-market-2022-de-los-llanos-de-aridane\/\"]}]},{\"@type\":\"BreadcrumbList\",\"@id\":\"https:\/\/www.aridane.org\/city\/2022\/10\/18\/abierto-el-plazo-de-inscripcion-para-los-artistas-que-deseen-exponer-sus-obras-en-el-real-market-2022-de-los-llanos-de-aridane\/#breadcrumb\",\"itemListElement\":[{\"@type\":\"ListItem\",\"position\":1,\"name\":\"Portada\",\"item\":\"https:\/\/www.aridane.org\/city\/\"},{\"@type\":\"ListItem\",\"position\":2,\"name\":\"Abierto el plazo de inscripci\u00f3n para los artistas que deseen exponer sus obras en el Real Market 2022 de Los Llanos de Aridane\"}]},{\"@type\":\"WebSite\",\"@id\":\"https:\/\/www.aridane.org\/city\/#website\",\"url\":\"https:\/\/www.aridane.org\/city\/\",\"name\":\"Ayuntamiento de Los Llanos de Aridane\",\"description\":\"\",\"potentialAction\":[{\"@type\":\"SearchAction\",\"target\":{\"@type\":\"EntryPoint\",\"urlTemplate\":\"https:\/\/www.aridane.org\/city\/?s={search_term_string}\"},\"query-input\":\"required name=search_term_string\"}],\"inLanguage\":\"es\"},{\"@type\":\"Person\",\"@id\":\"https:\/\/www.aridane.org\/city\/#\/schema\/person\/7d352ec7f29881716f298394432e7209\",\"name\":\"Richard Diaz\",\"image\":{\"@type\":\"ImageObject\",\"inLanguage\":\"es\",\"@id\":\"https:\/\/www.aridane.org\/city\/#\/schema\/person\/image\/\",\"url\":\"https:\/\/secure.gravatar.com\/avatar\/bacd6aefc26a4a204943090a4c596cd10f0857081ef3cfd12084a70ecb3161d5?s=96&d=mm&r=g\",\"contentUrl\":\"https:\/\/secure.gravatar.com\/avatar\/bacd6aefc26a4a204943090a4c596cd10f0857081ef3cfd12084a70ecb3161d5?s=96&d=mm&r=g\",\"caption\":\"Richard Diaz\"},\"sameAs\":[\"https:\/\/www.aridane.org\/city\"],\"url\":\"https:\/\/www.aridane.org\/city\/author\/richard-diaz\/\"}]}<\/script>\n<!-- \/ Yoast SEO plugin. -->","yoast_head_json":{"title":"Abierto el plazo de inscripci\u00f3n para los artistas que deseen exponer sus obras en el Real Market 2022 de Los Llanos de Aridane - Ayuntamiento de Los Llanos de Aridane","description":"El Ayuntamiento de Los Llanos de Aridane presenta el cartel y el programa de La Patrona 2021 con el lema \u201cRemedios, m\u00e1s que un nombre.\u201d","robots":{"index":"index","follow":"follow","max-snippet":"max-snippet:-1","max-image-preview":"max-image-preview:large","max-video-preview":"max-video-preview:-1"},"canonical":"https:\/\/www.aridane.org\/city\/2022\/10\/18\/abierto-el-plazo-de-inscripcion-para-los-artistas-que-deseen-exponer-sus-obras-en-el-real-market-2022-de-los-llanos-de-aridane\/","og_locale":"es_ES","og_type":"article","og_title":"Abierto el plazo de inscripci\u00f3n para los artistas que deseen exponer sus obras en el Real Market 2022 de Los Llanos de Aridane - Ayuntamiento de Los Llanos de Aridane","og_description":"El Ayuntamiento de Los Llanos de Aridane presenta el cartel y el programa de La Patrona 2021 con el lema \u201cRemedios, m\u00e1s que un nombre.\u201d","og_url":"https:\/\/www.aridane.org\/city\/2022\/10\/18\/abierto-el-plazo-de-inscripcion-para-los-artistas-que-deseen-exponer-sus-obras-en-el-real-market-2022-de-los-llanos-de-aridane\/","og_site_name":"Ayuntamiento de Los Llanos de Aridane","article_published_time":"2022-10-18T12:18:03+00:00","author":"Richard Diaz","twitter_card":"summary_large_image","twitter_misc":{"Escrito por":"Richard Diaz","Tiempo de lectura":"2 minutos"},"schema":{"@context":"https:\/\/schema.org","@graph":[{"@type":"WebPage","@id":"https:\/\/www.aridane.org\/city\/2022\/10\/18\/abierto-el-plazo-de-inscripcion-para-los-artistas-que-deseen-exponer-sus-obras-en-el-real-market-2022-de-los-llanos-de-aridane\/","url":"https:\/\/www.aridane.org\/city\/2022\/10\/18\/abierto-el-plazo-de-inscripcion-para-los-artistas-que-deseen-exponer-sus-obras-en-el-real-market-2022-de-los-llanos-de-aridane\/","name":"Abierto el plazo de inscripci\u00f3n para los artistas que deseen exponer sus obras en el Real Market 2022 de Los Llanos de Aridane - Ayuntamiento de Los Llanos de Aridane","isPartOf":{"@id":"https:\/\/www.aridane.org\/city\/#website"},"datePublished":"2022-10-18T12:18:03+00:00","dateModified":"2022-10-18T12:18:03+00:00","author":{"@id":"https:\/\/www.aridane.org\/city\/#\/schema\/person\/7d352ec7f29881716f298394432e7209"},"description":"El Ayuntamiento de Los Llanos de Aridane presenta el cartel y el programa de La Patrona 2021 con el lema \u201cRemedios, m\u00e1s que un nombre.\u201d","breadcrumb":{"@id":"https:\/\/www.aridane.org\/city\/2022\/10\/18\/abierto-el-plazo-de-inscripcion-para-los-artistas-que-deseen-exponer-sus-obras-en-el-real-market-2022-de-los-llanos-de-aridane\/#breadcrumb"},"inLanguage":"es","potentialAction":[{"@type":"ReadAction","target":["https:\/\/www.aridane.org\/city\/2022\/10\/18\/abierto-el-plazo-de-inscripcion-para-los-artistas-que-deseen-exponer-sus-obras-en-el-real-market-2022-de-los-llanos-de-aridane\/"]}]},{"@type":"BreadcrumbList","@id":"https:\/\/www.aridane.org\/city\/2022\/10\/18\/abierto-el-plazo-de-inscripcion-para-los-artistas-que-deseen-exponer-sus-obras-en-el-real-market-2022-de-los-llanos-de-aridane\/#breadcrumb","itemListElement":[{"@type":"ListItem","position":1,"name":"Portada","item":"https:\/\/www.aridane.org\/city\/"},{"@type":"ListItem","position":2,"name":"Abierto el plazo de inscripci\u00f3n para los artistas que deseen exponer sus obras en el Real Market 2022 de Los Llanos de Aridane"}]},{"@type":"WebSite","@id":"https:\/\/www.aridane.org\/city\/#website","url":"https:\/\/www.aridane.org\/city\/","name":"Ayuntamiento de Los Llanos de Aridane","description":"","potentialAction":[{"@type":"SearchAction","target":{"@type":"EntryPoint","urlTemplate":"https:\/\/www.aridane.org\/city\/?s={search_term_string}"},"query-input":"required name=search_term_string"}],"inLanguage":"es"},{"@type":"Person","@id":"https:\/\/www.aridane.org\/city\/#\/schema\/person\/7d352ec7f29881716f298394432e7209","name":"Richard Diaz","image":{"@type":"ImageObject","inLanguage":"es","@id":"https:\/\/www.aridane.org\/city\/#\/schema\/person\/image\/","url":"https:\/\/secure.gravatar.com\/avatar\/bacd6aefc26a4a204943090a4c596cd10f0857081ef3cfd12084a70ecb3161d5?s=96&d=mm&r=g","contentUrl":"https:\/\/secure.gravatar.com\/avatar\/bacd6aefc26a4a204943090a4c596cd10f0857081ef3cfd12084a70ecb3161d5?s=96&d=mm&r=g","caption":"Richard Diaz"},"sameAs":["https:\/\/www.aridane.org\/city"],"url":"https:\/\/www.aridane.org\/city\/author\/richard-diaz\/"}]}},"_links":{"self":[{"href":"https:\/\/www.aridane.org\/city\/wp-json\/wp\/v2\/posts\/930","targetHints":{"allow":["GET"]}}],"collection":[{"href":"https:\/\/www.aridane.org\/city\/wp-json\/wp\/v2\/posts"}],"about":[{"href":"https:\/\/www.aridane.org\/city\/wp-json\/wp\/v2\/types\/post"}],"author":[{"embeddable":true,"href":"https:\/\/www.aridane.org\/city\/wp-json\/wp\/v2\/users\/1"}],"replies":[{"embeddable":true,"href":"https:\/\/www.aridane.org\/city\/wp-json\/wp\/v2\/comments?post=930"}],"version-history":[{"count":0,"href":"https:\/\/www.aridane.org\/city\/wp-json\/wp\/v2\/posts\/930\/revisions"}],"wp:attachment":[{"href":"https:\/\/www.aridane.org\/city\/wp-json\/wp\/v2\/media?parent=930"}],"wp:term":[{"taxonomy":"category","embeddable":true,"href":"https:\/\/www.aridane.org\/city\/wp-json\/wp\/v2\/categories?post=930"},{"taxonomy":"post_tag","embeddable":true,"href":"https:\/\/www.aridane.org\/city\/wp-json\/wp\/v2\/tags?post=930"}],"curies":[{"name":"wp","href":"https:\/\/api.w.org\/{rel}","templated":true}]}}