{"id":933,"date":"2022-10-17T10:00:00","date_gmt":"2022-10-17T09:00:00","guid":{"rendered":"https:\/\/aridane.org\/ciudad\/?p=933"},"modified":"2022-10-17T10:00:00","modified_gmt":"2022-10-17T09:00:00","slug":"el-ayuntamiento-de-los-llanos-de-aridane-confirma-que-lleva-meses-preparado-para-reactivar-el-servicio-de-agua-de-los-vecinos-de-puerto-naos-y-la-bombilla","status":"publish","type":"post","link":"https:\/\/www.aridane.org\/city\/2022\/10\/17\/el-ayuntamiento-de-los-llanos-de-aridane-confirma-que-lleva-meses-preparado-para-reactivar-el-servicio-de-agua-de-los-vecinos-de-puerto-naos-y-la-bombilla\/","title":{"rendered":"El Ayuntamiento de Los Llanos de Aridane confirma que lleva meses preparado para reactivar el servicio de agua de los  vecinos de \u00a0Puerto Naos y La Bombilla"},"content":{"rendered":"<section class=\"wpb-content-wrapper\"><p>[vc_row css_animation=\u00bb\u00bb row_type=\u00bbrow\u00bb use_row_as_full_screen_section=\u00bbno\u00bb type=\u00bbfull_width\u00bb angled_section=\u00bbno\u00bb text_align=\u00bbleft\u00bb background_image_as_pattern=\u00bbwithout_pattern\u00bb][vc_column][vc_row_inner row_type=\u00bbrow\u00bb type=\u00bbgrid\u00bb text_align=\u00bbleft\u00bb css_animation=\u00bb\u00bb][vc_column_inner][vc_empty_space height=\u00bb20px\u00bb][vc_column_text]<\/p>\n<ul>\n<li style=\"text-align: justify;\"><em>Desde el Consistorio confirman que cerraron \u00a0las llaves de agua edificio por edificio, <\/em><em>con el fin de evitar, despu\u00e9s de tanto tiempo seca la red de abastecimiento, que se <\/em><em>produjesen roturas a medida que se fueran abriendo las zonas.<\/em><\/li>\n<\/ul>\n<p>&nbsp;<\/p>\n<p style=\"text-align: justify;\"><strong>Los Llanos de Aridane, 17 de octubre de 2022.<\/strong>-El Ayuntamiento de Los Llanos de Aridane a trav\u00e9s del concejal de Aguas, Fran Leal, ha confirmado que \u201cel Consistorio lleva meses preparado para rectivar el servicio de agua en la zona de Puerto Naos y La Bombilla, y se ir\u00e1 realizando a medida que las autoridades vayan autorizando el acceso a las \u00a0viviendas de esta zona\u201d, se\u00f1ala.<\/p>\n<p style=\"text-align: justify;\">Leal explica que en estos momentos el suministro est\u00e1 interrumpido en aquellos viviendas cuyos vecinos \u00a0no han podido regresar a sus casa, \u201cya que desde el Ayuntamiento fuimos cerrando las llaves de agua, vivienda por vivienda, con el fin de evitar, despu\u00e9s de tanto tiempo seca la red de abastecimiento, que se produjesen roturas a medida que se fueran abriendo por zonas\u201d, se\u00f1ala.<\/p>\n<p style=\"text-align: justify;\">Adem\u00e1s, el concejal informa que es posible que algunas v\u00e1lvulas de retenci\u00f3n de alguna vivienda, al estar tanto tiempo sin presi\u00f3n y sin trabajar, no funcionen, y confirma que \u201ccomo ya ocurri\u00f3 en la zona de Los Lajones, los fontaneros municipales estar\u00e1n durante la reapertura del suministro con el fin de solucionar, si fuese necesario, alg\u00fan problema derivado de ello\u201d.<\/p>\n<p style=\"text-align: justify;\">Desde la concejal\u00eda Aguas tambi\u00e9n se\u00f1alan que este agua por el momento es solo para tareas de limpieza \u201ca pesar que la que sale de los dep\u00f3sitos, y cumple con todos los requisitos sanitarios, no es apta para el consumo hasta que la red est\u00e9 completamente en funcionamiento y sea posible su limpieza\u201d, aseguran.<\/p>\n<p style=\"text-align: justify;\">Por \u00faltimo, desde el Ayuntamiento de Los Llanos de Aridane recuerdan que \u201ceste equipo de Gobierno va a seguir trabajando como hasta ahora, con el \u00fanico objetivo de seguir dando respuestas a las necesidades de nuestros vecinos\u201d.<\/p>\n<p>[\/vc_column_text][vc_empty_space height=\u00bb20px\u00bb][\/vc_column_inner][\/vc_row_inner][\/vc_column][\/vc_row]<\/p>\n<\/section>","protected":false},"excerpt":{"rendered":"<p>[vc_row css_animation=\u00bb\u00bb row_type=\u00bbrow\u00bb use_row_as_full_screen_section=\u00bbno\u00bb type=\u00bbfull_width\u00bb angled_section=\u00bbno\u00bb text_align=\u00bbleft\u00bb background_image_as_pattern=\u00bbwithout_pattern\u00bb][vc_column][vc_row_inner row_type=\u00bbrow\u00bb type=\u00bbgrid\u00bb text_align=\u00bbleft\u00bb css_animation=\u00bb\u00bb][vc_column_inner][vc_empty_space height=\u00bb20px\u00bb][vc_column_text] Desde el Consistorio confirman que cerraron \u00a0las llaves de agua edificio por edificio, con el fin de evitar, despu\u00e9s de tanto tiempo seca la red de abastecimiento, que se produjesen roturas a&#8230;<\/p>\n","protected":false},"author":1,"featured_media":0,"comment_status":"closed","ping_status":"open","sticky":false,"template":"","format":"standard","meta":{"footnotes":""},"categories":[6],"tags":[],"class_list":["post-933","post","type-post","status-publish","format-standard","hentry","category-prensa"],"yoast_head":"<!-- This site is optimized with the Yoast SEO plugin v22.7 - https:\/\/yoast.com\/wordpress\/plugins\/seo\/ -->\n<title>El Ayuntamiento de Los Llanos de Aridane confirma que lleva meses preparado para reactivar el servicio de agua de los vecinos de \u00a0Puerto Naos y La Bombilla - Ayuntamiento de Los Llanos de Aridane<\/title>\n<meta name=\"description\" content=\"El Ayuntamiento de Los Llanos de Aridane presenta el cartel y el programa de La Patrona 2021 con el lema \u201cRemedios, m\u00e1s que un nombre.\u201d\" \/>\n<meta name=\"robots\" content=\"index, follow, max-snippet:-1, max-image-preview:large, max-video-preview:-1\" \/>\n<link rel=\"canonical\" href=\"https:\/\/www.aridane.org\/city\/2022\/10\/17\/el-ayuntamiento-de-los-llanos-de-aridane-confirma-que-lleva-meses-preparado-para-reactivar-el-servicio-de-agua-de-los-vecinos-de-puerto-naos-y-la-bombilla\/\" \/>\n<meta property=\"og:locale\" content=\"es_ES\" \/>\n<meta property=\"og:type\" content=\"article\" \/>\n<meta property=\"og:title\" content=\"El Ayuntamiento de Los Llanos de Aridane confirma que lleva meses preparado para reactivar el servicio de agua de los vecinos de \u00a0Puerto Naos y La Bombilla - Ayuntamiento de Los Llanos de Aridane\" \/>\n<meta property=\"og:description\" content=\"El Ayuntamiento de Los Llanos de Aridane presenta el cartel y el programa de La Patrona 2021 con el lema \u201cRemedios, m\u00e1s que un nombre.\u201d\" \/>\n<meta property=\"og:url\" content=\"https:\/\/www.aridane.org\/city\/2022\/10\/17\/el-ayuntamiento-de-los-llanos-de-aridane-confirma-que-lleva-meses-preparado-para-reactivar-el-servicio-de-agua-de-los-vecinos-de-puerto-naos-y-la-bombilla\/\" \/>\n<meta property=\"og:site_name\" content=\"Ayuntamiento de Los Llanos de Aridane\" \/>\n<meta property=\"article:published_time\" content=\"2022-10-17T09:00:00+00:00\" \/>\n<meta name=\"author\" content=\"Richard Diaz\" \/>\n<meta name=\"twitter:card\" content=\"summary_large_image\" \/>\n<meta name=\"twitter:label1\" content=\"Escrito por\" \/>\n\t<meta name=\"twitter:data1\" content=\"Richard Diaz\" \/>\n\t<meta name=\"twitter:label2\" content=\"Tiempo de lectura\" \/>\n\t<meta name=\"twitter:data2\" content=\"2 minutos\" \/>\n<script type=\"application\/ld+json\" class=\"yoast-schema-graph\">{\"@context\":\"https:\/\/schema.org\",\"@graph\":[{\"@type\":\"WebPage\",\"@id\":\"https:\/\/www.aridane.org\/city\/2022\/10\/17\/el-ayuntamiento-de-los-llanos-de-aridane-confirma-que-lleva-meses-preparado-para-reactivar-el-servicio-de-agua-de-los-vecinos-de-puerto-naos-y-la-bombilla\/\",\"url\":\"https:\/\/www.aridane.org\/city\/2022\/10\/17\/el-ayuntamiento-de-los-llanos-de-aridane-confirma-que-lleva-meses-preparado-para-reactivar-el-servicio-de-agua-de-los-vecinos-de-puerto-naos-y-la-bombilla\/\",\"name\":\"El Ayuntamiento de Los Llanos de Aridane confirma que lleva meses preparado para reactivar el servicio de agua de los vecinos de \u00a0Puerto Naos y La Bombilla - Ayuntamiento de Los Llanos de Aridane\",\"isPartOf\":{\"@id\":\"https:\/\/www.aridane.org\/city\/#website\"},\"datePublished\":\"2022-10-17T09:00:00+00:00\",\"dateModified\":\"2022-10-17T09:00:00+00:00\",\"author\":{\"@id\":\"https:\/\/www.aridane.org\/city\/#\/schema\/person\/7d352ec7f29881716f298394432e7209\"},\"description\":\"El Ayuntamiento de Los Llanos de Aridane presenta el cartel y el programa de La Patrona 2021 con el lema \u201cRemedios, m\u00e1s que un nombre.\u201d\",\"breadcrumb\":{\"@id\":\"https:\/\/www.aridane.org\/city\/2022\/10\/17\/el-ayuntamiento-de-los-llanos-de-aridane-confirma-que-lleva-meses-preparado-para-reactivar-el-servicio-de-agua-de-los-vecinos-de-puerto-naos-y-la-bombilla\/#breadcrumb\"},\"inLanguage\":\"es\",\"potentialAction\":[{\"@type\":\"ReadAction\",\"target\":[\"https:\/\/www.aridane.org\/city\/2022\/10\/17\/el-ayuntamiento-de-los-llanos-de-aridane-confirma-que-lleva-meses-preparado-para-reactivar-el-servicio-de-agua-de-los-vecinos-de-puerto-naos-y-la-bombilla\/\"]}]},{\"@type\":\"BreadcrumbList\",\"@id\":\"https:\/\/www.aridane.org\/city\/2022\/10\/17\/el-ayuntamiento-de-los-llanos-de-aridane-confirma-que-lleva-meses-preparado-para-reactivar-el-servicio-de-agua-de-los-vecinos-de-puerto-naos-y-la-bombilla\/#breadcrumb\",\"itemListElement\":[{\"@type\":\"ListItem\",\"position\":1,\"name\":\"Portada\",\"item\":\"https:\/\/www.aridane.org\/city\/\"},{\"@type\":\"ListItem\",\"position\":2,\"name\":\"El Ayuntamiento de Los Llanos de Aridane confirma que lleva meses preparado para reactivar el servicio de agua de los vecinos de \u00a0Puerto Naos y La Bombilla\"}]},{\"@type\":\"WebSite\",\"@id\":\"https:\/\/www.aridane.org\/city\/#website\",\"url\":\"https:\/\/www.aridane.org\/city\/\",\"name\":\"Ayuntamiento de Los Llanos de Aridane\",\"description\":\"\",\"potentialAction\":[{\"@type\":\"SearchAction\",\"target\":{\"@type\":\"EntryPoint\",\"urlTemplate\":\"https:\/\/www.aridane.org\/city\/?s={search_term_string}\"},\"query-input\":\"required name=search_term_string\"}],\"inLanguage\":\"es\"},{\"@type\":\"Person\",\"@id\":\"https:\/\/www.aridane.org\/city\/#\/schema\/person\/7d352ec7f29881716f298394432e7209\",\"name\":\"Richard Diaz\",\"image\":{\"@type\":\"ImageObject\",\"inLanguage\":\"es\",\"@id\":\"https:\/\/www.aridane.org\/city\/#\/schema\/person\/image\/\",\"url\":\"https:\/\/secure.gravatar.com\/avatar\/bacd6aefc26a4a204943090a4c596cd10f0857081ef3cfd12084a70ecb3161d5?s=96&d=mm&r=g\",\"contentUrl\":\"https:\/\/secure.gravatar.com\/avatar\/bacd6aefc26a4a204943090a4c596cd10f0857081ef3cfd12084a70ecb3161d5?s=96&d=mm&r=g\",\"caption\":\"Richard Diaz\"},\"sameAs\":[\"https:\/\/www.aridane.org\/city\"],\"url\":\"https:\/\/www.aridane.org\/city\/author\/richard-diaz\/\"}]}<\/script>\n<!-- \/ Yoast SEO plugin. -->","yoast_head_json":{"title":"El Ayuntamiento de Los Llanos de Aridane confirma que lleva meses preparado para reactivar el servicio de agua de los vecinos de \u00a0Puerto Naos y La Bombilla - Ayuntamiento de Los Llanos de Aridane","description":"El Ayuntamiento de Los Llanos de Aridane presenta el cartel y el programa de La Patrona 2021 con el lema \u201cRemedios, m\u00e1s que un nombre.\u201d","robots":{"index":"index","follow":"follow","max-snippet":"max-snippet:-1","max-image-preview":"max-image-preview:large","max-video-preview":"max-video-preview:-1"},"canonical":"https:\/\/www.aridane.org\/city\/2022\/10\/17\/el-ayuntamiento-de-los-llanos-de-aridane-confirma-que-lleva-meses-preparado-para-reactivar-el-servicio-de-agua-de-los-vecinos-de-puerto-naos-y-la-bombilla\/","og_locale":"es_ES","og_type":"article","og_title":"El Ayuntamiento de Los Llanos de Aridane confirma que lleva meses preparado para reactivar el servicio de agua de los vecinos de \u00a0Puerto Naos y La Bombilla - Ayuntamiento de Los Llanos de Aridane","og_description":"El Ayuntamiento de Los Llanos de Aridane presenta el cartel y el programa de La Patrona 2021 con el lema \u201cRemedios, m\u00e1s que un nombre.\u201d","og_url":"https:\/\/www.aridane.org\/city\/2022\/10\/17\/el-ayuntamiento-de-los-llanos-de-aridane-confirma-que-lleva-meses-preparado-para-reactivar-el-servicio-de-agua-de-los-vecinos-de-puerto-naos-y-la-bombilla\/","og_site_name":"Ayuntamiento de Los Llanos de Aridane","article_published_time":"2022-10-17T09:00:00+00:00","author":"Richard Diaz","twitter_card":"summary_large_image","twitter_misc":{"Escrito por":"Richard Diaz","Tiempo de lectura":"2 minutos"},"schema":{"@context":"https:\/\/schema.org","@graph":[{"@type":"WebPage","@id":"https:\/\/www.aridane.org\/city\/2022\/10\/17\/el-ayuntamiento-de-los-llanos-de-aridane-confirma-que-lleva-meses-preparado-para-reactivar-el-servicio-de-agua-de-los-vecinos-de-puerto-naos-y-la-bombilla\/","url":"https:\/\/www.aridane.org\/city\/2022\/10\/17\/el-ayuntamiento-de-los-llanos-de-aridane-confirma-que-lleva-meses-preparado-para-reactivar-el-servicio-de-agua-de-los-vecinos-de-puerto-naos-y-la-bombilla\/","name":"El Ayuntamiento de Los Llanos de Aridane confirma que lleva meses preparado para reactivar el servicio de agua de los vecinos de \u00a0Puerto Naos y La Bombilla - Ayuntamiento de Los Llanos de Aridane","isPartOf":{"@id":"https:\/\/www.aridane.org\/city\/#website"},"datePublished":"2022-10-17T09:00:00+00:00","dateModified":"2022-10-17T09:00:00+00:00","author":{"@id":"https:\/\/www.aridane.org\/city\/#\/schema\/person\/7d352ec7f29881716f298394432e7209"},"description":"El Ayuntamiento de Los Llanos de Aridane presenta el cartel y el programa de La Patrona 2021 con el lema \u201cRemedios, m\u00e1s que un nombre.\u201d","breadcrumb":{"@id":"https:\/\/www.aridane.org\/city\/2022\/10\/17\/el-ayuntamiento-de-los-llanos-de-aridane-confirma-que-lleva-meses-preparado-para-reactivar-el-servicio-de-agua-de-los-vecinos-de-puerto-naos-y-la-bombilla\/#breadcrumb"},"inLanguage":"es","potentialAction":[{"@type":"ReadAction","target":["https:\/\/www.aridane.org\/city\/2022\/10\/17\/el-ayuntamiento-de-los-llanos-de-aridane-confirma-que-lleva-meses-preparado-para-reactivar-el-servicio-de-agua-de-los-vecinos-de-puerto-naos-y-la-bombilla\/"]}]},{"@type":"BreadcrumbList","@id":"https:\/\/www.aridane.org\/city\/2022\/10\/17\/el-ayuntamiento-de-los-llanos-de-aridane-confirma-que-lleva-meses-preparado-para-reactivar-el-servicio-de-agua-de-los-vecinos-de-puerto-naos-y-la-bombilla\/#breadcrumb","itemListElement":[{"@type":"ListItem","position":1,"name":"Portada","item":"https:\/\/www.aridane.org\/city\/"},{"@type":"ListItem","position":2,"name":"El Ayuntamiento de Los Llanos de Aridane confirma que lleva meses preparado para reactivar el servicio de agua de los vecinos de \u00a0Puerto Naos y La Bombilla"}]},{"@type":"WebSite","@id":"https:\/\/www.aridane.org\/city\/#website","url":"https:\/\/www.aridane.org\/city\/","name":"Ayuntamiento de Los Llanos de Aridane","description":"","potentialAction":[{"@type":"SearchAction","target":{"@type":"EntryPoint","urlTemplate":"https:\/\/www.aridane.org\/city\/?s={search_term_string}"},"query-input":"required name=search_term_string"}],"inLanguage":"es"},{"@type":"Person","@id":"https:\/\/www.aridane.org\/city\/#\/schema\/person\/7d352ec7f29881716f298394432e7209","name":"Richard Diaz","image":{"@type":"ImageObject","inLanguage":"es","@id":"https:\/\/www.aridane.org\/city\/#\/schema\/person\/image\/","url":"https:\/\/secure.gravatar.com\/avatar\/bacd6aefc26a4a204943090a4c596cd10f0857081ef3cfd12084a70ecb3161d5?s=96&d=mm&r=g","contentUrl":"https:\/\/secure.gravatar.com\/avatar\/bacd6aefc26a4a204943090a4c596cd10f0857081ef3cfd12084a70ecb3161d5?s=96&d=mm&r=g","caption":"Richard Diaz"},"sameAs":["https:\/\/www.aridane.org\/city"],"url":"https:\/\/www.aridane.org\/city\/author\/richard-diaz\/"}]}},"_links":{"self":[{"href":"https:\/\/www.aridane.org\/city\/wp-json\/wp\/v2\/posts\/933","targetHints":{"allow":["GET"]}}],"collection":[{"href":"https:\/\/www.aridane.org\/city\/wp-json\/wp\/v2\/posts"}],"about":[{"href":"https:\/\/www.aridane.org\/city\/wp-json\/wp\/v2\/types\/post"}],"author":[{"embeddable":true,"href":"https:\/\/www.aridane.org\/city\/wp-json\/wp\/v2\/users\/1"}],"replies":[{"embeddable":true,"href":"https:\/\/www.aridane.org\/city\/wp-json\/wp\/v2\/comments?post=933"}],"version-history":[{"count":0,"href":"https:\/\/www.aridane.org\/city\/wp-json\/wp\/v2\/posts\/933\/revisions"}],"wp:attachment":[{"href":"https:\/\/www.aridane.org\/city\/wp-json\/wp\/v2\/media?parent=933"}],"wp:term":[{"taxonomy":"category","embeddable":true,"href":"https:\/\/www.aridane.org\/city\/wp-json\/wp\/v2\/categories?post=933"},{"taxonomy":"post_tag","embeddable":true,"href":"https:\/\/www.aridane.org\/city\/wp-json\/wp\/v2\/tags?post=933"}],"curies":[{"name":"wp","href":"https:\/\/api.w.org\/{rel}","templated":true}]}}