{"id":939,"date":"2022-10-18T11:00:15","date_gmt":"2022-10-18T10:00:15","guid":{"rendered":"https:\/\/aridane.org\/ciudad\/?p=939"},"modified":"2022-10-18T11:00:15","modified_gmt":"2022-10-18T10:00:15","slug":"regresa-a-la-calle-real-de-los-llanos-de-aridane-la-meta-de-la-transvulcania","status":"publish","type":"post","link":"https:\/\/www.aridane.org\/city\/2022\/10\/18\/regresa-a-la-calle-real-de-los-llanos-de-aridane-la-meta-de-la-transvulcania\/","title":{"rendered":"Regresa a la Calle Real de Los Llanos de Aridane la meta de la Transvulcania"},"content":{"rendered":"<section class=\"wpb-content-wrapper\"><p>[vc_row css_animation=\u00bb\u00bb row_type=\u00bbrow\u00bb use_row_as_full_screen_section=\u00bbno\u00bb type=\u00bbfull_width\u00bb angled_section=\u00bbno\u00bb text_align=\u00bbleft\u00bb background_image_as_pattern=\u00bbwithout_pattern\u00bb][vc_column][vc_row_inner row_type=\u00bbrow\u00bb type=\u00bbgrid\u00bb text_align=\u00bbleft\u00bb css_animation=\u00bb\u00bb][vc_column_inner][vc_empty_space height=\u00bb20px\u00bb][vc_column_text]<\/p>\n<p style=\"text-align: justify;\"><strong>Los Llanos de Aridane, 18 de octubre del 2022<\/strong>.-El Ayuntamiento de Los Llanos de Aridane a trav\u00e9s del concejal de Deportes, V\u00edctor Gonz\u00e1lez, ha mostrado su satisfacci\u00f3n \u201cdespu\u00e9s de que Transvulcania vuelva en su 12\u00aa edici\u00f3n al municipio, y tres de sus cuatro metas regresen a la calle Real, en el entorno de la Plaza de Espa\u00f1a. Un espacio, que sin lugar a dudas, es un sue\u00f1o cruzar para cualquier amante del<br \/>\ndeporte\u201d, se\u00f1ala.<\/p>\n<p style=\"text-align: justify;\">Gonz\u00e1lez explica que a partir de ma\u00f1ana, mi\u00e9rcoles 19 de octubre, los participantes podr\u00e1n recoger su dorsal de 16:00 a 21:00 horas en el complejo deportivo Llano Tesa, el jueves lo podr\u00e1n hacer de 9:00 a 21:00 horas, mientras que \u00a0el viernes tambi\u00e9n ser\u00e1 en horario de 9:00 a 21:00 horas.\u00a0 Adem\u00e1s, se\u00f1ala que \u201cel s\u00e1bado est\u00e1 previsto que a partir de las 10:30 h llegue el primer corredor de la media marat\u00f3n a la Plaza de<br \/>\nEspa\u00f1a; a las 12:00 h el primer corredor de la marat\u00f3n; mientras que a las 13:30 est\u00e1 previsto que llegue, a la Plaza de Espa\u00f1a, el primer corredor de la ultramarat\u00f3n. La ceremonia de entrega de premios se desarrollar\u00e1 a partir de las 19:00 horas en la plaza de Espa\u00f1a, y el concierto ser\u00e1 a las 22:00 horas en la plaza Juan Pablo II\u201d, se\u00f1ala.<\/p>\n<p style=\"text-align: justify;\">Asimismo, recuerda que el s\u00e1bado 22 a partir de las 10:00 horas se desarrollar\u00e1 la carrera por la integraci\u00f3n de las perdonas, bajo el lema &#8216;Transvulcania somos tod@s&#8217;, \u201cy en la que diversas asociaciones de personas con discapacidad de La Palma participar\u00e1n en esta ruta, que tendr\u00e1 su salida en la Plaza de Argual, y la llegada ser\u00e1 tambi\u00e9n en la Plaza de Espa\u00f1a\u201d.<\/p>\n<p style=\"text-align: justify;\">Desde la concejal\u00eda de Deportes aseguran que , durante estos d\u00edas, tambi\u00e9n tendr\u00e1 lugar la Feria del Corredor, un espacio que cada vez cuenta con m\u00e1s firmas, y una oportunidad excelente para el disfrute de los amantes del trail y la monta\u00f1a. Y recuerdan que este a\u00f1o Transvulcania se una al UTMB World Series, y estar\u00e1 organizado por el Grupo UTMB, el Cabildo de La Palma y la empresa p\u00fablica Sodepal, \u201cprecisamente que UTMB World Series Events engloba las m\u00e1s espectaculares pruebas de monta\u00f1a, y este evento deportivo est\u00e1 sin duda entre ellos\u201d.<\/p>\n<p style=\"text-align: justify;\">Por \u00faltimo, desde el Ayuntamiento de Los Llanos de Aridane se\u00f1alan que \u201ceste equipo de Gobierno va a seguir trabajando como hasta ahora con el firme compromiso de seguir haciendo de Los Llanos un municipio referente dentro del mundo deportivo\u201d.<\/p>\n<p>[\/vc_column_text][vc_empty_space height=\u00bb20px\u00bb][\/vc_column_inner][\/vc_row_inner][\/vc_column][\/vc_row]<\/p>\n<\/section>","protected":false},"excerpt":{"rendered":"<p>[vc_row css_animation=\u00bb\u00bb row_type=\u00bbrow\u00bb use_row_as_full_screen_section=\u00bbno\u00bb type=\u00bbfull_width\u00bb angled_section=\u00bbno\u00bb text_align=\u00bbleft\u00bb background_image_as_pattern=\u00bbwithout_pattern\u00bb][vc_column][vc_row_inner row_type=\u00bbrow\u00bb type=\u00bbgrid\u00bb text_align=\u00bbleft\u00bb css_animation=\u00bb\u00bb][vc_column_inner][vc_empty_space height=\u00bb20px\u00bb][vc_column_text] Los Llanos de Aridane, 18 de octubre del 2022.-El Ayuntamiento de Los Llanos de Aridane a trav\u00e9s del concejal de Deportes, V\u00edctor Gonz\u00e1lez, ha mostrado su satisfacci\u00f3n \u201cdespu\u00e9s de que Transvulcania vuelva&#8230;<\/p>\n","protected":false},"author":1,"featured_media":0,"comment_status":"closed","ping_status":"open","sticky":false,"template":"","format":"standard","meta":{"footnotes":""},"categories":[6],"tags":[],"class_list":["post-939","post","type-post","status-publish","format-standard","hentry","category-prensa"],"yoast_head":"<!-- This site is optimized with the Yoast SEO plugin v22.7 - https:\/\/yoast.com\/wordpress\/plugins\/seo\/ -->\n<title>Regresa a la Calle Real de Los Llanos de Aridane la meta de la Transvulcania - Ayuntamiento de Los Llanos de Aridane<\/title>\n<meta name=\"description\" content=\"El Ayuntamiento de Los Llanos de Aridane presenta el cartel y el programa de La Patrona 2021 con el lema \u201cRemedios, m\u00e1s que un nombre.\u201d\" \/>\n<meta name=\"robots\" content=\"index, follow, max-snippet:-1, max-image-preview:large, max-video-preview:-1\" \/>\n<link rel=\"canonical\" href=\"https:\/\/www.aridane.org\/city\/2022\/10\/18\/regresa-a-la-calle-real-de-los-llanos-de-aridane-la-meta-de-la-transvulcania\/\" \/>\n<meta property=\"og:locale\" content=\"es_ES\" \/>\n<meta property=\"og:type\" content=\"article\" \/>\n<meta property=\"og:title\" content=\"Regresa a la Calle Real de Los Llanos de Aridane la meta de la Transvulcania - Ayuntamiento de Los Llanos de Aridane\" \/>\n<meta property=\"og:description\" content=\"El Ayuntamiento de Los Llanos de Aridane presenta el cartel y el programa de La Patrona 2021 con el lema \u201cRemedios, m\u00e1s que un nombre.\u201d\" \/>\n<meta property=\"og:url\" content=\"https:\/\/www.aridane.org\/city\/2022\/10\/18\/regresa-a-la-calle-real-de-los-llanos-de-aridane-la-meta-de-la-transvulcania\/\" \/>\n<meta property=\"og:site_name\" content=\"Ayuntamiento de Los Llanos de Aridane\" \/>\n<meta property=\"article:published_time\" content=\"2022-10-18T10:00:15+00:00\" \/>\n<meta name=\"author\" content=\"Richard Diaz\" \/>\n<meta name=\"twitter:card\" content=\"summary_large_image\" \/>\n<meta name=\"twitter:label1\" content=\"Escrito por\" \/>\n\t<meta name=\"twitter:data1\" content=\"Richard Diaz\" \/>\n\t<meta name=\"twitter:label2\" content=\"Tiempo de lectura\" \/>\n\t<meta name=\"twitter:data2\" content=\"2 minutos\" \/>\n<script type=\"application\/ld+json\" class=\"yoast-schema-graph\">{\"@context\":\"https:\/\/schema.org\",\"@graph\":[{\"@type\":\"WebPage\",\"@id\":\"https:\/\/www.aridane.org\/city\/2022\/10\/18\/regresa-a-la-calle-real-de-los-llanos-de-aridane-la-meta-de-la-transvulcania\/\",\"url\":\"https:\/\/www.aridane.org\/city\/2022\/10\/18\/regresa-a-la-calle-real-de-los-llanos-de-aridane-la-meta-de-la-transvulcania\/\",\"name\":\"Regresa a la Calle Real de Los Llanos de Aridane la meta de la Transvulcania - Ayuntamiento de Los Llanos de Aridane\",\"isPartOf\":{\"@id\":\"https:\/\/www.aridane.org\/city\/#website\"},\"datePublished\":\"2022-10-18T10:00:15+00:00\",\"dateModified\":\"2022-10-18T10:00:15+00:00\",\"author\":{\"@id\":\"https:\/\/www.aridane.org\/city\/#\/schema\/person\/7d352ec7f29881716f298394432e7209\"},\"description\":\"El Ayuntamiento de Los Llanos de Aridane presenta el cartel y el programa de La Patrona 2021 con el lema \u201cRemedios, m\u00e1s que un nombre.\u201d\",\"breadcrumb\":{\"@id\":\"https:\/\/www.aridane.org\/city\/2022\/10\/18\/regresa-a-la-calle-real-de-los-llanos-de-aridane-la-meta-de-la-transvulcania\/#breadcrumb\"},\"inLanguage\":\"es\",\"potentialAction\":[{\"@type\":\"ReadAction\",\"target\":[\"https:\/\/www.aridane.org\/city\/2022\/10\/18\/regresa-a-la-calle-real-de-los-llanos-de-aridane-la-meta-de-la-transvulcania\/\"]}]},{\"@type\":\"BreadcrumbList\",\"@id\":\"https:\/\/www.aridane.org\/city\/2022\/10\/18\/regresa-a-la-calle-real-de-los-llanos-de-aridane-la-meta-de-la-transvulcania\/#breadcrumb\",\"itemListElement\":[{\"@type\":\"ListItem\",\"position\":1,\"name\":\"Portada\",\"item\":\"https:\/\/www.aridane.org\/city\/\"},{\"@type\":\"ListItem\",\"position\":2,\"name\":\"Regresa a la Calle Real de Los Llanos de Aridane la meta de la Transvulcania\"}]},{\"@type\":\"WebSite\",\"@id\":\"https:\/\/www.aridane.org\/city\/#website\",\"url\":\"https:\/\/www.aridane.org\/city\/\",\"name\":\"Ayuntamiento de Los Llanos de Aridane\",\"description\":\"\",\"potentialAction\":[{\"@type\":\"SearchAction\",\"target\":{\"@type\":\"EntryPoint\",\"urlTemplate\":\"https:\/\/www.aridane.org\/city\/?s={search_term_string}\"},\"query-input\":\"required name=search_term_string\"}],\"inLanguage\":\"es\"},{\"@type\":\"Person\",\"@id\":\"https:\/\/www.aridane.org\/city\/#\/schema\/person\/7d352ec7f29881716f298394432e7209\",\"name\":\"Richard Diaz\",\"image\":{\"@type\":\"ImageObject\",\"inLanguage\":\"es\",\"@id\":\"https:\/\/www.aridane.org\/city\/#\/schema\/person\/image\/\",\"url\":\"https:\/\/secure.gravatar.com\/avatar\/bacd6aefc26a4a204943090a4c596cd10f0857081ef3cfd12084a70ecb3161d5?s=96&d=mm&r=g\",\"contentUrl\":\"https:\/\/secure.gravatar.com\/avatar\/bacd6aefc26a4a204943090a4c596cd10f0857081ef3cfd12084a70ecb3161d5?s=96&d=mm&r=g\",\"caption\":\"Richard Diaz\"},\"sameAs\":[\"https:\/\/www.aridane.org\/city\"],\"url\":\"https:\/\/www.aridane.org\/city\/author\/richard-diaz\/\"}]}<\/script>\n<!-- \/ Yoast SEO plugin. -->","yoast_head_json":{"title":"Regresa a la Calle Real de Los Llanos de Aridane la meta de la Transvulcania - Ayuntamiento de Los Llanos de Aridane","description":"El Ayuntamiento de Los Llanos de Aridane presenta el cartel y el programa de La Patrona 2021 con el lema \u201cRemedios, m\u00e1s que un nombre.\u201d","robots":{"index":"index","follow":"follow","max-snippet":"max-snippet:-1","max-image-preview":"max-image-preview:large","max-video-preview":"max-video-preview:-1"},"canonical":"https:\/\/www.aridane.org\/city\/2022\/10\/18\/regresa-a-la-calle-real-de-los-llanos-de-aridane-la-meta-de-la-transvulcania\/","og_locale":"es_ES","og_type":"article","og_title":"Regresa a la Calle Real de Los Llanos de Aridane la meta de la Transvulcania - Ayuntamiento de Los Llanos de Aridane","og_description":"El Ayuntamiento de Los Llanos de Aridane presenta el cartel y el programa de La Patrona 2021 con el lema \u201cRemedios, m\u00e1s que un nombre.\u201d","og_url":"https:\/\/www.aridane.org\/city\/2022\/10\/18\/regresa-a-la-calle-real-de-los-llanos-de-aridane-la-meta-de-la-transvulcania\/","og_site_name":"Ayuntamiento de Los Llanos de Aridane","article_published_time":"2022-10-18T10:00:15+00:00","author":"Richard Diaz","twitter_card":"summary_large_image","twitter_misc":{"Escrito por":"Richard Diaz","Tiempo de lectura":"2 minutos"},"schema":{"@context":"https:\/\/schema.org","@graph":[{"@type":"WebPage","@id":"https:\/\/www.aridane.org\/city\/2022\/10\/18\/regresa-a-la-calle-real-de-los-llanos-de-aridane-la-meta-de-la-transvulcania\/","url":"https:\/\/www.aridane.org\/city\/2022\/10\/18\/regresa-a-la-calle-real-de-los-llanos-de-aridane-la-meta-de-la-transvulcania\/","name":"Regresa a la Calle Real de Los Llanos de Aridane la meta de la Transvulcania - Ayuntamiento de Los Llanos de Aridane","isPartOf":{"@id":"https:\/\/www.aridane.org\/city\/#website"},"datePublished":"2022-10-18T10:00:15+00:00","dateModified":"2022-10-18T10:00:15+00:00","author":{"@id":"https:\/\/www.aridane.org\/city\/#\/schema\/person\/7d352ec7f29881716f298394432e7209"},"description":"El Ayuntamiento de Los Llanos de Aridane presenta el cartel y el programa de La Patrona 2021 con el lema \u201cRemedios, m\u00e1s que un nombre.\u201d","breadcrumb":{"@id":"https:\/\/www.aridane.org\/city\/2022\/10\/18\/regresa-a-la-calle-real-de-los-llanos-de-aridane-la-meta-de-la-transvulcania\/#breadcrumb"},"inLanguage":"es","potentialAction":[{"@type":"ReadAction","target":["https:\/\/www.aridane.org\/city\/2022\/10\/18\/regresa-a-la-calle-real-de-los-llanos-de-aridane-la-meta-de-la-transvulcania\/"]}]},{"@type":"BreadcrumbList","@id":"https:\/\/www.aridane.org\/city\/2022\/10\/18\/regresa-a-la-calle-real-de-los-llanos-de-aridane-la-meta-de-la-transvulcania\/#breadcrumb","itemListElement":[{"@type":"ListItem","position":1,"name":"Portada","item":"https:\/\/www.aridane.org\/city\/"},{"@type":"ListItem","position":2,"name":"Regresa a la Calle Real de Los Llanos de Aridane la meta de la Transvulcania"}]},{"@type":"WebSite","@id":"https:\/\/www.aridane.org\/city\/#website","url":"https:\/\/www.aridane.org\/city\/","name":"Ayuntamiento de Los Llanos de Aridane","description":"","potentialAction":[{"@type":"SearchAction","target":{"@type":"EntryPoint","urlTemplate":"https:\/\/www.aridane.org\/city\/?s={search_term_string}"},"query-input":"required name=search_term_string"}],"inLanguage":"es"},{"@type":"Person","@id":"https:\/\/www.aridane.org\/city\/#\/schema\/person\/7d352ec7f29881716f298394432e7209","name":"Richard Diaz","image":{"@type":"ImageObject","inLanguage":"es","@id":"https:\/\/www.aridane.org\/city\/#\/schema\/person\/image\/","url":"https:\/\/secure.gravatar.com\/avatar\/bacd6aefc26a4a204943090a4c596cd10f0857081ef3cfd12084a70ecb3161d5?s=96&d=mm&r=g","contentUrl":"https:\/\/secure.gravatar.com\/avatar\/bacd6aefc26a4a204943090a4c596cd10f0857081ef3cfd12084a70ecb3161d5?s=96&d=mm&r=g","caption":"Richard Diaz"},"sameAs":["https:\/\/www.aridane.org\/city"],"url":"https:\/\/www.aridane.org\/city\/author\/richard-diaz\/"}]}},"_links":{"self":[{"href":"https:\/\/www.aridane.org\/city\/wp-json\/wp\/v2\/posts\/939","targetHints":{"allow":["GET"]}}],"collection":[{"href":"https:\/\/www.aridane.org\/city\/wp-json\/wp\/v2\/posts"}],"about":[{"href":"https:\/\/www.aridane.org\/city\/wp-json\/wp\/v2\/types\/post"}],"author":[{"embeddable":true,"href":"https:\/\/www.aridane.org\/city\/wp-json\/wp\/v2\/users\/1"}],"replies":[{"embeddable":true,"href":"https:\/\/www.aridane.org\/city\/wp-json\/wp\/v2\/comments?post=939"}],"version-history":[{"count":0,"href":"https:\/\/www.aridane.org\/city\/wp-json\/wp\/v2\/posts\/939\/revisions"}],"wp:attachment":[{"href":"https:\/\/www.aridane.org\/city\/wp-json\/wp\/v2\/media?parent=939"}],"wp:term":[{"taxonomy":"category","embeddable":true,"href":"https:\/\/www.aridane.org\/city\/wp-json\/wp\/v2\/categories?post=939"},{"taxonomy":"post_tag","embeddable":true,"href":"https:\/\/www.aridane.org\/city\/wp-json\/wp\/v2\/tags?post=939"}],"curies":[{"name":"wp","href":"https:\/\/api.w.org\/{rel}","templated":true}]}}