{"id":942,"date":"2022-10-21T09:39:24","date_gmt":"2022-10-21T08:39:24","guid":{"rendered":"https:\/\/aridane.org\/ciudad\/?p=942"},"modified":"2022-10-21T09:39:24","modified_gmt":"2022-10-21T08:39:24","slug":"regresa-a-los-llanos-de-aridane-la-vi-edicion-de-tadamun-las-jornadas-de-visibilizacion-de-la-cultura-y-pueblo-saharaui","status":"publish","type":"post","link":"https:\/\/www.aridane.org\/city\/2022\/10\/21\/regresa-a-los-llanos-de-aridane-la-vi-edicion-de-tadamun-las-jornadas-de-visibilizacion-de-la-cultura-y-pueblo-saharaui\/","title":{"rendered":"Regresa a Los Llanos de Aridane la VI edici\u00f3n de Tadamun. Las Jornadas de visibilizaci\u00f3n de la cultura y pueblo saharaui"},"content":{"rendered":"<section class=\"wpb-content-wrapper\"><p>[vc_row css_animation=\u00bb\u00bb row_type=\u00bbrow\u00bb use_row_as_full_screen_section=\u00bbno\u00bb type=\u00bbfull_width\u00bb angled_section=\u00bbno\u00bb text_align=\u00bbleft\u00bb background_image_as_pattern=\u00bbwithout_pattern\u00bb][vc_column][vc_row_inner row_type=\u00bbrow\u00bb type=\u00bbgrid\u00bb text_align=\u00bbleft\u00bb css_animation=\u00bb\u00bb][vc_column_inner][vc_empty_space height=\u00bb20px\u00bb][vc_column_text]<\/p>\n<ul>\n<li><em>Este evento contar\u00e1 con un amplio programa que se desarrollar\u00e1 desde el pr\u00f3ximo <\/em><em>jueves 27 hasta el s\u00e1bado 29, en distintos puntos del municipio.<\/em><\/li>\n<\/ul>\n<p>&nbsp;<\/p>\n<p style=\"text-align: justify;\"><strong>Los Llanos de Aridane, 21 de octubre de 2022.<\/strong>-El Ayuntamiento de Los Llanos de Aridane a trav\u00e9s de la concejal de Cultura, Charo Gonz\u00e1lez, ha confirmado que regresa al municipio la VI edici\u00f3n de Tadamun, \u201clas jornadas de visibilizaci\u00f3n de la cultura y el pueblo saharaui\u201d.<br \/>\nDesde Cultura explican que estas jornadas comenzar\u00e1n el pr\u00f3ximo jueves 27 de octubre, a partir de las 19:30 horas, en los Multicines Millennium con la charla \u201cLa di\u00e1spora en el conflicto\u201d, a cargo de Nayua, quien abordar\u00e1 c\u00f3mo afecta a las generaciones nacidas en la di\u00e1spora la situaci\u00f3n actual y cu\u00e1l es la resistencia que muestran frente a la ocupaci\u00f3n.<\/p>\n<p style=\"text-align: justify;\">Nayat Aduh Jatri, Nayua, es una joven saharaui, estudiante de Ciencias Pol\u00edticas y Gesti\u00f3n P\u00fablica en la Universidad del Pa\u00eds Vasco.<br \/>\nEse mismo d\u00eda, a partir de las 20:30 horas est\u00e1 prevista la proyecci\u00f3n de algunos cortometrajes rodados en los campamentos y la charla \u201cEvoluci\u00f3n Audiovisual en el Sahara Occidental\u201d , de la mano de Omar Addalahe. En este espacio se abordar\u00e1 el panorama general sobre la cinematograf\u00eda y el audiovisual en el Sahara Occidental, a trav\u00e9s de una recolecci\u00f3n lo m\u00e1s completa posible de informaciones dispersas, sin tener la pretensi\u00f3n de ser exhaustiva. Omar Addalahe Ahmed es licenciado en Sociolog\u00eda por la Universidad de La Habana y<br \/>\nM\u00e1ster en Cine por el ICAIC. Ha trabajado como corresponsal de guerra en el Ej\u00e9rcito de Liberaci\u00f3n Saharaui, y ha sido el primer director de la Escuela de Formaci\u00f3n Audiovisual del Sahara, EFA, y Director Central de Cine en el Ministerio de Cultura Saharaui.<\/p>\n<p style=\"text-align: justify;\">El viernes 28, en la Casa de la Cultura, a partir de las 19:30 horas se desarrollar\u00e1 la charla \u201cEl clown en tiempos de guerra-Sahara\u201d, con Iv\u00e1n Prado-Pallasos en Rebeld\u00eda. `Pallasos en Rebeld\u00eda\u2019 es uno de los m\u00e1ximos exponentes actuales del circo social,<br \/>\npol\u00edtico y solidario. Participa en festivales de gran compromiso pol\u00edtico y prestigio a nivel mundial y organiza grandes eventos internacionales, como festivales, foros y jornadas de encuentro y debate, talleres o galas. En esta charla, el tema se centrar\u00e1 en el S\u00e1hara, ya que Iv\u00e1n estar\u00e1 reci\u00e9n llegado de all\u00ed, de participar en el festival Fisahara. Iv\u00e1n Prado es actor, formador teatral, director de clown y, sobre todo, es un incansable defensor de los Derechos Humanos, actividad que le ha llevado a participar y a crear decenas de proyectos art\u00edsticos solidarios que van desde la fundaci\u00f3n de la 1\u00aa Comisi\u00f3n Civil Internacional de Observaci\u00f3n de los Derechos Humanos\u2019, en Chiapas hasta la creaci\u00f3n del primer \u201cFestival Internacional de Clown\u201d, en el mundo \u00e1rabe.<\/p>\n<p style=\"text-align: justify;\">Ese mismo d\u00eda a las 20:30 horas est\u00e1 prevista la charla \u201cEl Sahara Occidental: entre el bloque medi\u00e1tico y la traici\u00f3n pol\u00edtica\u201d, a cargo de Taleb Ali-Salem, quien abordar\u00e1 los \u00faltimos movimientos pol\u00edticos del actual gobierno espa\u00f1ol y hasta qu\u00e9 punto afectan a la causa saharaui e incumplen la legalidad internacional y por otra parte, el bloqueo medi\u00e1tico que sufre la causa saharaui y c\u00f3mo luchar contra \u00e9l. Taleb Ali-Salem El Kori naci\u00f3 en los campamentos de refugiados saharauis en Argelia, y es originario del S\u00e1hara Occidental. Vive en Espa\u00f1a desde hace 20 a\u00f1os, estudi\u00f3 Cooperaci\u00f3n Internacional y Desarrollo en la Open University de Inglaterra, es activista pol\u00edtico en defensa de los derechos del Pueblo Saharaui, e investigador en el \u00e1mbito pol\u00edtico. Su activismo se centra en trabajar desde el exilio para sensibilizar sobre el conflicto en el S\u00e1hara Occidental, en redes sociales con gran repercusi\u00f3n y un alto n\u00famero de seguidores, y tambi\u00e9n en medios de comunicaci\u00f3n tanto \u00e1rabes como internacionales donde los \u00faltimos a\u00f1os se convirti\u00f3 en uno de los rostros j\u00f3venes m\u00e1s conocidos en la defensa de la causa saharaui.<\/p>\n<p style=\"text-align: justify;\">Mientras, el s\u00e1bado 29 de octubre en la Plaza de Espa\u00f1a, de 10 a 14 horas habr\u00e1 stands, muestras y talleres, a cargo de ACAPS El\u00edas Mart\u00edn.<\/p>\n<p style=\"text-align: justify;\">A las 11 horas tendr\u00e1n lugar los cuentos del erizo y otros cuentos de mujeres del Sahara, a cargo de Olaya Rodr\u00edguez y Aleida Exp\u00f3sito. Cuentacuentos en LSE, basados en el libro del mismo t\u00edtulo, de la autora Ana Cristina Herreros, quien recopil\u00f3 en los campamentos los cuentos casi olvidados de la boca de las ancianas saharauis para que las mujeres y ni\u00f1as de hoy sepan de d\u00f3nde vienen y sepan ad\u00f3nde van.<\/p>\n<p style=\"text-align: justify;\">A las 12 horas tendr\u00e1n lugar las charlas conjuntas \u201cMarco Jur\u00eddico del Sahara Occidental \u2013 Naciones Unidas\u201d con In\u00e9s Miranda y \u201cCanarias con el derecho a la autodeterminaci\u00f3n del Pueblo Saharaui\u201d, con Josefa Mil\u00e1n.<\/p>\n<p style=\"text-align: justify;\">En la primera parte de la charla, Mar\u00eda In\u00e9s Miranda Navarro realizar\u00e1 un an\u00e1lisis de la situaci\u00f3n actual del conflicto: Planteamiento de la naturaleza y situaci\u00f3n jur\u00eddica del conflicto del S\u00e1hara Occidental, derecho de autodeterminaci\u00f3n del Pueblo Saharaui en el marco de las Naciones Unidas y aplicaci\u00f3n del Derecho Internacional, as\u00ed como las diferentes resoluciones y jurisprudencia al efecto. Posteriormente, Josefa Mil\u00e1n Padr\u00f3n hablar\u00e1 sobre las razones de la campa\u00f1a realizado estos meses en Canarias, el desarrollo de la misma y el papel de los medios<br \/>\nde comunicaci\u00f3n.<\/p>\n<p>In\u00e9s Miranda es actualmente Consejera de Pol\u00edtica Territorial del Cabildo Insular de Gran Canaria.<\/p>\n<p style=\"text-align: justify;\">Josefa Mil\u00e1n, natural de Telde, es Trabajadora Familiar. Fue concejala del Ayuntamiento de Telde desde el a\u00f1o 1999-2015, llevando diferentes concejal\u00edas: Recursos Humanos, Peque\u00f1a y Mediana Empresa, Desarrollo Local, Presidencia, etc., y la Concejal\u00eda de Solidaridad con los Pueblos, de la que fue concejala siempre que estuvo en el Gobierno.<\/p>\n<p>Miembro de FEDISSAH, Federaci\u00f3n Estatal de Instituciones Solidarias con el Pueblo Saharaui, desde el 2015 hasta la actualidad, es Asesora de Solidaridad Internacional en el Cabildo de Gran Canaria.<\/p>\n<p style=\"text-align: justify;\">A las 13 horas se desarrolla la \u00faltima de las charlas de estas Jornadas: \u201cEl papel de los EEUU en la guerra del Sahara Occidental\u201d, a cargo de Domingo Gar\u00ed. Los EE.UU. jugaron un papel central en el S\u00e1hara Occidental durante el inicio y posterior desarrollo del conflicto. Su apoyo a la monarqu\u00eda de Has\u00e1n II fue clave para que la guerra terminase prolong\u00e1ndose en el tiempo hasta el d\u00eda de hoy. La diplomacia estadounidense empe\u00f1\u00f3 su prestigio y fortaleza en reforzar a su aliado marroqu\u00ed, en detrimento del derecho del pueblo saharaui a la autodeterminaci\u00f3n. Las correlaciones de fuerzas en el norte de \u00c1frica se vieron afectadas por las pol\u00edticas de EE.UU. al apoyar la pol\u00edtica expansionista de Marruecos, incomodando a Argelia, actor importante en esta disputa.<\/p>\n<p style=\"text-align: justify;\">Domingo Gar\u00ed-Montllor Hayek es Profesor Titular de Historia en la Universidad de La Laguna. Vicedirector del Centro de Estudios Africanos de la ULL. Sus dos \u00faltimos libros publicados son: \u201cEl expansionismo norteamericano a las puertas de Canarias en 1898\u201d y \u201cEstados Unidos en la guerra del S\u00e1hara Occidental\u201d.<\/p>\n<p style=\"text-align: justify;\">El s\u00e1bado 29 , y ya en Europl\u00e1tanos-Las Rosas, a las 20 h tendr\u00e1 lugar la represantaci\u00f3n \u201cMadre\u201dde Rep\u00fablica Teatro. \u00abMadre\u00bb nos describe las aventuras y desventuras de Anisa Brahimi, m\u00e1s conocida por el sobrenombre de Madre Coraje, y de sus hijos. El comercio la Anisa Brahimi, nuestra Madre Coraje, consiste en comprar y vender provechosamente al amparo de esta guerra que se libra entre las fuerzas de ocupaci\u00f3n marroqu\u00edes y los saharauis. En su desvencijada carreta, nuestra ladina \u201cMadre Coraje\u201d acaba asumiendo en sus propias carnes, el costo del conflicto armado entre dos bandos con los que comercia sin escr\u00fapulos. A priori nos encontramos a un personaje que va sacando partido de los estragos de la guerra y del dolor ajeno. En justa reciprocidad, llegar\u00e1 el d\u00eda en el que tenga que pagar lo que le corresponde por sacar<br \/>\nprovecho de la guerra. Como pago, se dejar\u00e1 a un hijo por el camino, fusilado porque quiso esconder la caja de sus tropas al enemigo; y otro hijo muerto de igual manera al defender la ciudad de un ataque marroqu\u00ed.<\/p>\n<p style=\"text-align: justify;\">Por \u00faltimo, desde el Ayuntamiento de Los Llanos de Aridane recuerdan que las entradas para esta obra pueden reservarse gratuitamente en www.tuticketlapalma.com , y se confirma que habr\u00e1 taquilla inversa al t\u00e9rmino de la obra, yendo lo recaudado directamente para ACAPS El\u00edas Mart\u00edn, y su proyecto Vacaciones en Paz.<\/p>\n<p>[\/vc_column_text][vc_empty_space height=\u00bb20px\u00bb][\/vc_column_inner][\/vc_row_inner][\/vc_column][\/vc_row]<\/p>\n<\/section>","protected":false},"excerpt":{"rendered":"<p>[vc_row css_animation=\u00bb\u00bb row_type=\u00bbrow\u00bb use_row_as_full_screen_section=\u00bbno\u00bb type=\u00bbfull_width\u00bb angled_section=\u00bbno\u00bb text_align=\u00bbleft\u00bb background_image_as_pattern=\u00bbwithout_pattern\u00bb][vc_column][vc_row_inner row_type=\u00bbrow\u00bb type=\u00bbgrid\u00bb text_align=\u00bbleft\u00bb css_animation=\u00bb\u00bb][vc_column_inner][vc_empty_space height=\u00bb20px\u00bb][vc_column_text] Este evento contar\u00e1 con un amplio programa que se desarrollar\u00e1 desde el pr\u00f3ximo jueves 27 hasta el s\u00e1bado 29, en distintos puntos del municipio. &nbsp; Los Llanos de Aridane, 21 de octubre&#8230;<\/p>\n","protected":false},"author":1,"featured_media":0,"comment_status":"closed","ping_status":"open","sticky":false,"template":"","format":"standard","meta":{"footnotes":""},"categories":[6],"tags":[],"class_list":["post-942","post","type-post","status-publish","format-standard","hentry","category-prensa"],"yoast_head":"<!-- This site is optimized with the Yoast SEO plugin v22.7 - https:\/\/yoast.com\/wordpress\/plugins\/seo\/ -->\n<title>Regresa a Los Llanos de Aridane la VI edici\u00f3n de Tadamun. Las Jornadas de visibilizaci\u00f3n de la cultura y pueblo saharaui - Ayuntamiento de Los Llanos de Aridane<\/title>\n<meta name=\"description\" content=\"El Ayuntamiento de Los Llanos de Aridane presenta el cartel y el programa de La Patrona 2021 con el lema \u201cRemedios, m\u00e1s que un nombre.\u201d\" \/>\n<meta name=\"robots\" content=\"index, follow, max-snippet:-1, max-image-preview:large, max-video-preview:-1\" \/>\n<link rel=\"canonical\" href=\"https:\/\/www.aridane.org\/city\/2022\/10\/21\/regresa-a-los-llanos-de-aridane-la-vi-edicion-de-tadamun-las-jornadas-de-visibilizacion-de-la-cultura-y-pueblo-saharaui\/\" \/>\n<meta property=\"og:locale\" content=\"es_ES\" \/>\n<meta property=\"og:type\" content=\"article\" \/>\n<meta property=\"og:title\" content=\"Regresa a Los Llanos de Aridane la VI edici\u00f3n de Tadamun. Las Jornadas de visibilizaci\u00f3n de la cultura y pueblo saharaui - Ayuntamiento de Los Llanos de Aridane\" \/>\n<meta property=\"og:description\" content=\"El Ayuntamiento de Los Llanos de Aridane presenta el cartel y el programa de La Patrona 2021 con el lema \u201cRemedios, m\u00e1s que un nombre.\u201d\" \/>\n<meta property=\"og:url\" content=\"https:\/\/www.aridane.org\/city\/2022\/10\/21\/regresa-a-los-llanos-de-aridane-la-vi-edicion-de-tadamun-las-jornadas-de-visibilizacion-de-la-cultura-y-pueblo-saharaui\/\" \/>\n<meta property=\"og:site_name\" content=\"Ayuntamiento de Los Llanos de Aridane\" \/>\n<meta property=\"article:published_time\" content=\"2022-10-21T08:39:24+00:00\" \/>\n<meta name=\"author\" content=\"Richard Diaz\" \/>\n<meta name=\"twitter:card\" content=\"summary_large_image\" \/>\n<meta name=\"twitter:label1\" content=\"Escrito por\" \/>\n\t<meta name=\"twitter:data1\" content=\"Richard Diaz\" \/>\n\t<meta name=\"twitter:label2\" content=\"Tiempo de lectura\" \/>\n\t<meta name=\"twitter:data2\" content=\"7 minutos\" \/>\n<script type=\"application\/ld+json\" class=\"yoast-schema-graph\">{\"@context\":\"https:\/\/schema.org\",\"@graph\":[{\"@type\":\"WebPage\",\"@id\":\"https:\/\/www.aridane.org\/city\/2022\/10\/21\/regresa-a-los-llanos-de-aridane-la-vi-edicion-de-tadamun-las-jornadas-de-visibilizacion-de-la-cultura-y-pueblo-saharaui\/\",\"url\":\"https:\/\/www.aridane.org\/city\/2022\/10\/21\/regresa-a-los-llanos-de-aridane-la-vi-edicion-de-tadamun-las-jornadas-de-visibilizacion-de-la-cultura-y-pueblo-saharaui\/\",\"name\":\"Regresa a Los Llanos de Aridane la VI edici\u00f3n de Tadamun. Las Jornadas de visibilizaci\u00f3n de la cultura y pueblo saharaui - Ayuntamiento de Los Llanos de Aridane\",\"isPartOf\":{\"@id\":\"https:\/\/www.aridane.org\/city\/#website\"},\"datePublished\":\"2022-10-21T08:39:24+00:00\",\"dateModified\":\"2022-10-21T08:39:24+00:00\",\"author\":{\"@id\":\"https:\/\/www.aridane.org\/city\/#\/schema\/person\/7d352ec7f29881716f298394432e7209\"},\"description\":\"El Ayuntamiento de Los Llanos de Aridane presenta el cartel y el programa de La Patrona 2021 con el lema \u201cRemedios, m\u00e1s que un nombre.\u201d\",\"breadcrumb\":{\"@id\":\"https:\/\/www.aridane.org\/city\/2022\/10\/21\/regresa-a-los-llanos-de-aridane-la-vi-edicion-de-tadamun-las-jornadas-de-visibilizacion-de-la-cultura-y-pueblo-saharaui\/#breadcrumb\"},\"inLanguage\":\"es\",\"potentialAction\":[{\"@type\":\"ReadAction\",\"target\":[\"https:\/\/www.aridane.org\/city\/2022\/10\/21\/regresa-a-los-llanos-de-aridane-la-vi-edicion-de-tadamun-las-jornadas-de-visibilizacion-de-la-cultura-y-pueblo-saharaui\/\"]}]},{\"@type\":\"BreadcrumbList\",\"@id\":\"https:\/\/www.aridane.org\/city\/2022\/10\/21\/regresa-a-los-llanos-de-aridane-la-vi-edicion-de-tadamun-las-jornadas-de-visibilizacion-de-la-cultura-y-pueblo-saharaui\/#breadcrumb\",\"itemListElement\":[{\"@type\":\"ListItem\",\"position\":1,\"name\":\"Portada\",\"item\":\"https:\/\/www.aridane.org\/city\/\"},{\"@type\":\"ListItem\",\"position\":2,\"name\":\"Regresa a Los Llanos de Aridane la VI edici\u00f3n de Tadamun. Las Jornadas de visibilizaci\u00f3n de la cultura y pueblo saharaui\"}]},{\"@type\":\"WebSite\",\"@id\":\"https:\/\/www.aridane.org\/city\/#website\",\"url\":\"https:\/\/www.aridane.org\/city\/\",\"name\":\"Ayuntamiento de Los Llanos de Aridane\",\"description\":\"\",\"potentialAction\":[{\"@type\":\"SearchAction\",\"target\":{\"@type\":\"EntryPoint\",\"urlTemplate\":\"https:\/\/www.aridane.org\/city\/?s={search_term_string}\"},\"query-input\":\"required name=search_term_string\"}],\"inLanguage\":\"es\"},{\"@type\":\"Person\",\"@id\":\"https:\/\/www.aridane.org\/city\/#\/schema\/person\/7d352ec7f29881716f298394432e7209\",\"name\":\"Richard Diaz\",\"image\":{\"@type\":\"ImageObject\",\"inLanguage\":\"es\",\"@id\":\"https:\/\/www.aridane.org\/city\/#\/schema\/person\/image\/\",\"url\":\"https:\/\/secure.gravatar.com\/avatar\/bacd6aefc26a4a204943090a4c596cd10f0857081ef3cfd12084a70ecb3161d5?s=96&d=mm&r=g\",\"contentUrl\":\"https:\/\/secure.gravatar.com\/avatar\/bacd6aefc26a4a204943090a4c596cd10f0857081ef3cfd12084a70ecb3161d5?s=96&d=mm&r=g\",\"caption\":\"Richard Diaz\"},\"sameAs\":[\"https:\/\/www.aridane.org\/city\"],\"url\":\"https:\/\/www.aridane.org\/city\/author\/richard-diaz\/\"}]}<\/script>\n<!-- \/ Yoast SEO plugin. -->","yoast_head_json":{"title":"Regresa a Los Llanos de Aridane la VI edici\u00f3n de Tadamun. Las Jornadas de visibilizaci\u00f3n de la cultura y pueblo saharaui - Ayuntamiento de Los Llanos de Aridane","description":"El Ayuntamiento de Los Llanos de Aridane presenta el cartel y el programa de La Patrona 2021 con el lema \u201cRemedios, m\u00e1s que un nombre.\u201d","robots":{"index":"index","follow":"follow","max-snippet":"max-snippet:-1","max-image-preview":"max-image-preview:large","max-video-preview":"max-video-preview:-1"},"canonical":"https:\/\/www.aridane.org\/city\/2022\/10\/21\/regresa-a-los-llanos-de-aridane-la-vi-edicion-de-tadamun-las-jornadas-de-visibilizacion-de-la-cultura-y-pueblo-saharaui\/","og_locale":"es_ES","og_type":"article","og_title":"Regresa a Los Llanos de Aridane la VI edici\u00f3n de Tadamun. Las Jornadas de visibilizaci\u00f3n de la cultura y pueblo saharaui - Ayuntamiento de Los Llanos de Aridane","og_description":"El Ayuntamiento de Los Llanos de Aridane presenta el cartel y el programa de La Patrona 2021 con el lema \u201cRemedios, m\u00e1s que un nombre.\u201d","og_url":"https:\/\/www.aridane.org\/city\/2022\/10\/21\/regresa-a-los-llanos-de-aridane-la-vi-edicion-de-tadamun-las-jornadas-de-visibilizacion-de-la-cultura-y-pueblo-saharaui\/","og_site_name":"Ayuntamiento de Los Llanos de Aridane","article_published_time":"2022-10-21T08:39:24+00:00","author":"Richard Diaz","twitter_card":"summary_large_image","twitter_misc":{"Escrito por":"Richard Diaz","Tiempo de lectura":"7 minutos"},"schema":{"@context":"https:\/\/schema.org","@graph":[{"@type":"WebPage","@id":"https:\/\/www.aridane.org\/city\/2022\/10\/21\/regresa-a-los-llanos-de-aridane-la-vi-edicion-de-tadamun-las-jornadas-de-visibilizacion-de-la-cultura-y-pueblo-saharaui\/","url":"https:\/\/www.aridane.org\/city\/2022\/10\/21\/regresa-a-los-llanos-de-aridane-la-vi-edicion-de-tadamun-las-jornadas-de-visibilizacion-de-la-cultura-y-pueblo-saharaui\/","name":"Regresa a Los Llanos de Aridane la VI edici\u00f3n de Tadamun. Las Jornadas de visibilizaci\u00f3n de la cultura y pueblo saharaui - Ayuntamiento de Los Llanos de Aridane","isPartOf":{"@id":"https:\/\/www.aridane.org\/city\/#website"},"datePublished":"2022-10-21T08:39:24+00:00","dateModified":"2022-10-21T08:39:24+00:00","author":{"@id":"https:\/\/www.aridane.org\/city\/#\/schema\/person\/7d352ec7f29881716f298394432e7209"},"description":"El Ayuntamiento de Los Llanos de Aridane presenta el cartel y el programa de La Patrona 2021 con el lema \u201cRemedios, m\u00e1s que un nombre.\u201d","breadcrumb":{"@id":"https:\/\/www.aridane.org\/city\/2022\/10\/21\/regresa-a-los-llanos-de-aridane-la-vi-edicion-de-tadamun-las-jornadas-de-visibilizacion-de-la-cultura-y-pueblo-saharaui\/#breadcrumb"},"inLanguage":"es","potentialAction":[{"@type":"ReadAction","target":["https:\/\/www.aridane.org\/city\/2022\/10\/21\/regresa-a-los-llanos-de-aridane-la-vi-edicion-de-tadamun-las-jornadas-de-visibilizacion-de-la-cultura-y-pueblo-saharaui\/"]}]},{"@type":"BreadcrumbList","@id":"https:\/\/www.aridane.org\/city\/2022\/10\/21\/regresa-a-los-llanos-de-aridane-la-vi-edicion-de-tadamun-las-jornadas-de-visibilizacion-de-la-cultura-y-pueblo-saharaui\/#breadcrumb","itemListElement":[{"@type":"ListItem","position":1,"name":"Portada","item":"https:\/\/www.aridane.org\/city\/"},{"@type":"ListItem","position":2,"name":"Regresa a Los Llanos de Aridane la VI edici\u00f3n de Tadamun. Las Jornadas de visibilizaci\u00f3n de la cultura y pueblo saharaui"}]},{"@type":"WebSite","@id":"https:\/\/www.aridane.org\/city\/#website","url":"https:\/\/www.aridane.org\/city\/","name":"Ayuntamiento de Los Llanos de Aridane","description":"","potentialAction":[{"@type":"SearchAction","target":{"@type":"EntryPoint","urlTemplate":"https:\/\/www.aridane.org\/city\/?s={search_term_string}"},"query-input":"required name=search_term_string"}],"inLanguage":"es"},{"@type":"Person","@id":"https:\/\/www.aridane.org\/city\/#\/schema\/person\/7d352ec7f29881716f298394432e7209","name":"Richard Diaz","image":{"@type":"ImageObject","inLanguage":"es","@id":"https:\/\/www.aridane.org\/city\/#\/schema\/person\/image\/","url":"https:\/\/secure.gravatar.com\/avatar\/bacd6aefc26a4a204943090a4c596cd10f0857081ef3cfd12084a70ecb3161d5?s=96&d=mm&r=g","contentUrl":"https:\/\/secure.gravatar.com\/avatar\/bacd6aefc26a4a204943090a4c596cd10f0857081ef3cfd12084a70ecb3161d5?s=96&d=mm&r=g","caption":"Richard Diaz"},"sameAs":["https:\/\/www.aridane.org\/city"],"url":"https:\/\/www.aridane.org\/city\/author\/richard-diaz\/"}]}},"_links":{"self":[{"href":"https:\/\/www.aridane.org\/city\/wp-json\/wp\/v2\/posts\/942","targetHints":{"allow":["GET"]}}],"collection":[{"href":"https:\/\/www.aridane.org\/city\/wp-json\/wp\/v2\/posts"}],"about":[{"href":"https:\/\/www.aridane.org\/city\/wp-json\/wp\/v2\/types\/post"}],"author":[{"embeddable":true,"href":"https:\/\/www.aridane.org\/city\/wp-json\/wp\/v2\/users\/1"}],"replies":[{"embeddable":true,"href":"https:\/\/www.aridane.org\/city\/wp-json\/wp\/v2\/comments?post=942"}],"version-history":[{"count":0,"href":"https:\/\/www.aridane.org\/city\/wp-json\/wp\/v2\/posts\/942\/revisions"}],"wp:attachment":[{"href":"https:\/\/www.aridane.org\/city\/wp-json\/wp\/v2\/media?parent=942"}],"wp:term":[{"taxonomy":"category","embeddable":true,"href":"https:\/\/www.aridane.org\/city\/wp-json\/wp\/v2\/categories?post=942"},{"taxonomy":"post_tag","embeddable":true,"href":"https:\/\/www.aridane.org\/city\/wp-json\/wp\/v2\/tags?post=942"}],"curies":[{"name":"wp","href":"https:\/\/api.w.org\/{rel}","templated":true}]}}