{"id":948,"date":"2022-10-24T10:37:19","date_gmt":"2022-10-24T09:37:19","guid":{"rendered":"https:\/\/aridane.org\/ciudad\/?p=948"},"modified":"2022-10-24T10:37:19","modified_gmt":"2022-10-24T09:37:19","slug":"el-ayuntamiento-de-los-llanos-de-aridane-valora-positivamente-la-repercusion-que-ha-tenido-la-transvulcania-by-utmb-para-los-hosteleros-del-municipio","status":"publish","type":"post","link":"https:\/\/www.aridane.org\/city\/2022\/10\/24\/el-ayuntamiento-de-los-llanos-de-aridane-valora-positivamente-la-repercusion-que-ha-tenido-la-transvulcania-by-utmb-para-los-hosteleros-del-municipio\/","title":{"rendered":"El Ayuntamiento de Los Llanos de Aridane valora positivamente la repercusi\u00f3n que ha tenido la Transvulcania by UTMB para los  hosteleros del municipio"},"content":{"rendered":"<section class=\"wpb-content-wrapper\"><p>[vc_row css_animation=\u00bb\u00bb row_type=\u00bbrow\u00bb use_row_as_full_screen_section=\u00bbno\u00bb type=\u00bbfull_width\u00bb angled_section=\u00bbno\u00bb text_align=\u00bbleft\u00bb background_image_as_pattern=\u00bbwithout_pattern\u00bb][vc_column][vc_row_inner row_type=\u00bbrow\u00bb type=\u00bbgrid\u00bb text_align=\u00bbleft\u00bb css_animation=\u00bb\u00bb][vc_column_inner][vc_empty_space height=\u00bb20px\u00bb][vc_column_text]<\/p>\n<ul>\n<li style=\"text-align: justify;\"><em>La concejal de Promoci\u00f3n Econ\u00f3mica, Inmaculada Fern\u00e1ndez, pone en valor la oportunidad que supone este tipo de eventos para seguir dinamizando e impulsando la recuperaci\u00f3n en la que ya se encuentra inmersa el municipio.<\/em><\/li>\n<\/ul>\n<p>&nbsp;<\/p>\n<p style=\"text-align: justify;\"><strong>Los Llanos de Aridane, 24 octubre de 2022.-<\/strong>El Ayuntamiento de Los Llanos de Aridane a trav\u00e9s de la concejal de Promoci\u00f3n Econ\u00f3mica, Inmaculada Fern\u00e1ndez, ha valorado positivamente la repercusi\u00f3n que ha tenido la Transvulcania by UTMB para los establecimientos hosteleros del municipio.<\/p>\n<p style=\"text-align: justify;\">Fern\u00e1ndez explica que desde los d\u00edas previos a la celebraci\u00f3n, cuando los corredores recog\u00edan sus dorsales y se acercaba p\u00fablico a visitar la Feria del Corredor, hasta el s\u00e1bado, d\u00eda en el que se celebr\u00f3 este evento deportivo, hubo una gran afluencia de personas, tanto de Los Llanos como de fuera del municipio. \u201cUna cifra que se fue incrementando durante toda la tarde seg\u00fan se iba acercando la hora de entrega de los premios, as\u00ed como despu\u00e9s de los mismos\u201d, se\u00f1ala.<\/p>\n<p style=\"text-align: justify;\">Para la concejal, \u201ces fundamental seguir trabajando en actividades y eventos que nos permitan seguir dinamizando el municipio, ya que no podemos olvidarnos que el sector hostelero es clave para la recuperaci\u00f3n en la que ya nos encontramos inmersos, y durante los \u00faltimos a\u00f1os ha vivido momentos muy complicados primero por la pandemia y despu\u00e9s por la emergencia volc\u00e1nica\u201d.<\/p>\n<p style=\"text-align: justify;\">Por su parte la alcaldesa de Los Llanos de Aridane, Noelia Garc\u00eda Leal, \u00a0asegura que \u00a0\u201cten\u00edamos ganas de que regresara la Transvulcania by UTMB, y el s\u00e1bado lo pudimos comprobar con las calles de Los Llanos llenas, as\u00ed como nuestros establecimientos hosteleros\u201d. Adem\u00e1s, la alcaldesa asegura que \u201ceste tipo de eventos son una oportunidad para seguir trabajando en la reconstrucci\u00f3n, y tambi\u00e9n para mostrar nuestra isla y nuestro municipio al exterior, ya que se concentraron un importante n\u00famero de medios de comunicaci\u00f3n y periodistas de diferentes puntos del pa\u00eds, as\u00ed como del extranjero\u201d.<\/p>\n<p style=\"text-align: justify;\">Por \u00faltimo, desde el Ayuntamiento de Los Llanos de Aridane se recuerda que \u201cahora m\u00e1s que nunca es primordial seguir apostando por el consumo local\u201d.<\/p>\n<p>[\/vc_column_text][vc_empty_space height=\u00bb20px\u00bb][\/vc_column_inner][\/vc_row_inner][\/vc_column][\/vc_row]<\/p>\n<\/section>","protected":false},"excerpt":{"rendered":"<p>[vc_row css_animation=\u00bb\u00bb row_type=\u00bbrow\u00bb use_row_as_full_screen_section=\u00bbno\u00bb type=\u00bbfull_width\u00bb angled_section=\u00bbno\u00bb text_align=\u00bbleft\u00bb background_image_as_pattern=\u00bbwithout_pattern\u00bb][vc_column][vc_row_inner row_type=\u00bbrow\u00bb type=\u00bbgrid\u00bb text_align=\u00bbleft\u00bb css_animation=\u00bb\u00bb][vc_column_inner][vc_empty_space height=\u00bb20px\u00bb][vc_column_text] La concejal de Promoci\u00f3n Econ\u00f3mica, Inmaculada Fern\u00e1ndez, pone en valor la oportunidad que supone este tipo de eventos para seguir dinamizando e impulsando la recuperaci\u00f3n en la que ya se encuentra inmersa&#8230;<\/p>\n","protected":false},"author":1,"featured_media":0,"comment_status":"closed","ping_status":"open","sticky":false,"template":"","format":"standard","meta":{"footnotes":""},"categories":[6],"tags":[],"class_list":["post-948","post","type-post","status-publish","format-standard","hentry","category-prensa"],"yoast_head":"<!-- This site is optimized with the Yoast SEO plugin v22.7 - https:\/\/yoast.com\/wordpress\/plugins\/seo\/ -->\n<title>El Ayuntamiento de Los Llanos de Aridane valora positivamente la repercusi\u00f3n que ha tenido la Transvulcania by UTMB para los hosteleros del municipio - Ayuntamiento de Los Llanos de Aridane<\/title>\n<meta name=\"description\" content=\"El Ayuntamiento de Los Llanos de Aridane presenta el cartel y el programa de La Patrona 2021 con el lema \u201cRemedios, m\u00e1s que un nombre.\u201d\" \/>\n<meta name=\"robots\" content=\"index, follow, max-snippet:-1, max-image-preview:large, max-video-preview:-1\" \/>\n<link rel=\"canonical\" href=\"https:\/\/www.aridane.org\/city\/2022\/10\/24\/el-ayuntamiento-de-los-llanos-de-aridane-valora-positivamente-la-repercusion-que-ha-tenido-la-transvulcania-by-utmb-para-los-hosteleros-del-municipio\/\" \/>\n<meta property=\"og:locale\" content=\"es_ES\" \/>\n<meta property=\"og:type\" content=\"article\" \/>\n<meta property=\"og:title\" content=\"El Ayuntamiento de Los Llanos de Aridane valora positivamente la repercusi\u00f3n que ha tenido la Transvulcania by UTMB para los hosteleros del municipio - Ayuntamiento de Los Llanos de Aridane\" \/>\n<meta property=\"og:description\" content=\"El Ayuntamiento de Los Llanos de Aridane presenta el cartel y el programa de La Patrona 2021 con el lema \u201cRemedios, m\u00e1s que un nombre.\u201d\" \/>\n<meta property=\"og:url\" content=\"https:\/\/www.aridane.org\/city\/2022\/10\/24\/el-ayuntamiento-de-los-llanos-de-aridane-valora-positivamente-la-repercusion-que-ha-tenido-la-transvulcania-by-utmb-para-los-hosteleros-del-municipio\/\" \/>\n<meta property=\"og:site_name\" content=\"Ayuntamiento de Los Llanos de Aridane\" \/>\n<meta property=\"article:published_time\" content=\"2022-10-24T09:37:19+00:00\" \/>\n<meta name=\"author\" content=\"Richard Diaz\" \/>\n<meta name=\"twitter:card\" content=\"summary_large_image\" \/>\n<meta name=\"twitter:label1\" content=\"Escrito por\" \/>\n\t<meta name=\"twitter:data1\" content=\"Richard Diaz\" \/>\n\t<meta name=\"twitter:label2\" content=\"Tiempo de lectura\" \/>\n\t<meta name=\"twitter:data2\" content=\"2 minutos\" \/>\n<script type=\"application\/ld+json\" class=\"yoast-schema-graph\">{\"@context\":\"https:\/\/schema.org\",\"@graph\":[{\"@type\":\"WebPage\",\"@id\":\"https:\/\/www.aridane.org\/city\/2022\/10\/24\/el-ayuntamiento-de-los-llanos-de-aridane-valora-positivamente-la-repercusion-que-ha-tenido-la-transvulcania-by-utmb-para-los-hosteleros-del-municipio\/\",\"url\":\"https:\/\/www.aridane.org\/city\/2022\/10\/24\/el-ayuntamiento-de-los-llanos-de-aridane-valora-positivamente-la-repercusion-que-ha-tenido-la-transvulcania-by-utmb-para-los-hosteleros-del-municipio\/\",\"name\":\"El Ayuntamiento de Los Llanos de Aridane valora positivamente la repercusi\u00f3n que ha tenido la Transvulcania by UTMB para los hosteleros del municipio - Ayuntamiento de Los Llanos de Aridane\",\"isPartOf\":{\"@id\":\"https:\/\/www.aridane.org\/city\/#website\"},\"datePublished\":\"2022-10-24T09:37:19+00:00\",\"dateModified\":\"2022-10-24T09:37:19+00:00\",\"author\":{\"@id\":\"https:\/\/www.aridane.org\/city\/#\/schema\/person\/7d352ec7f29881716f298394432e7209\"},\"description\":\"El Ayuntamiento de Los Llanos de Aridane presenta el cartel y el programa de La Patrona 2021 con el lema \u201cRemedios, m\u00e1s que un nombre.\u201d\",\"breadcrumb\":{\"@id\":\"https:\/\/www.aridane.org\/city\/2022\/10\/24\/el-ayuntamiento-de-los-llanos-de-aridane-valora-positivamente-la-repercusion-que-ha-tenido-la-transvulcania-by-utmb-para-los-hosteleros-del-municipio\/#breadcrumb\"},\"inLanguage\":\"es\",\"potentialAction\":[{\"@type\":\"ReadAction\",\"target\":[\"https:\/\/www.aridane.org\/city\/2022\/10\/24\/el-ayuntamiento-de-los-llanos-de-aridane-valora-positivamente-la-repercusion-que-ha-tenido-la-transvulcania-by-utmb-para-los-hosteleros-del-municipio\/\"]}]},{\"@type\":\"BreadcrumbList\",\"@id\":\"https:\/\/www.aridane.org\/city\/2022\/10\/24\/el-ayuntamiento-de-los-llanos-de-aridane-valora-positivamente-la-repercusion-que-ha-tenido-la-transvulcania-by-utmb-para-los-hosteleros-del-municipio\/#breadcrumb\",\"itemListElement\":[{\"@type\":\"ListItem\",\"position\":1,\"name\":\"Portada\",\"item\":\"https:\/\/www.aridane.org\/city\/\"},{\"@type\":\"ListItem\",\"position\":2,\"name\":\"El Ayuntamiento de Los Llanos de Aridane valora positivamente la repercusi\u00f3n que ha tenido la Transvulcania by UTMB para los hosteleros del municipio\"}]},{\"@type\":\"WebSite\",\"@id\":\"https:\/\/www.aridane.org\/city\/#website\",\"url\":\"https:\/\/www.aridane.org\/city\/\",\"name\":\"Ayuntamiento de Los Llanos de Aridane\",\"description\":\"\",\"potentialAction\":[{\"@type\":\"SearchAction\",\"target\":{\"@type\":\"EntryPoint\",\"urlTemplate\":\"https:\/\/www.aridane.org\/city\/?s={search_term_string}\"},\"query-input\":\"required name=search_term_string\"}],\"inLanguage\":\"es\"},{\"@type\":\"Person\",\"@id\":\"https:\/\/www.aridane.org\/city\/#\/schema\/person\/7d352ec7f29881716f298394432e7209\",\"name\":\"Richard Diaz\",\"image\":{\"@type\":\"ImageObject\",\"inLanguage\":\"es\",\"@id\":\"https:\/\/www.aridane.org\/city\/#\/schema\/person\/image\/\",\"url\":\"https:\/\/secure.gravatar.com\/avatar\/bacd6aefc26a4a204943090a4c596cd10f0857081ef3cfd12084a70ecb3161d5?s=96&d=mm&r=g\",\"contentUrl\":\"https:\/\/secure.gravatar.com\/avatar\/bacd6aefc26a4a204943090a4c596cd10f0857081ef3cfd12084a70ecb3161d5?s=96&d=mm&r=g\",\"caption\":\"Richard Diaz\"},\"sameAs\":[\"https:\/\/www.aridane.org\/city\"],\"url\":\"https:\/\/www.aridane.org\/city\/author\/richard-diaz\/\"}]}<\/script>\n<!-- \/ Yoast SEO plugin. -->","yoast_head_json":{"title":"El Ayuntamiento de Los Llanos de Aridane valora positivamente la repercusi\u00f3n que ha tenido la Transvulcania by UTMB para los hosteleros del municipio - Ayuntamiento de Los Llanos de Aridane","description":"El Ayuntamiento de Los Llanos de Aridane presenta el cartel y el programa de La Patrona 2021 con el lema \u201cRemedios, m\u00e1s que un nombre.\u201d","robots":{"index":"index","follow":"follow","max-snippet":"max-snippet:-1","max-image-preview":"max-image-preview:large","max-video-preview":"max-video-preview:-1"},"canonical":"https:\/\/www.aridane.org\/city\/2022\/10\/24\/el-ayuntamiento-de-los-llanos-de-aridane-valora-positivamente-la-repercusion-que-ha-tenido-la-transvulcania-by-utmb-para-los-hosteleros-del-municipio\/","og_locale":"es_ES","og_type":"article","og_title":"El Ayuntamiento de Los Llanos de Aridane valora positivamente la repercusi\u00f3n que ha tenido la Transvulcania by UTMB para los hosteleros del municipio - Ayuntamiento de Los Llanos de Aridane","og_description":"El Ayuntamiento de Los Llanos de Aridane presenta el cartel y el programa de La Patrona 2021 con el lema \u201cRemedios, m\u00e1s que un nombre.\u201d","og_url":"https:\/\/www.aridane.org\/city\/2022\/10\/24\/el-ayuntamiento-de-los-llanos-de-aridane-valora-positivamente-la-repercusion-que-ha-tenido-la-transvulcania-by-utmb-para-los-hosteleros-del-municipio\/","og_site_name":"Ayuntamiento de Los Llanos de Aridane","article_published_time":"2022-10-24T09:37:19+00:00","author":"Richard Diaz","twitter_card":"summary_large_image","twitter_misc":{"Escrito por":"Richard Diaz","Tiempo de lectura":"2 minutos"},"schema":{"@context":"https:\/\/schema.org","@graph":[{"@type":"WebPage","@id":"https:\/\/www.aridane.org\/city\/2022\/10\/24\/el-ayuntamiento-de-los-llanos-de-aridane-valora-positivamente-la-repercusion-que-ha-tenido-la-transvulcania-by-utmb-para-los-hosteleros-del-municipio\/","url":"https:\/\/www.aridane.org\/city\/2022\/10\/24\/el-ayuntamiento-de-los-llanos-de-aridane-valora-positivamente-la-repercusion-que-ha-tenido-la-transvulcania-by-utmb-para-los-hosteleros-del-municipio\/","name":"El Ayuntamiento de Los Llanos de Aridane valora positivamente la repercusi\u00f3n que ha tenido la Transvulcania by UTMB para los hosteleros del municipio - Ayuntamiento de Los Llanos de Aridane","isPartOf":{"@id":"https:\/\/www.aridane.org\/city\/#website"},"datePublished":"2022-10-24T09:37:19+00:00","dateModified":"2022-10-24T09:37:19+00:00","author":{"@id":"https:\/\/www.aridane.org\/city\/#\/schema\/person\/7d352ec7f29881716f298394432e7209"},"description":"El Ayuntamiento de Los Llanos de Aridane presenta el cartel y el programa de La Patrona 2021 con el lema \u201cRemedios, m\u00e1s que un nombre.\u201d","breadcrumb":{"@id":"https:\/\/www.aridane.org\/city\/2022\/10\/24\/el-ayuntamiento-de-los-llanos-de-aridane-valora-positivamente-la-repercusion-que-ha-tenido-la-transvulcania-by-utmb-para-los-hosteleros-del-municipio\/#breadcrumb"},"inLanguage":"es","potentialAction":[{"@type":"ReadAction","target":["https:\/\/www.aridane.org\/city\/2022\/10\/24\/el-ayuntamiento-de-los-llanos-de-aridane-valora-positivamente-la-repercusion-que-ha-tenido-la-transvulcania-by-utmb-para-los-hosteleros-del-municipio\/"]}]},{"@type":"BreadcrumbList","@id":"https:\/\/www.aridane.org\/city\/2022\/10\/24\/el-ayuntamiento-de-los-llanos-de-aridane-valora-positivamente-la-repercusion-que-ha-tenido-la-transvulcania-by-utmb-para-los-hosteleros-del-municipio\/#breadcrumb","itemListElement":[{"@type":"ListItem","position":1,"name":"Portada","item":"https:\/\/www.aridane.org\/city\/"},{"@type":"ListItem","position":2,"name":"El Ayuntamiento de Los Llanos de Aridane valora positivamente la repercusi\u00f3n que ha tenido la Transvulcania by UTMB para los hosteleros del municipio"}]},{"@type":"WebSite","@id":"https:\/\/www.aridane.org\/city\/#website","url":"https:\/\/www.aridane.org\/city\/","name":"Ayuntamiento de Los Llanos de Aridane","description":"","potentialAction":[{"@type":"SearchAction","target":{"@type":"EntryPoint","urlTemplate":"https:\/\/www.aridane.org\/city\/?s={search_term_string}"},"query-input":"required name=search_term_string"}],"inLanguage":"es"},{"@type":"Person","@id":"https:\/\/www.aridane.org\/city\/#\/schema\/person\/7d352ec7f29881716f298394432e7209","name":"Richard Diaz","image":{"@type":"ImageObject","inLanguage":"es","@id":"https:\/\/www.aridane.org\/city\/#\/schema\/person\/image\/","url":"https:\/\/secure.gravatar.com\/avatar\/bacd6aefc26a4a204943090a4c596cd10f0857081ef3cfd12084a70ecb3161d5?s=96&d=mm&r=g","contentUrl":"https:\/\/secure.gravatar.com\/avatar\/bacd6aefc26a4a204943090a4c596cd10f0857081ef3cfd12084a70ecb3161d5?s=96&d=mm&r=g","caption":"Richard Diaz"},"sameAs":["https:\/\/www.aridane.org\/city"],"url":"https:\/\/www.aridane.org\/city\/author\/richard-diaz\/"}]}},"_links":{"self":[{"href":"https:\/\/www.aridane.org\/city\/wp-json\/wp\/v2\/posts\/948","targetHints":{"allow":["GET"]}}],"collection":[{"href":"https:\/\/www.aridane.org\/city\/wp-json\/wp\/v2\/posts"}],"about":[{"href":"https:\/\/www.aridane.org\/city\/wp-json\/wp\/v2\/types\/post"}],"author":[{"embeddable":true,"href":"https:\/\/www.aridane.org\/city\/wp-json\/wp\/v2\/users\/1"}],"replies":[{"embeddable":true,"href":"https:\/\/www.aridane.org\/city\/wp-json\/wp\/v2\/comments?post=948"}],"version-history":[{"count":0,"href":"https:\/\/www.aridane.org\/city\/wp-json\/wp\/v2\/posts\/948\/revisions"}],"wp:attachment":[{"href":"https:\/\/www.aridane.org\/city\/wp-json\/wp\/v2\/media?parent=948"}],"wp:term":[{"taxonomy":"category","embeddable":true,"href":"https:\/\/www.aridane.org\/city\/wp-json\/wp\/v2\/categories?post=948"},{"taxonomy":"post_tag","embeddable":true,"href":"https:\/\/www.aridane.org\/city\/wp-json\/wp\/v2\/tags?post=948"}],"curies":[{"name":"wp","href":"https:\/\/api.w.org\/{rel}","templated":true}]}}