{"id":954,"date":"2022-10-06T11:00:26","date_gmt":"2022-10-06T10:00:26","guid":{"rendered":"https:\/\/aridane.org\/ciudad\/?p=954"},"modified":"2022-10-06T11:00:26","modified_gmt":"2022-10-06T10:00:26","slug":"concluyen-las-obras-de-saneamiento-de-la-avenida-tanausu-interseccion-con-la-calle-guayafanta-en-los-llanos-de-aridane","status":"publish","type":"post","link":"https:\/\/www.aridane.org\/city\/2022\/10\/06\/concluyen-las-obras-de-saneamiento-de-la-avenida-tanausu-interseccion-con-la-calle-guayafanta-en-los-llanos-de-aridane\/","title":{"rendered":"Concluyen las obras de saneamiento de la Avenida Tanausu intersecci\u00f3n con la calle Guayafanta en Los Llanos de  Aridane"},"content":{"rendered":"<section class=\"wpb-content-wrapper\"><p>[vc_row css_animation=\u00bb\u00bb row_type=\u00bbrow\u00bb use_row_as_full_screen_section=\u00bbno\u00bb type=\u00bbfull_width\u00bb angled_section=\u00bbno\u00bb text_align=\u00bbleft\u00bb background_image_as_pattern=\u00bbwithout_pattern\u00bb][vc_column][vc_row_inner row_type=\u00bbrow\u00bb type=\u00bbgrid\u00bb text_align=\u00bbleft\u00bb css_animation=\u00bb\u00bb][vc_column_inner][vc_empty_space height=\u00bb20px\u00bb][vc_column_text]<\/p>\n<ul>\n<li style=\"text-align: justify;\"><em>Desde la concejal\u00eda de Aguas confirman que es un trabajo conjunto con el Consejo Insular de Aguas, del Cabildo de La Palma, y responde al compromiso que tiene este equipo de Gobierno municipal de continuar con las obras de mejora del saneamiento para el buen uso del agua en el municipio.<\/em><\/li>\n<\/ul>\n<p>&nbsp;<\/p>\n<p style=\"text-align: justify;\"><strong>Los Llanos de Aridane, 6 de octubre de 2022.-<\/strong> El Ayuntamiento de Los Llanos de Aridane a trav\u00e9s del concejal de Aguas, Fran Leal, y junto al Consejo Insular de Aguas del Cabildo de La Palma, que dirige Carlos Cabrera, dan por concluida las obras de saneamiento de la Avenida Tanausu, intersecci\u00f3n con la calle Guayafanta.<\/p>\n<p style=\"text-align: justify;\">Leal explica que esta obra, que ha contado con una inversi\u00f3n de 303.572\u20ac y ha sido financiada por el Cabildo Insular, \u201cera de vital importancia, ya que aparte de los problemas de inundaciones que se produc\u00edan cada vez que llov\u00eda con cierta intensidad, tambi\u00e9n va a resolver el problema que exist\u00eda con un vertido de aguas fecales a cauce de barranco en momentos puntuales debido a que la red de saneamiento no era capaz de movilizar los tapones de toallitas que se produc\u00edan debido a la escasa pendiente\u201d, se\u00f1ala.<\/p>\n<p style=\"text-align: justify;\">Asimismo, el concejal reconoce que el diagn\u00f3stico del problema y la soluci\u00f3n que se ha aportado han partido de los propios t\u00e9cnicos municipales, y agradece al Consejo Insular de Aguas que se haya encargado el desarrollo del proyecto, \u201cconvirti\u00e9ndose en el promotor de la obra. Un trabajo, que tras las \u00faltimas lluvias, ha quedado claro que ha sido la soluci\u00f3n acertada\u201d.<\/p>\n<p style=\"text-align: justify;\">Por su parte el consejero de Aguas, Carlos Cabrera, ha se\u00f1alado que \u201cesta obra es un ejemplo m\u00e1s de que cuando las administraciones trabajamos conjuntamente los beneficiarios son los propios ciudadanos. Adem\u00e1s, desde la consejer\u00eda de Aguas continuamos trabajando en la conciencia y uso responsable de su consumo, y utilizaci\u00f3n para el riego\u201d.<\/p>\n<p style=\"text-align: justify;\">Por \u00faltimo, desde el Ayuntamiento de Los Llanos de Aridane recuerdan que \u201ceste equipo de Gobierno contin\u00faa con las obras de mejora del saneamiento para el buen uso del agua en el municipio\u201d, se\u00f1ala.<\/p>\n<p>[\/vc_column_text][vc_empty_space height=\u00bb20px\u00bb][\/vc_column_inner][\/vc_row_inner][\/vc_column][\/vc_row]<\/p>\n<\/section>","protected":false},"excerpt":{"rendered":"<p>[vc_row css_animation=\u00bb\u00bb row_type=\u00bbrow\u00bb use_row_as_full_screen_section=\u00bbno\u00bb type=\u00bbfull_width\u00bb angled_section=\u00bbno\u00bb text_align=\u00bbleft\u00bb background_image_as_pattern=\u00bbwithout_pattern\u00bb][vc_column][vc_row_inner row_type=\u00bbrow\u00bb type=\u00bbgrid\u00bb text_align=\u00bbleft\u00bb css_animation=\u00bb\u00bb][vc_column_inner][vc_empty_space height=\u00bb20px\u00bb][vc_column_text] Desde la concejal\u00eda de Aguas confirman que es un trabajo conjunto con el Consejo Insular de Aguas, del Cabildo de La Palma, y responde al compromiso que tiene este equipo de Gobierno&#8230;<\/p>\n","protected":false},"author":1,"featured_media":0,"comment_status":"closed","ping_status":"open","sticky":false,"template":"","format":"standard","meta":{"footnotes":""},"categories":[6],"tags":[],"class_list":["post-954","post","type-post","status-publish","format-standard","hentry","category-prensa"],"yoast_head":"<!-- This site is optimized with the Yoast SEO plugin v22.7 - https:\/\/yoast.com\/wordpress\/plugins\/seo\/ -->\n<title>Concluyen las obras de saneamiento de la Avenida Tanausu intersecci\u00f3n con la calle Guayafanta en Los Llanos de Aridane - Ayuntamiento de Los Llanos de Aridane<\/title>\n<meta name=\"description\" content=\"El Ayuntamiento de Los Llanos de Aridane presenta el cartel y el programa de La Patrona 2021 con el lema \u201cRemedios, m\u00e1s que un nombre.\u201d\" \/>\n<meta name=\"robots\" content=\"index, follow, max-snippet:-1, max-image-preview:large, max-video-preview:-1\" \/>\n<link rel=\"canonical\" href=\"https:\/\/www.aridane.org\/city\/2022\/10\/06\/concluyen-las-obras-de-saneamiento-de-la-avenida-tanausu-interseccion-con-la-calle-guayafanta-en-los-llanos-de-aridane\/\" \/>\n<meta property=\"og:locale\" content=\"es_ES\" \/>\n<meta property=\"og:type\" content=\"article\" \/>\n<meta property=\"og:title\" content=\"Concluyen las obras de saneamiento de la Avenida Tanausu intersecci\u00f3n con la calle Guayafanta en Los Llanos de Aridane - Ayuntamiento de Los Llanos de Aridane\" \/>\n<meta property=\"og:description\" content=\"El Ayuntamiento de Los Llanos de Aridane presenta el cartel y el programa de La Patrona 2021 con el lema \u201cRemedios, m\u00e1s que un nombre.\u201d\" \/>\n<meta property=\"og:url\" content=\"https:\/\/www.aridane.org\/city\/2022\/10\/06\/concluyen-las-obras-de-saneamiento-de-la-avenida-tanausu-interseccion-con-la-calle-guayafanta-en-los-llanos-de-aridane\/\" \/>\n<meta property=\"og:site_name\" content=\"Ayuntamiento de Los Llanos de Aridane\" \/>\n<meta property=\"article:published_time\" content=\"2022-10-06T10:00:26+00:00\" \/>\n<meta name=\"author\" content=\"Richard Diaz\" \/>\n<meta name=\"twitter:card\" content=\"summary_large_image\" \/>\n<meta name=\"twitter:label1\" content=\"Escrito por\" \/>\n\t<meta name=\"twitter:data1\" content=\"Richard Diaz\" \/>\n\t<meta name=\"twitter:label2\" content=\"Tiempo de lectura\" \/>\n\t<meta name=\"twitter:data2\" content=\"2 minutos\" \/>\n<script type=\"application\/ld+json\" class=\"yoast-schema-graph\">{\"@context\":\"https:\/\/schema.org\",\"@graph\":[{\"@type\":\"WebPage\",\"@id\":\"https:\/\/www.aridane.org\/city\/2022\/10\/06\/concluyen-las-obras-de-saneamiento-de-la-avenida-tanausu-interseccion-con-la-calle-guayafanta-en-los-llanos-de-aridane\/\",\"url\":\"https:\/\/www.aridane.org\/city\/2022\/10\/06\/concluyen-las-obras-de-saneamiento-de-la-avenida-tanausu-interseccion-con-la-calle-guayafanta-en-los-llanos-de-aridane\/\",\"name\":\"Concluyen las obras de saneamiento de la Avenida Tanausu intersecci\u00f3n con la calle Guayafanta en Los Llanos de Aridane - Ayuntamiento de Los Llanos de Aridane\",\"isPartOf\":{\"@id\":\"https:\/\/www.aridane.org\/city\/#website\"},\"datePublished\":\"2022-10-06T10:00:26+00:00\",\"dateModified\":\"2022-10-06T10:00:26+00:00\",\"author\":{\"@id\":\"https:\/\/www.aridane.org\/city\/#\/schema\/person\/7d352ec7f29881716f298394432e7209\"},\"description\":\"El Ayuntamiento de Los Llanos de Aridane presenta el cartel y el programa de La Patrona 2021 con el lema \u201cRemedios, m\u00e1s que un nombre.\u201d\",\"breadcrumb\":{\"@id\":\"https:\/\/www.aridane.org\/city\/2022\/10\/06\/concluyen-las-obras-de-saneamiento-de-la-avenida-tanausu-interseccion-con-la-calle-guayafanta-en-los-llanos-de-aridane\/#breadcrumb\"},\"inLanguage\":\"es\",\"potentialAction\":[{\"@type\":\"ReadAction\",\"target\":[\"https:\/\/www.aridane.org\/city\/2022\/10\/06\/concluyen-las-obras-de-saneamiento-de-la-avenida-tanausu-interseccion-con-la-calle-guayafanta-en-los-llanos-de-aridane\/\"]}]},{\"@type\":\"BreadcrumbList\",\"@id\":\"https:\/\/www.aridane.org\/city\/2022\/10\/06\/concluyen-las-obras-de-saneamiento-de-la-avenida-tanausu-interseccion-con-la-calle-guayafanta-en-los-llanos-de-aridane\/#breadcrumb\",\"itemListElement\":[{\"@type\":\"ListItem\",\"position\":1,\"name\":\"Portada\",\"item\":\"https:\/\/www.aridane.org\/city\/\"},{\"@type\":\"ListItem\",\"position\":2,\"name\":\"Concluyen las obras de saneamiento de la Avenida Tanausu intersecci\u00f3n con la calle Guayafanta en Los Llanos de Aridane\"}]},{\"@type\":\"WebSite\",\"@id\":\"https:\/\/www.aridane.org\/city\/#website\",\"url\":\"https:\/\/www.aridane.org\/city\/\",\"name\":\"Ayuntamiento de Los Llanos de Aridane\",\"description\":\"\",\"potentialAction\":[{\"@type\":\"SearchAction\",\"target\":{\"@type\":\"EntryPoint\",\"urlTemplate\":\"https:\/\/www.aridane.org\/city\/?s={search_term_string}\"},\"query-input\":\"required name=search_term_string\"}],\"inLanguage\":\"es\"},{\"@type\":\"Person\",\"@id\":\"https:\/\/www.aridane.org\/city\/#\/schema\/person\/7d352ec7f29881716f298394432e7209\",\"name\":\"Richard Diaz\",\"image\":{\"@type\":\"ImageObject\",\"inLanguage\":\"es\",\"@id\":\"https:\/\/www.aridane.org\/city\/#\/schema\/person\/image\/\",\"url\":\"https:\/\/secure.gravatar.com\/avatar\/bacd6aefc26a4a204943090a4c596cd10f0857081ef3cfd12084a70ecb3161d5?s=96&d=mm&r=g\",\"contentUrl\":\"https:\/\/secure.gravatar.com\/avatar\/bacd6aefc26a4a204943090a4c596cd10f0857081ef3cfd12084a70ecb3161d5?s=96&d=mm&r=g\",\"caption\":\"Richard Diaz\"},\"sameAs\":[\"https:\/\/www.aridane.org\/city\"],\"url\":\"https:\/\/www.aridane.org\/city\/author\/richard-diaz\/\"}]}<\/script>\n<!-- \/ Yoast SEO plugin. -->","yoast_head_json":{"title":"Concluyen las obras de saneamiento de la Avenida Tanausu intersecci\u00f3n con la calle Guayafanta en Los Llanos de Aridane - Ayuntamiento de Los Llanos de Aridane","description":"El Ayuntamiento de Los Llanos de Aridane presenta el cartel y el programa de La Patrona 2021 con el lema \u201cRemedios, m\u00e1s que un nombre.\u201d","robots":{"index":"index","follow":"follow","max-snippet":"max-snippet:-1","max-image-preview":"max-image-preview:large","max-video-preview":"max-video-preview:-1"},"canonical":"https:\/\/www.aridane.org\/city\/2022\/10\/06\/concluyen-las-obras-de-saneamiento-de-la-avenida-tanausu-interseccion-con-la-calle-guayafanta-en-los-llanos-de-aridane\/","og_locale":"es_ES","og_type":"article","og_title":"Concluyen las obras de saneamiento de la Avenida Tanausu intersecci\u00f3n con la calle Guayafanta en Los Llanos de Aridane - Ayuntamiento de Los Llanos de Aridane","og_description":"El Ayuntamiento de Los Llanos de Aridane presenta el cartel y el programa de La Patrona 2021 con el lema \u201cRemedios, m\u00e1s que un nombre.\u201d","og_url":"https:\/\/www.aridane.org\/city\/2022\/10\/06\/concluyen-las-obras-de-saneamiento-de-la-avenida-tanausu-interseccion-con-la-calle-guayafanta-en-los-llanos-de-aridane\/","og_site_name":"Ayuntamiento de Los Llanos de Aridane","article_published_time":"2022-10-06T10:00:26+00:00","author":"Richard Diaz","twitter_card":"summary_large_image","twitter_misc":{"Escrito por":"Richard Diaz","Tiempo de lectura":"2 minutos"},"schema":{"@context":"https:\/\/schema.org","@graph":[{"@type":"WebPage","@id":"https:\/\/www.aridane.org\/city\/2022\/10\/06\/concluyen-las-obras-de-saneamiento-de-la-avenida-tanausu-interseccion-con-la-calle-guayafanta-en-los-llanos-de-aridane\/","url":"https:\/\/www.aridane.org\/city\/2022\/10\/06\/concluyen-las-obras-de-saneamiento-de-la-avenida-tanausu-interseccion-con-la-calle-guayafanta-en-los-llanos-de-aridane\/","name":"Concluyen las obras de saneamiento de la Avenida Tanausu intersecci\u00f3n con la calle Guayafanta en Los Llanos de Aridane - Ayuntamiento de Los Llanos de Aridane","isPartOf":{"@id":"https:\/\/www.aridane.org\/city\/#website"},"datePublished":"2022-10-06T10:00:26+00:00","dateModified":"2022-10-06T10:00:26+00:00","author":{"@id":"https:\/\/www.aridane.org\/city\/#\/schema\/person\/7d352ec7f29881716f298394432e7209"},"description":"El Ayuntamiento de Los Llanos de Aridane presenta el cartel y el programa de La Patrona 2021 con el lema \u201cRemedios, m\u00e1s que un nombre.\u201d","breadcrumb":{"@id":"https:\/\/www.aridane.org\/city\/2022\/10\/06\/concluyen-las-obras-de-saneamiento-de-la-avenida-tanausu-interseccion-con-la-calle-guayafanta-en-los-llanos-de-aridane\/#breadcrumb"},"inLanguage":"es","potentialAction":[{"@type":"ReadAction","target":["https:\/\/www.aridane.org\/city\/2022\/10\/06\/concluyen-las-obras-de-saneamiento-de-la-avenida-tanausu-interseccion-con-la-calle-guayafanta-en-los-llanos-de-aridane\/"]}]},{"@type":"BreadcrumbList","@id":"https:\/\/www.aridane.org\/city\/2022\/10\/06\/concluyen-las-obras-de-saneamiento-de-la-avenida-tanausu-interseccion-con-la-calle-guayafanta-en-los-llanos-de-aridane\/#breadcrumb","itemListElement":[{"@type":"ListItem","position":1,"name":"Portada","item":"https:\/\/www.aridane.org\/city\/"},{"@type":"ListItem","position":2,"name":"Concluyen las obras de saneamiento de la Avenida Tanausu intersecci\u00f3n con la calle Guayafanta en Los Llanos de Aridane"}]},{"@type":"WebSite","@id":"https:\/\/www.aridane.org\/city\/#website","url":"https:\/\/www.aridane.org\/city\/","name":"Ayuntamiento de Los Llanos de Aridane","description":"","potentialAction":[{"@type":"SearchAction","target":{"@type":"EntryPoint","urlTemplate":"https:\/\/www.aridane.org\/city\/?s={search_term_string}"},"query-input":"required name=search_term_string"}],"inLanguage":"es"},{"@type":"Person","@id":"https:\/\/www.aridane.org\/city\/#\/schema\/person\/7d352ec7f29881716f298394432e7209","name":"Richard Diaz","image":{"@type":"ImageObject","inLanguage":"es","@id":"https:\/\/www.aridane.org\/city\/#\/schema\/person\/image\/","url":"https:\/\/secure.gravatar.com\/avatar\/bacd6aefc26a4a204943090a4c596cd10f0857081ef3cfd12084a70ecb3161d5?s=96&d=mm&r=g","contentUrl":"https:\/\/secure.gravatar.com\/avatar\/bacd6aefc26a4a204943090a4c596cd10f0857081ef3cfd12084a70ecb3161d5?s=96&d=mm&r=g","caption":"Richard Diaz"},"sameAs":["https:\/\/www.aridane.org\/city"],"url":"https:\/\/www.aridane.org\/city\/author\/richard-diaz\/"}]}},"_links":{"self":[{"href":"https:\/\/www.aridane.org\/city\/wp-json\/wp\/v2\/posts\/954","targetHints":{"allow":["GET"]}}],"collection":[{"href":"https:\/\/www.aridane.org\/city\/wp-json\/wp\/v2\/posts"}],"about":[{"href":"https:\/\/www.aridane.org\/city\/wp-json\/wp\/v2\/types\/post"}],"author":[{"embeddable":true,"href":"https:\/\/www.aridane.org\/city\/wp-json\/wp\/v2\/users\/1"}],"replies":[{"embeddable":true,"href":"https:\/\/www.aridane.org\/city\/wp-json\/wp\/v2\/comments?post=954"}],"version-history":[{"count":0,"href":"https:\/\/www.aridane.org\/city\/wp-json\/wp\/v2\/posts\/954\/revisions"}],"wp:attachment":[{"href":"https:\/\/www.aridane.org\/city\/wp-json\/wp\/v2\/media?parent=954"}],"wp:term":[{"taxonomy":"category","embeddable":true,"href":"https:\/\/www.aridane.org\/city\/wp-json\/wp\/v2\/categories?post=954"},{"taxonomy":"post_tag","embeddable":true,"href":"https:\/\/www.aridane.org\/city\/wp-json\/wp\/v2\/tags?post=954"}],"curies":[{"name":"wp","href":"https:\/\/api.w.org\/{rel}","templated":true}]}}