{"id":957,"date":"2022-10-05T11:00:08","date_gmt":"2022-10-05T10:00:08","guid":{"rendered":"https:\/\/aridane.org\/ciudad\/?p=957"},"modified":"2022-10-05T11:00:08","modified_gmt":"2022-10-05T10:00:08","slug":"el-ayuntamiento-de-los-llanos-de-aridane-transfiere-mas-de-75-000-euros-entre-13-entidades-sociales-del-municipio","status":"publish","type":"post","link":"https:\/\/www.aridane.org\/city\/2022\/10\/05\/el-ayuntamiento-de-los-llanos-de-aridane-transfiere-mas-de-75-000-euros-entre-13-entidades-sociales-del-municipio\/","title":{"rendered":"El Ayuntamiento de Los Llanos de Aridane transfiere m\u00e1s de 75.000 euros entre 13 entidades sociales del municipio"},"content":{"rendered":"<section class=\"wpb-content-wrapper\"><p>[vc_row css_animation=\u00bb\u00bb row_type=\u00bbrow\u00bb use_row_as_full_screen_section=\u00bbno\u00bb type=\u00bbfull_width\u00bb angled_section=\u00bbno\u00bb text_align=\u00bbleft\u00bb background_image_as_pattern=\u00bbwithout_pattern\u00bb][vc_column][vc_row_inner row_type=\u00bbrow\u00bb type=\u00bbgrid\u00bb text_align=\u00bbleft\u00bb css_animation=\u00bb\u00bb][vc_column_inner][vc_empty_space height=\u00bb20px\u00bb][vc_column_text]<\/p>\n<ul>\n<li style=\"text-align: justify;\"><em>Desde Acci\u00f3n Social recuerdan que para este equipo de Gobierno es fundamental el bienestar de nuestros vecinos. \u201cPor lo que vamos a seguir desarrollando pol\u00edticas que nos permitan continuar dando respuesta a las necesidades de los aridanenses\u201d.<\/em><\/li>\n<\/ul>\n<p>&nbsp;<\/p>\n<p style=\"text-align: justify;\"><strong>Los Llanos de Aridane, 5 de octubre de 2022.<\/strong>&#8211; El Ayuntamiento de Los Llanos de Aridane a trav\u00e9s de la concejal de Acci\u00f3n Social, Elena Concepci\u00f3n, ha confirmado que el Consistorio aridanense ha abonado 75.094,07 euros entre 13 entidades sociales del municipio, por acciones realizadas durante el a\u00f1o 2021.<\/p>\n<p style=\"text-align: justify;\">Concepci\u00f3n explica que \u201ccon dicha inversi\u00f3n buscamos poder seguir ayudando a que estas entidades sociales que trabajan en favor de diferentes colectivos como son: menores; adolescentes y familias; personas con discapacidad; en situaci\u00f3n de dependencia o en favor de la inclusi\u00f3n social, puedan sufragar parte de sus gastos, as\u00ed como ayudarles a impulsar sus proyectos\u201d, subraya. Adem\u00e1s, afirma que para su transferencia la comisi\u00f3n evaludora ha tenido en cuenta criterios como: que se trate de proyectos que tengan un impacto directo en el municipio, as\u00ed como que se beneficien los vecinos y familias aridanenses, entre otros aspectos.<\/p>\n<p style=\"text-align: justify;\">Desde Acci\u00f3n Social confirman que concretamente las entidades que han recibido esta subvenci\u00f3n son: Fasican, \u00a0Funcasor, Indispal, \u00a0AECC, \u00a0NEP, Adfilpa, Isonorte, ADIJ, AFA, Asociaci\u00f3n Salud Mental, Psic\u00f3logos para todos, Cruz Roja y AMPA El Roque.<\/p>\n<p style=\"text-align: justify;\">Por \u00faltimo, desde el Ayuntamiento de Los Llanos de Aridane recuerdan que \u201cpara este equipo de Gobierno es fundamental el bienestar de nuestros vecinos. Por lo que vamos a seguir desarrollando pol\u00edticas que nos permitan continuar dando respuesta a las necesidades de los aridanenses\u201d.<\/p>\n<p>[\/vc_column_text][vc_empty_space height=\u00bb20px\u00bb][\/vc_column_inner][\/vc_row_inner][\/vc_column][\/vc_row]<\/p>\n<\/section>","protected":false},"excerpt":{"rendered":"<p>[vc_row css_animation=\u00bb\u00bb row_type=\u00bbrow\u00bb use_row_as_full_screen_section=\u00bbno\u00bb type=\u00bbfull_width\u00bb angled_section=\u00bbno\u00bb text_align=\u00bbleft\u00bb background_image_as_pattern=\u00bbwithout_pattern\u00bb][vc_column][vc_row_inner row_type=\u00bbrow\u00bb type=\u00bbgrid\u00bb text_align=\u00bbleft\u00bb css_animation=\u00bb\u00bb][vc_column_inner][vc_empty_space height=\u00bb20px\u00bb][vc_column_text] Desde Acci\u00f3n Social recuerdan que para este equipo de Gobierno es fundamental el bienestar de nuestros vecinos. \u201cPor lo que vamos a seguir desarrollando pol\u00edticas que nos permitan continuar dando respuesta a&#8230;<\/p>\n","protected":false},"author":1,"featured_media":0,"comment_status":"closed","ping_status":"open","sticky":false,"template":"","format":"standard","meta":{"footnotes":""},"categories":[6],"tags":[],"class_list":["post-957","post","type-post","status-publish","format-standard","hentry","category-prensa"],"yoast_head":"<!-- This site is optimized with the Yoast SEO plugin v22.7 - https:\/\/yoast.com\/wordpress\/plugins\/seo\/ -->\n<title>El Ayuntamiento de Los Llanos de Aridane transfiere m\u00e1s de 75.000 euros entre 13 entidades sociales del municipio - Ayuntamiento de Los Llanos de Aridane<\/title>\n<meta name=\"description\" content=\"El Ayuntamiento de Los Llanos de Aridane presenta el cartel y el programa de La Patrona 2021 con el lema \u201cRemedios, m\u00e1s que un nombre.\u201d\" \/>\n<meta name=\"robots\" content=\"index, follow, max-snippet:-1, max-image-preview:large, max-video-preview:-1\" \/>\n<link rel=\"canonical\" href=\"https:\/\/www.aridane.org\/city\/2022\/10\/05\/el-ayuntamiento-de-los-llanos-de-aridane-transfiere-mas-de-75-000-euros-entre-13-entidades-sociales-del-municipio\/\" \/>\n<meta property=\"og:locale\" content=\"es_ES\" \/>\n<meta property=\"og:type\" content=\"article\" \/>\n<meta property=\"og:title\" content=\"El Ayuntamiento de Los Llanos de Aridane transfiere m\u00e1s de 75.000 euros entre 13 entidades sociales del municipio - Ayuntamiento de Los Llanos de Aridane\" \/>\n<meta property=\"og:description\" content=\"El Ayuntamiento de Los Llanos de Aridane presenta el cartel y el programa de La Patrona 2021 con el lema \u201cRemedios, m\u00e1s que un nombre.\u201d\" \/>\n<meta property=\"og:url\" content=\"https:\/\/www.aridane.org\/city\/2022\/10\/05\/el-ayuntamiento-de-los-llanos-de-aridane-transfiere-mas-de-75-000-euros-entre-13-entidades-sociales-del-municipio\/\" \/>\n<meta property=\"og:site_name\" content=\"Ayuntamiento de Los Llanos de Aridane\" \/>\n<meta property=\"article:published_time\" content=\"2022-10-05T10:00:08+00:00\" \/>\n<meta name=\"author\" content=\"Richard Diaz\" \/>\n<meta name=\"twitter:card\" content=\"summary_large_image\" \/>\n<meta name=\"twitter:label1\" content=\"Escrito por\" \/>\n\t<meta name=\"twitter:data1\" content=\"Richard Diaz\" \/>\n\t<meta name=\"twitter:label2\" content=\"Tiempo de lectura\" \/>\n\t<meta name=\"twitter:data2\" content=\"2 minutos\" \/>\n<script type=\"application\/ld+json\" class=\"yoast-schema-graph\">{\"@context\":\"https:\/\/schema.org\",\"@graph\":[{\"@type\":\"WebPage\",\"@id\":\"https:\/\/www.aridane.org\/city\/2022\/10\/05\/el-ayuntamiento-de-los-llanos-de-aridane-transfiere-mas-de-75-000-euros-entre-13-entidades-sociales-del-municipio\/\",\"url\":\"https:\/\/www.aridane.org\/city\/2022\/10\/05\/el-ayuntamiento-de-los-llanos-de-aridane-transfiere-mas-de-75-000-euros-entre-13-entidades-sociales-del-municipio\/\",\"name\":\"El Ayuntamiento de Los Llanos de Aridane transfiere m\u00e1s de 75.000 euros entre 13 entidades sociales del municipio - Ayuntamiento de Los Llanos de Aridane\",\"isPartOf\":{\"@id\":\"https:\/\/www.aridane.org\/city\/#website\"},\"datePublished\":\"2022-10-05T10:00:08+00:00\",\"dateModified\":\"2022-10-05T10:00:08+00:00\",\"author\":{\"@id\":\"https:\/\/www.aridane.org\/city\/#\/schema\/person\/7d352ec7f29881716f298394432e7209\"},\"description\":\"El Ayuntamiento de Los Llanos de Aridane presenta el cartel y el programa de La Patrona 2021 con el lema \u201cRemedios, m\u00e1s que un nombre.\u201d\",\"breadcrumb\":{\"@id\":\"https:\/\/www.aridane.org\/city\/2022\/10\/05\/el-ayuntamiento-de-los-llanos-de-aridane-transfiere-mas-de-75-000-euros-entre-13-entidades-sociales-del-municipio\/#breadcrumb\"},\"inLanguage\":\"es\",\"potentialAction\":[{\"@type\":\"ReadAction\",\"target\":[\"https:\/\/www.aridane.org\/city\/2022\/10\/05\/el-ayuntamiento-de-los-llanos-de-aridane-transfiere-mas-de-75-000-euros-entre-13-entidades-sociales-del-municipio\/\"]}]},{\"@type\":\"BreadcrumbList\",\"@id\":\"https:\/\/www.aridane.org\/city\/2022\/10\/05\/el-ayuntamiento-de-los-llanos-de-aridane-transfiere-mas-de-75-000-euros-entre-13-entidades-sociales-del-municipio\/#breadcrumb\",\"itemListElement\":[{\"@type\":\"ListItem\",\"position\":1,\"name\":\"Portada\",\"item\":\"https:\/\/www.aridane.org\/city\/\"},{\"@type\":\"ListItem\",\"position\":2,\"name\":\"El Ayuntamiento de Los Llanos de Aridane transfiere m\u00e1s de 75.000 euros entre 13 entidades sociales del municipio\"}]},{\"@type\":\"WebSite\",\"@id\":\"https:\/\/www.aridane.org\/city\/#website\",\"url\":\"https:\/\/www.aridane.org\/city\/\",\"name\":\"Ayuntamiento de Los Llanos de Aridane\",\"description\":\"\",\"potentialAction\":[{\"@type\":\"SearchAction\",\"target\":{\"@type\":\"EntryPoint\",\"urlTemplate\":\"https:\/\/www.aridane.org\/city\/?s={search_term_string}\"},\"query-input\":\"required name=search_term_string\"}],\"inLanguage\":\"es\"},{\"@type\":\"Person\",\"@id\":\"https:\/\/www.aridane.org\/city\/#\/schema\/person\/7d352ec7f29881716f298394432e7209\",\"name\":\"Richard Diaz\",\"image\":{\"@type\":\"ImageObject\",\"inLanguage\":\"es\",\"@id\":\"https:\/\/www.aridane.org\/city\/#\/schema\/person\/image\/\",\"url\":\"https:\/\/secure.gravatar.com\/avatar\/bacd6aefc26a4a204943090a4c596cd10f0857081ef3cfd12084a70ecb3161d5?s=96&d=mm&r=g\",\"contentUrl\":\"https:\/\/secure.gravatar.com\/avatar\/bacd6aefc26a4a204943090a4c596cd10f0857081ef3cfd12084a70ecb3161d5?s=96&d=mm&r=g\",\"caption\":\"Richard Diaz\"},\"sameAs\":[\"https:\/\/www.aridane.org\/city\"],\"url\":\"https:\/\/www.aridane.org\/city\/author\/richard-diaz\/\"}]}<\/script>\n<!-- \/ Yoast SEO plugin. -->","yoast_head_json":{"title":"El Ayuntamiento de Los Llanos de Aridane transfiere m\u00e1s de 75.000 euros entre 13 entidades sociales del municipio - Ayuntamiento de Los Llanos de Aridane","description":"El Ayuntamiento de Los Llanos de Aridane presenta el cartel y el programa de La Patrona 2021 con el lema \u201cRemedios, m\u00e1s que un nombre.\u201d","robots":{"index":"index","follow":"follow","max-snippet":"max-snippet:-1","max-image-preview":"max-image-preview:large","max-video-preview":"max-video-preview:-1"},"canonical":"https:\/\/www.aridane.org\/city\/2022\/10\/05\/el-ayuntamiento-de-los-llanos-de-aridane-transfiere-mas-de-75-000-euros-entre-13-entidades-sociales-del-municipio\/","og_locale":"es_ES","og_type":"article","og_title":"El Ayuntamiento de Los Llanos de Aridane transfiere m\u00e1s de 75.000 euros entre 13 entidades sociales del municipio - Ayuntamiento de Los Llanos de Aridane","og_description":"El Ayuntamiento de Los Llanos de Aridane presenta el cartel y el programa de La Patrona 2021 con el lema \u201cRemedios, m\u00e1s que un nombre.\u201d","og_url":"https:\/\/www.aridane.org\/city\/2022\/10\/05\/el-ayuntamiento-de-los-llanos-de-aridane-transfiere-mas-de-75-000-euros-entre-13-entidades-sociales-del-municipio\/","og_site_name":"Ayuntamiento de Los Llanos de Aridane","article_published_time":"2022-10-05T10:00:08+00:00","author":"Richard Diaz","twitter_card":"summary_large_image","twitter_misc":{"Escrito por":"Richard Diaz","Tiempo de lectura":"2 minutos"},"schema":{"@context":"https:\/\/schema.org","@graph":[{"@type":"WebPage","@id":"https:\/\/www.aridane.org\/city\/2022\/10\/05\/el-ayuntamiento-de-los-llanos-de-aridane-transfiere-mas-de-75-000-euros-entre-13-entidades-sociales-del-municipio\/","url":"https:\/\/www.aridane.org\/city\/2022\/10\/05\/el-ayuntamiento-de-los-llanos-de-aridane-transfiere-mas-de-75-000-euros-entre-13-entidades-sociales-del-municipio\/","name":"El Ayuntamiento de Los Llanos de Aridane transfiere m\u00e1s de 75.000 euros entre 13 entidades sociales del municipio - Ayuntamiento de Los Llanos de Aridane","isPartOf":{"@id":"https:\/\/www.aridane.org\/city\/#website"},"datePublished":"2022-10-05T10:00:08+00:00","dateModified":"2022-10-05T10:00:08+00:00","author":{"@id":"https:\/\/www.aridane.org\/city\/#\/schema\/person\/7d352ec7f29881716f298394432e7209"},"description":"El Ayuntamiento de Los Llanos de Aridane presenta el cartel y el programa de La Patrona 2021 con el lema \u201cRemedios, m\u00e1s que un nombre.\u201d","breadcrumb":{"@id":"https:\/\/www.aridane.org\/city\/2022\/10\/05\/el-ayuntamiento-de-los-llanos-de-aridane-transfiere-mas-de-75-000-euros-entre-13-entidades-sociales-del-municipio\/#breadcrumb"},"inLanguage":"es","potentialAction":[{"@type":"ReadAction","target":["https:\/\/www.aridane.org\/city\/2022\/10\/05\/el-ayuntamiento-de-los-llanos-de-aridane-transfiere-mas-de-75-000-euros-entre-13-entidades-sociales-del-municipio\/"]}]},{"@type":"BreadcrumbList","@id":"https:\/\/www.aridane.org\/city\/2022\/10\/05\/el-ayuntamiento-de-los-llanos-de-aridane-transfiere-mas-de-75-000-euros-entre-13-entidades-sociales-del-municipio\/#breadcrumb","itemListElement":[{"@type":"ListItem","position":1,"name":"Portada","item":"https:\/\/www.aridane.org\/city\/"},{"@type":"ListItem","position":2,"name":"El Ayuntamiento de Los Llanos de Aridane transfiere m\u00e1s de 75.000 euros entre 13 entidades sociales del municipio"}]},{"@type":"WebSite","@id":"https:\/\/www.aridane.org\/city\/#website","url":"https:\/\/www.aridane.org\/city\/","name":"Ayuntamiento de Los Llanos de Aridane","description":"","potentialAction":[{"@type":"SearchAction","target":{"@type":"EntryPoint","urlTemplate":"https:\/\/www.aridane.org\/city\/?s={search_term_string}"},"query-input":"required name=search_term_string"}],"inLanguage":"es"},{"@type":"Person","@id":"https:\/\/www.aridane.org\/city\/#\/schema\/person\/7d352ec7f29881716f298394432e7209","name":"Richard Diaz","image":{"@type":"ImageObject","inLanguage":"es","@id":"https:\/\/www.aridane.org\/city\/#\/schema\/person\/image\/","url":"https:\/\/secure.gravatar.com\/avatar\/bacd6aefc26a4a204943090a4c596cd10f0857081ef3cfd12084a70ecb3161d5?s=96&d=mm&r=g","contentUrl":"https:\/\/secure.gravatar.com\/avatar\/bacd6aefc26a4a204943090a4c596cd10f0857081ef3cfd12084a70ecb3161d5?s=96&d=mm&r=g","caption":"Richard Diaz"},"sameAs":["https:\/\/www.aridane.org\/city"],"url":"https:\/\/www.aridane.org\/city\/author\/richard-diaz\/"}]}},"_links":{"self":[{"href":"https:\/\/www.aridane.org\/city\/wp-json\/wp\/v2\/posts\/957","targetHints":{"allow":["GET"]}}],"collection":[{"href":"https:\/\/www.aridane.org\/city\/wp-json\/wp\/v2\/posts"}],"about":[{"href":"https:\/\/www.aridane.org\/city\/wp-json\/wp\/v2\/types\/post"}],"author":[{"embeddable":true,"href":"https:\/\/www.aridane.org\/city\/wp-json\/wp\/v2\/users\/1"}],"replies":[{"embeddable":true,"href":"https:\/\/www.aridane.org\/city\/wp-json\/wp\/v2\/comments?post=957"}],"version-history":[{"count":0,"href":"https:\/\/www.aridane.org\/city\/wp-json\/wp\/v2\/posts\/957\/revisions"}],"wp:attachment":[{"href":"https:\/\/www.aridane.org\/city\/wp-json\/wp\/v2\/media?parent=957"}],"wp:term":[{"taxonomy":"category","embeddable":true,"href":"https:\/\/www.aridane.org\/city\/wp-json\/wp\/v2\/categories?post=957"},{"taxonomy":"post_tag","embeddable":true,"href":"https:\/\/www.aridane.org\/city\/wp-json\/wp\/v2\/tags?post=957"}],"curies":[{"name":"wp","href":"https:\/\/api.w.org\/{rel}","templated":true}]}}