{"id":961,"date":"2022-09-28T10:00:33","date_gmt":"2022-09-28T09:00:33","guid":{"rendered":"https:\/\/aridane.org\/ciudad\/?p=961"},"modified":"2022-09-28T10:00:33","modified_gmt":"2022-09-28T09:00:33","slug":"el-ayuntamiento-de-los-llanos-de-aridane-junto-a-la-asociacion-espanola-contra-el-cancer-aecc-ponen-en-marcha-pateando-aridane","status":"publish","type":"post","link":"https:\/\/www.aridane.org\/city\/2022\/09\/28\/el-ayuntamiento-de-los-llanos-de-aridane-junto-a-la-asociacion-espanola-contra-el-cancer-aecc-ponen-en-marcha-pateando-aridane\/","title":{"rendered":"El Ayuntamiento de Los Llanos de Aridane junto a la Asociaci\u00f3n Espa\u00f1ola Contra el C\u00e1ncer, AECC, ponen en marcha \u2018Pateando Aridane\u2019"},"content":{"rendered":"<section class=\"wpb-content-wrapper\"><p>[vc_row css_animation=\u00bb\u00bb row_type=\u00bbrow\u00bb use_row_as_full_screen_section=\u00bbno\u00bb type=\u00bbfull_width\u00bb angled_section=\u00bbno\u00bb text_align=\u00bbleft\u00bb background_image_as_pattern=\u00bbwithout_pattern\u00bb][vc_column][vc_row_inner row_type=\u00bbrow\u00bb type=\u00bbgrid\u00bb text_align=\u00bbleft\u00bb css_animation=\u00bb\u00bb][vc_column_inner][vc_empty_space height=\u00bb20px\u00bb][vc_column_text]<\/p>\n<ul>\n<li style=\"text-align: justify;\"><em>Esta iniciativa servir\u00e1 para que los participantes, adem\u00e1s de hacer actividad f\u00edsica, tengan un espacio de encuentro con otras personas, y una oportunidad para conocer mejor el entorno. Las rutas ser\u00e1n todos los jueves, en horario de siete y media de la tarde, y para apuntarse los interesados pueden contactar<br \/>\nal tel\u00e9fono de informaci\u00f3n: 69233341<\/em><\/li>\n<\/ul>\n<p>&nbsp;<\/p>\n<p style=\"text-align: justify;\"><strong>Los Llanos de Aridane, 28 de septiembre de 2022.<\/strong>&#8211; El El Ayuntamiento de Los Llanos de Aridane a trav\u00e9s de la concejal de Sanidad, Elena Pais, y en colaboraci\u00f3n con la Asociaci\u00f3n Espa\u00f1ola Contra el C\u00e1ncer, AECC, ponen en marcha \u2018Pateando Aridane\u2019.<\/p>\n<p style=\"text-align: justify;\">Pais explica que \u201cesta actividad servir\u00e1 para que los participantes puedan realizar actividad f\u00edsica, tengan un espacio de encuentro con otras personas, y supone, tambi\u00e9n una oportunidad para conocer mejor el entorno\u201d. Adem\u00e1s, se\u00f1ala que las rutas se realizar\u00e1n todos los jueves, en horario de 19:30, y aquellas personas que est\u00e9n interesadas pueden llamar al tel\u00e9fono 692333411.<\/p>\n<p style=\"text-align: justify;\">La concejal explica que esta actividad est\u00e1 dentro de la din\u00e1mica de la \u2018Estrategia canaria Islas y municipios promotores de la salud\u2019, de la que el Consistorio forma parte por motivos como: abordar y prevenir factores de riesgo como la diabetes, la hipertensi\u00f3n o la obesidad, tratar de evitar situaciones de cronicidad y mejorar la calidad de vida de las personas. \u201cAdem\u00e1s, de la implementaci\u00f3n y desarrollo de la misma redundando en los necesarios cambios sociales para mejorar la calidad de vida y reducir las inequidades favorecedoras de la pobreza\u201d, se\u00f1ala.<\/p>\n<p style=\"text-align: justify;\">Por su parte, la presidenta de AECC La Palma, Rosa Mar\u00eda Rodr\u00edguez Hern\u00e1ndez, asegura que \u201cde esta manera continuamos con los diferentes proyectos definidos por la AECC, entre ellos, Las Rutas Saludables que, bajo la supervisi\u00f3n del Psic\u00f3logo de Prevenci\u00f3n, con apoyo de voluntariado y en colaboraci\u00f3n con la concejal\u00eda de Salud del Ayuntamiento de Los Llanos de Aridane, se pretende conjugar en cada una de las rutas, actividades l\u00fadico-deportivas y adquirir h\u00e1bitos saludables. Esta actividad va dirigida a todas aquellas personas, no importa la edad ni el sexo, que por cualquier circunstancia pasen gran parte del d\u00eda desarrollando actividad sedentaria\u201d.<\/p>\n<p style=\"text-align: justify;\">Por \u00faltimo, desde el Ayuntamiento de Los Llanos de Aridane y desde el AECC hace un llamamiento a la poblaci\u00f3n y los invita a participar, son paseos suaves y c\u00f3modos. Vuestro cuerpo se los agradecer\u00e1.<\/p>\n<p>[\/vc_column_text][vc_empty_space height=\u00bb20px\u00bb][\/vc_column_inner][\/vc_row_inner][\/vc_column][\/vc_row]<\/p>\n<\/section>","protected":false},"excerpt":{"rendered":"<p>[vc_row css_animation=\u00bb\u00bb row_type=\u00bbrow\u00bb use_row_as_full_screen_section=\u00bbno\u00bb type=\u00bbfull_width\u00bb angled_section=\u00bbno\u00bb text_align=\u00bbleft\u00bb background_image_as_pattern=\u00bbwithout_pattern\u00bb][vc_column][vc_row_inner row_type=\u00bbrow\u00bb type=\u00bbgrid\u00bb text_align=\u00bbleft\u00bb css_animation=\u00bb\u00bb][vc_column_inner][vc_empty_space height=\u00bb20px\u00bb][vc_column_text] Esta iniciativa servir\u00e1 para que los participantes, adem\u00e1s de hacer actividad f\u00edsica, tengan un espacio de encuentro con otras personas, y una oportunidad para conocer mejor el entorno. Las rutas ser\u00e1n todos&#8230;<\/p>\n","protected":false},"author":1,"featured_media":0,"comment_status":"closed","ping_status":"open","sticky":false,"template":"","format":"standard","meta":{"footnotes":""},"categories":[6],"tags":[],"class_list":["post-961","post","type-post","status-publish","format-standard","hentry","category-prensa"],"yoast_head":"<!-- This site is optimized with the Yoast SEO plugin v22.7 - https:\/\/yoast.com\/wordpress\/plugins\/seo\/ -->\n<title>El Ayuntamiento de Los Llanos de Aridane junto a la Asociaci\u00f3n Espa\u00f1ola Contra el C\u00e1ncer, AECC, ponen en marcha \u2018Pateando Aridane\u2019 - Ayuntamiento de Los Llanos de Aridane<\/title>\n<meta name=\"description\" content=\"El Ayuntamiento de Los Llanos de Aridane presenta el cartel y el programa de La Patrona 2021 con el lema \u201cRemedios, m\u00e1s que un nombre.\u201d\" \/>\n<meta name=\"robots\" content=\"index, follow, max-snippet:-1, max-image-preview:large, max-video-preview:-1\" \/>\n<link rel=\"canonical\" href=\"https:\/\/www.aridane.org\/city\/2022\/09\/28\/el-ayuntamiento-de-los-llanos-de-aridane-junto-a-la-asociacion-espanola-contra-el-cancer-aecc-ponen-en-marcha-pateando-aridane\/\" \/>\n<meta property=\"og:locale\" content=\"es_ES\" \/>\n<meta property=\"og:type\" content=\"article\" \/>\n<meta property=\"og:title\" content=\"El Ayuntamiento de Los Llanos de Aridane junto a la Asociaci\u00f3n Espa\u00f1ola Contra el C\u00e1ncer, AECC, ponen en marcha \u2018Pateando Aridane\u2019 - Ayuntamiento de Los Llanos de Aridane\" \/>\n<meta property=\"og:description\" content=\"El Ayuntamiento de Los Llanos de Aridane presenta el cartel y el programa de La Patrona 2021 con el lema \u201cRemedios, m\u00e1s que un nombre.\u201d\" \/>\n<meta property=\"og:url\" content=\"https:\/\/www.aridane.org\/city\/2022\/09\/28\/el-ayuntamiento-de-los-llanos-de-aridane-junto-a-la-asociacion-espanola-contra-el-cancer-aecc-ponen-en-marcha-pateando-aridane\/\" \/>\n<meta property=\"og:site_name\" content=\"Ayuntamiento de Los Llanos de Aridane\" \/>\n<meta property=\"article:published_time\" content=\"2022-09-28T09:00:33+00:00\" \/>\n<meta name=\"author\" content=\"Richard Diaz\" \/>\n<meta name=\"twitter:card\" content=\"summary_large_image\" \/>\n<meta name=\"twitter:label1\" content=\"Escrito por\" \/>\n\t<meta name=\"twitter:data1\" content=\"Richard Diaz\" \/>\n\t<meta name=\"twitter:label2\" content=\"Tiempo de lectura\" \/>\n\t<meta name=\"twitter:data2\" content=\"2 minutos\" \/>\n<script type=\"application\/ld+json\" class=\"yoast-schema-graph\">{\"@context\":\"https:\/\/schema.org\",\"@graph\":[{\"@type\":\"WebPage\",\"@id\":\"https:\/\/www.aridane.org\/city\/2022\/09\/28\/el-ayuntamiento-de-los-llanos-de-aridane-junto-a-la-asociacion-espanola-contra-el-cancer-aecc-ponen-en-marcha-pateando-aridane\/\",\"url\":\"https:\/\/www.aridane.org\/city\/2022\/09\/28\/el-ayuntamiento-de-los-llanos-de-aridane-junto-a-la-asociacion-espanola-contra-el-cancer-aecc-ponen-en-marcha-pateando-aridane\/\",\"name\":\"El Ayuntamiento de Los Llanos de Aridane junto a la Asociaci\u00f3n Espa\u00f1ola Contra el C\u00e1ncer, AECC, ponen en marcha \u2018Pateando Aridane\u2019 - Ayuntamiento de Los Llanos de Aridane\",\"isPartOf\":{\"@id\":\"https:\/\/www.aridane.org\/city\/#website\"},\"datePublished\":\"2022-09-28T09:00:33+00:00\",\"dateModified\":\"2022-09-28T09:00:33+00:00\",\"author\":{\"@id\":\"https:\/\/www.aridane.org\/city\/#\/schema\/person\/7d352ec7f29881716f298394432e7209\"},\"description\":\"El Ayuntamiento de Los Llanos de Aridane presenta el cartel y el programa de La Patrona 2021 con el lema \u201cRemedios, m\u00e1s que un nombre.\u201d\",\"breadcrumb\":{\"@id\":\"https:\/\/www.aridane.org\/city\/2022\/09\/28\/el-ayuntamiento-de-los-llanos-de-aridane-junto-a-la-asociacion-espanola-contra-el-cancer-aecc-ponen-en-marcha-pateando-aridane\/#breadcrumb\"},\"inLanguage\":\"es\",\"potentialAction\":[{\"@type\":\"ReadAction\",\"target\":[\"https:\/\/www.aridane.org\/city\/2022\/09\/28\/el-ayuntamiento-de-los-llanos-de-aridane-junto-a-la-asociacion-espanola-contra-el-cancer-aecc-ponen-en-marcha-pateando-aridane\/\"]}]},{\"@type\":\"BreadcrumbList\",\"@id\":\"https:\/\/www.aridane.org\/city\/2022\/09\/28\/el-ayuntamiento-de-los-llanos-de-aridane-junto-a-la-asociacion-espanola-contra-el-cancer-aecc-ponen-en-marcha-pateando-aridane\/#breadcrumb\",\"itemListElement\":[{\"@type\":\"ListItem\",\"position\":1,\"name\":\"Portada\",\"item\":\"https:\/\/www.aridane.org\/city\/\"},{\"@type\":\"ListItem\",\"position\":2,\"name\":\"El Ayuntamiento de Los Llanos de Aridane junto a la Asociaci\u00f3n Espa\u00f1ola Contra el C\u00e1ncer, AECC, ponen en marcha \u2018Pateando Aridane\u2019\"}]},{\"@type\":\"WebSite\",\"@id\":\"https:\/\/www.aridane.org\/city\/#website\",\"url\":\"https:\/\/www.aridane.org\/city\/\",\"name\":\"Ayuntamiento de Los Llanos de Aridane\",\"description\":\"\",\"potentialAction\":[{\"@type\":\"SearchAction\",\"target\":{\"@type\":\"EntryPoint\",\"urlTemplate\":\"https:\/\/www.aridane.org\/city\/?s={search_term_string}\"},\"query-input\":\"required name=search_term_string\"}],\"inLanguage\":\"es\"},{\"@type\":\"Person\",\"@id\":\"https:\/\/www.aridane.org\/city\/#\/schema\/person\/7d352ec7f29881716f298394432e7209\",\"name\":\"Richard Diaz\",\"image\":{\"@type\":\"ImageObject\",\"inLanguage\":\"es\",\"@id\":\"https:\/\/www.aridane.org\/city\/#\/schema\/person\/image\/\",\"url\":\"https:\/\/secure.gravatar.com\/avatar\/bacd6aefc26a4a204943090a4c596cd10f0857081ef3cfd12084a70ecb3161d5?s=96&d=mm&r=g\",\"contentUrl\":\"https:\/\/secure.gravatar.com\/avatar\/bacd6aefc26a4a204943090a4c596cd10f0857081ef3cfd12084a70ecb3161d5?s=96&d=mm&r=g\",\"caption\":\"Richard Diaz\"},\"sameAs\":[\"https:\/\/www.aridane.org\/city\"],\"url\":\"https:\/\/www.aridane.org\/city\/author\/richard-diaz\/\"}]}<\/script>\n<!-- \/ Yoast SEO plugin. -->","yoast_head_json":{"title":"El Ayuntamiento de Los Llanos de Aridane junto a la Asociaci\u00f3n Espa\u00f1ola Contra el C\u00e1ncer, AECC, ponen en marcha \u2018Pateando Aridane\u2019 - Ayuntamiento de Los Llanos de Aridane","description":"El Ayuntamiento de Los Llanos de Aridane presenta el cartel y el programa de La Patrona 2021 con el lema \u201cRemedios, m\u00e1s que un nombre.\u201d","robots":{"index":"index","follow":"follow","max-snippet":"max-snippet:-1","max-image-preview":"max-image-preview:large","max-video-preview":"max-video-preview:-1"},"canonical":"https:\/\/www.aridane.org\/city\/2022\/09\/28\/el-ayuntamiento-de-los-llanos-de-aridane-junto-a-la-asociacion-espanola-contra-el-cancer-aecc-ponen-en-marcha-pateando-aridane\/","og_locale":"es_ES","og_type":"article","og_title":"El Ayuntamiento de Los Llanos de Aridane junto a la Asociaci\u00f3n Espa\u00f1ola Contra el C\u00e1ncer, AECC, ponen en marcha \u2018Pateando Aridane\u2019 - Ayuntamiento de Los Llanos de Aridane","og_description":"El Ayuntamiento de Los Llanos de Aridane presenta el cartel y el programa de La Patrona 2021 con el lema \u201cRemedios, m\u00e1s que un nombre.\u201d","og_url":"https:\/\/www.aridane.org\/city\/2022\/09\/28\/el-ayuntamiento-de-los-llanos-de-aridane-junto-a-la-asociacion-espanola-contra-el-cancer-aecc-ponen-en-marcha-pateando-aridane\/","og_site_name":"Ayuntamiento de Los Llanos de Aridane","article_published_time":"2022-09-28T09:00:33+00:00","author":"Richard Diaz","twitter_card":"summary_large_image","twitter_misc":{"Escrito por":"Richard Diaz","Tiempo de lectura":"2 minutos"},"schema":{"@context":"https:\/\/schema.org","@graph":[{"@type":"WebPage","@id":"https:\/\/www.aridane.org\/city\/2022\/09\/28\/el-ayuntamiento-de-los-llanos-de-aridane-junto-a-la-asociacion-espanola-contra-el-cancer-aecc-ponen-en-marcha-pateando-aridane\/","url":"https:\/\/www.aridane.org\/city\/2022\/09\/28\/el-ayuntamiento-de-los-llanos-de-aridane-junto-a-la-asociacion-espanola-contra-el-cancer-aecc-ponen-en-marcha-pateando-aridane\/","name":"El Ayuntamiento de Los Llanos de Aridane junto a la Asociaci\u00f3n Espa\u00f1ola Contra el C\u00e1ncer, AECC, ponen en marcha \u2018Pateando Aridane\u2019 - Ayuntamiento de Los Llanos de Aridane","isPartOf":{"@id":"https:\/\/www.aridane.org\/city\/#website"},"datePublished":"2022-09-28T09:00:33+00:00","dateModified":"2022-09-28T09:00:33+00:00","author":{"@id":"https:\/\/www.aridane.org\/city\/#\/schema\/person\/7d352ec7f29881716f298394432e7209"},"description":"El Ayuntamiento de Los Llanos de Aridane presenta el cartel y el programa de La Patrona 2021 con el lema \u201cRemedios, m\u00e1s que un nombre.\u201d","breadcrumb":{"@id":"https:\/\/www.aridane.org\/city\/2022\/09\/28\/el-ayuntamiento-de-los-llanos-de-aridane-junto-a-la-asociacion-espanola-contra-el-cancer-aecc-ponen-en-marcha-pateando-aridane\/#breadcrumb"},"inLanguage":"es","potentialAction":[{"@type":"ReadAction","target":["https:\/\/www.aridane.org\/city\/2022\/09\/28\/el-ayuntamiento-de-los-llanos-de-aridane-junto-a-la-asociacion-espanola-contra-el-cancer-aecc-ponen-en-marcha-pateando-aridane\/"]}]},{"@type":"BreadcrumbList","@id":"https:\/\/www.aridane.org\/city\/2022\/09\/28\/el-ayuntamiento-de-los-llanos-de-aridane-junto-a-la-asociacion-espanola-contra-el-cancer-aecc-ponen-en-marcha-pateando-aridane\/#breadcrumb","itemListElement":[{"@type":"ListItem","position":1,"name":"Portada","item":"https:\/\/www.aridane.org\/city\/"},{"@type":"ListItem","position":2,"name":"El Ayuntamiento de Los Llanos de Aridane junto a la Asociaci\u00f3n Espa\u00f1ola Contra el C\u00e1ncer, AECC, ponen en marcha \u2018Pateando Aridane\u2019"}]},{"@type":"WebSite","@id":"https:\/\/www.aridane.org\/city\/#website","url":"https:\/\/www.aridane.org\/city\/","name":"Ayuntamiento de Los Llanos de Aridane","description":"","potentialAction":[{"@type":"SearchAction","target":{"@type":"EntryPoint","urlTemplate":"https:\/\/www.aridane.org\/city\/?s={search_term_string}"},"query-input":"required name=search_term_string"}],"inLanguage":"es"},{"@type":"Person","@id":"https:\/\/www.aridane.org\/city\/#\/schema\/person\/7d352ec7f29881716f298394432e7209","name":"Richard Diaz","image":{"@type":"ImageObject","inLanguage":"es","@id":"https:\/\/www.aridane.org\/city\/#\/schema\/person\/image\/","url":"https:\/\/secure.gravatar.com\/avatar\/bacd6aefc26a4a204943090a4c596cd10f0857081ef3cfd12084a70ecb3161d5?s=96&d=mm&r=g","contentUrl":"https:\/\/secure.gravatar.com\/avatar\/bacd6aefc26a4a204943090a4c596cd10f0857081ef3cfd12084a70ecb3161d5?s=96&d=mm&r=g","caption":"Richard Diaz"},"sameAs":["https:\/\/www.aridane.org\/city"],"url":"https:\/\/www.aridane.org\/city\/author\/richard-diaz\/"}]}},"_links":{"self":[{"href":"https:\/\/www.aridane.org\/city\/wp-json\/wp\/v2\/posts\/961","targetHints":{"allow":["GET"]}}],"collection":[{"href":"https:\/\/www.aridane.org\/city\/wp-json\/wp\/v2\/posts"}],"about":[{"href":"https:\/\/www.aridane.org\/city\/wp-json\/wp\/v2\/types\/post"}],"author":[{"embeddable":true,"href":"https:\/\/www.aridane.org\/city\/wp-json\/wp\/v2\/users\/1"}],"replies":[{"embeddable":true,"href":"https:\/\/www.aridane.org\/city\/wp-json\/wp\/v2\/comments?post=961"}],"version-history":[{"count":0,"href":"https:\/\/www.aridane.org\/city\/wp-json\/wp\/v2\/posts\/961\/revisions"}],"wp:attachment":[{"href":"https:\/\/www.aridane.org\/city\/wp-json\/wp\/v2\/media?parent=961"}],"wp:term":[{"taxonomy":"category","embeddable":true,"href":"https:\/\/www.aridane.org\/city\/wp-json\/wp\/v2\/categories?post=961"},{"taxonomy":"post_tag","embeddable":true,"href":"https:\/\/www.aridane.org\/city\/wp-json\/wp\/v2\/tags?post=961"}],"curies":[{"name":"wp","href":"https:\/\/api.w.org\/{rel}","templated":true}]}}