{"id":962,"date":"2022-10-04T11:30:21","date_gmt":"2022-10-04T10:30:21","guid":{"rendered":"https:\/\/aridane.org\/ciudad\/?p=962"},"modified":"2022-10-04T11:30:21","modified_gmt":"2022-10-04T10:30:21","slug":"el-ayuntamiento-de-los-llanos-de-aridane-subvenciona-la-acogida-temprana-y-tardia-en-los-centros-escolares-de-atencion-primaria-del-municipio-a-traves-del-plan-corresponsables","status":"publish","type":"post","link":"https:\/\/www.aridane.org\/city\/2022\/10\/04\/el-ayuntamiento-de-los-llanos-de-aridane-subvenciona-la-acogida-temprana-y-tardia-en-los-centros-escolares-de-atencion-primaria-del-municipio-a-traves-del-plan-corresponsables\/","title":{"rendered":"El Ayuntamiento de Los Llanos de Aridane subvenciona la acogida temprana y tard\u00eda en los Centros Escolares de Atenci\u00f3n Primaria del municipio a trav\u00e9s del Plan Corresponsables"},"content":{"rendered":"<section class=\"wpb-content-wrapper\"><p>[vc_row css_animation=\u00bb\u00bb row_type=\u00bbrow\u00bb use_row_as_full_screen_section=\u00bbno\u00bb type=\u00bbfull_width\u00bb angled_section=\u00bbno\u00bb text_align=\u00bbleft\u00bb background_image_as_pattern=\u00bbwithout_pattern\u00bb][vc_column][vc_row_inner row_type=\u00bbrow\u00bb type=\u00bbgrid\u00bb text_align=\u00bbleft\u00bb css_animation=\u00bb\u00bb][vc_column_inner][vc_empty_space height=\u00bb20px\u00bb][vc_column_text]<\/p>\n<ul>\n<li style=\"text-align: justify;\"><em>Desde la concejal\u00eda de Igualdad confirman que las familias que deseen solicitar la gratuidad de estos servicios deber\u00e1n dirigirse al AMPA de su Centro Escolar correspondiente.<\/em><\/li>\n<li style=\"text-align: justify;\"><em>Adem\u00e1s, se\u00f1alan que \u201cde esta manera este equipo de Gobierno sigue trabajando para la conciliaci\u00f3n laboral y familiar de las familias del municipio\u201d.<\/em><\/li>\n<\/ul>\n<p>&nbsp;<\/p>\n<p style=\"text-align: justify;\"><strong>Los Llanos de Aridane, 4 de octubre de 2022.-<\/strong> El Ayuntamiento de Los Llanos de Aridane a trav\u00e9s de la concejal de Igualdad, Elena Pais, ha confirmado que el Consistorio subvencionar\u00e1 la acogida temprana y tard\u00eda, a trav\u00e9s del Plan Corresponsables del Ministerio de Igualdad, en los siguientes centros escolares: CEIP Mayantigo, CEIP Roque, CEIP Mariela C\u00e1ceres, CEIP La Laguna, CEIP Los Campitos, CEIP Todoque, CEIP Mar\u00eda Milagrosa Acosta Garc\u00eda- Puerto Naos.<\/p>\n<p style=\"text-align: justify;\">Pais explica que se podr\u00e1n beneficiar de esta subvenci\u00f3n aquellas familias que cumplan con los siguientes requisitos:<\/p>\n<p style=\"text-align: justify;\">En funci\u00f3n de determinadas situaciones en las que encuentren las personas adultas a cargo: situaci\u00f3n de alta laboral, en situaci\u00f3n de desempleo, pero perceptoras de las Prestaci\u00f3n Canaria de Inserci\u00f3n, en situaci\u00f3n de desempleo con necesidad de realizaci\u00f3n de acciones formativas o en proceso de b\u00fasqueda activa de empleo.<\/p>\n<p style=\"text-align: justify;\">En situaci\u00f3n de desempleo como colectivo con especial vulnerabilidad: mujeres v\u00edctimas de violencia de g\u00e9nero, mujeres mayores de 52 a\u00f1os demandantes de empleo, mujeres mayores de 45 a\u00f1os demandantes de empleo, mujeres menores de 45 a\u00f1os en situaci\u00f3n de desempleo de larga duraci\u00f3n.<\/p>\n<p style=\"text-align: justify;\">En funci\u00f3n de la conformaci\u00f3n familiar: familias monomarentales y monoparentales, con prioridad a aquellas que se encuentren percibiendo la Prestaci\u00f3n Canaria de Inserci\u00f3n. Unidades familiares en las que se concurren las circunstancias de alta laboral o desempleo en proceso de inserci\u00f3n, en las que existan otras responsabilidades relacionadas con los cuidados adem\u00e1s de los propios a menores.<\/p>\n<p style=\"text-align: justify;\">Por \u00faltimo, desde el Ayuntamiento de Los Llanos de Aridane confirma que \u201clas familias que deseen solicitar la gratuidad de estos servicios deber\u00e1n dirigirse al AMPA de su Centro Escolar correspondiente\u201d.<\/p>\n<p>[\/vc_column_text][vc_empty_space height=\u00bb20px\u00bb][\/vc_column_inner][\/vc_row_inner][\/vc_column][\/vc_row]<\/p>\n<\/section>","protected":false},"excerpt":{"rendered":"<p>[vc_row css_animation=\u00bb\u00bb row_type=\u00bbrow\u00bb use_row_as_full_screen_section=\u00bbno\u00bb type=\u00bbfull_width\u00bb angled_section=\u00bbno\u00bb text_align=\u00bbleft\u00bb background_image_as_pattern=\u00bbwithout_pattern\u00bb][vc_column][vc_row_inner row_type=\u00bbrow\u00bb type=\u00bbgrid\u00bb text_align=\u00bbleft\u00bb css_animation=\u00bb\u00bb][vc_column_inner][vc_empty_space height=\u00bb20px\u00bb][vc_column_text] Desde la concejal\u00eda de Igualdad confirman que las familias que deseen solicitar la gratuidad de estos servicios deber\u00e1n dirigirse al AMPA de su Centro Escolar correspondiente. Adem\u00e1s, se\u00f1alan que \u201cde esta manera&#8230;<\/p>\n","protected":false},"author":1,"featured_media":0,"comment_status":"closed","ping_status":"open","sticky":false,"template":"","format":"standard","meta":{"footnotes":""},"categories":[6],"tags":[],"class_list":["post-962","post","type-post","status-publish","format-standard","hentry","category-prensa"],"yoast_head":"<!-- This site is optimized with the Yoast SEO plugin v22.7 - https:\/\/yoast.com\/wordpress\/plugins\/seo\/ -->\n<title>El Ayuntamiento de Los Llanos de Aridane subvenciona la acogida temprana y tard\u00eda en los Centros Escolares de Atenci\u00f3n Primaria del municipio a trav\u00e9s del Plan Corresponsables - Ayuntamiento de Los Llanos de Aridane<\/title>\n<meta name=\"description\" content=\"El Ayuntamiento de Los Llanos de Aridane presenta el cartel y el programa de La Patrona 2021 con el lema \u201cRemedios, m\u00e1s que un nombre.\u201d\" \/>\n<meta name=\"robots\" content=\"index, follow, max-snippet:-1, max-image-preview:large, max-video-preview:-1\" \/>\n<link rel=\"canonical\" href=\"https:\/\/www.aridane.org\/city\/2022\/10\/04\/el-ayuntamiento-de-los-llanos-de-aridane-subvenciona-la-acogida-temprana-y-tardia-en-los-centros-escolares-de-atencion-primaria-del-municipio-a-traves-del-plan-corresponsables\/\" \/>\n<meta property=\"og:locale\" content=\"es_ES\" \/>\n<meta property=\"og:type\" content=\"article\" \/>\n<meta property=\"og:title\" content=\"El Ayuntamiento de Los Llanos de Aridane subvenciona la acogida temprana y tard\u00eda en los Centros Escolares de Atenci\u00f3n Primaria del municipio a trav\u00e9s del Plan Corresponsables - Ayuntamiento de Los Llanos de Aridane\" \/>\n<meta property=\"og:description\" content=\"El Ayuntamiento de Los Llanos de Aridane presenta el cartel y el programa de La Patrona 2021 con el lema \u201cRemedios, m\u00e1s que un nombre.\u201d\" \/>\n<meta property=\"og:url\" content=\"https:\/\/www.aridane.org\/city\/2022\/10\/04\/el-ayuntamiento-de-los-llanos-de-aridane-subvenciona-la-acogida-temprana-y-tardia-en-los-centros-escolares-de-atencion-primaria-del-municipio-a-traves-del-plan-corresponsables\/\" \/>\n<meta property=\"og:site_name\" content=\"Ayuntamiento de Los Llanos de Aridane\" \/>\n<meta property=\"article:published_time\" content=\"2022-10-04T10:30:21+00:00\" \/>\n<meta name=\"author\" content=\"Richard Diaz\" \/>\n<meta name=\"twitter:card\" content=\"summary_large_image\" \/>\n<meta name=\"twitter:label1\" content=\"Escrito por\" \/>\n\t<meta name=\"twitter:data1\" content=\"Richard Diaz\" \/>\n\t<meta name=\"twitter:label2\" content=\"Tiempo de lectura\" \/>\n\t<meta name=\"twitter:data2\" content=\"2 minutos\" \/>\n<script type=\"application\/ld+json\" class=\"yoast-schema-graph\">{\"@context\":\"https:\/\/schema.org\",\"@graph\":[{\"@type\":\"WebPage\",\"@id\":\"https:\/\/www.aridane.org\/city\/2022\/10\/04\/el-ayuntamiento-de-los-llanos-de-aridane-subvenciona-la-acogida-temprana-y-tardia-en-los-centros-escolares-de-atencion-primaria-del-municipio-a-traves-del-plan-corresponsables\/\",\"url\":\"https:\/\/www.aridane.org\/city\/2022\/10\/04\/el-ayuntamiento-de-los-llanos-de-aridane-subvenciona-la-acogida-temprana-y-tardia-en-los-centros-escolares-de-atencion-primaria-del-municipio-a-traves-del-plan-corresponsables\/\",\"name\":\"El Ayuntamiento de Los Llanos de Aridane subvenciona la acogida temprana y tard\u00eda en los Centros Escolares de Atenci\u00f3n Primaria del municipio a trav\u00e9s del Plan Corresponsables - Ayuntamiento de Los Llanos de Aridane\",\"isPartOf\":{\"@id\":\"https:\/\/www.aridane.org\/city\/#website\"},\"datePublished\":\"2022-10-04T10:30:21+00:00\",\"dateModified\":\"2022-10-04T10:30:21+00:00\",\"author\":{\"@id\":\"https:\/\/www.aridane.org\/city\/#\/schema\/person\/7d352ec7f29881716f298394432e7209\"},\"description\":\"El Ayuntamiento de Los Llanos de Aridane presenta el cartel y el programa de La Patrona 2021 con el lema \u201cRemedios, m\u00e1s que un nombre.\u201d\",\"breadcrumb\":{\"@id\":\"https:\/\/www.aridane.org\/city\/2022\/10\/04\/el-ayuntamiento-de-los-llanos-de-aridane-subvenciona-la-acogida-temprana-y-tardia-en-los-centros-escolares-de-atencion-primaria-del-municipio-a-traves-del-plan-corresponsables\/#breadcrumb\"},\"inLanguage\":\"es\",\"potentialAction\":[{\"@type\":\"ReadAction\",\"target\":[\"https:\/\/www.aridane.org\/city\/2022\/10\/04\/el-ayuntamiento-de-los-llanos-de-aridane-subvenciona-la-acogida-temprana-y-tardia-en-los-centros-escolares-de-atencion-primaria-del-municipio-a-traves-del-plan-corresponsables\/\"]}]},{\"@type\":\"BreadcrumbList\",\"@id\":\"https:\/\/www.aridane.org\/city\/2022\/10\/04\/el-ayuntamiento-de-los-llanos-de-aridane-subvenciona-la-acogida-temprana-y-tardia-en-los-centros-escolares-de-atencion-primaria-del-municipio-a-traves-del-plan-corresponsables\/#breadcrumb\",\"itemListElement\":[{\"@type\":\"ListItem\",\"position\":1,\"name\":\"Portada\",\"item\":\"https:\/\/www.aridane.org\/city\/\"},{\"@type\":\"ListItem\",\"position\":2,\"name\":\"El Ayuntamiento de Los Llanos de Aridane subvenciona la acogida temprana y tard\u00eda en los Centros Escolares de Atenci\u00f3n Primaria del municipio a trav\u00e9s del Plan Corresponsables\"}]},{\"@type\":\"WebSite\",\"@id\":\"https:\/\/www.aridane.org\/city\/#website\",\"url\":\"https:\/\/www.aridane.org\/city\/\",\"name\":\"Ayuntamiento de Los Llanos de Aridane\",\"description\":\"\",\"potentialAction\":[{\"@type\":\"SearchAction\",\"target\":{\"@type\":\"EntryPoint\",\"urlTemplate\":\"https:\/\/www.aridane.org\/city\/?s={search_term_string}\"},\"query-input\":\"required name=search_term_string\"}],\"inLanguage\":\"es\"},{\"@type\":\"Person\",\"@id\":\"https:\/\/www.aridane.org\/city\/#\/schema\/person\/7d352ec7f29881716f298394432e7209\",\"name\":\"Richard Diaz\",\"image\":{\"@type\":\"ImageObject\",\"inLanguage\":\"es\",\"@id\":\"https:\/\/www.aridane.org\/city\/#\/schema\/person\/image\/\",\"url\":\"https:\/\/secure.gravatar.com\/avatar\/bacd6aefc26a4a204943090a4c596cd10f0857081ef3cfd12084a70ecb3161d5?s=96&d=mm&r=g\",\"contentUrl\":\"https:\/\/secure.gravatar.com\/avatar\/bacd6aefc26a4a204943090a4c596cd10f0857081ef3cfd12084a70ecb3161d5?s=96&d=mm&r=g\",\"caption\":\"Richard Diaz\"},\"sameAs\":[\"https:\/\/www.aridane.org\/city\"],\"url\":\"https:\/\/www.aridane.org\/city\/author\/richard-diaz\/\"}]}<\/script>\n<!-- \/ Yoast SEO plugin. -->","yoast_head_json":{"title":"El Ayuntamiento de Los Llanos de Aridane subvenciona la acogida temprana y tard\u00eda en los Centros Escolares de Atenci\u00f3n Primaria del municipio a trav\u00e9s del Plan Corresponsables - Ayuntamiento de Los Llanos de Aridane","description":"El Ayuntamiento de Los Llanos de Aridane presenta el cartel y el programa de La Patrona 2021 con el lema \u201cRemedios, m\u00e1s que un nombre.\u201d","robots":{"index":"index","follow":"follow","max-snippet":"max-snippet:-1","max-image-preview":"max-image-preview:large","max-video-preview":"max-video-preview:-1"},"canonical":"https:\/\/www.aridane.org\/city\/2022\/10\/04\/el-ayuntamiento-de-los-llanos-de-aridane-subvenciona-la-acogida-temprana-y-tardia-en-los-centros-escolares-de-atencion-primaria-del-municipio-a-traves-del-plan-corresponsables\/","og_locale":"es_ES","og_type":"article","og_title":"El Ayuntamiento de Los Llanos de Aridane subvenciona la acogida temprana y tard\u00eda en los Centros Escolares de Atenci\u00f3n Primaria del municipio a trav\u00e9s del Plan Corresponsables - Ayuntamiento de Los Llanos de Aridane","og_description":"El Ayuntamiento de Los Llanos de Aridane presenta el cartel y el programa de La Patrona 2021 con el lema \u201cRemedios, m\u00e1s que un nombre.\u201d","og_url":"https:\/\/www.aridane.org\/city\/2022\/10\/04\/el-ayuntamiento-de-los-llanos-de-aridane-subvenciona-la-acogida-temprana-y-tardia-en-los-centros-escolares-de-atencion-primaria-del-municipio-a-traves-del-plan-corresponsables\/","og_site_name":"Ayuntamiento de Los Llanos de Aridane","article_published_time":"2022-10-04T10:30:21+00:00","author":"Richard Diaz","twitter_card":"summary_large_image","twitter_misc":{"Escrito por":"Richard Diaz","Tiempo de lectura":"2 minutos"},"schema":{"@context":"https:\/\/schema.org","@graph":[{"@type":"WebPage","@id":"https:\/\/www.aridane.org\/city\/2022\/10\/04\/el-ayuntamiento-de-los-llanos-de-aridane-subvenciona-la-acogida-temprana-y-tardia-en-los-centros-escolares-de-atencion-primaria-del-municipio-a-traves-del-plan-corresponsables\/","url":"https:\/\/www.aridane.org\/city\/2022\/10\/04\/el-ayuntamiento-de-los-llanos-de-aridane-subvenciona-la-acogida-temprana-y-tardia-en-los-centros-escolares-de-atencion-primaria-del-municipio-a-traves-del-plan-corresponsables\/","name":"El Ayuntamiento de Los Llanos de Aridane subvenciona la acogida temprana y tard\u00eda en los Centros Escolares de Atenci\u00f3n Primaria del municipio a trav\u00e9s del Plan Corresponsables - Ayuntamiento de Los Llanos de Aridane","isPartOf":{"@id":"https:\/\/www.aridane.org\/city\/#website"},"datePublished":"2022-10-04T10:30:21+00:00","dateModified":"2022-10-04T10:30:21+00:00","author":{"@id":"https:\/\/www.aridane.org\/city\/#\/schema\/person\/7d352ec7f29881716f298394432e7209"},"description":"El Ayuntamiento de Los Llanos de Aridane presenta el cartel y el programa de La Patrona 2021 con el lema \u201cRemedios, m\u00e1s que un nombre.\u201d","breadcrumb":{"@id":"https:\/\/www.aridane.org\/city\/2022\/10\/04\/el-ayuntamiento-de-los-llanos-de-aridane-subvenciona-la-acogida-temprana-y-tardia-en-los-centros-escolares-de-atencion-primaria-del-municipio-a-traves-del-plan-corresponsables\/#breadcrumb"},"inLanguage":"es","potentialAction":[{"@type":"ReadAction","target":["https:\/\/www.aridane.org\/city\/2022\/10\/04\/el-ayuntamiento-de-los-llanos-de-aridane-subvenciona-la-acogida-temprana-y-tardia-en-los-centros-escolares-de-atencion-primaria-del-municipio-a-traves-del-plan-corresponsables\/"]}]},{"@type":"BreadcrumbList","@id":"https:\/\/www.aridane.org\/city\/2022\/10\/04\/el-ayuntamiento-de-los-llanos-de-aridane-subvenciona-la-acogida-temprana-y-tardia-en-los-centros-escolares-de-atencion-primaria-del-municipio-a-traves-del-plan-corresponsables\/#breadcrumb","itemListElement":[{"@type":"ListItem","position":1,"name":"Portada","item":"https:\/\/www.aridane.org\/city\/"},{"@type":"ListItem","position":2,"name":"El Ayuntamiento de Los Llanos de Aridane subvenciona la acogida temprana y tard\u00eda en los Centros Escolares de Atenci\u00f3n Primaria del municipio a trav\u00e9s del Plan Corresponsables"}]},{"@type":"WebSite","@id":"https:\/\/www.aridane.org\/city\/#website","url":"https:\/\/www.aridane.org\/city\/","name":"Ayuntamiento de Los Llanos de Aridane","description":"","potentialAction":[{"@type":"SearchAction","target":{"@type":"EntryPoint","urlTemplate":"https:\/\/www.aridane.org\/city\/?s={search_term_string}"},"query-input":"required name=search_term_string"}],"inLanguage":"es"},{"@type":"Person","@id":"https:\/\/www.aridane.org\/city\/#\/schema\/person\/7d352ec7f29881716f298394432e7209","name":"Richard Diaz","image":{"@type":"ImageObject","inLanguage":"es","@id":"https:\/\/www.aridane.org\/city\/#\/schema\/person\/image\/","url":"https:\/\/secure.gravatar.com\/avatar\/bacd6aefc26a4a204943090a4c596cd10f0857081ef3cfd12084a70ecb3161d5?s=96&d=mm&r=g","contentUrl":"https:\/\/secure.gravatar.com\/avatar\/bacd6aefc26a4a204943090a4c596cd10f0857081ef3cfd12084a70ecb3161d5?s=96&d=mm&r=g","caption":"Richard Diaz"},"sameAs":["https:\/\/www.aridane.org\/city"],"url":"https:\/\/www.aridane.org\/city\/author\/richard-diaz\/"}]}},"_links":{"self":[{"href":"https:\/\/www.aridane.org\/city\/wp-json\/wp\/v2\/posts\/962","targetHints":{"allow":["GET"]}}],"collection":[{"href":"https:\/\/www.aridane.org\/city\/wp-json\/wp\/v2\/posts"}],"about":[{"href":"https:\/\/www.aridane.org\/city\/wp-json\/wp\/v2\/types\/post"}],"author":[{"embeddable":true,"href":"https:\/\/www.aridane.org\/city\/wp-json\/wp\/v2\/users\/1"}],"replies":[{"embeddable":true,"href":"https:\/\/www.aridane.org\/city\/wp-json\/wp\/v2\/comments?post=962"}],"version-history":[{"count":0,"href":"https:\/\/www.aridane.org\/city\/wp-json\/wp\/v2\/posts\/962\/revisions"}],"wp:attachment":[{"href":"https:\/\/www.aridane.org\/city\/wp-json\/wp\/v2\/media?parent=962"}],"wp:term":[{"taxonomy":"category","embeddable":true,"href":"https:\/\/www.aridane.org\/city\/wp-json\/wp\/v2\/categories?post=962"},{"taxonomy":"post_tag","embeddable":true,"href":"https:\/\/www.aridane.org\/city\/wp-json\/wp\/v2\/tags?post=962"}],"curies":[{"name":"wp","href":"https:\/\/api.w.org\/{rel}","templated":true}]}}