{"id":966,"date":"2022-10-03T09:30:22","date_gmt":"2022-10-03T08:30:22","guid":{"rendered":"https:\/\/aridane.org\/ciudad\/?p=966"},"modified":"2022-10-03T09:30:22","modified_gmt":"2022-10-03T08:30:22","slug":"el-ayuntamiento-de-los-llanos-de-aridane-pide-la-colaboracion-de-los-ciudadanos-para-mantener-limpias-las-zonas-afectadas-por-el-volcan","status":"publish","type":"post","link":"https:\/\/www.aridane.org\/city\/2022\/10\/03\/el-ayuntamiento-de-los-llanos-de-aridane-pide-la-colaboracion-de-los-ciudadanos-para-mantener-limpias-las-zonas-afectadas-por-el-volcan\/","title":{"rendered":"El Ayuntamiento de Los Llanos de Aridane pide la colaboraci\u00f3n de los ciudadanos para mantener limpias las zonas afectadas por el volc\u00e1n"},"content":{"rendered":"<section class=\"wpb-content-wrapper\"><p>[vc_row css_animation=\u00bb\u00bb row_type=\u00bbrow\u00bb use_row_as_full_screen_section=\u00bbno\u00bb type=\u00bbfull_width\u00bb angled_section=\u00bbno\u00bb text_align=\u00bbleft\u00bb background_image_as_pattern=\u00bbwithout_pattern\u00bb][vc_column][vc_row_inner row_type=\u00bbrow\u00bb type=\u00bbgrid\u00bb text_align=\u00bbleft\u00bb css_animation=\u00bb\u00bb][vc_column_inner][vc_empty_space height=\u00bb20px\u00bb][vc_column_text]<\/p>\n<ul>\n<li style=\"text-align: justify;\"><em>Desde la concejal\u00eda de Servicios Municipales recuerdan que aquellos vecinos que quieran retirar enseres que se han visto da\u00f1ados por el volc\u00e1n deben llamar al tel\u00e9fono 922. 46.01.11 extensi\u00f3n 203.<\/em><\/li>\n<\/ul>\n<p>&nbsp;<\/p>\n<p style=\"text-align: justify;\"><strong>Los Llanos de Aridane, 3 de octubre de 2022.-<\/strong> El Ayuntamiento de Los Llanos de Aridane a trav\u00e9s del concejal\u00eda de Servicios Municipales, que dirige Jos\u00e9 Mar\u00eda Rivera, y junto a la consejer\u00eda de Residuos del Cabildo de La Palma, que dirige Nieves Rosa Arroyo, han confirmado que ambas administraciones contin\u00faan trabajando en la recogida de enseres en las zonas afectadas por la erupci\u00f3n del volc\u00e1n.<\/p>\n<p style=\"text-align: justify;\">Rivera explica que este servicio se comenz\u00f3 a prestar el pasado mes de enero, \u201ccon el fin de que los vecinos de las zonas de exclusi\u00f3n pudiesen retirar los enseres que se han visto da\u00f1ados por el erupci\u00f3n, pero lo cierto es que, en algunas ocasiones, estas retiradas han sufrido cierto retraso porque hemos tenido que priorizar, por salubridad, limpieza y seguridad, \u00a0la retirada de objetos o sustancias como: ruedas de coche, electrodom\u00e9sticos, poda \u00a0y aceite, que algunos vecinos de manera irresponsable han dejado en la calle\u201d.<\/p>\n<p style=\"text-align: justify;\">Adem\u00e1s, desde Servicio Municipales afirman que en esta actividad participan 7 trabajadores del Cabildo de La Palma y dos empresas del municipio, contratadas por el propio Ayuntamiento, con 8 trabajadores y cuatro camiones. Y recuerdan que, \u201cpara solicitarlo los vecinos deben llamar al tel\u00e9fono 922. 46.01.11 extensi\u00f3n 203.<\/p>\n<p style=\"text-align: justify;\">Por \u00faltimo, desde el Ayuntamiento de Los Llanos de Aridane se recuerda a los ciudadanos que dejar enseres en la v\u00eda p\u00fablica tiene una multa que va desde los 300 a 3.000 euros.<\/p>\n<p>[\/vc_column_text][vc_empty_space height=\u00bb20px\u00bb][\/vc_column_inner][\/vc_row_inner][\/vc_column][\/vc_row]<\/p>\n<\/section>","protected":false},"excerpt":{"rendered":"<p>[vc_row css_animation=\u00bb\u00bb row_type=\u00bbrow\u00bb use_row_as_full_screen_section=\u00bbno\u00bb type=\u00bbfull_width\u00bb angled_section=\u00bbno\u00bb text_align=\u00bbleft\u00bb background_image_as_pattern=\u00bbwithout_pattern\u00bb][vc_column][vc_row_inner row_type=\u00bbrow\u00bb type=\u00bbgrid\u00bb text_align=\u00bbleft\u00bb css_animation=\u00bb\u00bb][vc_column_inner][vc_empty_space height=\u00bb20px\u00bb][vc_column_text] Desde la concejal\u00eda de Servicios Municipales recuerdan que aquellos vecinos que quieran retirar enseres que se han visto da\u00f1ados por el volc\u00e1n deben llamar al tel\u00e9fono 922. 46.01.11 extensi\u00f3n 203. &nbsp; Los&#8230;<\/p>\n","protected":false},"author":1,"featured_media":0,"comment_status":"closed","ping_status":"open","sticky":false,"template":"","format":"standard","meta":{"footnotes":""},"categories":[6],"tags":[],"class_list":["post-966","post","type-post","status-publish","format-standard","hentry","category-prensa"],"yoast_head":"<!-- This site is optimized with the Yoast SEO plugin v22.7 - https:\/\/yoast.com\/wordpress\/plugins\/seo\/ -->\n<title>El Ayuntamiento de Los Llanos de Aridane pide la colaboraci\u00f3n de los ciudadanos para mantener limpias las zonas afectadas por el volc\u00e1n - Ayuntamiento de Los Llanos de Aridane<\/title>\n<meta name=\"description\" content=\"El Ayuntamiento de Los Llanos de Aridane presenta el cartel y el programa de La Patrona 2021 con el lema \u201cRemedios, m\u00e1s que un nombre.\u201d\" \/>\n<meta name=\"robots\" content=\"index, follow, max-snippet:-1, max-image-preview:large, max-video-preview:-1\" \/>\n<link rel=\"canonical\" href=\"https:\/\/www.aridane.org\/city\/2022\/10\/03\/el-ayuntamiento-de-los-llanos-de-aridane-pide-la-colaboracion-de-los-ciudadanos-para-mantener-limpias-las-zonas-afectadas-por-el-volcan\/\" \/>\n<meta property=\"og:locale\" content=\"es_ES\" \/>\n<meta property=\"og:type\" content=\"article\" \/>\n<meta property=\"og:title\" content=\"El Ayuntamiento de Los Llanos de Aridane pide la colaboraci\u00f3n de los ciudadanos para mantener limpias las zonas afectadas por el volc\u00e1n - Ayuntamiento de Los Llanos de Aridane\" \/>\n<meta property=\"og:description\" content=\"El Ayuntamiento de Los Llanos de Aridane presenta el cartel y el programa de La Patrona 2021 con el lema \u201cRemedios, m\u00e1s que un nombre.\u201d\" \/>\n<meta property=\"og:url\" content=\"https:\/\/www.aridane.org\/city\/2022\/10\/03\/el-ayuntamiento-de-los-llanos-de-aridane-pide-la-colaboracion-de-los-ciudadanos-para-mantener-limpias-las-zonas-afectadas-por-el-volcan\/\" \/>\n<meta property=\"og:site_name\" content=\"Ayuntamiento de Los Llanos de Aridane\" \/>\n<meta property=\"article:published_time\" content=\"2022-10-03T08:30:22+00:00\" \/>\n<meta name=\"author\" content=\"Richard Diaz\" \/>\n<meta name=\"twitter:card\" content=\"summary_large_image\" \/>\n<meta name=\"twitter:label1\" content=\"Escrito por\" \/>\n\t<meta name=\"twitter:data1\" content=\"Richard Diaz\" \/>\n\t<meta name=\"twitter:label2\" content=\"Tiempo de lectura\" \/>\n\t<meta name=\"twitter:data2\" content=\"2 minutos\" \/>\n<script type=\"application\/ld+json\" class=\"yoast-schema-graph\">{\"@context\":\"https:\/\/schema.org\",\"@graph\":[{\"@type\":\"WebPage\",\"@id\":\"https:\/\/www.aridane.org\/city\/2022\/10\/03\/el-ayuntamiento-de-los-llanos-de-aridane-pide-la-colaboracion-de-los-ciudadanos-para-mantener-limpias-las-zonas-afectadas-por-el-volcan\/\",\"url\":\"https:\/\/www.aridane.org\/city\/2022\/10\/03\/el-ayuntamiento-de-los-llanos-de-aridane-pide-la-colaboracion-de-los-ciudadanos-para-mantener-limpias-las-zonas-afectadas-por-el-volcan\/\",\"name\":\"El Ayuntamiento de Los Llanos de Aridane pide la colaboraci\u00f3n de los ciudadanos para mantener limpias las zonas afectadas por el volc\u00e1n - Ayuntamiento de Los Llanos de Aridane\",\"isPartOf\":{\"@id\":\"https:\/\/www.aridane.org\/city\/#website\"},\"datePublished\":\"2022-10-03T08:30:22+00:00\",\"dateModified\":\"2022-10-03T08:30:22+00:00\",\"author\":{\"@id\":\"https:\/\/www.aridane.org\/city\/#\/schema\/person\/7d352ec7f29881716f298394432e7209\"},\"description\":\"El Ayuntamiento de Los Llanos de Aridane presenta el cartel y el programa de La Patrona 2021 con el lema \u201cRemedios, m\u00e1s que un nombre.\u201d\",\"breadcrumb\":{\"@id\":\"https:\/\/www.aridane.org\/city\/2022\/10\/03\/el-ayuntamiento-de-los-llanos-de-aridane-pide-la-colaboracion-de-los-ciudadanos-para-mantener-limpias-las-zonas-afectadas-por-el-volcan\/#breadcrumb\"},\"inLanguage\":\"es\",\"potentialAction\":[{\"@type\":\"ReadAction\",\"target\":[\"https:\/\/www.aridane.org\/city\/2022\/10\/03\/el-ayuntamiento-de-los-llanos-de-aridane-pide-la-colaboracion-de-los-ciudadanos-para-mantener-limpias-las-zonas-afectadas-por-el-volcan\/\"]}]},{\"@type\":\"BreadcrumbList\",\"@id\":\"https:\/\/www.aridane.org\/city\/2022\/10\/03\/el-ayuntamiento-de-los-llanos-de-aridane-pide-la-colaboracion-de-los-ciudadanos-para-mantener-limpias-las-zonas-afectadas-por-el-volcan\/#breadcrumb\",\"itemListElement\":[{\"@type\":\"ListItem\",\"position\":1,\"name\":\"Portada\",\"item\":\"https:\/\/www.aridane.org\/city\/\"},{\"@type\":\"ListItem\",\"position\":2,\"name\":\"El Ayuntamiento de Los Llanos de Aridane pide la colaboraci\u00f3n de los ciudadanos para mantener limpias las zonas afectadas por el volc\u00e1n\"}]},{\"@type\":\"WebSite\",\"@id\":\"https:\/\/www.aridane.org\/city\/#website\",\"url\":\"https:\/\/www.aridane.org\/city\/\",\"name\":\"Ayuntamiento de Los Llanos de Aridane\",\"description\":\"\",\"potentialAction\":[{\"@type\":\"SearchAction\",\"target\":{\"@type\":\"EntryPoint\",\"urlTemplate\":\"https:\/\/www.aridane.org\/city\/?s={search_term_string}\"},\"query-input\":\"required name=search_term_string\"}],\"inLanguage\":\"es\"},{\"@type\":\"Person\",\"@id\":\"https:\/\/www.aridane.org\/city\/#\/schema\/person\/7d352ec7f29881716f298394432e7209\",\"name\":\"Richard Diaz\",\"image\":{\"@type\":\"ImageObject\",\"inLanguage\":\"es\",\"@id\":\"https:\/\/www.aridane.org\/city\/#\/schema\/person\/image\/\",\"url\":\"https:\/\/secure.gravatar.com\/avatar\/bacd6aefc26a4a204943090a4c596cd10f0857081ef3cfd12084a70ecb3161d5?s=96&d=mm&r=g\",\"contentUrl\":\"https:\/\/secure.gravatar.com\/avatar\/bacd6aefc26a4a204943090a4c596cd10f0857081ef3cfd12084a70ecb3161d5?s=96&d=mm&r=g\",\"caption\":\"Richard Diaz\"},\"sameAs\":[\"https:\/\/www.aridane.org\/city\"],\"url\":\"https:\/\/www.aridane.org\/city\/author\/richard-diaz\/\"}]}<\/script>\n<!-- \/ Yoast SEO plugin. -->","yoast_head_json":{"title":"El Ayuntamiento de Los Llanos de Aridane pide la colaboraci\u00f3n de los ciudadanos para mantener limpias las zonas afectadas por el volc\u00e1n - Ayuntamiento de Los Llanos de Aridane","description":"El Ayuntamiento de Los Llanos de Aridane presenta el cartel y el programa de La Patrona 2021 con el lema \u201cRemedios, m\u00e1s que un nombre.\u201d","robots":{"index":"index","follow":"follow","max-snippet":"max-snippet:-1","max-image-preview":"max-image-preview:large","max-video-preview":"max-video-preview:-1"},"canonical":"https:\/\/www.aridane.org\/city\/2022\/10\/03\/el-ayuntamiento-de-los-llanos-de-aridane-pide-la-colaboracion-de-los-ciudadanos-para-mantener-limpias-las-zonas-afectadas-por-el-volcan\/","og_locale":"es_ES","og_type":"article","og_title":"El Ayuntamiento de Los Llanos de Aridane pide la colaboraci\u00f3n de los ciudadanos para mantener limpias las zonas afectadas por el volc\u00e1n - Ayuntamiento de Los Llanos de Aridane","og_description":"El Ayuntamiento de Los Llanos de Aridane presenta el cartel y el programa de La Patrona 2021 con el lema \u201cRemedios, m\u00e1s que un nombre.\u201d","og_url":"https:\/\/www.aridane.org\/city\/2022\/10\/03\/el-ayuntamiento-de-los-llanos-de-aridane-pide-la-colaboracion-de-los-ciudadanos-para-mantener-limpias-las-zonas-afectadas-por-el-volcan\/","og_site_name":"Ayuntamiento de Los Llanos de Aridane","article_published_time":"2022-10-03T08:30:22+00:00","author":"Richard Diaz","twitter_card":"summary_large_image","twitter_misc":{"Escrito por":"Richard Diaz","Tiempo de lectura":"2 minutos"},"schema":{"@context":"https:\/\/schema.org","@graph":[{"@type":"WebPage","@id":"https:\/\/www.aridane.org\/city\/2022\/10\/03\/el-ayuntamiento-de-los-llanos-de-aridane-pide-la-colaboracion-de-los-ciudadanos-para-mantener-limpias-las-zonas-afectadas-por-el-volcan\/","url":"https:\/\/www.aridane.org\/city\/2022\/10\/03\/el-ayuntamiento-de-los-llanos-de-aridane-pide-la-colaboracion-de-los-ciudadanos-para-mantener-limpias-las-zonas-afectadas-por-el-volcan\/","name":"El Ayuntamiento de Los Llanos de Aridane pide la colaboraci\u00f3n de los ciudadanos para mantener limpias las zonas afectadas por el volc\u00e1n - Ayuntamiento de Los Llanos de Aridane","isPartOf":{"@id":"https:\/\/www.aridane.org\/city\/#website"},"datePublished":"2022-10-03T08:30:22+00:00","dateModified":"2022-10-03T08:30:22+00:00","author":{"@id":"https:\/\/www.aridane.org\/city\/#\/schema\/person\/7d352ec7f29881716f298394432e7209"},"description":"El Ayuntamiento de Los Llanos de Aridane presenta el cartel y el programa de La Patrona 2021 con el lema \u201cRemedios, m\u00e1s que un nombre.\u201d","breadcrumb":{"@id":"https:\/\/www.aridane.org\/city\/2022\/10\/03\/el-ayuntamiento-de-los-llanos-de-aridane-pide-la-colaboracion-de-los-ciudadanos-para-mantener-limpias-las-zonas-afectadas-por-el-volcan\/#breadcrumb"},"inLanguage":"es","potentialAction":[{"@type":"ReadAction","target":["https:\/\/www.aridane.org\/city\/2022\/10\/03\/el-ayuntamiento-de-los-llanos-de-aridane-pide-la-colaboracion-de-los-ciudadanos-para-mantener-limpias-las-zonas-afectadas-por-el-volcan\/"]}]},{"@type":"BreadcrumbList","@id":"https:\/\/www.aridane.org\/city\/2022\/10\/03\/el-ayuntamiento-de-los-llanos-de-aridane-pide-la-colaboracion-de-los-ciudadanos-para-mantener-limpias-las-zonas-afectadas-por-el-volcan\/#breadcrumb","itemListElement":[{"@type":"ListItem","position":1,"name":"Portada","item":"https:\/\/www.aridane.org\/city\/"},{"@type":"ListItem","position":2,"name":"El Ayuntamiento de Los Llanos de Aridane pide la colaboraci\u00f3n de los ciudadanos para mantener limpias las zonas afectadas por el volc\u00e1n"}]},{"@type":"WebSite","@id":"https:\/\/www.aridane.org\/city\/#website","url":"https:\/\/www.aridane.org\/city\/","name":"Ayuntamiento de Los Llanos de Aridane","description":"","potentialAction":[{"@type":"SearchAction","target":{"@type":"EntryPoint","urlTemplate":"https:\/\/www.aridane.org\/city\/?s={search_term_string}"},"query-input":"required name=search_term_string"}],"inLanguage":"es"},{"@type":"Person","@id":"https:\/\/www.aridane.org\/city\/#\/schema\/person\/7d352ec7f29881716f298394432e7209","name":"Richard Diaz","image":{"@type":"ImageObject","inLanguage":"es","@id":"https:\/\/www.aridane.org\/city\/#\/schema\/person\/image\/","url":"https:\/\/secure.gravatar.com\/avatar\/bacd6aefc26a4a204943090a4c596cd10f0857081ef3cfd12084a70ecb3161d5?s=96&d=mm&r=g","contentUrl":"https:\/\/secure.gravatar.com\/avatar\/bacd6aefc26a4a204943090a4c596cd10f0857081ef3cfd12084a70ecb3161d5?s=96&d=mm&r=g","caption":"Richard Diaz"},"sameAs":["https:\/\/www.aridane.org\/city"],"url":"https:\/\/www.aridane.org\/city\/author\/richard-diaz\/"}]}},"_links":{"self":[{"href":"https:\/\/www.aridane.org\/city\/wp-json\/wp\/v2\/posts\/966","targetHints":{"allow":["GET"]}}],"collection":[{"href":"https:\/\/www.aridane.org\/city\/wp-json\/wp\/v2\/posts"}],"about":[{"href":"https:\/\/www.aridane.org\/city\/wp-json\/wp\/v2\/types\/post"}],"author":[{"embeddable":true,"href":"https:\/\/www.aridane.org\/city\/wp-json\/wp\/v2\/users\/1"}],"replies":[{"embeddable":true,"href":"https:\/\/www.aridane.org\/city\/wp-json\/wp\/v2\/comments?post=966"}],"version-history":[{"count":0,"href":"https:\/\/www.aridane.org\/city\/wp-json\/wp\/v2\/posts\/966\/revisions"}],"wp:attachment":[{"href":"https:\/\/www.aridane.org\/city\/wp-json\/wp\/v2\/media?parent=966"}],"wp:term":[{"taxonomy":"category","embeddable":true,"href":"https:\/\/www.aridane.org\/city\/wp-json\/wp\/v2\/categories?post=966"},{"taxonomy":"post_tag","embeddable":true,"href":"https:\/\/www.aridane.org\/city\/wp-json\/wp\/v2\/tags?post=966"}],"curies":[{"name":"wp","href":"https:\/\/api.w.org\/{rel}","templated":true}]}}