{"id":970,"date":"2022-10-03T10:00:05","date_gmt":"2022-10-03T09:00:05","guid":{"rendered":"https:\/\/aridane.org\/ciudad\/?p=970"},"modified":"2022-10-03T10:00:05","modified_gmt":"2022-10-03T09:00:05","slug":"garcia-leal-valora-positivamente-que-el-gobierno-de-canarias-saque-a-licitacion-la-redaccion-del-proyecto-de-trazado-y-construccion-de-la-carretera-que-conectara-el-remo-la-zamora","status":"publish","type":"post","link":"https:\/\/www.aridane.org\/city\/2022\/10\/03\/garcia-leal-valora-positivamente-que-el-gobierno-de-canarias-saque-a-licitacion-la-redaccion-del-proyecto-de-trazado-y-construccion-de-la-carretera-que-conectara-el-remo-la-zamora\/","title":{"rendered":"Garc\u00eda Leal valora positivamente que el Gobierno de Canarias saque a licitaci\u00f3n la redacci\u00f3n del proyecto de trazado y construcci\u00f3n de la carretera que conectar\u00e1 El Remo &#8211; La Zamora"},"content":{"rendered":"<section class=\"wpb-content-wrapper\"><p>[vc_row css_animation=\u00bb\u00bb row_type=\u00bbrow\u00bb use_row_as_full_screen_section=\u00bbno\u00bb type=\u00bbfull_width\u00bb angled_section=\u00bbno\u00bb text_align=\u00bbleft\u00bb background_image_as_pattern=\u00bbwithout_pattern\u00bb][vc_column][vc_row_inner row_type=\u00bbrow\u00bb type=\u00bbgrid\u00bb text_align=\u00bbleft\u00bb css_animation=\u00bb\u00bb][vc_column_inner][vc_empty_space height=\u00bb20px\u00bb][vc_column_text]<\/p>\n<ul>\n<li style=\"text-align: justify;\"><em>La alcaldesa se\u00f1ala que se trata de una demanda hist\u00f3rica del municipio, y de <\/em><em>la Isla, que en estos momentos cobra a\u00fan mayor importancia ya que ser\u00e1 clave<\/em><br \/>\n<em>para el sector tur\u00edstico de La Palma, y su reconstrucci\u00f3n.<\/em><\/li>\n<\/ul>\n<p>&nbsp;<\/p>\n<p style=\"text-align: justify;\"><strong>Los Llanos de Aridane, 3 de octubre de 2022.-<\/strong> El Ayuntamiento de Los Llanos de Aridane a trav\u00e9s de su alcaldesa, Noelia Garc\u00eda Leal, ha valorado positivamente que el Gobierno de Canarias haya sacado a licitaci\u00f3n la redacci\u00f3n del proyecto del trazado y construcci\u00f3n de la carretera que unir\u00e1 El Remo- La Zamora, Fuencaliente. \u201cUna demanda hist\u00f3rica del municipio al Ejecutivo Regional que parece que ahora, por fin, avanza\u201d.<\/p>\n<p style=\"text-align: justify;\">Garc\u00eda Leal explica que esta obra es clave \u201cya que va a comunicar dos de las principales zonas tur\u00edsticas de La Palma, reduciendo notablemente el tiempo de conexi\u00f3n de ambos puntos\u00bb. Adem\u00e1s, reconoce que \u201cen estos momentos esta carretera \u00a0a\u00fan cobra mayor importancia, ya que estamos seguros que su construcci\u00f3n es fundamental para seguir \u00a0ayudando al sector tur\u00edstico de la Isla\u201d.<\/p>\n<p style=\"text-align: justify;\">Por \u00faltimo, desde el Ayuntamiento de Los Llanos de Aridane recuerdan que \u201cun a\u00f1o despu\u00e9s de la erupci\u00f3n del volc\u00e1n es de vital importancia que las administraciones sigamos trabajando juntas para apoyar a uno de los principales agentes econ\u00f3micos de La Palma, como es el sector tur\u00edstico, y as\u00ed poder seguir avanzando en la recuperaci\u00f3n en la que ya se encuentra inmersa la Isla Bonita\u201d.<\/p>\n<p>[\/vc_column_text][vc_empty_space height=\u00bb20px\u00bb][\/vc_column_inner][\/vc_row_inner][\/vc_column][\/vc_row]<\/p>\n<\/section>","protected":false},"excerpt":{"rendered":"<p>[vc_row css_animation=\u00bb\u00bb row_type=\u00bbrow\u00bb use_row_as_full_screen_section=\u00bbno\u00bb type=\u00bbfull_width\u00bb angled_section=\u00bbno\u00bb text_align=\u00bbleft\u00bb background_image_as_pattern=\u00bbwithout_pattern\u00bb][vc_column][vc_row_inner row_type=\u00bbrow\u00bb type=\u00bbgrid\u00bb text_align=\u00bbleft\u00bb css_animation=\u00bb\u00bb][vc_column_inner][vc_empty_space height=\u00bb20px\u00bb][vc_column_text] La alcaldesa se\u00f1ala que se trata de una demanda hist\u00f3rica del municipio, y de la Isla, que en estos momentos cobra a\u00fan mayor importancia ya que ser\u00e1 clave para el sector tur\u00edstico&#8230;<\/p>\n","protected":false},"author":1,"featured_media":0,"comment_status":"closed","ping_status":"open","sticky":false,"template":"","format":"standard","meta":{"footnotes":""},"categories":[6],"tags":[],"class_list":["post-970","post","type-post","status-publish","format-standard","hentry","category-prensa"],"yoast_head":"<!-- This site is optimized with the Yoast SEO plugin v22.7 - https:\/\/yoast.com\/wordpress\/plugins\/seo\/ -->\n<title>Garc\u00eda Leal valora positivamente que el Gobierno de Canarias saque a licitaci\u00f3n la redacci\u00f3n del proyecto de trazado y construcci\u00f3n de la carretera que conectar\u00e1 El Remo - La Zamora - Ayuntamiento de Los Llanos de Aridane<\/title>\n<meta name=\"description\" content=\"El Ayuntamiento de Los Llanos de Aridane presenta el cartel y el programa de La Patrona 2021 con el lema \u201cRemedios, m\u00e1s que un nombre.\u201d\" \/>\n<meta name=\"robots\" content=\"index, follow, max-snippet:-1, max-image-preview:large, max-video-preview:-1\" \/>\n<link rel=\"canonical\" href=\"https:\/\/www.aridane.org\/city\/2022\/10\/03\/garcia-leal-valora-positivamente-que-el-gobierno-de-canarias-saque-a-licitacion-la-redaccion-del-proyecto-de-trazado-y-construccion-de-la-carretera-que-conectara-el-remo-la-zamora\/\" \/>\n<meta property=\"og:locale\" content=\"es_ES\" \/>\n<meta property=\"og:type\" content=\"article\" \/>\n<meta property=\"og:title\" content=\"Garc\u00eda Leal valora positivamente que el Gobierno de Canarias saque a licitaci\u00f3n la redacci\u00f3n del proyecto de trazado y construcci\u00f3n de la carretera que conectar\u00e1 El Remo - La Zamora - Ayuntamiento de Los Llanos de Aridane\" \/>\n<meta property=\"og:description\" content=\"El Ayuntamiento de Los Llanos de Aridane presenta el cartel y el programa de La Patrona 2021 con el lema \u201cRemedios, m\u00e1s que un nombre.\u201d\" \/>\n<meta property=\"og:url\" content=\"https:\/\/www.aridane.org\/city\/2022\/10\/03\/garcia-leal-valora-positivamente-que-el-gobierno-de-canarias-saque-a-licitacion-la-redaccion-del-proyecto-de-trazado-y-construccion-de-la-carretera-que-conectara-el-remo-la-zamora\/\" \/>\n<meta property=\"og:site_name\" content=\"Ayuntamiento de Los Llanos de Aridane\" \/>\n<meta property=\"article:published_time\" content=\"2022-10-03T09:00:05+00:00\" \/>\n<meta name=\"author\" content=\"Richard Diaz\" \/>\n<meta name=\"twitter:card\" content=\"summary_large_image\" \/>\n<meta name=\"twitter:label1\" content=\"Escrito por\" \/>\n\t<meta name=\"twitter:data1\" content=\"Richard Diaz\" \/>\n\t<meta name=\"twitter:label2\" content=\"Tiempo de lectura\" \/>\n\t<meta name=\"twitter:data2\" content=\"2 minutos\" \/>\n<script type=\"application\/ld+json\" class=\"yoast-schema-graph\">{\"@context\":\"https:\/\/schema.org\",\"@graph\":[{\"@type\":\"WebPage\",\"@id\":\"https:\/\/www.aridane.org\/city\/2022\/10\/03\/garcia-leal-valora-positivamente-que-el-gobierno-de-canarias-saque-a-licitacion-la-redaccion-del-proyecto-de-trazado-y-construccion-de-la-carretera-que-conectara-el-remo-la-zamora\/\",\"url\":\"https:\/\/www.aridane.org\/city\/2022\/10\/03\/garcia-leal-valora-positivamente-que-el-gobierno-de-canarias-saque-a-licitacion-la-redaccion-del-proyecto-de-trazado-y-construccion-de-la-carretera-que-conectara-el-remo-la-zamora\/\",\"name\":\"Garc\u00eda Leal valora positivamente que el Gobierno de Canarias saque a licitaci\u00f3n la redacci\u00f3n del proyecto de trazado y construcci\u00f3n de la carretera que conectar\u00e1 El Remo - La Zamora - Ayuntamiento de Los Llanos de Aridane\",\"isPartOf\":{\"@id\":\"https:\/\/www.aridane.org\/city\/#website\"},\"datePublished\":\"2022-10-03T09:00:05+00:00\",\"dateModified\":\"2022-10-03T09:00:05+00:00\",\"author\":{\"@id\":\"https:\/\/www.aridane.org\/city\/#\/schema\/person\/7d352ec7f29881716f298394432e7209\"},\"description\":\"El Ayuntamiento de Los Llanos de Aridane presenta el cartel y el programa de La Patrona 2021 con el lema \u201cRemedios, m\u00e1s que un nombre.\u201d\",\"breadcrumb\":{\"@id\":\"https:\/\/www.aridane.org\/city\/2022\/10\/03\/garcia-leal-valora-positivamente-que-el-gobierno-de-canarias-saque-a-licitacion-la-redaccion-del-proyecto-de-trazado-y-construccion-de-la-carretera-que-conectara-el-remo-la-zamora\/#breadcrumb\"},\"inLanguage\":\"es\",\"potentialAction\":[{\"@type\":\"ReadAction\",\"target\":[\"https:\/\/www.aridane.org\/city\/2022\/10\/03\/garcia-leal-valora-positivamente-que-el-gobierno-de-canarias-saque-a-licitacion-la-redaccion-del-proyecto-de-trazado-y-construccion-de-la-carretera-que-conectara-el-remo-la-zamora\/\"]}]},{\"@type\":\"BreadcrumbList\",\"@id\":\"https:\/\/www.aridane.org\/city\/2022\/10\/03\/garcia-leal-valora-positivamente-que-el-gobierno-de-canarias-saque-a-licitacion-la-redaccion-del-proyecto-de-trazado-y-construccion-de-la-carretera-que-conectara-el-remo-la-zamora\/#breadcrumb\",\"itemListElement\":[{\"@type\":\"ListItem\",\"position\":1,\"name\":\"Portada\",\"item\":\"https:\/\/www.aridane.org\/city\/\"},{\"@type\":\"ListItem\",\"position\":2,\"name\":\"Garc\u00eda Leal valora positivamente que el Gobierno de Canarias saque a licitaci\u00f3n la redacci\u00f3n del proyecto de trazado y construcci\u00f3n de la carretera que conectar\u00e1 El Remo &#8211; La Zamora\"}]},{\"@type\":\"WebSite\",\"@id\":\"https:\/\/www.aridane.org\/city\/#website\",\"url\":\"https:\/\/www.aridane.org\/city\/\",\"name\":\"Ayuntamiento de Los Llanos de Aridane\",\"description\":\"\",\"potentialAction\":[{\"@type\":\"SearchAction\",\"target\":{\"@type\":\"EntryPoint\",\"urlTemplate\":\"https:\/\/www.aridane.org\/city\/?s={search_term_string}\"},\"query-input\":\"required name=search_term_string\"}],\"inLanguage\":\"es\"},{\"@type\":\"Person\",\"@id\":\"https:\/\/www.aridane.org\/city\/#\/schema\/person\/7d352ec7f29881716f298394432e7209\",\"name\":\"Richard Diaz\",\"image\":{\"@type\":\"ImageObject\",\"inLanguage\":\"es\",\"@id\":\"https:\/\/www.aridane.org\/city\/#\/schema\/person\/image\/\",\"url\":\"https:\/\/secure.gravatar.com\/avatar\/bacd6aefc26a4a204943090a4c596cd10f0857081ef3cfd12084a70ecb3161d5?s=96&d=mm&r=g\",\"contentUrl\":\"https:\/\/secure.gravatar.com\/avatar\/bacd6aefc26a4a204943090a4c596cd10f0857081ef3cfd12084a70ecb3161d5?s=96&d=mm&r=g\",\"caption\":\"Richard Diaz\"},\"sameAs\":[\"https:\/\/www.aridane.org\/city\"],\"url\":\"https:\/\/www.aridane.org\/city\/author\/richard-diaz\/\"}]}<\/script>\n<!-- \/ Yoast SEO plugin. -->","yoast_head_json":{"title":"Garc\u00eda Leal valora positivamente que el Gobierno de Canarias saque a licitaci\u00f3n la redacci\u00f3n del proyecto de trazado y construcci\u00f3n de la carretera que conectar\u00e1 El Remo - La Zamora - Ayuntamiento de Los Llanos de Aridane","description":"El Ayuntamiento de Los Llanos de Aridane presenta el cartel y el programa de La Patrona 2021 con el lema \u201cRemedios, m\u00e1s que un nombre.\u201d","robots":{"index":"index","follow":"follow","max-snippet":"max-snippet:-1","max-image-preview":"max-image-preview:large","max-video-preview":"max-video-preview:-1"},"canonical":"https:\/\/www.aridane.org\/city\/2022\/10\/03\/garcia-leal-valora-positivamente-que-el-gobierno-de-canarias-saque-a-licitacion-la-redaccion-del-proyecto-de-trazado-y-construccion-de-la-carretera-que-conectara-el-remo-la-zamora\/","og_locale":"es_ES","og_type":"article","og_title":"Garc\u00eda Leal valora positivamente que el Gobierno de Canarias saque a licitaci\u00f3n la redacci\u00f3n del proyecto de trazado y construcci\u00f3n de la carretera que conectar\u00e1 El Remo - La Zamora - Ayuntamiento de Los Llanos de Aridane","og_description":"El Ayuntamiento de Los Llanos de Aridane presenta el cartel y el programa de La Patrona 2021 con el lema \u201cRemedios, m\u00e1s que un nombre.\u201d","og_url":"https:\/\/www.aridane.org\/city\/2022\/10\/03\/garcia-leal-valora-positivamente-que-el-gobierno-de-canarias-saque-a-licitacion-la-redaccion-del-proyecto-de-trazado-y-construccion-de-la-carretera-que-conectara-el-remo-la-zamora\/","og_site_name":"Ayuntamiento de Los Llanos de Aridane","article_published_time":"2022-10-03T09:00:05+00:00","author":"Richard Diaz","twitter_card":"summary_large_image","twitter_misc":{"Escrito por":"Richard Diaz","Tiempo de lectura":"2 minutos"},"schema":{"@context":"https:\/\/schema.org","@graph":[{"@type":"WebPage","@id":"https:\/\/www.aridane.org\/city\/2022\/10\/03\/garcia-leal-valora-positivamente-que-el-gobierno-de-canarias-saque-a-licitacion-la-redaccion-del-proyecto-de-trazado-y-construccion-de-la-carretera-que-conectara-el-remo-la-zamora\/","url":"https:\/\/www.aridane.org\/city\/2022\/10\/03\/garcia-leal-valora-positivamente-que-el-gobierno-de-canarias-saque-a-licitacion-la-redaccion-del-proyecto-de-trazado-y-construccion-de-la-carretera-que-conectara-el-remo-la-zamora\/","name":"Garc\u00eda Leal valora positivamente que el Gobierno de Canarias saque a licitaci\u00f3n la redacci\u00f3n del proyecto de trazado y construcci\u00f3n de la carretera que conectar\u00e1 El Remo - La Zamora - Ayuntamiento de Los Llanos de Aridane","isPartOf":{"@id":"https:\/\/www.aridane.org\/city\/#website"},"datePublished":"2022-10-03T09:00:05+00:00","dateModified":"2022-10-03T09:00:05+00:00","author":{"@id":"https:\/\/www.aridane.org\/city\/#\/schema\/person\/7d352ec7f29881716f298394432e7209"},"description":"El Ayuntamiento de Los Llanos de Aridane presenta el cartel y el programa de La Patrona 2021 con el lema \u201cRemedios, m\u00e1s que un nombre.\u201d","breadcrumb":{"@id":"https:\/\/www.aridane.org\/city\/2022\/10\/03\/garcia-leal-valora-positivamente-que-el-gobierno-de-canarias-saque-a-licitacion-la-redaccion-del-proyecto-de-trazado-y-construccion-de-la-carretera-que-conectara-el-remo-la-zamora\/#breadcrumb"},"inLanguage":"es","potentialAction":[{"@type":"ReadAction","target":["https:\/\/www.aridane.org\/city\/2022\/10\/03\/garcia-leal-valora-positivamente-que-el-gobierno-de-canarias-saque-a-licitacion-la-redaccion-del-proyecto-de-trazado-y-construccion-de-la-carretera-que-conectara-el-remo-la-zamora\/"]}]},{"@type":"BreadcrumbList","@id":"https:\/\/www.aridane.org\/city\/2022\/10\/03\/garcia-leal-valora-positivamente-que-el-gobierno-de-canarias-saque-a-licitacion-la-redaccion-del-proyecto-de-trazado-y-construccion-de-la-carretera-que-conectara-el-remo-la-zamora\/#breadcrumb","itemListElement":[{"@type":"ListItem","position":1,"name":"Portada","item":"https:\/\/www.aridane.org\/city\/"},{"@type":"ListItem","position":2,"name":"Garc\u00eda Leal valora positivamente que el Gobierno de Canarias saque a licitaci\u00f3n la redacci\u00f3n del proyecto de trazado y construcci\u00f3n de la carretera que conectar\u00e1 El Remo &#8211; La Zamora"}]},{"@type":"WebSite","@id":"https:\/\/www.aridane.org\/city\/#website","url":"https:\/\/www.aridane.org\/city\/","name":"Ayuntamiento de Los Llanos de Aridane","description":"","potentialAction":[{"@type":"SearchAction","target":{"@type":"EntryPoint","urlTemplate":"https:\/\/www.aridane.org\/city\/?s={search_term_string}"},"query-input":"required name=search_term_string"}],"inLanguage":"es"},{"@type":"Person","@id":"https:\/\/www.aridane.org\/city\/#\/schema\/person\/7d352ec7f29881716f298394432e7209","name":"Richard Diaz","image":{"@type":"ImageObject","inLanguage":"es","@id":"https:\/\/www.aridane.org\/city\/#\/schema\/person\/image\/","url":"https:\/\/secure.gravatar.com\/avatar\/bacd6aefc26a4a204943090a4c596cd10f0857081ef3cfd12084a70ecb3161d5?s=96&d=mm&r=g","contentUrl":"https:\/\/secure.gravatar.com\/avatar\/bacd6aefc26a4a204943090a4c596cd10f0857081ef3cfd12084a70ecb3161d5?s=96&d=mm&r=g","caption":"Richard Diaz"},"sameAs":["https:\/\/www.aridane.org\/city"],"url":"https:\/\/www.aridane.org\/city\/author\/richard-diaz\/"}]}},"_links":{"self":[{"href":"https:\/\/www.aridane.org\/city\/wp-json\/wp\/v2\/posts\/970","targetHints":{"allow":["GET"]}}],"collection":[{"href":"https:\/\/www.aridane.org\/city\/wp-json\/wp\/v2\/posts"}],"about":[{"href":"https:\/\/www.aridane.org\/city\/wp-json\/wp\/v2\/types\/post"}],"author":[{"embeddable":true,"href":"https:\/\/www.aridane.org\/city\/wp-json\/wp\/v2\/users\/1"}],"replies":[{"embeddable":true,"href":"https:\/\/www.aridane.org\/city\/wp-json\/wp\/v2\/comments?post=970"}],"version-history":[{"count":0,"href":"https:\/\/www.aridane.org\/city\/wp-json\/wp\/v2\/posts\/970\/revisions"}],"wp:attachment":[{"href":"https:\/\/www.aridane.org\/city\/wp-json\/wp\/v2\/media?parent=970"}],"wp:term":[{"taxonomy":"category","embeddable":true,"href":"https:\/\/www.aridane.org\/city\/wp-json\/wp\/v2\/categories?post=970"},{"taxonomy":"post_tag","embeddable":true,"href":"https:\/\/www.aridane.org\/city\/wp-json\/wp\/v2\/tags?post=970"}],"curies":[{"name":"wp","href":"https:\/\/api.w.org\/{rel}","templated":true}]}}