{"id":974,"date":"2022-09-29T12:00:55","date_gmt":"2022-09-29T11:00:55","guid":{"rendered":"https:\/\/aridane.org\/ciudad\/?p=974"},"modified":"2022-09-29T12:00:55","modified_gmt":"2022-09-29T11:00:55","slug":"el-ayuntamiento-de-los-llanos-de-aridane-continua-con-las-actividades-de-dinamizacion-del-mercadillo-del-agricultor","status":"publish","type":"post","link":"https:\/\/www.aridane.org\/city\/2022\/09\/29\/el-ayuntamiento-de-los-llanos-de-aridane-continua-con-las-actividades-de-dinamizacion-del-mercadillo-del-agricultor\/","title":{"rendered":"El Ayuntamiento de Los Llanos de Aridane contin\u00faa con las actividades de dinamizaci\u00f3n del Mercadillo del Agricultor"},"content":{"rendered":"<section class=\"wpb-content-wrapper\"><p>[vc_row css_animation=\u00bb\u00bb row_type=\u00bbrow\u00bb use_row_as_full_screen_section=\u00bbno\u00bb type=\u00bbfull_width\u00bb angled_section=\u00bbno\u00bb text_align=\u00bbleft\u00bb background_image_as_pattern=\u00bbwithout_pattern\u00bb][vc_column][vc_row_inner row_type=\u00bbrow\u00bb type=\u00bbgrid\u00bb text_align=\u00bbleft\u00bb css_animation=\u00bb\u00bb][vc_column_inner][vc_empty_space height=\u00bb20px\u00bb][vc_column_text]<\/p>\n<ul>\n<li style=\"text-align: justify;\"><em>Desde la concejal\u00eda de Desarrollo Local \u00a0confirman que la pr\u00f3xima cita ser\u00e1 este domingo 2 de octubre y se contar\u00e1 con una actuaci\u00f3n musical en directo. Adem\u00e1s, \u00a0se invita a todas las personas que lo deseen a participar en estas acciones con el objetivo de seguir ayudando e impulsando las compras en el Mercadillo, y as\u00ed ayudar a la recuperaci\u00f3n en la que ya se encuentra inmersa nuestro municipio.<\/em><\/li>\n<\/ul>\n<p>&nbsp;<\/p>\n<p style=\"text-align: justify;\"><strong>Los Llanos de Aridane, 29 de septiembre del 2022.-<\/strong> El Ayuntamiento de Los Llanos de Aridane a trav\u00e9s de la concejal\u00eda de Desarrollo Local, que dirige Inmaculada Fern\u00e1ndez, ha destacado \u201cla buena acogida que est\u00e1n teniendo las distintas actividades que se han programado desde el Consistorio para dinamizar el Mercadillo del Agricultor, y que se desarrollan cada primer domingo del mes\u201d, se\u00f1ala.<\/p>\n<p style=\"text-align: justify;\">Fern\u00e1ndez explica que en esta acci\u00f3n que comenz\u00f3 el pasado mes de junio, \u00a0y finalizar\u00e1 el pr\u00f3ximo 4 de diciembre, \u201cvamos alternando las actuaciones musicales en directo con la degustaci\u00f3n de productos como: vinos, quesos y dulces. Todo ello con el firme objetivo de seguir fomentando e impulsando las compras en el Mercadillo\u201d, se\u00f1ala.\u00a0Adem\u00e1s, confirma que este domingo, 2 de octubre, se contar\u00e1 con una actuaci\u00f3n musical en directo.<\/p>\n<p style=\"text-align: justify;\">La concejal recuerda que la ubicaci\u00f3n del Mercadillo del Agricultor es en la Avenida Dr. Fleming, en horario de de 8:00 a 13:15 horas, \u201cy se pueden encontrar productos de kil\u00f3metro 0 como frutas, verduras y hortalizas; un puesto de artesan\u00eda con joyer\u00eda y filigranas; y recientemente, y gracias al cambio de la ordenanza que se ha realizado, se ha incorporado tambi\u00e9n un puesto de dulces\u201d.<\/p>\n<p style=\"text-align: justify;\">Asimismo, se informa que aquellos agricultores que est\u00e9n interesados en vender sus productos en este espacio pueden informarse en la Oficina de Desarrollo Local del Consistorio aridanense. Por \u00faltimo, desde el Ayuntamiento de Los Llanos de Aridane se agradece el enorme esfuerzo que llevan realizando los comerciantes del Mercadillo del Agricultor, primero haciendo frente a la pandemia, y posteriormente a la erupci\u00f3n del volc\u00e1n, y se recuerda que \u201cla mejor manera de ayudarlos es comprando y consumiendo productos locales\u201d.<\/p>\n<p>[\/vc_column_text][vc_empty_space height=\u00bb20px\u00bb][\/vc_column_inner][\/vc_row_inner][\/vc_column][\/vc_row]<\/p>\n<\/section>","protected":false},"excerpt":{"rendered":"<p>[vc_row css_animation=\u00bb\u00bb row_type=\u00bbrow\u00bb use_row_as_full_screen_section=\u00bbno\u00bb type=\u00bbfull_width\u00bb angled_section=\u00bbno\u00bb text_align=\u00bbleft\u00bb background_image_as_pattern=\u00bbwithout_pattern\u00bb][vc_column][vc_row_inner row_type=\u00bbrow\u00bb type=\u00bbgrid\u00bb text_align=\u00bbleft\u00bb css_animation=\u00bb\u00bb][vc_column_inner][vc_empty_space height=\u00bb20px\u00bb][vc_column_text] Desde la concejal\u00eda de Desarrollo Local \u00a0confirman que la pr\u00f3xima cita ser\u00e1 este domingo 2 de octubre y se contar\u00e1 con una actuaci\u00f3n musical en directo. Adem\u00e1s, \u00a0se invita a todas las&#8230;<\/p>\n","protected":false},"author":1,"featured_media":0,"comment_status":"closed","ping_status":"open","sticky":false,"template":"","format":"standard","meta":{"footnotes":""},"categories":[6],"tags":[],"class_list":["post-974","post","type-post","status-publish","format-standard","hentry","category-prensa"],"yoast_head":"<!-- This site is optimized with the Yoast SEO plugin v22.7 - https:\/\/yoast.com\/wordpress\/plugins\/seo\/ -->\n<title>El Ayuntamiento de Los Llanos de Aridane contin\u00faa con las actividades de dinamizaci\u00f3n del Mercadillo del Agricultor - Ayuntamiento de Los Llanos de Aridane<\/title>\n<meta name=\"description\" content=\"El Ayuntamiento de Los Llanos de Aridane presenta el cartel y el programa de La Patrona 2021 con el lema \u201cRemedios, m\u00e1s que un nombre.\u201d\" \/>\n<meta name=\"robots\" content=\"index, follow, max-snippet:-1, max-image-preview:large, max-video-preview:-1\" \/>\n<link rel=\"canonical\" href=\"https:\/\/www.aridane.org\/city\/2022\/09\/29\/el-ayuntamiento-de-los-llanos-de-aridane-continua-con-las-actividades-de-dinamizacion-del-mercadillo-del-agricultor\/\" \/>\n<meta property=\"og:locale\" content=\"es_ES\" \/>\n<meta property=\"og:type\" content=\"article\" \/>\n<meta property=\"og:title\" content=\"El Ayuntamiento de Los Llanos de Aridane contin\u00faa con las actividades de dinamizaci\u00f3n del Mercadillo del Agricultor - Ayuntamiento de Los Llanos de Aridane\" \/>\n<meta property=\"og:description\" content=\"El Ayuntamiento de Los Llanos de Aridane presenta el cartel y el programa de La Patrona 2021 con el lema \u201cRemedios, m\u00e1s que un nombre.\u201d\" \/>\n<meta property=\"og:url\" content=\"https:\/\/www.aridane.org\/city\/2022\/09\/29\/el-ayuntamiento-de-los-llanos-de-aridane-continua-con-las-actividades-de-dinamizacion-del-mercadillo-del-agricultor\/\" \/>\n<meta property=\"og:site_name\" content=\"Ayuntamiento de Los Llanos de Aridane\" \/>\n<meta property=\"article:published_time\" content=\"2022-09-29T11:00:55+00:00\" \/>\n<meta name=\"author\" content=\"Richard Diaz\" \/>\n<meta name=\"twitter:card\" content=\"summary_large_image\" \/>\n<meta name=\"twitter:label1\" content=\"Escrito por\" \/>\n\t<meta name=\"twitter:data1\" content=\"Richard Diaz\" \/>\n\t<meta name=\"twitter:label2\" content=\"Tiempo de lectura\" \/>\n\t<meta name=\"twitter:data2\" content=\"2 minutos\" \/>\n<script type=\"application\/ld+json\" class=\"yoast-schema-graph\">{\"@context\":\"https:\/\/schema.org\",\"@graph\":[{\"@type\":\"WebPage\",\"@id\":\"https:\/\/www.aridane.org\/city\/2022\/09\/29\/el-ayuntamiento-de-los-llanos-de-aridane-continua-con-las-actividades-de-dinamizacion-del-mercadillo-del-agricultor\/\",\"url\":\"https:\/\/www.aridane.org\/city\/2022\/09\/29\/el-ayuntamiento-de-los-llanos-de-aridane-continua-con-las-actividades-de-dinamizacion-del-mercadillo-del-agricultor\/\",\"name\":\"El Ayuntamiento de Los Llanos de Aridane contin\u00faa con las actividades de dinamizaci\u00f3n del Mercadillo del Agricultor - Ayuntamiento de Los Llanos de Aridane\",\"isPartOf\":{\"@id\":\"https:\/\/www.aridane.org\/city\/#website\"},\"datePublished\":\"2022-09-29T11:00:55+00:00\",\"dateModified\":\"2022-09-29T11:00:55+00:00\",\"author\":{\"@id\":\"https:\/\/www.aridane.org\/city\/#\/schema\/person\/7d352ec7f29881716f298394432e7209\"},\"description\":\"El Ayuntamiento de Los Llanos de Aridane presenta el cartel y el programa de La Patrona 2021 con el lema \u201cRemedios, m\u00e1s que un nombre.\u201d\",\"breadcrumb\":{\"@id\":\"https:\/\/www.aridane.org\/city\/2022\/09\/29\/el-ayuntamiento-de-los-llanos-de-aridane-continua-con-las-actividades-de-dinamizacion-del-mercadillo-del-agricultor\/#breadcrumb\"},\"inLanguage\":\"es\",\"potentialAction\":[{\"@type\":\"ReadAction\",\"target\":[\"https:\/\/www.aridane.org\/city\/2022\/09\/29\/el-ayuntamiento-de-los-llanos-de-aridane-continua-con-las-actividades-de-dinamizacion-del-mercadillo-del-agricultor\/\"]}]},{\"@type\":\"BreadcrumbList\",\"@id\":\"https:\/\/www.aridane.org\/city\/2022\/09\/29\/el-ayuntamiento-de-los-llanos-de-aridane-continua-con-las-actividades-de-dinamizacion-del-mercadillo-del-agricultor\/#breadcrumb\",\"itemListElement\":[{\"@type\":\"ListItem\",\"position\":1,\"name\":\"Portada\",\"item\":\"https:\/\/www.aridane.org\/city\/\"},{\"@type\":\"ListItem\",\"position\":2,\"name\":\"El Ayuntamiento de Los Llanos de Aridane contin\u00faa con las actividades de dinamizaci\u00f3n del Mercadillo del Agricultor\"}]},{\"@type\":\"WebSite\",\"@id\":\"https:\/\/www.aridane.org\/city\/#website\",\"url\":\"https:\/\/www.aridane.org\/city\/\",\"name\":\"Ayuntamiento de Los Llanos de Aridane\",\"description\":\"\",\"potentialAction\":[{\"@type\":\"SearchAction\",\"target\":{\"@type\":\"EntryPoint\",\"urlTemplate\":\"https:\/\/www.aridane.org\/city\/?s={search_term_string}\"},\"query-input\":\"required name=search_term_string\"}],\"inLanguage\":\"es\"},{\"@type\":\"Person\",\"@id\":\"https:\/\/www.aridane.org\/city\/#\/schema\/person\/7d352ec7f29881716f298394432e7209\",\"name\":\"Richard Diaz\",\"image\":{\"@type\":\"ImageObject\",\"inLanguage\":\"es\",\"@id\":\"https:\/\/www.aridane.org\/city\/#\/schema\/person\/image\/\",\"url\":\"https:\/\/secure.gravatar.com\/avatar\/bacd6aefc26a4a204943090a4c596cd10f0857081ef3cfd12084a70ecb3161d5?s=96&d=mm&r=g\",\"contentUrl\":\"https:\/\/secure.gravatar.com\/avatar\/bacd6aefc26a4a204943090a4c596cd10f0857081ef3cfd12084a70ecb3161d5?s=96&d=mm&r=g\",\"caption\":\"Richard Diaz\"},\"sameAs\":[\"https:\/\/www.aridane.org\/city\"],\"url\":\"https:\/\/www.aridane.org\/city\/author\/richard-diaz\/\"}]}<\/script>\n<!-- \/ Yoast SEO plugin. -->","yoast_head_json":{"title":"El Ayuntamiento de Los Llanos de Aridane contin\u00faa con las actividades de dinamizaci\u00f3n del Mercadillo del Agricultor - Ayuntamiento de Los Llanos de Aridane","description":"El Ayuntamiento de Los Llanos de Aridane presenta el cartel y el programa de La Patrona 2021 con el lema \u201cRemedios, m\u00e1s que un nombre.\u201d","robots":{"index":"index","follow":"follow","max-snippet":"max-snippet:-1","max-image-preview":"max-image-preview:large","max-video-preview":"max-video-preview:-1"},"canonical":"https:\/\/www.aridane.org\/city\/2022\/09\/29\/el-ayuntamiento-de-los-llanos-de-aridane-continua-con-las-actividades-de-dinamizacion-del-mercadillo-del-agricultor\/","og_locale":"es_ES","og_type":"article","og_title":"El Ayuntamiento de Los Llanos de Aridane contin\u00faa con las actividades de dinamizaci\u00f3n del Mercadillo del Agricultor - Ayuntamiento de Los Llanos de Aridane","og_description":"El Ayuntamiento de Los Llanos de Aridane presenta el cartel y el programa de La Patrona 2021 con el lema \u201cRemedios, m\u00e1s que un nombre.\u201d","og_url":"https:\/\/www.aridane.org\/city\/2022\/09\/29\/el-ayuntamiento-de-los-llanos-de-aridane-continua-con-las-actividades-de-dinamizacion-del-mercadillo-del-agricultor\/","og_site_name":"Ayuntamiento de Los Llanos de Aridane","article_published_time":"2022-09-29T11:00:55+00:00","author":"Richard Diaz","twitter_card":"summary_large_image","twitter_misc":{"Escrito por":"Richard Diaz","Tiempo de lectura":"2 minutos"},"schema":{"@context":"https:\/\/schema.org","@graph":[{"@type":"WebPage","@id":"https:\/\/www.aridane.org\/city\/2022\/09\/29\/el-ayuntamiento-de-los-llanos-de-aridane-continua-con-las-actividades-de-dinamizacion-del-mercadillo-del-agricultor\/","url":"https:\/\/www.aridane.org\/city\/2022\/09\/29\/el-ayuntamiento-de-los-llanos-de-aridane-continua-con-las-actividades-de-dinamizacion-del-mercadillo-del-agricultor\/","name":"El Ayuntamiento de Los Llanos de Aridane contin\u00faa con las actividades de dinamizaci\u00f3n del Mercadillo del Agricultor - Ayuntamiento de Los Llanos de Aridane","isPartOf":{"@id":"https:\/\/www.aridane.org\/city\/#website"},"datePublished":"2022-09-29T11:00:55+00:00","dateModified":"2022-09-29T11:00:55+00:00","author":{"@id":"https:\/\/www.aridane.org\/city\/#\/schema\/person\/7d352ec7f29881716f298394432e7209"},"description":"El Ayuntamiento de Los Llanos de Aridane presenta el cartel y el programa de La Patrona 2021 con el lema \u201cRemedios, m\u00e1s que un nombre.\u201d","breadcrumb":{"@id":"https:\/\/www.aridane.org\/city\/2022\/09\/29\/el-ayuntamiento-de-los-llanos-de-aridane-continua-con-las-actividades-de-dinamizacion-del-mercadillo-del-agricultor\/#breadcrumb"},"inLanguage":"es","potentialAction":[{"@type":"ReadAction","target":["https:\/\/www.aridane.org\/city\/2022\/09\/29\/el-ayuntamiento-de-los-llanos-de-aridane-continua-con-las-actividades-de-dinamizacion-del-mercadillo-del-agricultor\/"]}]},{"@type":"BreadcrumbList","@id":"https:\/\/www.aridane.org\/city\/2022\/09\/29\/el-ayuntamiento-de-los-llanos-de-aridane-continua-con-las-actividades-de-dinamizacion-del-mercadillo-del-agricultor\/#breadcrumb","itemListElement":[{"@type":"ListItem","position":1,"name":"Portada","item":"https:\/\/www.aridane.org\/city\/"},{"@type":"ListItem","position":2,"name":"El Ayuntamiento de Los Llanos de Aridane contin\u00faa con las actividades de dinamizaci\u00f3n del Mercadillo del Agricultor"}]},{"@type":"WebSite","@id":"https:\/\/www.aridane.org\/city\/#website","url":"https:\/\/www.aridane.org\/city\/","name":"Ayuntamiento de Los Llanos de Aridane","description":"","potentialAction":[{"@type":"SearchAction","target":{"@type":"EntryPoint","urlTemplate":"https:\/\/www.aridane.org\/city\/?s={search_term_string}"},"query-input":"required name=search_term_string"}],"inLanguage":"es"},{"@type":"Person","@id":"https:\/\/www.aridane.org\/city\/#\/schema\/person\/7d352ec7f29881716f298394432e7209","name":"Richard Diaz","image":{"@type":"ImageObject","inLanguage":"es","@id":"https:\/\/www.aridane.org\/city\/#\/schema\/person\/image\/","url":"https:\/\/secure.gravatar.com\/avatar\/bacd6aefc26a4a204943090a4c596cd10f0857081ef3cfd12084a70ecb3161d5?s=96&d=mm&r=g","contentUrl":"https:\/\/secure.gravatar.com\/avatar\/bacd6aefc26a4a204943090a4c596cd10f0857081ef3cfd12084a70ecb3161d5?s=96&d=mm&r=g","caption":"Richard Diaz"},"sameAs":["https:\/\/www.aridane.org\/city"],"url":"https:\/\/www.aridane.org\/city\/author\/richard-diaz\/"}]}},"_links":{"self":[{"href":"https:\/\/www.aridane.org\/city\/wp-json\/wp\/v2\/posts\/974","targetHints":{"allow":["GET"]}}],"collection":[{"href":"https:\/\/www.aridane.org\/city\/wp-json\/wp\/v2\/posts"}],"about":[{"href":"https:\/\/www.aridane.org\/city\/wp-json\/wp\/v2\/types\/post"}],"author":[{"embeddable":true,"href":"https:\/\/www.aridane.org\/city\/wp-json\/wp\/v2\/users\/1"}],"replies":[{"embeddable":true,"href":"https:\/\/www.aridane.org\/city\/wp-json\/wp\/v2\/comments?post=974"}],"version-history":[{"count":0,"href":"https:\/\/www.aridane.org\/city\/wp-json\/wp\/v2\/posts\/974\/revisions"}],"wp:attachment":[{"href":"https:\/\/www.aridane.org\/city\/wp-json\/wp\/v2\/media?parent=974"}],"wp:term":[{"taxonomy":"category","embeddable":true,"href":"https:\/\/www.aridane.org\/city\/wp-json\/wp\/v2\/categories?post=974"},{"taxonomy":"post_tag","embeddable":true,"href":"https:\/\/www.aridane.org\/city\/wp-json\/wp\/v2\/tags?post=974"}],"curies":[{"name":"wp","href":"https:\/\/api.w.org\/{rel}","templated":true}]}}