{"id":980,"date":"2022-09-27T10:00:05","date_gmt":"2022-09-27T09:00:05","guid":{"rendered":"https:\/\/aridane.org\/ciudad\/?p=980"},"modified":"2022-09-27T10:00:05","modified_gmt":"2022-09-27T09:00:05","slug":"el-ayuntamiento-de-los-llanos-pone-en-marcha-un-proyecto-de-compostaje-comunitario","status":"publish","type":"post","link":"https:\/\/www.aridane.org\/city\/2022\/09\/27\/el-ayuntamiento-de-los-llanos-pone-en-marcha-un-proyecto-de-compostaje-comunitario\/","title":{"rendered":"El Ayuntamiento de Los Llanos pone en marcha un proyecto de compostaje comunitario"},"content":{"rendered":"<section class=\"wpb-content-wrapper\"><p>[vc_row css_animation=\u00bb\u00bb row_type=\u00bbrow\u00bb use_row_as_full_screen_section=\u00bbno\u00bb type=\u00bbfull_width\u00bb angled_section=\u00bbno\u00bb text_align=\u00bbleft\u00bb background_image_as_pattern=\u00bbwithout_pattern\u00bb][vc_column][vc_row_inner row_type=\u00bbrow\u00bb type=\u00bbgrid\u00bb text_align=\u00bbleft\u00bb css_animation=\u00bb\u00bb][vc_column_inner][vc_empty_space height=\u00bb20px\u00bb][vc_column_text]<\/p>\n<ul>\n<li><em>De esta manera desde la concejal\u00eda de Servicios Municipales se contin\u00faa trabajando para hacer de Los Llanos de Aridane un municipio m\u00e1s sostenible y ecol\u00f3gico al convertir los residuos org\u00e1nicos en compost para que los vecinos participantes puedan disponer de ello para sus jardines y\/o huertas.<\/em><\/li>\n<\/ul>\n<p>&nbsp;<\/p>\n<p style=\"text-align: justify;\"><strong>Los Llanos de Aridane, 27 de septiembre de 2022.-<\/strong> El Ayuntamiento de Los Llanos de Aridane a trav\u00e9s de el concejal de Servicios Municipales, Jos\u00e9 Mar\u00eda Rivera, ha confirmado que el municipio comenzar\u00e1, junto al Cabildo de La Palma y junto ADER La Palma, un proyecto de compostaje comunitario, \u201ccon el fin de seguir haciendo de Los Llanos de Aridane un municipio m\u00e1s sostenible y ecol\u00f3gico\u201d, se\u00f1ala.<\/p>\n<p style=\"text-align: justify;\">Rivera explica que se habilitar\u00e1 una compostera, para que los vecinos puedan convertir sus residuos org\u00e1nico en abono, y se habilitar\u00e1n en los Huertos Urbanos, en el barrio de Argual y La Laguna, \u201cy una vez instaladas desde el Consistorio nos pondremos en contacto con los vecinos a trav\u00e9s de las Asociaciones Vecinales de estos barrios. Adem\u00e1s, confirmamos que seguiremos ampliando este programa a m\u00e1s barrios\u201d. Asimismo, el concejal asegura que participar\u00e1n una veintena de familias, y durante 6 meses contar\u00e1n con un maestro compostador de ADER, que les explicar\u00e1 c\u00f3mo funciona el sistema.<\/p>\n<p style=\"text-align: justify;\">Desde la concejal\u00eda de Servicios Municipales se\u00f1alan que con esta actividad de participaci\u00f3n vecinal, responsable y voluntaria, se reduce el volumen de residuos dom\u00e9sticos y se obtiene un abono de calidad para cultivar, contribuyendo a cerrar el ciclo de la materia org\u00e1nica.<\/p>\n<p style=\"text-align: justify;\">Por \u00faltimo, desde el Ayuntamiento de Los Llanos de Aridane se recuerda que \u201cesta acci\u00f3n responde al compromiso que tiene este equipo de Gobierno con el<br \/>\nmedioambiente\u201d.<\/p>\n<p>[\/vc_column_text][vc_empty_space height=\u00bb20px\u00bb][\/vc_column_inner][\/vc_row_inner][\/vc_column][\/vc_row]<\/p>\n<\/section>","protected":false},"excerpt":{"rendered":"<p>[vc_row css_animation=\u00bb\u00bb row_type=\u00bbrow\u00bb use_row_as_full_screen_section=\u00bbno\u00bb type=\u00bbfull_width\u00bb angled_section=\u00bbno\u00bb text_align=\u00bbleft\u00bb background_image_as_pattern=\u00bbwithout_pattern\u00bb][vc_column][vc_row_inner row_type=\u00bbrow\u00bb type=\u00bbgrid\u00bb text_align=\u00bbleft\u00bb css_animation=\u00bb\u00bb][vc_column_inner][vc_empty_space height=\u00bb20px\u00bb][vc_column_text] De esta manera desde la concejal\u00eda de Servicios Municipales se contin\u00faa trabajando para hacer de Los Llanos de Aridane un municipio m\u00e1s sostenible y ecol\u00f3gico al convertir los residuos org\u00e1nicos en compost&#8230;<\/p>\n","protected":false},"author":1,"featured_media":0,"comment_status":"closed","ping_status":"open","sticky":false,"template":"","format":"standard","meta":{"footnotes":""},"categories":[6],"tags":[],"class_list":["post-980","post","type-post","status-publish","format-standard","hentry","category-prensa"],"yoast_head":"<!-- This site is optimized with the Yoast SEO plugin v22.7 - https:\/\/yoast.com\/wordpress\/plugins\/seo\/ -->\n<title>El Ayuntamiento de Los Llanos pone en marcha un proyecto de compostaje comunitario - Ayuntamiento de Los Llanos de Aridane<\/title>\n<meta name=\"description\" content=\"El Ayuntamiento de Los Llanos de Aridane presenta el cartel y el programa de La Patrona 2021 con el lema \u201cRemedios, m\u00e1s que un nombre.\u201d\" \/>\n<meta name=\"robots\" content=\"index, follow, max-snippet:-1, max-image-preview:large, max-video-preview:-1\" \/>\n<link rel=\"canonical\" href=\"https:\/\/www.aridane.org\/city\/2022\/09\/27\/el-ayuntamiento-de-los-llanos-pone-en-marcha-un-proyecto-de-compostaje-comunitario\/\" \/>\n<meta property=\"og:locale\" content=\"es_ES\" \/>\n<meta property=\"og:type\" content=\"article\" \/>\n<meta property=\"og:title\" content=\"El Ayuntamiento de Los Llanos pone en marcha un proyecto de compostaje comunitario - Ayuntamiento de Los Llanos de Aridane\" \/>\n<meta property=\"og:description\" content=\"El Ayuntamiento de Los Llanos de Aridane presenta el cartel y el programa de La Patrona 2021 con el lema \u201cRemedios, m\u00e1s que un nombre.\u201d\" \/>\n<meta property=\"og:url\" content=\"https:\/\/www.aridane.org\/city\/2022\/09\/27\/el-ayuntamiento-de-los-llanos-pone-en-marcha-un-proyecto-de-compostaje-comunitario\/\" \/>\n<meta property=\"og:site_name\" content=\"Ayuntamiento de Los Llanos de Aridane\" \/>\n<meta property=\"article:published_time\" content=\"2022-09-27T09:00:05+00:00\" \/>\n<meta name=\"author\" content=\"Richard Diaz\" \/>\n<meta name=\"twitter:card\" content=\"summary_large_image\" \/>\n<meta name=\"twitter:label1\" content=\"Escrito por\" \/>\n\t<meta name=\"twitter:data1\" content=\"Richard Diaz\" \/>\n\t<meta name=\"twitter:label2\" content=\"Tiempo de lectura\" \/>\n\t<meta name=\"twitter:data2\" content=\"2 minutos\" \/>\n<script type=\"application\/ld+json\" class=\"yoast-schema-graph\">{\"@context\":\"https:\/\/schema.org\",\"@graph\":[{\"@type\":\"WebPage\",\"@id\":\"https:\/\/www.aridane.org\/city\/2022\/09\/27\/el-ayuntamiento-de-los-llanos-pone-en-marcha-un-proyecto-de-compostaje-comunitario\/\",\"url\":\"https:\/\/www.aridane.org\/city\/2022\/09\/27\/el-ayuntamiento-de-los-llanos-pone-en-marcha-un-proyecto-de-compostaje-comunitario\/\",\"name\":\"El Ayuntamiento de Los Llanos pone en marcha un proyecto de compostaje comunitario - Ayuntamiento de Los Llanos de Aridane\",\"isPartOf\":{\"@id\":\"https:\/\/www.aridane.org\/city\/#website\"},\"datePublished\":\"2022-09-27T09:00:05+00:00\",\"dateModified\":\"2022-09-27T09:00:05+00:00\",\"author\":{\"@id\":\"https:\/\/www.aridane.org\/city\/#\/schema\/person\/7d352ec7f29881716f298394432e7209\"},\"description\":\"El Ayuntamiento de Los Llanos de Aridane presenta el cartel y el programa de La Patrona 2021 con el lema \u201cRemedios, m\u00e1s que un nombre.\u201d\",\"breadcrumb\":{\"@id\":\"https:\/\/www.aridane.org\/city\/2022\/09\/27\/el-ayuntamiento-de-los-llanos-pone-en-marcha-un-proyecto-de-compostaje-comunitario\/#breadcrumb\"},\"inLanguage\":\"es\",\"potentialAction\":[{\"@type\":\"ReadAction\",\"target\":[\"https:\/\/www.aridane.org\/city\/2022\/09\/27\/el-ayuntamiento-de-los-llanos-pone-en-marcha-un-proyecto-de-compostaje-comunitario\/\"]}]},{\"@type\":\"BreadcrumbList\",\"@id\":\"https:\/\/www.aridane.org\/city\/2022\/09\/27\/el-ayuntamiento-de-los-llanos-pone-en-marcha-un-proyecto-de-compostaje-comunitario\/#breadcrumb\",\"itemListElement\":[{\"@type\":\"ListItem\",\"position\":1,\"name\":\"Portada\",\"item\":\"https:\/\/www.aridane.org\/city\/\"},{\"@type\":\"ListItem\",\"position\":2,\"name\":\"El Ayuntamiento de Los Llanos pone en marcha un proyecto de compostaje comunitario\"}]},{\"@type\":\"WebSite\",\"@id\":\"https:\/\/www.aridane.org\/city\/#website\",\"url\":\"https:\/\/www.aridane.org\/city\/\",\"name\":\"Ayuntamiento de Los Llanos de Aridane\",\"description\":\"\",\"potentialAction\":[{\"@type\":\"SearchAction\",\"target\":{\"@type\":\"EntryPoint\",\"urlTemplate\":\"https:\/\/www.aridane.org\/city\/?s={search_term_string}\"},\"query-input\":\"required name=search_term_string\"}],\"inLanguage\":\"es\"},{\"@type\":\"Person\",\"@id\":\"https:\/\/www.aridane.org\/city\/#\/schema\/person\/7d352ec7f29881716f298394432e7209\",\"name\":\"Richard Diaz\",\"image\":{\"@type\":\"ImageObject\",\"inLanguage\":\"es\",\"@id\":\"https:\/\/www.aridane.org\/city\/#\/schema\/person\/image\/\",\"url\":\"https:\/\/secure.gravatar.com\/avatar\/bacd6aefc26a4a204943090a4c596cd10f0857081ef3cfd12084a70ecb3161d5?s=96&d=mm&r=g\",\"contentUrl\":\"https:\/\/secure.gravatar.com\/avatar\/bacd6aefc26a4a204943090a4c596cd10f0857081ef3cfd12084a70ecb3161d5?s=96&d=mm&r=g\",\"caption\":\"Richard Diaz\"},\"sameAs\":[\"https:\/\/www.aridane.org\/city\"],\"url\":\"https:\/\/www.aridane.org\/city\/author\/richard-diaz\/\"}]}<\/script>\n<!-- \/ Yoast SEO plugin. -->","yoast_head_json":{"title":"El Ayuntamiento de Los Llanos pone en marcha un proyecto de compostaje comunitario - Ayuntamiento de Los Llanos de Aridane","description":"El Ayuntamiento de Los Llanos de Aridane presenta el cartel y el programa de La Patrona 2021 con el lema \u201cRemedios, m\u00e1s que un nombre.\u201d","robots":{"index":"index","follow":"follow","max-snippet":"max-snippet:-1","max-image-preview":"max-image-preview:large","max-video-preview":"max-video-preview:-1"},"canonical":"https:\/\/www.aridane.org\/city\/2022\/09\/27\/el-ayuntamiento-de-los-llanos-pone-en-marcha-un-proyecto-de-compostaje-comunitario\/","og_locale":"es_ES","og_type":"article","og_title":"El Ayuntamiento de Los Llanos pone en marcha un proyecto de compostaje comunitario - Ayuntamiento de Los Llanos de Aridane","og_description":"El Ayuntamiento de Los Llanos de Aridane presenta el cartel y el programa de La Patrona 2021 con el lema \u201cRemedios, m\u00e1s que un nombre.\u201d","og_url":"https:\/\/www.aridane.org\/city\/2022\/09\/27\/el-ayuntamiento-de-los-llanos-pone-en-marcha-un-proyecto-de-compostaje-comunitario\/","og_site_name":"Ayuntamiento de Los Llanos de Aridane","article_published_time":"2022-09-27T09:00:05+00:00","author":"Richard Diaz","twitter_card":"summary_large_image","twitter_misc":{"Escrito por":"Richard Diaz","Tiempo de lectura":"2 minutos"},"schema":{"@context":"https:\/\/schema.org","@graph":[{"@type":"WebPage","@id":"https:\/\/www.aridane.org\/city\/2022\/09\/27\/el-ayuntamiento-de-los-llanos-pone-en-marcha-un-proyecto-de-compostaje-comunitario\/","url":"https:\/\/www.aridane.org\/city\/2022\/09\/27\/el-ayuntamiento-de-los-llanos-pone-en-marcha-un-proyecto-de-compostaje-comunitario\/","name":"El Ayuntamiento de Los Llanos pone en marcha un proyecto de compostaje comunitario - Ayuntamiento de Los Llanos de Aridane","isPartOf":{"@id":"https:\/\/www.aridane.org\/city\/#website"},"datePublished":"2022-09-27T09:00:05+00:00","dateModified":"2022-09-27T09:00:05+00:00","author":{"@id":"https:\/\/www.aridane.org\/city\/#\/schema\/person\/7d352ec7f29881716f298394432e7209"},"description":"El Ayuntamiento de Los Llanos de Aridane presenta el cartel y el programa de La Patrona 2021 con el lema \u201cRemedios, m\u00e1s que un nombre.\u201d","breadcrumb":{"@id":"https:\/\/www.aridane.org\/city\/2022\/09\/27\/el-ayuntamiento-de-los-llanos-pone-en-marcha-un-proyecto-de-compostaje-comunitario\/#breadcrumb"},"inLanguage":"es","potentialAction":[{"@type":"ReadAction","target":["https:\/\/www.aridane.org\/city\/2022\/09\/27\/el-ayuntamiento-de-los-llanos-pone-en-marcha-un-proyecto-de-compostaje-comunitario\/"]}]},{"@type":"BreadcrumbList","@id":"https:\/\/www.aridane.org\/city\/2022\/09\/27\/el-ayuntamiento-de-los-llanos-pone-en-marcha-un-proyecto-de-compostaje-comunitario\/#breadcrumb","itemListElement":[{"@type":"ListItem","position":1,"name":"Portada","item":"https:\/\/www.aridane.org\/city\/"},{"@type":"ListItem","position":2,"name":"El Ayuntamiento de Los Llanos pone en marcha un proyecto de compostaje comunitario"}]},{"@type":"WebSite","@id":"https:\/\/www.aridane.org\/city\/#website","url":"https:\/\/www.aridane.org\/city\/","name":"Ayuntamiento de Los Llanos de Aridane","description":"","potentialAction":[{"@type":"SearchAction","target":{"@type":"EntryPoint","urlTemplate":"https:\/\/www.aridane.org\/city\/?s={search_term_string}"},"query-input":"required name=search_term_string"}],"inLanguage":"es"},{"@type":"Person","@id":"https:\/\/www.aridane.org\/city\/#\/schema\/person\/7d352ec7f29881716f298394432e7209","name":"Richard Diaz","image":{"@type":"ImageObject","inLanguage":"es","@id":"https:\/\/www.aridane.org\/city\/#\/schema\/person\/image\/","url":"https:\/\/secure.gravatar.com\/avatar\/bacd6aefc26a4a204943090a4c596cd10f0857081ef3cfd12084a70ecb3161d5?s=96&d=mm&r=g","contentUrl":"https:\/\/secure.gravatar.com\/avatar\/bacd6aefc26a4a204943090a4c596cd10f0857081ef3cfd12084a70ecb3161d5?s=96&d=mm&r=g","caption":"Richard Diaz"},"sameAs":["https:\/\/www.aridane.org\/city"],"url":"https:\/\/www.aridane.org\/city\/author\/richard-diaz\/"}]}},"_links":{"self":[{"href":"https:\/\/www.aridane.org\/city\/wp-json\/wp\/v2\/posts\/980","targetHints":{"allow":["GET"]}}],"collection":[{"href":"https:\/\/www.aridane.org\/city\/wp-json\/wp\/v2\/posts"}],"about":[{"href":"https:\/\/www.aridane.org\/city\/wp-json\/wp\/v2\/types\/post"}],"author":[{"embeddable":true,"href":"https:\/\/www.aridane.org\/city\/wp-json\/wp\/v2\/users\/1"}],"replies":[{"embeddable":true,"href":"https:\/\/www.aridane.org\/city\/wp-json\/wp\/v2\/comments?post=980"}],"version-history":[{"count":0,"href":"https:\/\/www.aridane.org\/city\/wp-json\/wp\/v2\/posts\/980\/revisions"}],"wp:attachment":[{"href":"https:\/\/www.aridane.org\/city\/wp-json\/wp\/v2\/media?parent=980"}],"wp:term":[{"taxonomy":"category","embeddable":true,"href":"https:\/\/www.aridane.org\/city\/wp-json\/wp\/v2\/categories?post=980"},{"taxonomy":"post_tag","embeddable":true,"href":"https:\/\/www.aridane.org\/city\/wp-json\/wp\/v2\/tags?post=980"}],"curies":[{"name":"wp","href":"https:\/\/api.w.org\/{rel}","templated":true}]}}