{"id":983,"date":"2022-09-22T10:00:15","date_gmt":"2022-09-22T09:00:15","guid":{"rendered":"https:\/\/aridane.org\/ciudad\/?p=983"},"modified":"2022-09-22T10:00:15","modified_gmt":"2022-09-22T09:00:15","slug":"regresa-el-ciclo-de-menudo-teatro-al-espacio-cultural-de-el-secadero","status":"publish","type":"post","link":"https:\/\/www.aridane.org\/city\/2022\/09\/22\/regresa-el-ciclo-de-menudo-teatro-al-espacio-cultural-de-el-secadero\/","title":{"rendered":"Regresa el ciclo de Menudo Teatro al Espacio Cultural de El Secadero"},"content":{"rendered":"<section class=\"wpb-content-wrapper\"><p>[vc_row css_animation=\u00bb\u00bb row_type=\u00bbrow\u00bb use_row_as_full_screen_section=\u00bbno\u00bb type=\u00bbfull_width\u00bb angled_section=\u00bbno\u00bb text_align=\u00bbleft\u00bb background_image_as_pattern=\u00bbwithout_pattern\u00bb][vc_column][vc_row_inner row_type=\u00bbrow\u00bb type=\u00bbgrid\u00bb text_align=\u00bbleft\u00bb css_animation=\u00bb\u00bb][vc_column_inner][vc_empty_space height=\u00bb20px\u00bb][vc_column_text]<\/p>\n<ul>\n<li style=\"text-align: justify;\"><em>La concejal de Cultura recuerda que las entradas se pueden adquirir en la p\u00e1gina <a href=\"http:\/\/www.tuticketlapalma.com\">www.tuticketlapalma.com<\/a> a un precio de 3\u20ac.<\/em><\/li>\n<\/ul>\n<p>&nbsp;<\/p>\n<p style=\"text-align: justify;\"><strong>Los Llanos de Aridane, 22 septiembre de 2022.-<\/strong> El Ayuntamiento de Los Llanos de Aridane a trav\u00e9s de la concejal de Cultura, Charo Gonz\u00e1lez, ha confirmado que este oto\u00f1o regresa el ciclo \u2018Menudo Teatro\u2019 al Espacio Cultural El Secadero, y las entradas se pueden comprar en la p\u00e1gina <a href=\"http:\/\/www.tuticketlapalma.com\">www.tuticketlapalma.com<\/a> a un precio de 3 \u20ac.<\/p>\n<p style=\"text-align: justify;\">Gonz\u00e1lez explica que un domingo al mes, a las 12:00 horas, el mejor teatro infantil insular, regional y nacional se acercar\u00e1 hasta el Espacio Cultural El Secadero, coincidiendo con el curso escolar, de septiembre a junio. Concretamente, afirma la concejal, para este oto\u00f1o las propuestas son las siguientes:<\/p>\n<p style=\"text-align: justify;\"><strong>Domingo 25 septiembre: \u2018El creador de sue\u00f1os\u2019<\/strong><\/p>\n<p style=\"text-align: justify;\">Se trata de un espect\u00e1culo profesional de magia dedicado a toda la familia, donde los sue\u00f1os cobran vida para convertirse en realidad. El mago David de la Torre, despu\u00e9s de haber realizado actuaciones por las diversas islas y junto a magos de la talle de Yunke , campe\u00f3n del mundo de grandes ilusiones, o The Rocker, subcampe\u00f3n de magia de Got Talent, participar en la Gala Nacional junto a los finalistas de Pura magia, y trabajar en la factor\u00eda de magia mayor del mundo junto al mago Yixiao Fu en China, ha creado diversos espect\u00e1culos que no dejan indiferentes a nadie y que est\u00e1n dedicados a todos los p\u00fablicos, mostr\u00e1ndose una magia \u00fanica y diferente, a la vez que reinventa en cada uno de ellos la palabra `ilusi\u00f3n`.<\/p>\n<p style=\"text-align: justify;\">Esta funci\u00f3n est\u00e1 incluida en el Circuito Creamos La Palma del Cabildo Insular de La Palma.<\/p>\n<p style=\"text-align: justify;\"><strong>Domingo 16 de octubre: \u2018Nidos, Teloncillo Teatro\u2019<\/strong><\/p>\n<p style=\"text-align: justify;\">Teloncillo Teatro es una compa\u00f1\u00eda vallisoletana, Premio Nacional de Artes Esc\u00e9nicas para la Infancia y la Juventud 2013. En 2018 cumplieron 50 a\u00f1os de actividad teatral. Desde hace casi 30 a\u00f1os, sus proyectos art\u00edsticos est\u00e1n dedicados en exclusiva a los ni\u00f1os y ni\u00f1as.<\/p>\n<p style=\"text-align: justify;\">La poes\u00eda, las canciones y la m\u00fasica en directo, unidas al cuidado y la magia de sus propuestas y a la colaboraci\u00f3n de grandes artistas y creativos, constituyen su sello de identidad.<\/p>\n<p style=\"text-align: justify;\">Sus espect\u00e1culos son representados tanto en Espa\u00f1a como en el resto del mundo: China, Colombia, Uruguay, Chile, Bolivia, Portugal\u2026 Son invitados habituales de festivales tanto nacionales como internacionales: Festival Internacional de las Artes de Costa Rica , FIA, Festival Hispanoamericano de Miami FITH, FETEN, Festival Internacional de Teatro Cl\u00e1sico de Almagro, Feria de Teatro de Castilla y Le\u00f3n, Encuentros Te Veo. Dirigidos por Ana Isabel Gallego y \u00c1ngel S\u00e1nchez, cuentan con un amplio repertorio de espect\u00e1culos para todas las edades.<\/p>\n<p style=\"text-align: justify;\">\u201cNidos\u201d ha sido Mejor espect\u00e1culo para la Primera Infancia FETEN 2014, Finalista de los premios MAX 2015 y Recomendado por la Red espa\u00f1ola de teatro y circo, para familias con menores a partir de 6 meses.<\/p>\n<p style=\"text-align: justify;\">Sinopsis: \u201cVamos a volar, cantar, escuchar, bailar, jugar y vamos a anidar. Los p\u00e1jaros se adentrar\u00e1n en las cabezas de los peque\u00f1os espectadores y all\u00ed har\u00e1n su particular NIDO.\u00a0 Nuestros p\u00e1jaros se ir\u00e1n a menudo por las ramas; de d\u00eda cuando vuelen pintar\u00e1n el aire, ser\u00e1n artistas cuando canten y por la noche, ser\u00e1n m\u00fasicos dormidos en las ramas. Nos vamos a cobijar en el \u00e1rbol, a oler a tomillo, a comer frutos del bosque, a viajar con la cig\u00fce\u00f1a, con el picapinos hacer agujeros, so\u00f1ar con el mirlo; pero no todo ser\u00e1n p\u00e1jaros. Vamos a pasar un rato cargado de juegos, vuelos, sonidos y nidos.\u201d<\/p>\n<p style=\"text-align: justify;\"><strong>Domingo 11 de diciembre: Al\u00ed Baba y los 40 Ladrones, Borobil Teatroa<\/strong><\/p>\n<p style=\"text-align: justify;\">Borobil Teatroa nace en el a\u00f1o 2012 de la mano del actor y director Anartz Zuazua. Despu\u00e9s de formarse con maestros como William Layton y Jacques Lecoq, desarrolla un proceso de creaci\u00f3n basado en la utilizaci\u00f3n del teatro f\u00edsico y la improvisaci\u00f3n, consiguiendo llevar a escena historias contempor\u00e1neas originales tratadas con mucho humor e imaginaci\u00f3n. Unas historias destinadas al p\u00fablico familiar y otras al adulto.<\/p>\n<p style=\"text-align: justify;\">La compa\u00f1\u00eda se estren\u00f3 en 2012 con la obra \u201c Ali Baba y los 40 ladrones \u201d con la que ganaron el premio Feten 2015 a la mejor interpretaci\u00f3n masculina. Borobil Teatroa nace con el firme prop\u00f3sito de hacer llegar el teatro a nuevos espectadores. Fomentar la cultura, compartir y transmitir el amor por el teatro. Quieren contagiar el amor por este arte milenario intr\u00ednseco al ser humano con espect\u00e1culos de calidad y grandes dosis de humor.<\/p>\n<p style=\"text-align: justify;\">Sinopsis: Al\u00ed Bab\u00e1 es un le\u00f1ador de Persia. Un d\u00eda, mientas recoge le\u00f1a en el bosque, oye un gran estruendo. Asustado, se esconde entre las ramas de un \u00e1rbol y ve c\u00f3mo cuarenta ladrones se detienen ante una roca enorme junto a una monta\u00f1a. El jefe de los ladrones exclama \u00ab\u00a1\u00c1brete, S\u00e9samo!\u00bb, y la roca se aparta para dejar abierta la entrada a una cueva.<\/p>\n<p>[\/vc_column_text][vc_empty_space height=\u00bb20px\u00bb][\/vc_column_inner][\/vc_row_inner][\/vc_column][\/vc_row]<\/p>\n<\/section>","protected":false},"excerpt":{"rendered":"<p>[vc_row css_animation=\u00bb\u00bb row_type=\u00bbrow\u00bb use_row_as_full_screen_section=\u00bbno\u00bb type=\u00bbfull_width\u00bb angled_section=\u00bbno\u00bb text_align=\u00bbleft\u00bb background_image_as_pattern=\u00bbwithout_pattern\u00bb][vc_column][vc_row_inner row_type=\u00bbrow\u00bb type=\u00bbgrid\u00bb text_align=\u00bbleft\u00bb css_animation=\u00bb\u00bb][vc_column_inner][vc_empty_space height=\u00bb20px\u00bb][vc_column_text] La concejal de Cultura recuerda que las entradas se pueden adquirir en la p\u00e1gina www.tuticketlapalma.com a un precio de 3\u20ac. &nbsp; Los Llanos de Aridane, 22 septiembre de 2022.- El Ayuntamiento de&#8230;<\/p>\n","protected":false},"author":1,"featured_media":0,"comment_status":"closed","ping_status":"open","sticky":false,"template":"","format":"standard","meta":{"footnotes":""},"categories":[6],"tags":[],"class_list":["post-983","post","type-post","status-publish","format-standard","hentry","category-prensa"],"yoast_head":"<!-- This site is optimized with the Yoast SEO plugin v22.7 - https:\/\/yoast.com\/wordpress\/plugins\/seo\/ -->\n<title>Regresa el ciclo de Menudo Teatro al Espacio Cultural de El Secadero - Ayuntamiento de Los Llanos de Aridane<\/title>\n<meta name=\"description\" content=\"El Ayuntamiento de Los Llanos de Aridane presenta el cartel y el programa de La Patrona 2021 con el lema \u201cRemedios, m\u00e1s que un nombre.\u201d\" \/>\n<meta name=\"robots\" content=\"index, follow, max-snippet:-1, max-image-preview:large, max-video-preview:-1\" \/>\n<link rel=\"canonical\" href=\"https:\/\/www.aridane.org\/city\/2022\/09\/22\/regresa-el-ciclo-de-menudo-teatro-al-espacio-cultural-de-el-secadero\/\" \/>\n<meta property=\"og:locale\" content=\"es_ES\" \/>\n<meta property=\"og:type\" content=\"article\" \/>\n<meta property=\"og:title\" content=\"Regresa el ciclo de Menudo Teatro al Espacio Cultural de El Secadero - Ayuntamiento de Los Llanos de Aridane\" \/>\n<meta property=\"og:description\" content=\"El Ayuntamiento de Los Llanos de Aridane presenta el cartel y el programa de La Patrona 2021 con el lema \u201cRemedios, m\u00e1s que un nombre.\u201d\" \/>\n<meta property=\"og:url\" content=\"https:\/\/www.aridane.org\/city\/2022\/09\/22\/regresa-el-ciclo-de-menudo-teatro-al-espacio-cultural-de-el-secadero\/\" \/>\n<meta property=\"og:site_name\" content=\"Ayuntamiento de Los Llanos de Aridane\" \/>\n<meta property=\"article:published_time\" content=\"2022-09-22T09:00:15+00:00\" \/>\n<meta name=\"author\" content=\"Richard Diaz\" \/>\n<meta name=\"twitter:card\" content=\"summary_large_image\" \/>\n<meta name=\"twitter:label1\" content=\"Escrito por\" \/>\n\t<meta name=\"twitter:data1\" content=\"Richard Diaz\" \/>\n\t<meta name=\"twitter:label2\" content=\"Tiempo de lectura\" \/>\n\t<meta name=\"twitter:data2\" content=\"4 minutos\" \/>\n<script type=\"application\/ld+json\" class=\"yoast-schema-graph\">{\"@context\":\"https:\/\/schema.org\",\"@graph\":[{\"@type\":\"WebPage\",\"@id\":\"https:\/\/www.aridane.org\/city\/2022\/09\/22\/regresa-el-ciclo-de-menudo-teatro-al-espacio-cultural-de-el-secadero\/\",\"url\":\"https:\/\/www.aridane.org\/city\/2022\/09\/22\/regresa-el-ciclo-de-menudo-teatro-al-espacio-cultural-de-el-secadero\/\",\"name\":\"Regresa el ciclo de Menudo Teatro al Espacio Cultural de El Secadero - Ayuntamiento de Los Llanos de Aridane\",\"isPartOf\":{\"@id\":\"https:\/\/www.aridane.org\/city\/#website\"},\"datePublished\":\"2022-09-22T09:00:15+00:00\",\"dateModified\":\"2022-09-22T09:00:15+00:00\",\"author\":{\"@id\":\"https:\/\/www.aridane.org\/city\/#\/schema\/person\/7d352ec7f29881716f298394432e7209\"},\"description\":\"El Ayuntamiento de Los Llanos de Aridane presenta el cartel y el programa de La Patrona 2021 con el lema \u201cRemedios, m\u00e1s que un nombre.\u201d\",\"breadcrumb\":{\"@id\":\"https:\/\/www.aridane.org\/city\/2022\/09\/22\/regresa-el-ciclo-de-menudo-teatro-al-espacio-cultural-de-el-secadero\/#breadcrumb\"},\"inLanguage\":\"es\",\"potentialAction\":[{\"@type\":\"ReadAction\",\"target\":[\"https:\/\/www.aridane.org\/city\/2022\/09\/22\/regresa-el-ciclo-de-menudo-teatro-al-espacio-cultural-de-el-secadero\/\"]}]},{\"@type\":\"BreadcrumbList\",\"@id\":\"https:\/\/www.aridane.org\/city\/2022\/09\/22\/regresa-el-ciclo-de-menudo-teatro-al-espacio-cultural-de-el-secadero\/#breadcrumb\",\"itemListElement\":[{\"@type\":\"ListItem\",\"position\":1,\"name\":\"Portada\",\"item\":\"https:\/\/www.aridane.org\/city\/\"},{\"@type\":\"ListItem\",\"position\":2,\"name\":\"Regresa el ciclo de Menudo Teatro al Espacio Cultural de El Secadero\"}]},{\"@type\":\"WebSite\",\"@id\":\"https:\/\/www.aridane.org\/city\/#website\",\"url\":\"https:\/\/www.aridane.org\/city\/\",\"name\":\"Ayuntamiento de Los Llanos de Aridane\",\"description\":\"\",\"potentialAction\":[{\"@type\":\"SearchAction\",\"target\":{\"@type\":\"EntryPoint\",\"urlTemplate\":\"https:\/\/www.aridane.org\/city\/?s={search_term_string}\"},\"query-input\":\"required name=search_term_string\"}],\"inLanguage\":\"es\"},{\"@type\":\"Person\",\"@id\":\"https:\/\/www.aridane.org\/city\/#\/schema\/person\/7d352ec7f29881716f298394432e7209\",\"name\":\"Richard Diaz\",\"image\":{\"@type\":\"ImageObject\",\"inLanguage\":\"es\",\"@id\":\"https:\/\/www.aridane.org\/city\/#\/schema\/person\/image\/\",\"url\":\"https:\/\/secure.gravatar.com\/avatar\/bacd6aefc26a4a204943090a4c596cd10f0857081ef3cfd12084a70ecb3161d5?s=96&d=mm&r=g\",\"contentUrl\":\"https:\/\/secure.gravatar.com\/avatar\/bacd6aefc26a4a204943090a4c596cd10f0857081ef3cfd12084a70ecb3161d5?s=96&d=mm&r=g\",\"caption\":\"Richard Diaz\"},\"sameAs\":[\"https:\/\/www.aridane.org\/city\"],\"url\":\"https:\/\/www.aridane.org\/city\/author\/richard-diaz\/\"}]}<\/script>\n<!-- \/ Yoast SEO plugin. -->","yoast_head_json":{"title":"Regresa el ciclo de Menudo Teatro al Espacio Cultural de El Secadero - Ayuntamiento de Los Llanos de Aridane","description":"El Ayuntamiento de Los Llanos de Aridane presenta el cartel y el programa de La Patrona 2021 con el lema \u201cRemedios, m\u00e1s que un nombre.\u201d","robots":{"index":"index","follow":"follow","max-snippet":"max-snippet:-1","max-image-preview":"max-image-preview:large","max-video-preview":"max-video-preview:-1"},"canonical":"https:\/\/www.aridane.org\/city\/2022\/09\/22\/regresa-el-ciclo-de-menudo-teatro-al-espacio-cultural-de-el-secadero\/","og_locale":"es_ES","og_type":"article","og_title":"Regresa el ciclo de Menudo Teatro al Espacio Cultural de El Secadero - Ayuntamiento de Los Llanos de Aridane","og_description":"El Ayuntamiento de Los Llanos de Aridane presenta el cartel y el programa de La Patrona 2021 con el lema \u201cRemedios, m\u00e1s que un nombre.\u201d","og_url":"https:\/\/www.aridane.org\/city\/2022\/09\/22\/regresa-el-ciclo-de-menudo-teatro-al-espacio-cultural-de-el-secadero\/","og_site_name":"Ayuntamiento de Los Llanos de Aridane","article_published_time":"2022-09-22T09:00:15+00:00","author":"Richard Diaz","twitter_card":"summary_large_image","twitter_misc":{"Escrito por":"Richard Diaz","Tiempo de lectura":"4 minutos"},"schema":{"@context":"https:\/\/schema.org","@graph":[{"@type":"WebPage","@id":"https:\/\/www.aridane.org\/city\/2022\/09\/22\/regresa-el-ciclo-de-menudo-teatro-al-espacio-cultural-de-el-secadero\/","url":"https:\/\/www.aridane.org\/city\/2022\/09\/22\/regresa-el-ciclo-de-menudo-teatro-al-espacio-cultural-de-el-secadero\/","name":"Regresa el ciclo de Menudo Teatro al Espacio Cultural de El Secadero - Ayuntamiento de Los Llanos de Aridane","isPartOf":{"@id":"https:\/\/www.aridane.org\/city\/#website"},"datePublished":"2022-09-22T09:00:15+00:00","dateModified":"2022-09-22T09:00:15+00:00","author":{"@id":"https:\/\/www.aridane.org\/city\/#\/schema\/person\/7d352ec7f29881716f298394432e7209"},"description":"El Ayuntamiento de Los Llanos de Aridane presenta el cartel y el programa de La Patrona 2021 con el lema \u201cRemedios, m\u00e1s que un nombre.\u201d","breadcrumb":{"@id":"https:\/\/www.aridane.org\/city\/2022\/09\/22\/regresa-el-ciclo-de-menudo-teatro-al-espacio-cultural-de-el-secadero\/#breadcrumb"},"inLanguage":"es","potentialAction":[{"@type":"ReadAction","target":["https:\/\/www.aridane.org\/city\/2022\/09\/22\/regresa-el-ciclo-de-menudo-teatro-al-espacio-cultural-de-el-secadero\/"]}]},{"@type":"BreadcrumbList","@id":"https:\/\/www.aridane.org\/city\/2022\/09\/22\/regresa-el-ciclo-de-menudo-teatro-al-espacio-cultural-de-el-secadero\/#breadcrumb","itemListElement":[{"@type":"ListItem","position":1,"name":"Portada","item":"https:\/\/www.aridane.org\/city\/"},{"@type":"ListItem","position":2,"name":"Regresa el ciclo de Menudo Teatro al Espacio Cultural de El Secadero"}]},{"@type":"WebSite","@id":"https:\/\/www.aridane.org\/city\/#website","url":"https:\/\/www.aridane.org\/city\/","name":"Ayuntamiento de Los Llanos de Aridane","description":"","potentialAction":[{"@type":"SearchAction","target":{"@type":"EntryPoint","urlTemplate":"https:\/\/www.aridane.org\/city\/?s={search_term_string}"},"query-input":"required name=search_term_string"}],"inLanguage":"es"},{"@type":"Person","@id":"https:\/\/www.aridane.org\/city\/#\/schema\/person\/7d352ec7f29881716f298394432e7209","name":"Richard Diaz","image":{"@type":"ImageObject","inLanguage":"es","@id":"https:\/\/www.aridane.org\/city\/#\/schema\/person\/image\/","url":"https:\/\/secure.gravatar.com\/avatar\/bacd6aefc26a4a204943090a4c596cd10f0857081ef3cfd12084a70ecb3161d5?s=96&d=mm&r=g","contentUrl":"https:\/\/secure.gravatar.com\/avatar\/bacd6aefc26a4a204943090a4c596cd10f0857081ef3cfd12084a70ecb3161d5?s=96&d=mm&r=g","caption":"Richard Diaz"},"sameAs":["https:\/\/www.aridane.org\/city"],"url":"https:\/\/www.aridane.org\/city\/author\/richard-diaz\/"}]}},"_links":{"self":[{"href":"https:\/\/www.aridane.org\/city\/wp-json\/wp\/v2\/posts\/983","targetHints":{"allow":["GET"]}}],"collection":[{"href":"https:\/\/www.aridane.org\/city\/wp-json\/wp\/v2\/posts"}],"about":[{"href":"https:\/\/www.aridane.org\/city\/wp-json\/wp\/v2\/types\/post"}],"author":[{"embeddable":true,"href":"https:\/\/www.aridane.org\/city\/wp-json\/wp\/v2\/users\/1"}],"replies":[{"embeddable":true,"href":"https:\/\/www.aridane.org\/city\/wp-json\/wp\/v2\/comments?post=983"}],"version-history":[{"count":0,"href":"https:\/\/www.aridane.org\/city\/wp-json\/wp\/v2\/posts\/983\/revisions"}],"wp:attachment":[{"href":"https:\/\/www.aridane.org\/city\/wp-json\/wp\/v2\/media?parent=983"}],"wp:term":[{"taxonomy":"category","embeddable":true,"href":"https:\/\/www.aridane.org\/city\/wp-json\/wp\/v2\/categories?post=983"},{"taxonomy":"post_tag","embeddable":true,"href":"https:\/\/www.aridane.org\/city\/wp-json\/wp\/v2\/tags?post=983"}],"curies":[{"name":"wp","href":"https:\/\/api.w.org\/{rel}","templated":true}]}}