{"id":996,"date":"2022-09-16T10:00:23","date_gmt":"2022-09-16T09:00:23","guid":{"rendered":"https:\/\/aridane.org\/ciudad\/?p=996"},"modified":"2022-09-16T10:00:23","modified_gmt":"2022-09-16T09:00:23","slug":"12-artesanos-participan-en-la-muestra-de-artesania-de-argual-en-los-llanos-de-aridane","status":"publish","type":"post","link":"https:\/\/www.aridane.org\/city\/2022\/09\/16\/12-artesanos-participan-en-la-muestra-de-artesania-de-argual-en-los-llanos-de-aridane\/","title":{"rendered":"12 artesanos participan en la Muestra de Artesan\u00eda de Argual en Los Llanos de Aridane"},"content":{"rendered":"<section class=\"wpb-content-wrapper\"><p>[vc_row css_animation=\u00bb\u00bb row_type=\u00bbrow\u00bb use_row_as_full_screen_section=\u00bbno\u00bb type=\u00bbfull_width\u00bb angled_section=\u00bbno\u00bb text_align=\u00bbleft\u00bb background_image_as_pattern=\u00bbwithout_pattern\u00bb][vc_column][vc_row_inner row_type=\u00bbrow\u00bb type=\u00bbgrid\u00bb text_align=\u00bbleft\u00bb css_animation=\u00bb\u00bb][vc_column_inner][vc_empty_space height=\u00bb20px\u00bb][vc_column_text]<\/p>\n<ul>\n<li style=\"text-align: justify;\"><em>Desde el Ayuntamiento de Los Llanos de Aridane confirman que esta actividad se desarrollar\u00e1 desde desde el pr\u00f3ximo lunes 19 al mi\u00e9rcoles 21, de 17:00 a 21:00 horas, en la calle Vel\u00e1zquez, junto a la Plaza de Argual.<\/em><\/li>\n<\/ul>\n<p>&nbsp;<\/p>\n<p style=\"text-align: justify;\"><strong>Los Llanos de Aridane, 16 de septiembre.-<\/strong> El Ayuntamiento de Los Llanos de Aridane a trav\u00e9s de la concejal de Artesan\u00eda, Elena Pais, ha confirmado que la Muestra de Artesan\u00eda de Argual contar\u00e1 con la participaci\u00f3n de 12 artesanos. Pais explica que, esta acci\u00f3n que organiza el Consistorio aridanense y que est\u00e1 financiada por el Cabildo de La Palma, se desarrollar\u00e1 desde el pr\u00f3ximo lunes 19 al mi\u00e9rcoles 21, en horario de 17:00 a 21:00 horas en la calle Vel\u00e1zquez, junto a la Plaza de Argual, \u201cy con ella queremos seguir apostando y reconociendo esta actividad tan vinculada a la econom\u00eda insular, del archipi\u00e9lago, as\u00ed como con la historia de las Islas.<\/p>\n<p style=\"text-align: justify;\">Adem\u00e1s, la concejal confirma que todas las personas que se acerquen hasta este punto podr\u00e1n encontrar distintas modalidades de artesan\u00eda como: almazuelas, decoraci\u00f3n en telas, ganchillo, reciclado de materiales, macram\u00e9, cer\u00e1mica, mu\u00f1equer\u00eda, joyer\u00eda, bordados y cester\u00eda, entre otros, \u201cy comprobar de primera mano el cuidadoso proceso de elaboraci\u00f3n que utilizan los artesanos para elaboraci\u00f3n de estas piezas \u00fanicas\u201d.<\/p>\n<p style=\"text-align: justify;\">Por su parte, la consejera de Artesan\u00eda, Susana Mach\u00edn, destaca que \u201cde esta manera se sigue apostando por estas peque\u00f1as muestras o ferias municipales para visibilizar el trabajo que elabora el tejido artesanal con la creaci\u00f3n de esas piezas \u00fanicas y, adem\u00e1s, creando actividad econ\u00f3mica, en este caso en el municipio de Los Llanos de Aridane\u201d.<\/p>\n<p style=\"text-align: justify;\">Por \u00faltimo, desde el Ayuntamiento de Los Llanos de Aridane, se invita a todas las personas que lo deseen a visitar esta muestra, \u201c porque ahora m\u00e1s que nunca es fundamental seguir apostando por el trabajo local, que ha marcado nuestra historia y nuestra cultura\u201d.<\/p>\n<p>[\/vc_column_text][vc_empty_space height=\u00bb20px\u00bb][\/vc_column_inner][\/vc_row_inner][\/vc_column][\/vc_row]<\/p>\n<\/section>","protected":false},"excerpt":{"rendered":"<p>[vc_row css_animation=\u00bb\u00bb row_type=\u00bbrow\u00bb use_row_as_full_screen_section=\u00bbno\u00bb type=\u00bbfull_width\u00bb angled_section=\u00bbno\u00bb text_align=\u00bbleft\u00bb background_image_as_pattern=\u00bbwithout_pattern\u00bb][vc_column][vc_row_inner row_type=\u00bbrow\u00bb type=\u00bbgrid\u00bb text_align=\u00bbleft\u00bb css_animation=\u00bb\u00bb][vc_column_inner][vc_empty_space height=\u00bb20px\u00bb][vc_column_text] Desde el Ayuntamiento de Los Llanos de Aridane confirman que esta actividad se desarrollar\u00e1 desde desde el pr\u00f3ximo lunes 19 al mi\u00e9rcoles 21, de 17:00 a 21:00 horas, en la calle Vel\u00e1zquez,&#8230;<\/p>\n","protected":false},"author":1,"featured_media":0,"comment_status":"closed","ping_status":"open","sticky":false,"template":"","format":"standard","meta":{"footnotes":""},"categories":[6],"tags":[],"class_list":["post-996","post","type-post","status-publish","format-standard","hentry","category-prensa"],"yoast_head":"<!-- This site is optimized with the Yoast SEO plugin v22.7 - https:\/\/yoast.com\/wordpress\/plugins\/seo\/ -->\n<title>12 artesanos participan en la Muestra de Artesan\u00eda de Argual en Los Llanos de Aridane - Ayuntamiento de Los Llanos de Aridane<\/title>\n<meta name=\"description\" content=\"El Ayuntamiento de Los Llanos de Aridane presenta el cartel y el programa de La Patrona 2021 con el lema \u201cRemedios, m\u00e1s que un nombre.\u201d\" \/>\n<meta name=\"robots\" content=\"index, follow, max-snippet:-1, max-image-preview:large, max-video-preview:-1\" \/>\n<link rel=\"canonical\" href=\"https:\/\/www.aridane.org\/city\/2022\/09\/16\/12-artesanos-participan-en-la-muestra-de-artesania-de-argual-en-los-llanos-de-aridane\/\" \/>\n<meta property=\"og:locale\" content=\"es_ES\" \/>\n<meta property=\"og:type\" content=\"article\" \/>\n<meta property=\"og:title\" content=\"12 artesanos participan en la Muestra de Artesan\u00eda de Argual en Los Llanos de Aridane - Ayuntamiento de Los Llanos de Aridane\" \/>\n<meta property=\"og:description\" content=\"El Ayuntamiento de Los Llanos de Aridane presenta el cartel y el programa de La Patrona 2021 con el lema \u201cRemedios, m\u00e1s que un nombre.\u201d\" \/>\n<meta property=\"og:url\" content=\"https:\/\/www.aridane.org\/city\/2022\/09\/16\/12-artesanos-participan-en-la-muestra-de-artesania-de-argual-en-los-llanos-de-aridane\/\" \/>\n<meta property=\"og:site_name\" content=\"Ayuntamiento de Los Llanos de Aridane\" \/>\n<meta property=\"article:published_time\" content=\"2022-09-16T09:00:23+00:00\" \/>\n<meta name=\"author\" content=\"Richard Diaz\" \/>\n<meta name=\"twitter:card\" content=\"summary_large_image\" \/>\n<meta name=\"twitter:label1\" content=\"Escrito por\" \/>\n\t<meta name=\"twitter:data1\" content=\"Richard Diaz\" \/>\n\t<meta name=\"twitter:label2\" content=\"Tiempo de lectura\" \/>\n\t<meta name=\"twitter:data2\" content=\"2 minutos\" \/>\n<script type=\"application\/ld+json\" class=\"yoast-schema-graph\">{\"@context\":\"https:\/\/schema.org\",\"@graph\":[{\"@type\":\"WebPage\",\"@id\":\"https:\/\/www.aridane.org\/city\/2022\/09\/16\/12-artesanos-participan-en-la-muestra-de-artesania-de-argual-en-los-llanos-de-aridane\/\",\"url\":\"https:\/\/www.aridane.org\/city\/2022\/09\/16\/12-artesanos-participan-en-la-muestra-de-artesania-de-argual-en-los-llanos-de-aridane\/\",\"name\":\"12 artesanos participan en la Muestra de Artesan\u00eda de Argual en Los Llanos de Aridane - Ayuntamiento de Los Llanos de Aridane\",\"isPartOf\":{\"@id\":\"https:\/\/www.aridane.org\/city\/#website\"},\"datePublished\":\"2022-09-16T09:00:23+00:00\",\"dateModified\":\"2022-09-16T09:00:23+00:00\",\"author\":{\"@id\":\"https:\/\/www.aridane.org\/city\/#\/schema\/person\/7d352ec7f29881716f298394432e7209\"},\"description\":\"El Ayuntamiento de Los Llanos de Aridane presenta el cartel y el programa de La Patrona 2021 con el lema \u201cRemedios, m\u00e1s que un nombre.\u201d\",\"breadcrumb\":{\"@id\":\"https:\/\/www.aridane.org\/city\/2022\/09\/16\/12-artesanos-participan-en-la-muestra-de-artesania-de-argual-en-los-llanos-de-aridane\/#breadcrumb\"},\"inLanguage\":\"es\",\"potentialAction\":[{\"@type\":\"ReadAction\",\"target\":[\"https:\/\/www.aridane.org\/city\/2022\/09\/16\/12-artesanos-participan-en-la-muestra-de-artesania-de-argual-en-los-llanos-de-aridane\/\"]}]},{\"@type\":\"BreadcrumbList\",\"@id\":\"https:\/\/www.aridane.org\/city\/2022\/09\/16\/12-artesanos-participan-en-la-muestra-de-artesania-de-argual-en-los-llanos-de-aridane\/#breadcrumb\",\"itemListElement\":[{\"@type\":\"ListItem\",\"position\":1,\"name\":\"Portada\",\"item\":\"https:\/\/www.aridane.org\/city\/\"},{\"@type\":\"ListItem\",\"position\":2,\"name\":\"12 artesanos participan en la Muestra de Artesan\u00eda de Argual en Los Llanos de Aridane\"}]},{\"@type\":\"WebSite\",\"@id\":\"https:\/\/www.aridane.org\/city\/#website\",\"url\":\"https:\/\/www.aridane.org\/city\/\",\"name\":\"Ayuntamiento de Los Llanos de Aridane\",\"description\":\"\",\"potentialAction\":[{\"@type\":\"SearchAction\",\"target\":{\"@type\":\"EntryPoint\",\"urlTemplate\":\"https:\/\/www.aridane.org\/city\/?s={search_term_string}\"},\"query-input\":\"required name=search_term_string\"}],\"inLanguage\":\"es\"},{\"@type\":\"Person\",\"@id\":\"https:\/\/www.aridane.org\/city\/#\/schema\/person\/7d352ec7f29881716f298394432e7209\",\"name\":\"Richard Diaz\",\"image\":{\"@type\":\"ImageObject\",\"inLanguage\":\"es\",\"@id\":\"https:\/\/www.aridane.org\/city\/#\/schema\/person\/image\/\",\"url\":\"https:\/\/secure.gravatar.com\/avatar\/bacd6aefc26a4a204943090a4c596cd10f0857081ef3cfd12084a70ecb3161d5?s=96&d=mm&r=g\",\"contentUrl\":\"https:\/\/secure.gravatar.com\/avatar\/bacd6aefc26a4a204943090a4c596cd10f0857081ef3cfd12084a70ecb3161d5?s=96&d=mm&r=g\",\"caption\":\"Richard Diaz\"},\"sameAs\":[\"https:\/\/www.aridane.org\/city\"],\"url\":\"https:\/\/www.aridane.org\/city\/author\/richard-diaz\/\"}]}<\/script>\n<!-- \/ Yoast SEO plugin. -->","yoast_head_json":{"title":"12 artesanos participan en la Muestra de Artesan\u00eda de Argual en Los Llanos de Aridane - Ayuntamiento de Los Llanos de Aridane","description":"El Ayuntamiento de Los Llanos de Aridane presenta el cartel y el programa de La Patrona 2021 con el lema \u201cRemedios, m\u00e1s que un nombre.\u201d","robots":{"index":"index","follow":"follow","max-snippet":"max-snippet:-1","max-image-preview":"max-image-preview:large","max-video-preview":"max-video-preview:-1"},"canonical":"https:\/\/www.aridane.org\/city\/2022\/09\/16\/12-artesanos-participan-en-la-muestra-de-artesania-de-argual-en-los-llanos-de-aridane\/","og_locale":"es_ES","og_type":"article","og_title":"12 artesanos participan en la Muestra de Artesan\u00eda de Argual en Los Llanos de Aridane - Ayuntamiento de Los Llanos de Aridane","og_description":"El Ayuntamiento de Los Llanos de Aridane presenta el cartel y el programa de La Patrona 2021 con el lema \u201cRemedios, m\u00e1s que un nombre.\u201d","og_url":"https:\/\/www.aridane.org\/city\/2022\/09\/16\/12-artesanos-participan-en-la-muestra-de-artesania-de-argual-en-los-llanos-de-aridane\/","og_site_name":"Ayuntamiento de Los Llanos de Aridane","article_published_time":"2022-09-16T09:00:23+00:00","author":"Richard Diaz","twitter_card":"summary_large_image","twitter_misc":{"Escrito por":"Richard Diaz","Tiempo de lectura":"2 minutos"},"schema":{"@context":"https:\/\/schema.org","@graph":[{"@type":"WebPage","@id":"https:\/\/www.aridane.org\/city\/2022\/09\/16\/12-artesanos-participan-en-la-muestra-de-artesania-de-argual-en-los-llanos-de-aridane\/","url":"https:\/\/www.aridane.org\/city\/2022\/09\/16\/12-artesanos-participan-en-la-muestra-de-artesania-de-argual-en-los-llanos-de-aridane\/","name":"12 artesanos participan en la Muestra de Artesan\u00eda de Argual en Los Llanos de Aridane - Ayuntamiento de Los Llanos de Aridane","isPartOf":{"@id":"https:\/\/www.aridane.org\/city\/#website"},"datePublished":"2022-09-16T09:00:23+00:00","dateModified":"2022-09-16T09:00:23+00:00","author":{"@id":"https:\/\/www.aridane.org\/city\/#\/schema\/person\/7d352ec7f29881716f298394432e7209"},"description":"El Ayuntamiento de Los Llanos de Aridane presenta el cartel y el programa de La Patrona 2021 con el lema \u201cRemedios, m\u00e1s que un nombre.\u201d","breadcrumb":{"@id":"https:\/\/www.aridane.org\/city\/2022\/09\/16\/12-artesanos-participan-en-la-muestra-de-artesania-de-argual-en-los-llanos-de-aridane\/#breadcrumb"},"inLanguage":"es","potentialAction":[{"@type":"ReadAction","target":["https:\/\/www.aridane.org\/city\/2022\/09\/16\/12-artesanos-participan-en-la-muestra-de-artesania-de-argual-en-los-llanos-de-aridane\/"]}]},{"@type":"BreadcrumbList","@id":"https:\/\/www.aridane.org\/city\/2022\/09\/16\/12-artesanos-participan-en-la-muestra-de-artesania-de-argual-en-los-llanos-de-aridane\/#breadcrumb","itemListElement":[{"@type":"ListItem","position":1,"name":"Portada","item":"https:\/\/www.aridane.org\/city\/"},{"@type":"ListItem","position":2,"name":"12 artesanos participan en la Muestra de Artesan\u00eda de Argual en Los Llanos de Aridane"}]},{"@type":"WebSite","@id":"https:\/\/www.aridane.org\/city\/#website","url":"https:\/\/www.aridane.org\/city\/","name":"Ayuntamiento de Los Llanos de Aridane","description":"","potentialAction":[{"@type":"SearchAction","target":{"@type":"EntryPoint","urlTemplate":"https:\/\/www.aridane.org\/city\/?s={search_term_string}"},"query-input":"required name=search_term_string"}],"inLanguage":"es"},{"@type":"Person","@id":"https:\/\/www.aridane.org\/city\/#\/schema\/person\/7d352ec7f29881716f298394432e7209","name":"Richard Diaz","image":{"@type":"ImageObject","inLanguage":"es","@id":"https:\/\/www.aridane.org\/city\/#\/schema\/person\/image\/","url":"https:\/\/secure.gravatar.com\/avatar\/bacd6aefc26a4a204943090a4c596cd10f0857081ef3cfd12084a70ecb3161d5?s=96&d=mm&r=g","contentUrl":"https:\/\/secure.gravatar.com\/avatar\/bacd6aefc26a4a204943090a4c596cd10f0857081ef3cfd12084a70ecb3161d5?s=96&d=mm&r=g","caption":"Richard Diaz"},"sameAs":["https:\/\/www.aridane.org\/city"],"url":"https:\/\/www.aridane.org\/city\/author\/richard-diaz\/"}]}},"_links":{"self":[{"href":"https:\/\/www.aridane.org\/city\/wp-json\/wp\/v2\/posts\/996","targetHints":{"allow":["GET"]}}],"collection":[{"href":"https:\/\/www.aridane.org\/city\/wp-json\/wp\/v2\/posts"}],"about":[{"href":"https:\/\/www.aridane.org\/city\/wp-json\/wp\/v2\/types\/post"}],"author":[{"embeddable":true,"href":"https:\/\/www.aridane.org\/city\/wp-json\/wp\/v2\/users\/1"}],"replies":[{"embeddable":true,"href":"https:\/\/www.aridane.org\/city\/wp-json\/wp\/v2\/comments?post=996"}],"version-history":[{"count":0,"href":"https:\/\/www.aridane.org\/city\/wp-json\/wp\/v2\/posts\/996\/revisions"}],"wp:attachment":[{"href":"https:\/\/www.aridane.org\/city\/wp-json\/wp\/v2\/media?parent=996"}],"wp:term":[{"taxonomy":"category","embeddable":true,"href":"https:\/\/www.aridane.org\/city\/wp-json\/wp\/v2\/categories?post=996"},{"taxonomy":"post_tag","embeddable":true,"href":"https:\/\/www.aridane.org\/city\/wp-json\/wp\/v2\/tags?post=996"}],"curies":[{"name":"wp","href":"https:\/\/api.w.org\/{rel}","templated":true}]}}