{"id":999,"date":"2022-09-16T11:00:43","date_gmt":"2022-09-16T10:00:43","guid":{"rendered":"https:\/\/aridane.org\/ciudad\/?p=999"},"modified":"2022-09-16T11:00:43","modified_gmt":"2022-09-16T10:00:43","slug":"los-llanos-celebra-la-semana-europea-de-la-movilidad","status":"publish","type":"post","link":"https:\/\/www.aridane.org\/city\/2022\/09\/16\/los-llanos-celebra-la-semana-europea-de-la-movilidad\/","title":{"rendered":"Los Llanos celebra la Semana Europea de la Movilidad"},"content":{"rendered":"<section class=\"wpb-content-wrapper\"><p>[vc_row css_animation=\u00bb\u00bb row_type=\u00bbrow\u00bb use_row_as_full_screen_section=\u00bbno\u00bb type=\u00bbfull_width\u00bb angled_section=\u00bbno\u00bb text_align=\u00bbleft\u00bb background_image_as_pattern=\u00bbwithout_pattern\u00bb][vc_column][vc_row_inner row_type=\u00bbrow\u00bb type=\u00bbgrid\u00bb text_align=\u00bbleft\u00bb css_animation=\u00bb\u00bb][vc_column_inner][vc_empty_space height=\u00bb20px\u00bb][vc_column_text]<\/p>\n<ul>\n<li style=\"text-align: justify;\"><em>Dentro de las actividades programadas por el Ayuntamiento hay que destacar <\/em><em>la exposici\u00f3n de coches h\u00edbridos y el\u00e9ctricos, adem\u00e1s de una ruta urbana en <\/em><em>bicicleta.<\/em><\/li>\n<\/ul>\n<p>&nbsp;<\/p>\n<p style=\"text-align: justify;\"><strong>Los Llanos de Aridane, 16 de septiembre de 2022.-<\/strong> El Ayuntamiento de Los Llanos de Aridane a trav\u00e9s de la concejal\u00eda de Movilidad, que dirige Manuel Perera, ha confirmado que \u201cpor s\u00e9ptimo a\u00f1o consecutivo Los Llanos acoger\u00e1 la Semana Europea de la Movilidad, desde hoy, viernes, y hasta el pr\u00f3ximo 22 de septiembre\u201d.<\/p>\n<p style=\"text-align: justify;\">Perera explica que el lema elegido este a\u00f1o es \u2018Combina y Mu\u00e9vete\u2019 y tiene como objetivo difundir los beneficios del uso de modos de transporte sostenible, \u201cfomentando el cambio de comportamiento a favor de la movilidad activa, el transporte p\u00fablico y otras soluciones de transporte limpias e inteligentes\u201d. Adem\u00e1s, recuerda que Los Llanos de Aridane \u201ces el \u00fanico municipio de la Isla inscrito, formalmente, en esta campa\u00f1a de concienciaci\u00f3n, y uno de los pocos de Canarias\u201d.<\/p>\n<p style=\"text-align: justify;\">El concejal confirma que dentro de las actividades programadas por el Consistorio, para este a\u00f1o, est\u00e1 una exposici\u00f3n de coches que utilizan combustibles m\u00e1s sostenibles y que generan menos impacto ambiental, que tendr\u00e1 lugar en la calle D\u00edaz Pimienta el mi\u00e9rcoles 21, desde las 9:00 horas hasta hasta las 20:00 horas, \u201cconsolid\u00e1ndose cada a\u00f1o como uno de los encuentros m\u00e1s esperados por los ciudadanos\u201d. Tambi\u00e9n el domingo 25 se realizar\u00e1 una ruta urbana en bicicleta, que saldr\u00e1 desde la Plaza de Espa\u00f1a a las 12:00 horas.<\/p>\n<p style=\"text-align: justify;\">Por \u00faltimo, desde el Ayuntamiento de Los Llanos de Aridane recuerdan que \u201ceste equipo de Gobierno contin\u00faa trabajando por seguir siendo un municipio referente, comprometido con el medio ambiente y las energ\u00edas limpias, y trabajando en la concienciaci\u00f3n de los ciudadanos en la pr\u00e1ctica de una movilidad sostenible: recuperando y mejorando espacio para el peat\u00f3n, fomentando el uso de la bicicleta, as\u00ed como del transporte p\u00fablico\u201d.<\/p>\n<p>[\/vc_column_text][vc_empty_space height=\u00bb20px\u00bb][\/vc_column_inner][\/vc_row_inner][\/vc_column][\/vc_row]<\/p>\n<\/section>","protected":false},"excerpt":{"rendered":"<p>[vc_row css_animation=\u00bb\u00bb row_type=\u00bbrow\u00bb use_row_as_full_screen_section=\u00bbno\u00bb type=\u00bbfull_width\u00bb angled_section=\u00bbno\u00bb text_align=\u00bbleft\u00bb background_image_as_pattern=\u00bbwithout_pattern\u00bb][vc_column][vc_row_inner row_type=\u00bbrow\u00bb type=\u00bbgrid\u00bb text_align=\u00bbleft\u00bb css_animation=\u00bb\u00bb][vc_column_inner][vc_empty_space height=\u00bb20px\u00bb][vc_column_text] Dentro de las actividades programadas por el Ayuntamiento hay que destacar la exposici\u00f3n de coches h\u00edbridos y el\u00e9ctricos, adem\u00e1s de una ruta urbana en bicicleta. &nbsp; Los Llanos de Aridane, 16 de&#8230;<\/p>\n","protected":false},"author":1,"featured_media":0,"comment_status":"closed","ping_status":"open","sticky":false,"template":"","format":"standard","meta":{"footnotes":""},"categories":[6],"tags":[],"class_list":["post-999","post","type-post","status-publish","format-standard","hentry","category-prensa"],"yoast_head":"<!-- This site is optimized with the Yoast SEO plugin v22.7 - https:\/\/yoast.com\/wordpress\/plugins\/seo\/ -->\n<title>Los Llanos celebra la Semana Europea de la Movilidad - Ayuntamiento de Los Llanos de Aridane<\/title>\n<meta name=\"description\" content=\"El Ayuntamiento de Los Llanos de Aridane presenta el cartel y el programa de La Patrona 2021 con el lema \u201cRemedios, m\u00e1s que un nombre.\u201d\" \/>\n<meta name=\"robots\" content=\"index, follow, max-snippet:-1, max-image-preview:large, max-video-preview:-1\" \/>\n<link rel=\"canonical\" href=\"https:\/\/www.aridane.org\/city\/2022\/09\/16\/los-llanos-celebra-la-semana-europea-de-la-movilidad\/\" \/>\n<meta property=\"og:locale\" content=\"es_ES\" \/>\n<meta property=\"og:type\" content=\"article\" \/>\n<meta property=\"og:title\" content=\"Los Llanos celebra la Semana Europea de la Movilidad - Ayuntamiento de Los Llanos de Aridane\" \/>\n<meta property=\"og:description\" content=\"El Ayuntamiento de Los Llanos de Aridane presenta el cartel y el programa de La Patrona 2021 con el lema \u201cRemedios, m\u00e1s que un nombre.\u201d\" \/>\n<meta property=\"og:url\" content=\"https:\/\/www.aridane.org\/city\/2022\/09\/16\/los-llanos-celebra-la-semana-europea-de-la-movilidad\/\" \/>\n<meta property=\"og:site_name\" content=\"Ayuntamiento de Los Llanos de Aridane\" \/>\n<meta property=\"article:published_time\" content=\"2022-09-16T10:00:43+00:00\" \/>\n<meta name=\"author\" content=\"Richard Diaz\" \/>\n<meta name=\"twitter:card\" content=\"summary_large_image\" \/>\n<meta name=\"twitter:label1\" content=\"Escrito por\" \/>\n\t<meta name=\"twitter:data1\" content=\"Richard Diaz\" \/>\n\t<meta name=\"twitter:label2\" content=\"Tiempo de lectura\" \/>\n\t<meta name=\"twitter:data2\" content=\"2 minutos\" \/>\n<script type=\"application\/ld+json\" class=\"yoast-schema-graph\">{\"@context\":\"https:\/\/schema.org\",\"@graph\":[{\"@type\":\"WebPage\",\"@id\":\"https:\/\/www.aridane.org\/city\/2022\/09\/16\/los-llanos-celebra-la-semana-europea-de-la-movilidad\/\",\"url\":\"https:\/\/www.aridane.org\/city\/2022\/09\/16\/los-llanos-celebra-la-semana-europea-de-la-movilidad\/\",\"name\":\"Los Llanos celebra la Semana Europea de la Movilidad - Ayuntamiento de Los Llanos de Aridane\",\"isPartOf\":{\"@id\":\"https:\/\/www.aridane.org\/city\/#website\"},\"datePublished\":\"2022-09-16T10:00:43+00:00\",\"dateModified\":\"2022-09-16T10:00:43+00:00\",\"author\":{\"@id\":\"https:\/\/www.aridane.org\/city\/#\/schema\/person\/7d352ec7f29881716f298394432e7209\"},\"description\":\"El Ayuntamiento de Los Llanos de Aridane presenta el cartel y el programa de La Patrona 2021 con el lema \u201cRemedios, m\u00e1s que un nombre.\u201d\",\"breadcrumb\":{\"@id\":\"https:\/\/www.aridane.org\/city\/2022\/09\/16\/los-llanos-celebra-la-semana-europea-de-la-movilidad\/#breadcrumb\"},\"inLanguage\":\"es\",\"potentialAction\":[{\"@type\":\"ReadAction\",\"target\":[\"https:\/\/www.aridane.org\/city\/2022\/09\/16\/los-llanos-celebra-la-semana-europea-de-la-movilidad\/\"]}]},{\"@type\":\"BreadcrumbList\",\"@id\":\"https:\/\/www.aridane.org\/city\/2022\/09\/16\/los-llanos-celebra-la-semana-europea-de-la-movilidad\/#breadcrumb\",\"itemListElement\":[{\"@type\":\"ListItem\",\"position\":1,\"name\":\"Portada\",\"item\":\"https:\/\/www.aridane.org\/city\/\"},{\"@type\":\"ListItem\",\"position\":2,\"name\":\"Los Llanos celebra la Semana Europea de la Movilidad\"}]},{\"@type\":\"WebSite\",\"@id\":\"https:\/\/www.aridane.org\/city\/#website\",\"url\":\"https:\/\/www.aridane.org\/city\/\",\"name\":\"Ayuntamiento de Los Llanos de Aridane\",\"description\":\"\",\"potentialAction\":[{\"@type\":\"SearchAction\",\"target\":{\"@type\":\"EntryPoint\",\"urlTemplate\":\"https:\/\/www.aridane.org\/city\/?s={search_term_string}\"},\"query-input\":\"required name=search_term_string\"}],\"inLanguage\":\"es\"},{\"@type\":\"Person\",\"@id\":\"https:\/\/www.aridane.org\/city\/#\/schema\/person\/7d352ec7f29881716f298394432e7209\",\"name\":\"Richard Diaz\",\"image\":{\"@type\":\"ImageObject\",\"inLanguage\":\"es\",\"@id\":\"https:\/\/www.aridane.org\/city\/#\/schema\/person\/image\/\",\"url\":\"https:\/\/secure.gravatar.com\/avatar\/bacd6aefc26a4a204943090a4c596cd10f0857081ef3cfd12084a70ecb3161d5?s=96&d=mm&r=g\",\"contentUrl\":\"https:\/\/secure.gravatar.com\/avatar\/bacd6aefc26a4a204943090a4c596cd10f0857081ef3cfd12084a70ecb3161d5?s=96&d=mm&r=g\",\"caption\":\"Richard Diaz\"},\"sameAs\":[\"https:\/\/www.aridane.org\/city\"],\"url\":\"https:\/\/www.aridane.org\/city\/author\/richard-diaz\/\"}]}<\/script>\n<!-- \/ Yoast SEO plugin. -->","yoast_head_json":{"title":"Los Llanos celebra la Semana Europea de la Movilidad - Ayuntamiento de Los Llanos de Aridane","description":"El Ayuntamiento de Los Llanos de Aridane presenta el cartel y el programa de La Patrona 2021 con el lema \u201cRemedios, m\u00e1s que un nombre.\u201d","robots":{"index":"index","follow":"follow","max-snippet":"max-snippet:-1","max-image-preview":"max-image-preview:large","max-video-preview":"max-video-preview:-1"},"canonical":"https:\/\/www.aridane.org\/city\/2022\/09\/16\/los-llanos-celebra-la-semana-europea-de-la-movilidad\/","og_locale":"es_ES","og_type":"article","og_title":"Los Llanos celebra la Semana Europea de la Movilidad - Ayuntamiento de Los Llanos de Aridane","og_description":"El Ayuntamiento de Los Llanos de Aridane presenta el cartel y el programa de La Patrona 2021 con el lema \u201cRemedios, m\u00e1s que un nombre.\u201d","og_url":"https:\/\/www.aridane.org\/city\/2022\/09\/16\/los-llanos-celebra-la-semana-europea-de-la-movilidad\/","og_site_name":"Ayuntamiento de Los Llanos de Aridane","article_published_time":"2022-09-16T10:00:43+00:00","author":"Richard Diaz","twitter_card":"summary_large_image","twitter_misc":{"Escrito por":"Richard Diaz","Tiempo de lectura":"2 minutos"},"schema":{"@context":"https:\/\/schema.org","@graph":[{"@type":"WebPage","@id":"https:\/\/www.aridane.org\/city\/2022\/09\/16\/los-llanos-celebra-la-semana-europea-de-la-movilidad\/","url":"https:\/\/www.aridane.org\/city\/2022\/09\/16\/los-llanos-celebra-la-semana-europea-de-la-movilidad\/","name":"Los Llanos celebra la Semana Europea de la Movilidad - Ayuntamiento de Los Llanos de Aridane","isPartOf":{"@id":"https:\/\/www.aridane.org\/city\/#website"},"datePublished":"2022-09-16T10:00:43+00:00","dateModified":"2022-09-16T10:00:43+00:00","author":{"@id":"https:\/\/www.aridane.org\/city\/#\/schema\/person\/7d352ec7f29881716f298394432e7209"},"description":"El Ayuntamiento de Los Llanos de Aridane presenta el cartel y el programa de La Patrona 2021 con el lema \u201cRemedios, m\u00e1s que un nombre.\u201d","breadcrumb":{"@id":"https:\/\/www.aridane.org\/city\/2022\/09\/16\/los-llanos-celebra-la-semana-europea-de-la-movilidad\/#breadcrumb"},"inLanguage":"es","potentialAction":[{"@type":"ReadAction","target":["https:\/\/www.aridane.org\/city\/2022\/09\/16\/los-llanos-celebra-la-semana-europea-de-la-movilidad\/"]}]},{"@type":"BreadcrumbList","@id":"https:\/\/www.aridane.org\/city\/2022\/09\/16\/los-llanos-celebra-la-semana-europea-de-la-movilidad\/#breadcrumb","itemListElement":[{"@type":"ListItem","position":1,"name":"Portada","item":"https:\/\/www.aridane.org\/city\/"},{"@type":"ListItem","position":2,"name":"Los Llanos celebra la Semana Europea de la Movilidad"}]},{"@type":"WebSite","@id":"https:\/\/www.aridane.org\/city\/#website","url":"https:\/\/www.aridane.org\/city\/","name":"Ayuntamiento de Los Llanos de Aridane","description":"","potentialAction":[{"@type":"SearchAction","target":{"@type":"EntryPoint","urlTemplate":"https:\/\/www.aridane.org\/city\/?s={search_term_string}"},"query-input":"required name=search_term_string"}],"inLanguage":"es"},{"@type":"Person","@id":"https:\/\/www.aridane.org\/city\/#\/schema\/person\/7d352ec7f29881716f298394432e7209","name":"Richard Diaz","image":{"@type":"ImageObject","inLanguage":"es","@id":"https:\/\/www.aridane.org\/city\/#\/schema\/person\/image\/","url":"https:\/\/secure.gravatar.com\/avatar\/bacd6aefc26a4a204943090a4c596cd10f0857081ef3cfd12084a70ecb3161d5?s=96&d=mm&r=g","contentUrl":"https:\/\/secure.gravatar.com\/avatar\/bacd6aefc26a4a204943090a4c596cd10f0857081ef3cfd12084a70ecb3161d5?s=96&d=mm&r=g","caption":"Richard Diaz"},"sameAs":["https:\/\/www.aridane.org\/city"],"url":"https:\/\/www.aridane.org\/city\/author\/richard-diaz\/"}]}},"_links":{"self":[{"href":"https:\/\/www.aridane.org\/city\/wp-json\/wp\/v2\/posts\/999","targetHints":{"allow":["GET"]}}],"collection":[{"href":"https:\/\/www.aridane.org\/city\/wp-json\/wp\/v2\/posts"}],"about":[{"href":"https:\/\/www.aridane.org\/city\/wp-json\/wp\/v2\/types\/post"}],"author":[{"embeddable":true,"href":"https:\/\/www.aridane.org\/city\/wp-json\/wp\/v2\/users\/1"}],"replies":[{"embeddable":true,"href":"https:\/\/www.aridane.org\/city\/wp-json\/wp\/v2\/comments?post=999"}],"version-history":[{"count":0,"href":"https:\/\/www.aridane.org\/city\/wp-json\/wp\/v2\/posts\/999\/revisions"}],"wp:attachment":[{"href":"https:\/\/www.aridane.org\/city\/wp-json\/wp\/v2\/media?parent=999"}],"wp:term":[{"taxonomy":"category","embeddable":true,"href":"https:\/\/www.aridane.org\/city\/wp-json\/wp\/v2\/categories?post=999"},{"taxonomy":"post_tag","embeddable":true,"href":"https:\/\/www.aridane.org\/city\/wp-json\/wp\/v2\/tags?post=999"}],"curies":[{"name":"wp","href":"https:\/\/api.w.org\/{rel}","templated":true}]}}